{"id":28714,"date":"2009-12-24T13:01:44","date_gmt":"2009-12-24T11:01:44","guid":{"rendered":"http:\/\/www.visit-ulcinj.com\/blog\/?p=28714"},"modified":"2009-12-28T22:55:13","modified_gmt":"2009-12-28T20:55:13","slug":"ferhat-dinosa-tirana-treba-da-nas-stiti","status":"publish","type":"post","link":"https:\/\/www.visit-ulcinj.com\/blog\/2009\/12\/24\/ferhat-dinosa-tirana-treba-da-nas-stiti\/","title":{"rendered":"Ferhat Dino\u0161a: Tirana treba da nas \u0161titi"},"content":{"rendered":"<p><a href=\"http:\/\/www.visit-ulcinj.com\/blog\/wp-content\/uploads\/2009\/12\/ferhat-dinosha.jpg\"><img loading=\"lazy\" class=\"alignleft size-full wp-image-28715\" title=\"ferhat dinosha\" src=\"http:\/\/www.visit-ulcinj.com\/blog\/wp-content\/uploads\/2009\/12\/ferhat-dinosha.jpg\" alt=\"ferhat dinosha\" width=\"580\" height=\"348\" \/><\/a>Tirana &#8211; Nakon kosovske nezavisnosti, zvani?na Tirana bi trebalo da bude anga\u017eovanija na za\u0161titi interesa Albanaca u Crnoj Gori, ocjenio je ministar za za\u0161titu ljudskih i manjinskih prava Ferhat Dino\u0161a.<br \/>\nOn je u intervjuu za uticajnu albansku televiziju \u201cTop Chanel\u201d kazao da bi predstavnici vlasti u Albaniji trebalo da pogledaju i na sunarodnike koju su van njihovih granica.<br \/>\n\u201cAlbanci su imali pauzu u va\u017enom pitanju kao \u0161to je pitanje Albanaca u Crnoj Gori, ali kada je pitanje Kosova zavr\u0161eno, mislim da na\u0161a mati?na dr\u017eava Albanija, treba da se pona\u0161a kao demokratska dr\u017eava prema svojim sunarodnicima koju su manjine van njenih granica\u201d, kazao je Dino\u0161a.<br \/>\nLider Demokratske unije Albanaca ocijenio je da bi prvi koraci albanske vlasti trebalo da budu orijentisani na popravljanju putne infrastrukture. Podsje?aju?i da Albanci u Crnoj Gori ?ine oko sedam odsto stanovni\u0161tva, Dino\u0161a je kazao da nije zadovoljan njihovom zastupljeno\u0161?u u dr\u017eavnim institucijama.<br \/>\n\u201cAlbanci u Crnoj Gori, bez dijaspore, ?ine sedam odsto, ali ih je u javnim institucijama u dr\u017eavnim slu\u017ebama najvi\u0161e dva odsto. To nas ne zadovoljava\u201d, kazao je Dino\u0161a.<br \/>\nLider DUA kazao je da niko u Crnoj Gori ne negira da Albanci \u017eive na svojim etni?kim teritorijama, ali da je malo dokumenata kojima bi to potvrdili. On je pojasnio da mnogi Albanci u Crnoj Gori nemaju tapije kojima bi dokazali da je zemlja koja sada pripada dr\u017eavi nekad bila njihova.<br \/>\n\u201cTo se zemlji\u0161te danas vodi kao dr\u017eavno, sjutra se mo\u017ee privatizovati, a nemamo Albanaca koji dokumentima mogu potvrditi da je ta zemlja bila njihova. Ne?e biti te\u0161ko potvrditi da je to zemlji\u0161te bilo albansko i ono ?e se i dalje zvati albanskim. Ipak te\u0161ko ?e biti potvrditi da je zemlji\u0161te bilo u privatnom vlasni\u0161tvu Albanaca\u201d, pojasnio je on.<br \/>\n<strong><br \/>\nSa.K.<br \/>\n<a href=\"http:\/\/www.vijesti.me\/index.php?id_pre=325719&amp;godina=2009\" target=\"_blank\">Vijesti<\/p>\n<p><\/a>Video TVCG<br \/>\n<\/strong>[flv width=&#8221;580&#8243; height=&#8221;400&#8243;]http:\/\/www.rtcg.me\/images\/biblioteka\/audio_video_arhiva\/Bogatstvo%20raznolikosti%20-%20Manjine.flv[\/flv]<\/p>\n","protected":false},"excerpt":{"rendered":"<p>Tirana &#8211; Nakon kosovske nezavisnosti, zvani?na Tirana bi trebalo da bude anga\u017eovanija na za\u0161titi interesa Albanaca u Crnoj Gori, ocjenio je ministar za za\u0161titu ljudskih i manjinskih prava Ferhat Dino\u0161a. On je u intervjuu za uticajnu albansku televiziju \u201cTop Chanel\u201d kazao da bi predstavnici vlasti u Albaniji trebalo da pogledaju i na sunarodnike koju su [&hellip;]<\/p>\n","protected":false},"author":1,"featured_media":0,"comment_status":"open","ping_status":"closed","sticky":false,"template":"","format":"standard","meta":{"spay_email":"","jetpack_publicize_message":"","jetpack_is_tweetstorm":false,"jetpack_publicize_feature_enabled":true},"categories":[8337],"tags":[20,88,3797],"jetpack_publicize_connections":[],"yoast_head":"<!-- This site is optimized with the Yoast SEO plugin v19.1 - https:\/\/yoast.com\/wordpress\/plugins\/seo\/ -->\n<title>Ferhat Dino\u0161a: Tirana treba da nas \u0161titi - Lajme nga Ulqini<\/title>\n<meta name=\"description\" content=\"Tirana - Nakon kosovske nezavisnosti, zvani?na Tirana bi trebalo da bude anga\u017eovanija na za\u0161titi interesa Albanaca u Crnoj Gori, ocjenio je ministar za\" \/>\n<meta name=\"robots\" content=\"index, follow, max-snippet:-1, max-image-preview:large, max-video-preview:-1\" \/>\n<link rel=\"canonical\" href=\"https:\/\/www.visit-ulcinj.com\/blog\/2009\/12\/24\/ferhat-dinosa-tirana-treba-da-nas-stiti\/\" \/>\n<meta property=\"og:locale\" content=\"en_US\" \/>\n<meta property=\"og:type\" content=\"article\" \/>\n<meta property=\"og:title\" content=\"Ferhat Dino\u0161a: Tirana treba da nas \u0161titi - Lajme nga Ulqini\" \/>\n<meta property=\"og:description\" content=\"Tirana - Nakon kosovske nezavisnosti, zvani?na Tirana bi trebalo da bude anga\u017eovanija na za\u0161titi interesa Albanaca u Crnoj Gori, ocjenio je ministar za\" \/>\n<meta property=\"og:url\" content=\"https:\/\/www.visit-ulcinj.com\/blog\/2009\/12\/24\/ferhat-dinosa-tirana-treba-da-nas-stiti\/\" \/>\n<meta property=\"og:site_name\" content=\"Lajme nga Ulqini\" \/>\n<meta property=\"article:published_time\" content=\"2009-12-24T11:01:44+00:00\" \/>\n<meta property=\"article:modified_time\" content=\"2009-12-28T20:55:13+00:00\" \/>\n<meta property=\"og:image\" content=\"http:\/\/www.visit-ulcinj.com\/blog\/wp-content\/uploads\/2009\/12\/ferhat-dinosha.jpg\" \/>\n<meta name=\"twitter:label1\" content=\"Written by\" \/>\n\t<meta name=\"twitter:data1\" content=\"ulqini\" \/>\n\t<meta name=\"twitter:label2\" content=\"Est. reading time\" \/>\n\t<meta name=\"twitter:data2\" content=\"2 minutes\" \/>\n<script type=\"application\/ld+json\" class=\"yoast-schema-graph\">{\"@context\":\"https:\/\/schema.org\",\"@graph\":[{\"@type\":\"WebSite\",\"@id\":\"https:\/\/www.visit-ulcinj.com\/blog\/#website\",\"url\":\"https:\/\/www.visit-ulcinj.com\/blog\/\",\"name\":\"Lajme nga Ulqini\",\"description\":\"Lajme,Vijesti,Ulqini,Ulqin,Crna Gora,Mali i Zi\",\"potentialAction\":[{\"@type\":\"SearchAction\",\"target\":{\"@type\":\"EntryPoint\",\"urlTemplate\":\"https:\/\/www.visit-ulcinj.com\/blog\/?s={search_term_string}\"},\"query-input\":\"required name=search_term_string\"}],\"inLanguage\":\"en-US\"},{\"@type\":\"ImageObject\",\"inLanguage\":\"en-US\",\"@id\":\"https:\/\/www.visit-ulcinj.com\/blog\/2009\/12\/24\/ferhat-dinosa-tirana-treba-da-nas-stiti\/#primaryimage\",\"url\":\"https:\/\/www.visit-ulcinj.com\/blog\/wp-content\/uploads\/2009\/12\/ferhat-dinosha.jpg\",\"contentUrl\":\"https:\/\/www.visit-ulcinj.com\/blog\/wp-content\/uploads\/2009\/12\/ferhat-dinosha.jpg\",\"width\":\"463\",\"height\":\"248\"},{\"@type\":\"WebPage\",\"@id\":\"https:\/\/www.visit-ulcinj.com\/blog\/2009\/12\/24\/ferhat-dinosa-tirana-treba-da-nas-stiti\/#webpage\",\"url\":\"https:\/\/www.visit-ulcinj.com\/blog\/2009\/12\/24\/ferhat-dinosa-tirana-treba-da-nas-stiti\/\",\"name\":\"Ferhat Dino\u0161a: Tirana treba da nas \u0161titi - Lajme nga Ulqini\",\"isPartOf\":{\"@id\":\"https:\/\/www.visit-ulcinj.com\/blog\/#website\"},\"primaryImageOfPage\":{\"@id\":\"https:\/\/www.visit-ulcinj.com\/blog\/2009\/12\/24\/ferhat-dinosa-tirana-treba-da-nas-stiti\/#primaryimage\"},\"datePublished\":\"2009-12-24T11:01:44+00:00\",\"dateModified\":\"2009-12-28T20:55:13+00:00\",\"author\":{\"@id\":\"https:\/\/www.visit-ulcinj.com\/blog\/#\/schema\/person\/dcab619c614d3038751c63bc2aadc06d\"},\"description\":\"Tirana - Nakon kosovske nezavisnosti, zvani?na Tirana bi trebalo da bude anga\u017eovanija na za\u0161titi interesa Albanaca u Crnoj Gori, ocjenio je ministar za\",\"breadcrumb\":{\"@id\":\"https:\/\/www.visit-ulcinj.com\/blog\/2009\/12\/24\/ferhat-dinosa-tirana-treba-da-nas-stiti\/#breadcrumb\"},\"inLanguage\":\"en-US\",\"potentialAction\":[{\"@type\":\"ReadAction\",\"target\":[\"https:\/\/www.visit-ulcinj.com\/blog\/2009\/12\/24\/ferhat-dinosa-tirana-treba-da-nas-stiti\/\"]}]},{\"@type\":\"BreadcrumbList\",\"@id\":\"https:\/\/www.visit-ulcinj.com\/blog\/2009\/12\/24\/ferhat-dinosa-tirana-treba-da-nas-stiti\/#breadcrumb\",\"itemListElement\":[{\"@type\":\"ListItem\",\"position\":1,\"name\":\"Ferhat Dino\u0161a: Tirana treba da nas \u0161titi\"}]},{\"@type\":\"Person\",\"@id\":\"https:\/\/www.visit-ulcinj.com\/blog\/#\/schema\/person\/dcab619c614d3038751c63bc2aadc06d\",\"name\":\"ulqini\",\"sameAs\":[\"http:\/\/www.visit-ulcinj.com\"],\"url\":\"https:\/\/www.visit-ulcinj.com\/blog\/author\/admin\/\"}]}<\/script>\n<!-- \/ Yoast SEO plugin. -->","yoast_head_json":{"title":"Ferhat Dino\u0161a: Tirana treba da nas \u0161titi - Lajme nga Ulqini","description":"Tirana - Nakon kosovske nezavisnosti, zvani?na Tirana bi trebalo da bude anga\u017eovanija na za\u0161titi interesa Albanaca u Crnoj Gori, ocjenio je ministar za","robots":{"index":"index","follow":"follow","max-snippet":"max-snippet:-1","max-image-preview":"max-image-preview:large","max-video-preview":"max-video-preview:-1"},"canonical":"https:\/\/www.visit-ulcinj.com\/blog\/2009\/12\/24\/ferhat-dinosa-tirana-treba-da-nas-stiti\/","og_locale":"en_US","og_type":"article","og_title":"Ferhat Dino\u0161a: Tirana treba da nas \u0161titi - Lajme nga Ulqini","og_description":"Tirana - Nakon kosovske nezavisnosti, zvani?na Tirana bi trebalo da bude anga\u017eovanija na za\u0161titi interesa Albanaca u Crnoj Gori, ocjenio je ministar za","og_url":"https:\/\/www.visit-ulcinj.com\/blog\/2009\/12\/24\/ferhat-dinosa-tirana-treba-da-nas-stiti\/","og_site_name":"Lajme nga Ulqini","article_published_time":"2009-12-24T11:01:44+00:00","article_modified_time":"2009-12-28T20:55:13+00:00","og_image":[{"url":"http:\/\/www.visit-ulcinj.com\/blog\/wp-content\/uploads\/2009\/12\/ferhat-dinosha.jpg"}],"twitter_misc":{"Written by":"ulqini","Est. reading time":"2 minutes"},"schema":{"@context":"https:\/\/schema.org","@graph":[{"@type":"WebSite","@id":"https:\/\/www.visit-ulcinj.com\/blog\/#website","url":"https:\/\/www.visit-ulcinj.com\/blog\/","name":"Lajme nga Ulqini","description":"Lajme,Vijesti,Ulqini,Ulqin,Crna Gora,Mali i Zi","potentialAction":[{"@type":"SearchAction","target":{"@type":"EntryPoint","urlTemplate":"https:\/\/www.visit-ulcinj.com\/blog\/?s={search_term_string}"},"query-input":"required name=search_term_string"}],"inLanguage":"en-US"},{"@type":"ImageObject","inLanguage":"en-US","@id":"https:\/\/www.visit-ulcinj.com\/blog\/2009\/12\/24\/ferhat-dinosa-tirana-treba-da-nas-stiti\/#primaryimage","url":"https:\/\/www.visit-ulcinj.com\/blog\/wp-content\/uploads\/2009\/12\/ferhat-dinosha.jpg","contentUrl":"https:\/\/www.visit-ulcinj.com\/blog\/wp-content\/uploads\/2009\/12\/ferhat-dinosha.jpg","width":"463","height":"248"},{"@type":"WebPage","@id":"https:\/\/www.visit-ulcinj.com\/blog\/2009\/12\/24\/ferhat-dinosa-tirana-treba-da-nas-stiti\/#webpage","url":"https:\/\/www.visit-ulcinj.com\/blog\/2009\/12\/24\/ferhat-dinosa-tirana-treba-da-nas-stiti\/","name":"Ferhat Dino\u0161a: Tirana treba da nas \u0161titi - Lajme nga Ulqini","isPartOf":{"@id":"https:\/\/www.visit-ulcinj.com\/blog\/#website"},"primaryImageOfPage":{"@id":"https:\/\/www.visit-ulcinj.com\/blog\/2009\/12\/24\/ferhat-dinosa-tirana-treba-da-nas-stiti\/#primaryimage"},"datePublished":"2009-12-24T11:01:44+00:00","dateModified":"2009-12-28T20:55:13+00:00","author":{"@id":"https:\/\/www.visit-ulcinj.com\/blog\/#\/schema\/person\/dcab619c614d3038751c63bc2aadc06d"},"description":"Tirana - Nakon kosovske nezavisnosti, zvani?na Tirana bi trebalo da bude anga\u017eovanija na za\u0161titi interesa Albanaca u Crnoj Gori, ocjenio je ministar za","breadcrumb":{"@id":"https:\/\/www.visit-ulcinj.com\/blog\/2009\/12\/24\/ferhat-dinosa-tirana-treba-da-nas-stiti\/#breadcrumb"},"inLanguage":"en-US","potentialAction":[{"@type":"ReadAction","target":["https:\/\/www.visit-ulcinj.com\/blog\/2009\/12\/24\/ferhat-dinosa-tirana-treba-da-nas-stiti\/"]}]},{"@type":"BreadcrumbList","@id":"https:\/\/www.visit-ulcinj.com\/blog\/2009\/12\/24\/ferhat-dinosa-tirana-treba-da-nas-stiti\/#breadcrumb","itemListElement":[{"@type":"ListItem","position":1,"name":"Ferhat Dino\u0161a: Tirana treba da nas \u0161titi"}]},{"@type":"Person","@id":"https:\/\/www.visit-ulcinj.com\/blog\/#\/schema\/person\/dcab619c614d3038751c63bc2aadc06d","name":"ulqini","sameAs":["http:\/\/www.visit-ulcinj.com"],"url":"https:\/\/www.visit-ulcinj.com\/blog\/author\/admin\/"}]}},"jetpack_featured_media_url":"","jetpack_sharing_enabled":true,"jetpack_shortlink":"https:\/\/wp.me\/pe6lTn-7t8","_links":{"self":[{"href":"https:\/\/www.visit-ulcinj.com\/blog\/wp-json\/wp\/v2\/posts\/28714"}],"collection":[{"href":"https:\/\/www.visit-ulcinj.com\/blog\/wp-json\/wp\/v2\/posts"}],"about":[{"href":"https:\/\/www.visit-ulcinj.com\/blog\/wp-json\/wp\/v2\/types\/post"}],"author":[{"embeddable":true,"href":"https:\/\/www.visit-ulcinj.com\/blog\/wp-json\/wp\/v2\/users\/1"}],"replies":[{"embeddable":true,"href":"https:\/\/www.visit-ulcinj.com\/blog\/wp-json\/wp\/v2\/comments?post=28714"}],"version-history":[{"count":0,"href":"https:\/\/www.visit-ulcinj.com\/blog\/wp-json\/wp\/v2\/posts\/28714\/revisions"}],"wp:attachment":[{"href":"https:\/\/www.visit-ulcinj.com\/blog\/wp-json\/wp\/v2\/media?parent=28714"}],"wp:term":[{"taxonomy":"category","embeddable":true,"href":"https:\/\/www.visit-ulcinj.com\/blog\/wp-json\/wp\/v2\/categories?post=28714"},{"taxonomy":"post_tag","embeddable":true,"href":"https:\/\/www.visit-ulcinj.com\/blog\/wp-json\/wp\/v2\/tags?post=28714"}],"curies":[{"name":"wp","href":"https:\/\/api.w.org\/{rel}","templated":true}]}}