{"id":28739,"date":"2009-12-24T21:57:45","date_gmt":"2009-12-24T19:57:45","guid":{"rendered":"http:\/\/www.visit-ulcinj.com\/blog\/?p=28739"},"modified":"2009-12-25T21:32:21","modified_gmt":"2009-12-25T19:32:21","slug":"urime-me-rastin-e-krishtlindjeve","status":"publish","type":"post","link":"https:\/\/www.visit-ulcinj.com\/blog\/2009\/12\/24\/urime-me-rastin-e-krishtlindjeve\/","title":{"rendered":"Urime me rastin e Krishtlindjeve"},"content":{"rendered":"<p><a href=\"http:\/\/www.visit-ulcinj.com\/blog\/wp-content\/uploads\/2009\/12\/Gezuar-Krishtlindjet.jpg\"><img loading=\"lazy\" class=\"alignleft size-full wp-image-28740\" title=\"Gezuar Krishtlindjet\" src=\"http:\/\/www.visit-ulcinj.com\/blog\/wp-content\/uploads\/2009\/12\/Gezuar-Krishtlindjet.jpg\" alt=\"Gezuar Krishtlindjet\" width=\"580\" height=\"400\" \/><\/a>Me rastin e festave t\u00eb K\u00ebrsh\u00ebndellave , arqipeshkvit t\u00eb Tivarit Zef Gashi klerit katolik\u00eb si dhe t\u00eb gjith\u00eb besimtar\u00ebve k\u00ebt\u00eb fest\u00eb ua uruan presidenti i Malit t\u00eb Zi Filip Vujanoviq, kryetari i Kuvendit Ranko Krivokapiq , kryeministri Millo Gjukanoviq, ministri p\u00ebr mbrojtjen e t\u00eb drejtave dhe lirive t\u00eb njeriut dhe t\u00eb pakicave Ferhat Dinosha , kryetari i Komun\u00ebs s\u00eb Ulqinit Gezim Hajdinaga, kryetari i Komun\u00ebs Urbane t\u00eb Tuzit Smajl Maliq \u00c7unmulaj , pastaj kryetari i K\u00ebshillit Nacional shqiptar\u00eb Tahir Tahiri si dhe udh\u00ebheq\u00ebsit e subjekteve t\u00eb shumta politike n\u00eb Mal t\u00eb Zi.<br \/>\nUrime klerit dhe besimtar\u00ebve u d\u00ebrguan edhe personalitete t\u00eb shquara t\u00eb jet\u00ebs shoq\u00ebrore n\u00eb Mal t\u00eb Zi.<br \/>\nK\u00ebtyre urimeve u bashkohet edhe Redaksia jon\u00eb me shpres\u00eb dhe d\u00ebshir\u00eb q\u00eb k\u00ebto festa ti kalojm\u00eb n\u00eb paqe, harmoni dhe mir\u00ebkuptim me t\u00eb gjith\u00eb t\u00eb af\u00ebrmit.<br \/>\nP\u00ebr shum\u00eb mot g\u00ebzuar Krishtlindjen.<\/p>\n<p><strong>TVCG<br \/>\n<a href=\"http:\/\/www.facebook.com\/people\/Dritan-Maraj\/100000078887501#\/group.php?gid=57084043811\" target=\"_blank\">Foto nga Shoqata Don Gjon Buzuku Chicago-Ulqin &#8211; Facebook<\/a><\/strong><\/p>\n<p><strong><strong>\n\t\t<style type=\"text\/css\">\n\t\t\t#gallery-1 {\n\t\t\t\tmargin: auto;\n\t\t\t}\n\t\t\t#gallery-1 .gallery-item {\n\t\t\t\tfloat: left;\n\t\t\t\tmargin-top: 10px;\n\t\t\t\ttext-align: center;\n\t\t\t\twidth: 33%;\n\t\t\t}\n\t\t\t#gallery-1 img {\n\t\t\t\tborder: 2px solid #cfcfcf;\n\t\t\t}\n\t\t\t#gallery-1 .gallery-caption {\n\t\t\t\tmargin-left: 0;\n\t\t\t}\n\t\t\t\/* see gallery_shortcode() in wp-includes\/media.php *\/\n\t\t<\/style>\n\t\t<div id='gallery-1' class='gallery galleryid-28739 gallery-columns-3 gallery-size-thumbnail'><dl class='gallery-item'>\n\t\t\t<dt class='gallery-icon portrait'>\n\t\t\t\t<a href='https:\/\/www.visit-ulcinj.com\/blog\/wp-content\/uploads\/2009\/12\/Gezuar-Krishtlindjet.jpg'><img width=\"150\" height=\"150\" src=\"https:\/\/www.visit-ulcinj.com\/blog\/wp-content\/uploads\/2009\/12\/Gezuar-Krishtlindjet-150x150.jpg\" class=\"attachment-thumbnail size-thumbnail\" alt=\"\" loading=\"lazy\" \/><\/a>\n\t\t\t<\/dt><\/dl><dl class='gallery-item'>\n\t\t\t<dt class='gallery-icon landscape'>\n\t\t\t\t<a href='https:\/\/www.visit-ulcinj.com\/blog\/wp-content\/uploads\/2009\/12\/Shoqata-Don-Gjon-Buzuku_Chikago-Ulqin.1.jpg'><img width=\"150\" height=\"150\" src=\"https:\/\/www.visit-ulcinj.com\/blog\/wp-content\/uploads\/2009\/12\/Shoqata-Don-Gjon-Buzuku_Chikago-Ulqin.1-150x150.jpg\" class=\"attachment-thumbnail size-thumbnail\" alt=\"\" loading=\"lazy\" \/><\/a>\n\t\t\t<\/dt><\/dl><dl class='gallery-item'>\n\t\t\t<dt class='gallery-icon portrait'>\n\t\t\t\t<a href='https:\/\/www.visit-ulcinj.com\/blog\/wp-content\/uploads\/2009\/12\/Shoqata-Don-Gjon-Buzuku_Chikago-Ulqin.2.jpg'><img width=\"150\" height=\"150\" src=\"https:\/\/www.visit-ulcinj.com\/blog\/wp-content\/uploads\/2009\/12\/Shoqata-Don-Gjon-Buzuku_Chikago-Ulqin.2-150x150.jpg\" class=\"attachment-thumbnail size-thumbnail\" alt=\"\" loading=\"lazy\" \/><\/a>\n\t\t\t<\/dt><\/dl><br style=\"clear: both\" \/><dl class='gallery-item'>\n\t\t\t<dt class='gallery-icon landscape'>\n\t\t\t\t<a href='https:\/\/www.visit-ulcinj.com\/blog\/wp-content\/uploads\/2009\/12\/Shoqata-Don-Gjon-Buzuku_Chikago-Ulqin.jpg'><img width=\"150\" height=\"150\" src=\"https:\/\/www.visit-ulcinj.com\/blog\/wp-content\/uploads\/2009\/12\/Shoqata-Don-Gjon-Buzuku_Chikago-Ulqin-150x150.jpg\" class=\"attachment-thumbnail size-thumbnail\" alt=\"\" loading=\"lazy\" \/><\/a>\n\t\t\t<\/dt><\/dl><dl class='gallery-item'>\n\t\t\t<dt class='gallery-icon landscape'>\n\t\t\t\t<a href='https:\/\/www.visit-ulcinj.com\/blog\/wp-content\/uploads\/2009\/12\/Shoqata-Don-Gjon-Buzuku_Chikago-Ulqin.3.jpg'><img width=\"150\" height=\"150\" src=\"https:\/\/www.visit-ulcinj.com\/blog\/wp-content\/uploads\/2009\/12\/Shoqata-Don-Gjon-Buzuku_Chikago-Ulqin.3-150x150.jpg\" class=\"attachment-thumbnail size-thumbnail\" alt=\"\" loading=\"lazy\" \/><\/a>\n\t\t\t<\/dt><\/dl><dl class='gallery-item'>\n\t\t\t<dt class='gallery-icon landscape'>\n\t\t\t\t<a href='https:\/\/www.visit-ulcinj.com\/blog\/wp-content\/uploads\/2009\/12\/Shoqata-Don-Gjon-Buzuku_Chikago-Ulqin.4.jpg'><img width=\"150\" height=\"150\" src=\"https:\/\/www.visit-ulcinj.com\/blog\/wp-content\/uploads\/2009\/12\/Shoqata-Don-Gjon-Buzuku_Chikago-Ulqin.4-150x150.jpg\" class=\"attachment-thumbnail size-thumbnail\" alt=\"\" loading=\"lazy\" \/><\/a>\n\t\t\t<\/dt><\/dl><br style=\"clear: both\" \/>\n\t\t<\/div>\n<\/p>\n<p><\/strong><\/strong><\/p>\n<p><strong><strong> <\/strong><\/strong><\/p>\n<p><strong><strong> <\/strong><\/strong><\/p>\n<p><strong><strong> <\/strong><\/strong><\/p>\n<!--YouTube Error: bad URL entered-->\n","protected":false},"excerpt":{"rendered":"<p>Me rastin e festave t\u00eb K\u00ebrsh\u00ebndellave , arqipeshkvit t\u00eb Tivarit Zef Gashi klerit katolik\u00eb si dhe t\u00eb gjith\u00eb besimtar\u00ebve k\u00ebt\u00eb fest\u00eb ua uruan presidenti i Malit t\u00eb Zi Filip Vujanoviq, kryetari i Kuvendit Ranko Krivokapiq , kryeministri Millo Gjukanoviq, ministri p\u00ebr mbrojtjen e t\u00eb drejtave dhe lirive t\u00eb njeriut dhe t\u00eb pakicave Ferhat Dinosha , [&hellip;]<\/p>\n","protected":false},"author":1,"featured_media":0,"comment_status":"open","ping_status":"closed","sticky":false,"template":"","format":"standard","meta":{"spay_email":"","jetpack_publicize_message":"","jetpack_is_tweetstorm":false,"jetpack_publicize_feature_enabled":true},"categories":[14],"tags":[13138],"jetpack_publicize_connections":[],"yoast_head":"<!-- This site is optimized with the Yoast SEO plugin v19.1 - https:\/\/yoast.com\/wordpress\/plugins\/seo\/ -->\n<title>Urime me rastin e Krishtlindjeve - Lajme nga Ulqini<\/title>\n<meta name=\"description\" content=\"Me rastin e festave t\u00eb K\u00ebrsh\u00ebndellave , arqipeshkvit t\u00eb Tivarit Zef Gashi klerit katolik\u00eb si dhe t\u00eb gjith\u00eb besimtar\u00ebve k\u00ebt\u00eb fest\u00eb ua uruan presidenti i\" \/>\n<meta name=\"robots\" content=\"index, follow, max-snippet:-1, max-image-preview:large, max-video-preview:-1\" \/>\n<link rel=\"canonical\" href=\"https:\/\/www.visit-ulcinj.com\/blog\/2009\/12\/24\/urime-me-rastin-e-krishtlindjeve\/\" \/>\n<meta property=\"og:locale\" content=\"en_US\" \/>\n<meta property=\"og:type\" content=\"article\" \/>\n<meta property=\"og:title\" content=\"Urime me rastin e Krishtlindjeve - Lajme nga Ulqini\" \/>\n<meta property=\"og:description\" content=\"Me rastin e festave t\u00eb K\u00ebrsh\u00ebndellave , arqipeshkvit t\u00eb Tivarit Zef Gashi klerit katolik\u00eb si dhe t\u00eb gjith\u00eb besimtar\u00ebve k\u00ebt\u00eb fest\u00eb ua uruan presidenti i\" \/>\n<meta property=\"og:url\" content=\"https:\/\/www.visit-ulcinj.com\/blog\/2009\/12\/24\/urime-me-rastin-e-krishtlindjeve\/\" \/>\n<meta property=\"og:site_name\" content=\"Lajme nga Ulqini\" \/>\n<meta property=\"article:published_time\" content=\"2009-12-24T19:57:45+00:00\" \/>\n<meta property=\"article:modified_time\" content=\"2009-12-25T19:32:21+00:00\" \/>\n<meta property=\"og:image\" content=\"https:\/\/www.visit-ulcinj.com\/blog\/wp-content\/uploads\/2009\/12\/Gezuar-Krishtlindjet-150x150.jpg\" \/>\n<meta name=\"twitter:label1\" content=\"Written by\" \/>\n\t<meta name=\"twitter:data1\" content=\"ulqini\" \/>\n\t<meta name=\"twitter:label2\" content=\"Est. reading time\" \/>\n\t<meta name=\"twitter:data2\" content=\"1 minute\" \/>\n<script type=\"application\/ld+json\" class=\"yoast-schema-graph\">{\"@context\":\"https:\/\/schema.org\",\"@graph\":[{\"@type\":\"WebSite\",\"@id\":\"https:\/\/www.visit-ulcinj.com\/blog\/#website\",\"url\":\"https:\/\/www.visit-ulcinj.com\/blog\/\",\"name\":\"Lajme nga Ulqini\",\"description\":\"Lajme,Vijesti,Ulqini,Ulqin,Crna Gora,Mali i Zi\",\"potentialAction\":[{\"@type\":\"SearchAction\",\"target\":{\"@type\":\"EntryPoint\",\"urlTemplate\":\"https:\/\/www.visit-ulcinj.com\/blog\/?s={search_term_string}\"},\"query-input\":\"required name=search_term_string\"}],\"inLanguage\":\"en-US\"},{\"@type\":\"ImageObject\",\"inLanguage\":\"en-US\",\"@id\":\"https:\/\/www.visit-ulcinj.com\/blog\/2009\/12\/24\/urime-me-rastin-e-krishtlindjeve\/#primaryimage\",\"url\":\"https:\/\/www.visit-ulcinj.com\/blog\/wp-content\/uploads\/2009\/12\/Gezuar-Krishtlindjet.jpg\",\"contentUrl\":\"https:\/\/www.visit-ulcinj.com\/blog\/wp-content\/uploads\/2009\/12\/Gezuar-Krishtlindjet.jpg\",\"width\":\"488\",\"height\":\"499\"},{\"@type\":\"WebPage\",\"@id\":\"https:\/\/www.visit-ulcinj.com\/blog\/2009\/12\/24\/urime-me-rastin-e-krishtlindjeve\/#webpage\",\"url\":\"https:\/\/www.visit-ulcinj.com\/blog\/2009\/12\/24\/urime-me-rastin-e-krishtlindjeve\/\",\"name\":\"Urime me rastin e Krishtlindjeve - Lajme nga Ulqini\",\"isPartOf\":{\"@id\":\"https:\/\/www.visit-ulcinj.com\/blog\/#website\"},\"primaryImageOfPage\":{\"@id\":\"https:\/\/www.visit-ulcinj.com\/blog\/2009\/12\/24\/urime-me-rastin-e-krishtlindjeve\/#primaryimage\"},\"datePublished\":\"2009-12-24T19:57:45+00:00\",\"dateModified\":\"2009-12-25T19:32:21+00:00\",\"author\":{\"@id\":\"https:\/\/www.visit-ulcinj.com\/blog\/#\/schema\/person\/dcab619c614d3038751c63bc2aadc06d\"},\"description\":\"Me rastin e festave t\u00eb K\u00ebrsh\u00ebndellave , arqipeshkvit t\u00eb Tivarit Zef Gashi klerit katolik\u00eb si dhe t\u00eb gjith\u00eb besimtar\u00ebve k\u00ebt\u00eb fest\u00eb ua uruan presidenti i\",\"breadcrumb\":{\"@id\":\"https:\/\/www.visit-ulcinj.com\/blog\/2009\/12\/24\/urime-me-rastin-e-krishtlindjeve\/#breadcrumb\"},\"inLanguage\":\"en-US\",\"potentialAction\":[{\"@type\":\"ReadAction\",\"target\":[\"https:\/\/www.visit-ulcinj.com\/blog\/2009\/12\/24\/urime-me-rastin-e-krishtlindjeve\/\"]}]},{\"@type\":\"BreadcrumbList\",\"@id\":\"https:\/\/www.visit-ulcinj.com\/blog\/2009\/12\/24\/urime-me-rastin-e-krishtlindjeve\/#breadcrumb\",\"itemListElement\":[{\"@type\":\"ListItem\",\"position\":1,\"name\":\"Urime me rastin e Krishtlindjeve\"}]},{\"@type\":\"Person\",\"@id\":\"https:\/\/www.visit-ulcinj.com\/blog\/#\/schema\/person\/dcab619c614d3038751c63bc2aadc06d\",\"name\":\"ulqini\",\"sameAs\":[\"http:\/\/www.visit-ulcinj.com\"],\"url\":\"https:\/\/www.visit-ulcinj.com\/blog\/author\/admin\/\"}]}<\/script>\n<!-- \/ Yoast SEO plugin. -->","yoast_head_json":{"title":"Urime me rastin e Krishtlindjeve - Lajme nga Ulqini","description":"Me rastin e festave t\u00eb K\u00ebrsh\u00ebndellave , arqipeshkvit t\u00eb Tivarit Zef Gashi klerit katolik\u00eb si dhe t\u00eb gjith\u00eb besimtar\u00ebve k\u00ebt\u00eb fest\u00eb ua uruan presidenti i","robots":{"index":"index","follow":"follow","max-snippet":"max-snippet:-1","max-image-preview":"max-image-preview:large","max-video-preview":"max-video-preview:-1"},"canonical":"https:\/\/www.visit-ulcinj.com\/blog\/2009\/12\/24\/urime-me-rastin-e-krishtlindjeve\/","og_locale":"en_US","og_type":"article","og_title":"Urime me rastin e Krishtlindjeve - Lajme nga Ulqini","og_description":"Me rastin e festave t\u00eb K\u00ebrsh\u00ebndellave , arqipeshkvit t\u00eb Tivarit Zef Gashi klerit katolik\u00eb si dhe t\u00eb gjith\u00eb besimtar\u00ebve k\u00ebt\u00eb fest\u00eb ua uruan presidenti i","og_url":"https:\/\/www.visit-ulcinj.com\/blog\/2009\/12\/24\/urime-me-rastin-e-krishtlindjeve\/","og_site_name":"Lajme nga Ulqini","article_published_time":"2009-12-24T19:57:45+00:00","article_modified_time":"2009-12-25T19:32:21+00:00","og_image":[{"url":"https:\/\/www.visit-ulcinj.com\/blog\/wp-content\/uploads\/2009\/12\/Gezuar-Krishtlindjet-150x150.jpg"}],"twitter_misc":{"Written by":"ulqini","Est. reading time":"1 minute"},"schema":{"@context":"https:\/\/schema.org","@graph":[{"@type":"WebSite","@id":"https:\/\/www.visit-ulcinj.com\/blog\/#website","url":"https:\/\/www.visit-ulcinj.com\/blog\/","name":"Lajme nga Ulqini","description":"Lajme,Vijesti,Ulqini,Ulqin,Crna Gora,Mali i Zi","potentialAction":[{"@type":"SearchAction","target":{"@type":"EntryPoint","urlTemplate":"https:\/\/www.visit-ulcinj.com\/blog\/?s={search_term_string}"},"query-input":"required name=search_term_string"}],"inLanguage":"en-US"},{"@type":"ImageObject","inLanguage":"en-US","@id":"https:\/\/www.visit-ulcinj.com\/blog\/2009\/12\/24\/urime-me-rastin-e-krishtlindjeve\/#primaryimage","url":"https:\/\/www.visit-ulcinj.com\/blog\/wp-content\/uploads\/2009\/12\/Gezuar-Krishtlindjet.jpg","contentUrl":"https:\/\/www.visit-ulcinj.com\/blog\/wp-content\/uploads\/2009\/12\/Gezuar-Krishtlindjet.jpg","width":"488","height":"499"},{"@type":"WebPage","@id":"https:\/\/www.visit-ulcinj.com\/blog\/2009\/12\/24\/urime-me-rastin-e-krishtlindjeve\/#webpage","url":"https:\/\/www.visit-ulcinj.com\/blog\/2009\/12\/24\/urime-me-rastin-e-krishtlindjeve\/","name":"Urime me rastin e Krishtlindjeve - Lajme nga Ulqini","isPartOf":{"@id":"https:\/\/www.visit-ulcinj.com\/blog\/#website"},"primaryImageOfPage":{"@id":"https:\/\/www.visit-ulcinj.com\/blog\/2009\/12\/24\/urime-me-rastin-e-krishtlindjeve\/#primaryimage"},"datePublished":"2009-12-24T19:57:45+00:00","dateModified":"2009-12-25T19:32:21+00:00","author":{"@id":"https:\/\/www.visit-ulcinj.com\/blog\/#\/schema\/person\/dcab619c614d3038751c63bc2aadc06d"},"description":"Me rastin e festave t\u00eb K\u00ebrsh\u00ebndellave , arqipeshkvit t\u00eb Tivarit Zef Gashi klerit katolik\u00eb si dhe t\u00eb gjith\u00eb besimtar\u00ebve k\u00ebt\u00eb fest\u00eb ua uruan presidenti i","breadcrumb":{"@id":"https:\/\/www.visit-ulcinj.com\/blog\/2009\/12\/24\/urime-me-rastin-e-krishtlindjeve\/#breadcrumb"},"inLanguage":"en-US","potentialAction":[{"@type":"ReadAction","target":["https:\/\/www.visit-ulcinj.com\/blog\/2009\/12\/24\/urime-me-rastin-e-krishtlindjeve\/"]}]},{"@type":"BreadcrumbList","@id":"https:\/\/www.visit-ulcinj.com\/blog\/2009\/12\/24\/urime-me-rastin-e-krishtlindjeve\/#breadcrumb","itemListElement":[{"@type":"ListItem","position":1,"name":"Urime me rastin e Krishtlindjeve"}]},{"@type":"Person","@id":"https:\/\/www.visit-ulcinj.com\/blog\/#\/schema\/person\/dcab619c614d3038751c63bc2aadc06d","name":"ulqini","sameAs":["http:\/\/www.visit-ulcinj.com"],"url":"https:\/\/www.visit-ulcinj.com\/blog\/author\/admin\/"}]}},"jetpack_featured_media_url":"","jetpack_sharing_enabled":true,"jetpack_shortlink":"https:\/\/wp.me\/pe6lTn-7tx","_links":{"self":[{"href":"https:\/\/www.visit-ulcinj.com\/blog\/wp-json\/wp\/v2\/posts\/28739"}],"collection":[{"href":"https:\/\/www.visit-ulcinj.com\/blog\/wp-json\/wp\/v2\/posts"}],"about":[{"href":"https:\/\/www.visit-ulcinj.com\/blog\/wp-json\/wp\/v2\/types\/post"}],"author":[{"embeddable":true,"href":"https:\/\/www.visit-ulcinj.com\/blog\/wp-json\/wp\/v2\/users\/1"}],"replies":[{"embeddable":true,"href":"https:\/\/www.visit-ulcinj.com\/blog\/wp-json\/wp\/v2\/comments?post=28739"}],"version-history":[{"count":0,"href":"https:\/\/www.visit-ulcinj.com\/blog\/wp-json\/wp\/v2\/posts\/28739\/revisions"}],"wp:attachment":[{"href":"https:\/\/www.visit-ulcinj.com\/blog\/wp-json\/wp\/v2\/media?parent=28739"}],"wp:term":[{"taxonomy":"category","embeddable":true,"href":"https:\/\/www.visit-ulcinj.com\/blog\/wp-json\/wp\/v2\/categories?post=28739"},{"taxonomy":"post_tag","embeddable":true,"href":"https:\/\/www.visit-ulcinj.com\/blog\/wp-json\/wp\/v2\/tags?post=28739"}],"curies":[{"name":"wp","href":"https:\/\/api.w.org\/{rel}","templated":true}]}}