{"id":28791,"date":"2009-12-26T20:01:36","date_gmt":"2009-12-26T18:01:36","guid":{"rendered":"http:\/\/www.visit-ulcinj.com\/blog\/?p=28791"},"modified":"2009-12-29T08:34:35","modified_gmt":"2009-12-29T06:34:35","slug":"na-ulcinjskom-lokalitetu-mozura-predvidena-je-gradnja-vjetroelektrane","status":"publish","type":"post","link":"https:\/\/www.visit-ulcinj.com\/blog\/2009\/12\/26\/na-ulcinjskom-lokalitetu-mozura-predvidena-je-gradnja-vjetroelektrane\/","title":{"rendered":"Na ulcinjskom lokalitetu Mo\u017eura predvi?ena je gradnja vjetroelektrane"},"content":{"rendered":"<p><strong><a href=\"http:\/\/www.visit-ulcinj.com\/blog\/wp-content\/uploads\/2009\/12\/VJETROELEKTRANA-ULCINJ.jpg\"><img loading=\"lazy\" class=\"alignleft size-full wp-image-28792\" title=\"VJETROELEKTRANA ULCINJ\" src=\"http:\/\/www.visit-ulcinj.com\/blog\/wp-content\/uploads\/2009\/12\/VJETROELEKTRANA-ULCINJ.jpg\" alt=\"VJETROELEKTRANA ULCINJ\" width=\"378\" height=\"304\" srcset=\"https:\/\/www.visit-ulcinj.com\/blog\/wp-content\/uploads\/2009\/12\/VJETROELEKTRANA-ULCINJ.jpg 378w, https:\/\/www.visit-ulcinj.com\/blog\/wp-content\/uploads\/2009\/12\/VJETROELEKTRANA-ULCINJ-300x241.jpg 300w\" sizes=\"(max-width: 378px) 100vw, 378px\" \/><\/a>Ministarstvo ekonomije tra\u017ei investitora za gradnju vjetroelektrana <\/strong><br \/>\nPodgorica (Mina-biznis) \u2013 Ministarstvo ekonomije pozvalo je zainteresovane investitore da dostave ponude za izgradnju vjetroelektrana i zakup zemlji\u0161ta u dr\u017eavnoj svojini na lokalitetima Mo\u017eura i Krnovo.<br \/>\nNa ulcinjskom lokalitetu Mo\u017eura predvi?ena je gradnja vjetroelektrane instalisane snage do 46 megavata, a na nik\u0161i?kom Krnovu do 50 megavata. Zemlji\u0161te se daje u zakup na 20 godina.<br \/>\nPravo u?e\u0161?a na tenderu imaju doma?e i strane kompanije, kao i konzorcijumi, koji imaju iskustvo u izgradnji i kori\u0161?enju vjetroelektrana, kao i prosje?ni godi\u0161nji bruto prihod ve?i od 100 miliona eura, za posljednje tri poslovne godine.<br \/>\nNaknada za tendersku dokumentaciju ko\u0161ta tri hiljade eura i otkupljuje se posebno za lokalitete.<br \/>\nU pozivu se navodi da ponu?a? mora dostaviti i bankarsku garanciju, vrijednu 100 hiljada eura, ili dokaz o uplati tolikog depozita na ra?un Ministarstva. Ponu?a?u koji ne dobije status prvorangiranog, bankarska garancija bi?e vra?ena 30 dana nakon otvaranja ponuda.<br \/>\nKrajnji rok za dostavljanje ponuda je 24. februar naredne godine, do 12 sati, a bi?e otvorene u prostorijama Ministarstva ekonomije, dva sata kasnije.<\/p>\n<p><strong><br \/>\n<a href=\"http:\/\/www.pobjeda.co.me\/citanje.php?datum=2009-12-25&amp;id=176981\" target=\"_blank\">Pobjeda<\/a><\/strong><\/p>\n<!--YouTube Error: bad URL entered-->\n","protected":false},"excerpt":{"rendered":"<p>Ministarstvo ekonomije tra\u017ei investitora za gradnju vjetroelektrana Podgorica (Mina-biznis) \u2013 Ministarstvo ekonomije pozvalo je zainteresovane investitore da dostave ponude za izgradnju vjetroelektrana i zakup zemlji\u0161ta u dr\u017eavnoj svojini na lokalitetima Mo\u017eura i Krnovo. Na ulcinjskom lokalitetu Mo\u017eura predvi?ena je gradnja vjetroelektrane instalisane snage do 46 megavata, a na nik\u0161i?kom Krnovu do 50 megavata. Zemlji\u0161te se [&hellip;]<\/p>\n","protected":false},"author":1,"featured_media":0,"comment_status":"open","ping_status":"closed","sticky":false,"template":"","format":"standard","meta":{"spay_email":"","jetpack_publicize_message":"","jetpack_is_tweetstorm":false,"jetpack_publicize_feature_enabled":true},"categories":[8337],"tags":[13140],"jetpack_publicize_connections":[],"yoast_head":"<!-- This site is optimized with the Yoast SEO plugin v19.1 - https:\/\/yoast.com\/wordpress\/plugins\/seo\/ -->\n<title>Na ulcinjskom lokalitetu Mo\u017eura predvi?ena je gradnja vjetroelektrane - Lajme nga Ulqini<\/title>\n<meta name=\"description\" content=\"Ministarstvo ekonomije tra\u017ei investitora za gradnju vjetroelektrana Podgorica (Mina-biznis) \u2013 Ministarstvo ekonomije pozvalo je zainteresovane investitore\" \/>\n<meta name=\"robots\" content=\"index, follow, max-snippet:-1, max-image-preview:large, max-video-preview:-1\" \/>\n<link rel=\"canonical\" href=\"https:\/\/www.visit-ulcinj.com\/blog\/2009\/12\/26\/na-ulcinjskom-lokalitetu-mozura-predvidena-je-gradnja-vjetroelektrane\/\" \/>\n<meta property=\"og:locale\" content=\"en_US\" \/>\n<meta property=\"og:type\" content=\"article\" \/>\n<meta property=\"og:title\" content=\"Na ulcinjskom lokalitetu Mo\u017eura predvi?ena je gradnja vjetroelektrane - Lajme nga Ulqini\" \/>\n<meta property=\"og:description\" content=\"Ministarstvo ekonomije tra\u017ei investitora za gradnju vjetroelektrana Podgorica (Mina-biznis) \u2013 Ministarstvo ekonomije pozvalo je zainteresovane investitore\" \/>\n<meta property=\"og:url\" content=\"https:\/\/www.visit-ulcinj.com\/blog\/2009\/12\/26\/na-ulcinjskom-lokalitetu-mozura-predvidena-je-gradnja-vjetroelektrane\/\" \/>\n<meta property=\"og:site_name\" content=\"Lajme nga Ulqini\" \/>\n<meta property=\"article:published_time\" content=\"2009-12-26T18:01:36+00:00\" \/>\n<meta property=\"article:modified_time\" content=\"2009-12-29T06:34:35+00:00\" \/>\n<meta property=\"og:image\" content=\"http:\/\/www.visit-ulcinj.com\/blog\/wp-content\/uploads\/2009\/12\/VJETROELEKTRANA-ULCINJ.jpg\" \/>\n<meta name=\"twitter:label1\" content=\"Written by\" \/>\n\t<meta name=\"twitter:data1\" content=\"ulqini\" \/>\n\t<meta name=\"twitter:label2\" content=\"Est. reading time\" \/>\n\t<meta name=\"twitter:data2\" content=\"1 minute\" \/>\n<script type=\"application\/ld+json\" class=\"yoast-schema-graph\">{\"@context\":\"https:\/\/schema.org\",\"@graph\":[{\"@type\":\"WebSite\",\"@id\":\"https:\/\/www.visit-ulcinj.com\/blog\/#website\",\"url\":\"https:\/\/www.visit-ulcinj.com\/blog\/\",\"name\":\"Lajme nga Ulqini\",\"description\":\"Lajme,Vijesti,Ulqini,Ulqin,Crna Gora,Mali i Zi\",\"potentialAction\":[{\"@type\":\"SearchAction\",\"target\":{\"@type\":\"EntryPoint\",\"urlTemplate\":\"https:\/\/www.visit-ulcinj.com\/blog\/?s={search_term_string}\"},\"query-input\":\"required name=search_term_string\"}],\"inLanguage\":\"en-US\"},{\"@type\":\"ImageObject\",\"inLanguage\":\"en-US\",\"@id\":\"https:\/\/www.visit-ulcinj.com\/blog\/2009\/12\/26\/na-ulcinjskom-lokalitetu-mozura-predvidena-je-gradnja-vjetroelektrane\/#primaryimage\",\"url\":\"https:\/\/www.visit-ulcinj.com\/blog\/wp-content\/uploads\/2009\/12\/VJETROELEKTRANA-ULCINJ.jpg\",\"contentUrl\":\"https:\/\/www.visit-ulcinj.com\/blog\/wp-content\/uploads\/2009\/12\/VJETROELEKTRANA-ULCINJ.jpg\",\"width\":\"378\",\"height\":\"304\"},{\"@type\":\"WebPage\",\"@id\":\"https:\/\/www.visit-ulcinj.com\/blog\/2009\/12\/26\/na-ulcinjskom-lokalitetu-mozura-predvidena-je-gradnja-vjetroelektrane\/#webpage\",\"url\":\"https:\/\/www.visit-ulcinj.com\/blog\/2009\/12\/26\/na-ulcinjskom-lokalitetu-mozura-predvidena-je-gradnja-vjetroelektrane\/\",\"name\":\"Na ulcinjskom lokalitetu Mo\u017eura predvi?ena je gradnja vjetroelektrane - Lajme nga Ulqini\",\"isPartOf\":{\"@id\":\"https:\/\/www.visit-ulcinj.com\/blog\/#website\"},\"primaryImageOfPage\":{\"@id\":\"https:\/\/www.visit-ulcinj.com\/blog\/2009\/12\/26\/na-ulcinjskom-lokalitetu-mozura-predvidena-je-gradnja-vjetroelektrane\/#primaryimage\"},\"datePublished\":\"2009-12-26T18:01:36+00:00\",\"dateModified\":\"2009-12-29T06:34:35+00:00\",\"author\":{\"@id\":\"https:\/\/www.visit-ulcinj.com\/blog\/#\/schema\/person\/dcab619c614d3038751c63bc2aadc06d\"},\"description\":\"Ministarstvo ekonomije tra\u017ei investitora za gradnju vjetroelektrana Podgorica (Mina-biznis) \u2013 Ministarstvo ekonomije pozvalo je zainteresovane investitore\",\"breadcrumb\":{\"@id\":\"https:\/\/www.visit-ulcinj.com\/blog\/2009\/12\/26\/na-ulcinjskom-lokalitetu-mozura-predvidena-je-gradnja-vjetroelektrane\/#breadcrumb\"},\"inLanguage\":\"en-US\",\"potentialAction\":[{\"@type\":\"ReadAction\",\"target\":[\"https:\/\/www.visit-ulcinj.com\/blog\/2009\/12\/26\/na-ulcinjskom-lokalitetu-mozura-predvidena-je-gradnja-vjetroelektrane\/\"]}]},{\"@type\":\"BreadcrumbList\",\"@id\":\"https:\/\/www.visit-ulcinj.com\/blog\/2009\/12\/26\/na-ulcinjskom-lokalitetu-mozura-predvidena-je-gradnja-vjetroelektrane\/#breadcrumb\",\"itemListElement\":[{\"@type\":\"ListItem\",\"position\":1,\"name\":\"Na ulcinjskom lokalitetu Mo\u017eura predvi?ena je gradnja vjetroelektrane\"}]},{\"@type\":\"Person\",\"@id\":\"https:\/\/www.visit-ulcinj.com\/blog\/#\/schema\/person\/dcab619c614d3038751c63bc2aadc06d\",\"name\":\"ulqini\",\"sameAs\":[\"http:\/\/www.visit-ulcinj.com\"],\"url\":\"https:\/\/www.visit-ulcinj.com\/blog\/author\/admin\/\"}]}<\/script>\n<!-- \/ Yoast SEO plugin. -->","yoast_head_json":{"title":"Na ulcinjskom lokalitetu Mo\u017eura predvi?ena je gradnja vjetroelektrane - Lajme nga Ulqini","description":"Ministarstvo ekonomije tra\u017ei investitora za gradnju vjetroelektrana Podgorica (Mina-biznis) \u2013 Ministarstvo ekonomije pozvalo je zainteresovane investitore","robots":{"index":"index","follow":"follow","max-snippet":"max-snippet:-1","max-image-preview":"max-image-preview:large","max-video-preview":"max-video-preview:-1"},"canonical":"https:\/\/www.visit-ulcinj.com\/blog\/2009\/12\/26\/na-ulcinjskom-lokalitetu-mozura-predvidena-je-gradnja-vjetroelektrane\/","og_locale":"en_US","og_type":"article","og_title":"Na ulcinjskom lokalitetu Mo\u017eura predvi?ena je gradnja vjetroelektrane - Lajme nga Ulqini","og_description":"Ministarstvo ekonomije tra\u017ei investitora za gradnju vjetroelektrana Podgorica (Mina-biznis) \u2013 Ministarstvo ekonomije pozvalo je zainteresovane investitore","og_url":"https:\/\/www.visit-ulcinj.com\/blog\/2009\/12\/26\/na-ulcinjskom-lokalitetu-mozura-predvidena-je-gradnja-vjetroelektrane\/","og_site_name":"Lajme nga Ulqini","article_published_time":"2009-12-26T18:01:36+00:00","article_modified_time":"2009-12-29T06:34:35+00:00","og_image":[{"url":"http:\/\/www.visit-ulcinj.com\/blog\/wp-content\/uploads\/2009\/12\/VJETROELEKTRANA-ULCINJ.jpg"}],"twitter_misc":{"Written by":"ulqini","Est. reading time":"1 minute"},"schema":{"@context":"https:\/\/schema.org","@graph":[{"@type":"WebSite","@id":"https:\/\/www.visit-ulcinj.com\/blog\/#website","url":"https:\/\/www.visit-ulcinj.com\/blog\/","name":"Lajme nga Ulqini","description":"Lajme,Vijesti,Ulqini,Ulqin,Crna Gora,Mali i Zi","potentialAction":[{"@type":"SearchAction","target":{"@type":"EntryPoint","urlTemplate":"https:\/\/www.visit-ulcinj.com\/blog\/?s={search_term_string}"},"query-input":"required name=search_term_string"}],"inLanguage":"en-US"},{"@type":"ImageObject","inLanguage":"en-US","@id":"https:\/\/www.visit-ulcinj.com\/blog\/2009\/12\/26\/na-ulcinjskom-lokalitetu-mozura-predvidena-je-gradnja-vjetroelektrane\/#primaryimage","url":"https:\/\/www.visit-ulcinj.com\/blog\/wp-content\/uploads\/2009\/12\/VJETROELEKTRANA-ULCINJ.jpg","contentUrl":"https:\/\/www.visit-ulcinj.com\/blog\/wp-content\/uploads\/2009\/12\/VJETROELEKTRANA-ULCINJ.jpg","width":"378","height":"304"},{"@type":"WebPage","@id":"https:\/\/www.visit-ulcinj.com\/blog\/2009\/12\/26\/na-ulcinjskom-lokalitetu-mozura-predvidena-je-gradnja-vjetroelektrane\/#webpage","url":"https:\/\/www.visit-ulcinj.com\/blog\/2009\/12\/26\/na-ulcinjskom-lokalitetu-mozura-predvidena-je-gradnja-vjetroelektrane\/","name":"Na ulcinjskom lokalitetu Mo\u017eura predvi?ena je gradnja vjetroelektrane - Lajme nga Ulqini","isPartOf":{"@id":"https:\/\/www.visit-ulcinj.com\/blog\/#website"},"primaryImageOfPage":{"@id":"https:\/\/www.visit-ulcinj.com\/blog\/2009\/12\/26\/na-ulcinjskom-lokalitetu-mozura-predvidena-je-gradnja-vjetroelektrane\/#primaryimage"},"datePublished":"2009-12-26T18:01:36+00:00","dateModified":"2009-12-29T06:34:35+00:00","author":{"@id":"https:\/\/www.visit-ulcinj.com\/blog\/#\/schema\/person\/dcab619c614d3038751c63bc2aadc06d"},"description":"Ministarstvo ekonomije tra\u017ei investitora za gradnju vjetroelektrana Podgorica (Mina-biznis) \u2013 Ministarstvo ekonomije pozvalo je zainteresovane investitore","breadcrumb":{"@id":"https:\/\/www.visit-ulcinj.com\/blog\/2009\/12\/26\/na-ulcinjskom-lokalitetu-mozura-predvidena-je-gradnja-vjetroelektrane\/#breadcrumb"},"inLanguage":"en-US","potentialAction":[{"@type":"ReadAction","target":["https:\/\/www.visit-ulcinj.com\/blog\/2009\/12\/26\/na-ulcinjskom-lokalitetu-mozura-predvidena-je-gradnja-vjetroelektrane\/"]}]},{"@type":"BreadcrumbList","@id":"https:\/\/www.visit-ulcinj.com\/blog\/2009\/12\/26\/na-ulcinjskom-lokalitetu-mozura-predvidena-je-gradnja-vjetroelektrane\/#breadcrumb","itemListElement":[{"@type":"ListItem","position":1,"name":"Na ulcinjskom lokalitetu Mo\u017eura predvi?ena je gradnja vjetroelektrane"}]},{"@type":"Person","@id":"https:\/\/www.visit-ulcinj.com\/blog\/#\/schema\/person\/dcab619c614d3038751c63bc2aadc06d","name":"ulqini","sameAs":["http:\/\/www.visit-ulcinj.com"],"url":"https:\/\/www.visit-ulcinj.com\/blog\/author\/admin\/"}]}},"jetpack_featured_media_url":"","jetpack_sharing_enabled":true,"jetpack_shortlink":"https:\/\/wp.me\/pe6lTn-7un","_links":{"self":[{"href":"https:\/\/www.visit-ulcinj.com\/blog\/wp-json\/wp\/v2\/posts\/28791"}],"collection":[{"href":"https:\/\/www.visit-ulcinj.com\/blog\/wp-json\/wp\/v2\/posts"}],"about":[{"href":"https:\/\/www.visit-ulcinj.com\/blog\/wp-json\/wp\/v2\/types\/post"}],"author":[{"embeddable":true,"href":"https:\/\/www.visit-ulcinj.com\/blog\/wp-json\/wp\/v2\/users\/1"}],"replies":[{"embeddable":true,"href":"https:\/\/www.visit-ulcinj.com\/blog\/wp-json\/wp\/v2\/comments?post=28791"}],"version-history":[{"count":0,"href":"https:\/\/www.visit-ulcinj.com\/blog\/wp-json\/wp\/v2\/posts\/28791\/revisions"}],"wp:attachment":[{"href":"https:\/\/www.visit-ulcinj.com\/blog\/wp-json\/wp\/v2\/media?parent=28791"}],"wp:term":[{"taxonomy":"category","embeddable":true,"href":"https:\/\/www.visit-ulcinj.com\/blog\/wp-json\/wp\/v2\/categories?post=28791"},{"taxonomy":"post_tag","embeddable":true,"href":"https:\/\/www.visit-ulcinj.com\/blog\/wp-json\/wp\/v2\/tags?post=28791"}],"curies":[{"name":"wp","href":"https:\/\/api.w.org\/{rel}","templated":true}]}}