{"id":28807,"date":"2009-12-26T21:37:39","date_gmt":"2009-12-26T19:37:39","guid":{"rendered":"http:\/\/www.visit-ulcinj.com\/blog\/?p=28807"},"modified":"2009-12-26T21:37:39","modified_gmt":"2009-12-26T19:37:39","slug":"arijeta-zati-fiton-bursen-per-vitin-2010","status":"publish","type":"post","link":"https:\/\/www.visit-ulcinj.com\/blog\/2009\/12\/26\/arijeta-zati-fiton-bursen-per-vitin-2010\/","title":{"rendered":"Arijeta Zati fiton burs\u00ebn p\u00ebr vitin 2010"},"content":{"rendered":"<p><a href=\"http:\/\/www.visit-ulcinj.com\/blog\/wp-content\/uploads\/2009\/12\/Arijeta-Zati-fiton-burs\u00ebn-p\u00ebr-vitin-2010.jpg\"><img loading=\"lazy\" class=\"alignleft size-full wp-image-28808\" title=\"Arijeta Zati fiton burs\u00ebn p\u00ebr vitin 2010\" src=\"http:\/\/www.visit-ulcinj.com\/blog\/wp-content\/uploads\/2009\/12\/Arijeta-Zati-fiton-burs\u00ebn-p\u00ebr-vitin-2010.jpg\" alt=\"Arijeta Zati fiton burs\u00ebn p\u00ebr vitin 2010\" width=\"580\" height=\"400\" \/><\/a>T\u00eb merkuren me dat\u00eb 23.12.2009 n\u00eb villen \u201cGorica\u201d n\u00eb Podgoric\u00eb nga komiteti olimpik i Malit t\u00eb Zi u b\u00eb ndarja e \u00e7mimeve p\u00ebr sportist\u00ebt m\u00eb t\u00eb mir\u00eb p\u00ebr vitin 2009, si dhe ndarja e bursave p\u00ebr sportist\u00ebt me suksese m\u00eb t\u00eb larta.<br \/>\n\u00c7mimet u ndan\u00eb nga kryetarai i komitetit olimpik n\u00eb Mal t\u00eb Zi, z. Dushan Simonoviq.<br \/>\nArijeta Zati garuesja nga klubi i Taekowndo-s\u00eb Ulqini fiton\u00eb bursen gjegj\u00ebsisht stipendionin e cila shp\u00ebrblehet si garuesja m\u00eb e mir\u00eb n\u00eb sportin e Taekwondo-s\u00eb p\u00ebr vitin 2009. Ajo me rezultaten e arritura gjate k\u00ebtij viti arrin\u00eb t\u00eb jet\u00eb n\u00eb mesin e 55 garuesve t\u00eb cil\u00ebt fituan\u00eb bursen p\u00ebr vitin e ardhsh\u00ebm 2010.<br \/>\nT\u00eb ftuar\u00eb n\u00eb k\u00ebt\u00eb manifestin ishin garuesja e lart\u00ebp\u00ebrmendur Arijeta Zati si dhe kryetrajneri i klubit t\u00eb Taekowndo\u00ebse Ulqini Fikret Dushku.<br \/>\nP\u00ebr m\u00eb tutje Arijeta Zati shprehet, \u00ebsht\u00eb nj\u00eb k\u00ebnaq\u00ebsi e ve\u00e7ant t\u00eb jesh\u00eb n\u00eb mesin e sportist\u00ebve m\u00eb kulminant n\u00eb Mal t\u00eb Zi, nd\u00ebrsa p\u00ebr \u00e7mimin e fituar jam shum\u00eb mirnjoh\u00ebs ndaj trajnerit tim i cili asnj\u00ebher\u00eb nuk ngurroj\u00eb q\u00eb t\u00eb jem\u00eb n\u00eb mesin e rezultateve m\u00eb t\u00eb larta, ky \u00e7mim m\u00eb motivon q\u00eb vitin 2010 akoma edhe m\u00eb shum\u00eb ti ngris\u00eb k\u00ebto rezultate.<br \/>\nKryetrajneri i klubit t\u00eb Taekwondo-s\u00eb Ulqni n\u00eb mes tjerash shton, q\u00ebllimi yn\u00eb \u00ebsht\u00eb q\u00eb t\u00eb arrijm\u00eb rezultatet sa m\u00eb t\u00eb larta e n\u00eb ve\u00e7anti ato zyrtare duke filluar\u00eb prej kampionatit n\u00eb Mal t\u00eb Zi p\u00ebr t\u00eb vazhduar\u00eb n\u00eb at\u00eb ballkanik europian, bot\u00ebror, e pse jo edhe n\u00eb lojra olimpike. P\u00ebr t\u00eb arrit\u00eb rezultate t\u00eb larta duhet nj\u00eb sinqeritet i ve\u00e7ant\u00eb si te trajneri, nx\u00ebn\u00ebsi e poashtu edhe tek prind\u00ebrit t\u00eb cil\u00ebt luajn\u00eb nj\u00eb rol\u00eb t\u00eb madh\u00eb tek f\u00ebmij\u00ebt e tyre, si dhe p\u00ebrkrahja financiare prej organeve kompetente dhe sposor\u00ebt. K\u00ebnaq\u00ebsia ishte e ve\u00e7ant\u00eb nd\u00ebrsa ajo \u00e7ka m\u00eb s\u00eb tep\u00ebrni na la p\u00ebrshtypje ishin fjal\u00ebt e krytarit t\u00eb komitetit olimpik i cili u shpreh \u201cju jeni krenaria jon\u00eb\u201d e n\u00eb mesin e tyre ishte edhe garuesja e klubit t\u00eb Ulqnit Arijeta Zati, dhe kjo padyshim se p\u00ebrb\u00ebn edhe nj\u00eb sukses tjet\u00ebr n\u00eb vete. I uroj suksese t\u00eb gjitha klubeve sportive n\u00eb qytetin ton\u00eb.<br \/>\nP\u00ebrzem\u00ebrsisht i p\u00ebrsh\u00ebndes t\u00eb gjith\u00eb fansat tan\u00eb si dhe ata q\u00eb na p\u00ebrkrahin n\u00eb sukseset tona.<br \/>\n<a href=\"http:\/\/www.facebook.com\/share.php?u=http:\/\/www.visit-ulcinj.com\/blog\/2009\/12\/26\/taekwondo-ulqini-merr-4-cmime-nga-komuna-e-ulqinit\/&amp;t=Taekwondo+Ulqini+merr+4+%C3%A7mime+nga+Komuna+e+Ulqinit#\/notes\/taekwondo-ulqini-club\/arijeta-zati-fiton-bursen-per-vitin-2010\/262747505992\" target=\"_blank\"><strong><br \/>\nTaekowndo club Ulqini &#8211; Facebook<\/strong><\/a><br \/>\n\n\t\t<style type=\"text\/css\">\n\t\t\t#gallery-1 {\n\t\t\t\tmargin: auto;\n\t\t\t}\n\t\t\t#gallery-1 .gallery-item {\n\t\t\t\tfloat: left;\n\t\t\t\tmargin-top: 10px;\n\t\t\t\ttext-align: center;\n\t\t\t\twidth: 33%;\n\t\t\t}\n\t\t\t#gallery-1 img {\n\t\t\t\tborder: 2px solid #cfcfcf;\n\t\t\t}\n\t\t\t#gallery-1 .gallery-caption {\n\t\t\t\tmargin-left: 0;\n\t\t\t}\n\t\t\t\/* see gallery_shortcode() in wp-includes\/media.php *\/\n\t\t<\/style>\n\t\t<div id='gallery-1' class='gallery galleryid-28807 gallery-columns-3 gallery-size-thumbnail'><dl class='gallery-item'>\n\t\t\t<dt class='gallery-icon '>\n\t\t\t\t<a href='https:\/\/www.visit-ulcinj.com\/blog\/wp-content\/uploads\/2009\/12\/Arijeta-Zati-fiton-burs\u00c3\u00abn-p\u00c3\u00abr-vitin-2010.jpg'><img width=\"1\" height=\"1\" src=\"https:\/\/www.visit-ulcinj.com\/blog\/wp-content\/uploads\/2009\/12\/Arijeta-Zati-fiton-burs\u00c3\u00abn-p\u00c3\u00abr-vitin-2010.jpg\" class=\"attachment-thumbnail size-thumbnail\" alt=\"\" loading=\"lazy\" \/><\/a>\n\t\t\t<\/dt><\/dl><dl class='gallery-item'>\n\t\t\t<dt class='gallery-icon '>\n\t\t\t\t<a href='https:\/\/www.visit-ulcinj.com\/blog\/wp-content\/uploads\/2009\/12\/Arijeta-Zati-fiton-burs\u00c3\u00abn-p\u00c3\u00abr-vitin-2010.1.jpg'><img width=\"1\" height=\"1\" src=\"https:\/\/www.visit-ulcinj.com\/blog\/wp-content\/uploads\/2009\/12\/Arijeta-Zati-fiton-burs\u00c3\u00abn-p\u00c3\u00abr-vitin-2010.1.jpg\" class=\"attachment-thumbnail size-thumbnail\" alt=\"\" loading=\"lazy\" \/><\/a>\n\t\t\t<\/dt><\/dl><dl class='gallery-item'>\n\t\t\t<dt class='gallery-icon '>\n\t\t\t\t<a href='https:\/\/www.visit-ulcinj.com\/blog\/wp-content\/uploads\/2009\/12\/Arijeta-Zati-fiton-burs\u00c3\u00abn-p\u00c3\u00abr-vitin-2010.2.jpg'><img width=\"1\" height=\"1\" src=\"https:\/\/www.visit-ulcinj.com\/blog\/wp-content\/uploads\/2009\/12\/Arijeta-Zati-fiton-burs\u00c3\u00abn-p\u00c3\u00abr-vitin-2010.2.jpg\" class=\"attachment-thumbnail size-thumbnail\" alt=\"\" loading=\"lazy\" \/><\/a>\n\t\t\t<\/dt><\/dl><br style=\"clear: both\" \/><dl class='gallery-item'>\n\t\t\t<dt class='gallery-icon '>\n\t\t\t\t<a href='https:\/\/www.visit-ulcinj.com\/blog\/wp-content\/uploads\/2009\/12\/Arijeta-Zati-fiton-burs\u00c3\u00abn-p\u00c3\u00abr-vitin-2010.3.jpg'><img width=\"1\" height=\"1\" src=\"https:\/\/www.visit-ulcinj.com\/blog\/wp-content\/uploads\/2009\/12\/Arijeta-Zati-fiton-burs\u00c3\u00abn-p\u00c3\u00abr-vitin-2010.3.jpg\" class=\"attachment-thumbnail size-thumbnail\" alt=\"\" loading=\"lazy\" \/><\/a>\n\t\t\t<\/dt><\/dl><dl class='gallery-item'>\n\t\t\t<dt class='gallery-icon '>\n\t\t\t\t<a href='https:\/\/www.visit-ulcinj.com\/blog\/wp-content\/uploads\/2009\/12\/Arijeta-Zati-fiton-burs\u00c3\u00abn-p\u00c3\u00abr-vitin-2010.4.jpg'><img width=\"1\" height=\"1\" src=\"https:\/\/www.visit-ulcinj.com\/blog\/wp-content\/uploads\/2009\/12\/Arijeta-Zati-fiton-burs\u00c3\u00abn-p\u00c3\u00abr-vitin-2010.4.jpg\" class=\"attachment-thumbnail size-thumbnail\" alt=\"\" loading=\"lazy\" \/><\/a>\n\t\t\t<\/dt><\/dl><dl class='gallery-item'>\n\t\t\t<dt class='gallery-icon '>\n\t\t\t\t<a href='https:\/\/www.visit-ulcinj.com\/blog\/wp-content\/uploads\/2009\/12\/Arijeta-Zati-fiton-burs\u00c3\u00abn-p\u00c3\u00abr-vitin-2010.5.jpg'><img width=\"1\" height=\"1\" src=\"https:\/\/www.visit-ulcinj.com\/blog\/wp-content\/uploads\/2009\/12\/Arijeta-Zati-fiton-burs\u00c3\u00abn-p\u00c3\u00abr-vitin-2010.5.jpg\" class=\"attachment-thumbnail size-thumbnail\" alt=\"\" loading=\"lazy\" \/><\/a>\n\t\t\t<\/dt><\/dl><br style=\"clear: both\" \/><dl class='gallery-item'>\n\t\t\t<dt class='gallery-icon '>\n\t\t\t\t<a href='https:\/\/www.visit-ulcinj.com\/blog\/wp-content\/uploads\/2009\/12\/Arijeta-Zati-fiton-burs\u00c3\u00abn-p\u00c3\u00abr-vitin-2010.6.jpg'><img width=\"1\" height=\"1\" src=\"https:\/\/www.visit-ulcinj.com\/blog\/wp-content\/uploads\/2009\/12\/Arijeta-Zati-fiton-burs\u00c3\u00abn-p\u00c3\u00abr-vitin-2010.6.jpg\" class=\"attachment-thumbnail size-thumbnail\" alt=\"\" loading=\"lazy\" \/><\/a>\n\t\t\t<\/dt><\/dl><dl class='gallery-item'>\n\t\t\t<dt class='gallery-icon '>\n\t\t\t\t<a href='https:\/\/www.visit-ulcinj.com\/blog\/wp-content\/uploads\/2009\/12\/Arijeta-Zati-fiton-burs\u00c3\u00abn-p\u00c3\u00abr-vitin-2010.7.jpg'><img width=\"1\" height=\"1\" src=\"https:\/\/www.visit-ulcinj.com\/blog\/wp-content\/uploads\/2009\/12\/Arijeta-Zati-fiton-burs\u00c3\u00abn-p\u00c3\u00abr-vitin-2010.7.jpg\" class=\"attachment-thumbnail size-thumbnail\" alt=\"\" loading=\"lazy\" \/><\/a>\n\t\t\t<\/dt><\/dl><dl class='gallery-item'>\n\t\t\t<dt class='gallery-icon '>\n\t\t\t\t<a href='https:\/\/www.visit-ulcinj.com\/blog\/wp-content\/uploads\/2009\/12\/Arijeta-Zati-fiton-burs\u00c3\u00abn-p\u00c3\u00abr-vitin-2010.8.jpg'><img width=\"1\" height=\"1\" src=\"https:\/\/www.visit-ulcinj.com\/blog\/wp-content\/uploads\/2009\/12\/Arijeta-Zati-fiton-burs\u00c3\u00abn-p\u00c3\u00abr-vitin-2010.8.jpg\" class=\"attachment-thumbnail size-thumbnail\" alt=\"\" loading=\"lazy\" \/><\/a>\n\t\t\t<\/dt><\/dl><br style=\"clear: both\" \/>\n\t\t<\/div>\n<\/p>\n<!--YouTube Error: bad URL entered-->\n","protected":false},"excerpt":{"rendered":"<p>T\u00eb merkuren me dat\u00eb 23.12.2009 n\u00eb villen \u201cGorica\u201d n\u00eb Podgoric\u00eb nga komiteti olimpik i Malit t\u00eb Zi u b\u00eb ndarja e \u00e7mimeve p\u00ebr sportist\u00ebt m\u00eb t\u00eb mir\u00eb p\u00ebr vitin 2009, si dhe ndarja e bursave p\u00ebr sportist\u00ebt me suksese m\u00eb t\u00eb larta. \u00c7mimet u ndan\u00eb nga kryetarai i komitetit olimpik n\u00eb Mal t\u00eb Zi, z. [&hellip;]<\/p>\n","protected":false},"author":1,"featured_media":0,"comment_status":"open","ping_status":"closed","sticky":false,"template":"","format":"standard","meta":{"spay_email":"","jetpack_publicize_message":"","jetpack_is_tweetstorm":false,"jetpack_publicize_feature_enabled":true},"categories":[3],"tags":[5924,13145,13143,13146,13144,13147],"jetpack_publicize_connections":[],"yoast_head":"<!-- This site is optimized with the Yoast SEO plugin v19.1 - https:\/\/yoast.com\/wordpress\/plugins\/seo\/ -->\n<title>Arijeta Zati fiton burs\u00ebn p\u00ebr vitin 2010 - Lajme nga Ulqini<\/title>\n<meta name=\"description\" content=\"T\u00eb merkuren me dat\u00eb 23.12.2009 n\u00eb villen \u201cGorica\u201d n\u00eb Podgoric\u00eb nga komiteti olimpik i Malit t\u00eb Zi u b\u00eb ndarja e \u00e7mimeve p\u00ebr sportist\u00ebt m\u00eb t\u00eb mir\u00eb p\u00ebr\" \/>\n<meta name=\"robots\" content=\"index, follow, max-snippet:-1, max-image-preview:large, max-video-preview:-1\" \/>\n<link rel=\"canonical\" href=\"https:\/\/www.visit-ulcinj.com\/blog\/2009\/12\/26\/arijeta-zati-fiton-bursen-per-vitin-2010\/\" \/>\n<meta property=\"og:locale\" content=\"en_US\" \/>\n<meta property=\"og:type\" content=\"article\" \/>\n<meta property=\"og:title\" content=\"Arijeta Zati fiton burs\u00ebn p\u00ebr vitin 2010 - Lajme nga Ulqini\" \/>\n<meta property=\"og:description\" content=\"T\u00eb merkuren me dat\u00eb 23.12.2009 n\u00eb villen \u201cGorica\u201d n\u00eb Podgoric\u00eb nga komiteti olimpik i Malit t\u00eb Zi u b\u00eb ndarja e \u00e7mimeve p\u00ebr sportist\u00ebt m\u00eb t\u00eb mir\u00eb p\u00ebr\" \/>\n<meta property=\"og:url\" content=\"https:\/\/www.visit-ulcinj.com\/blog\/2009\/12\/26\/arijeta-zati-fiton-bursen-per-vitin-2010\/\" \/>\n<meta property=\"og:site_name\" content=\"Lajme nga Ulqini\" \/>\n<meta property=\"article:published_time\" content=\"2009-12-26T19:37:39+00:00\" \/>\n<meta property=\"og:image\" content=\"https:\/\/www.visit-ulcinj.com\/blog\/wp-content\/uploads\/2009\/12\/Arijeta-Zati-fiton-burs\u00c3\u00abn-p\u00c3\u00abr-vitin-2010.jpg\" \/>\n<meta name=\"twitter:label1\" content=\"Written by\" \/>\n\t<meta name=\"twitter:data1\" content=\"ulqini\" \/>\n\t<meta name=\"twitter:label2\" content=\"Est. reading time\" \/>\n\t<meta name=\"twitter:data2\" content=\"2 minutes\" \/>\n<script type=\"application\/ld+json\" class=\"yoast-schema-graph\">{\"@context\":\"https:\/\/schema.org\",\"@graph\":[{\"@type\":\"WebSite\",\"@id\":\"https:\/\/www.visit-ulcinj.com\/blog\/#website\",\"url\":\"https:\/\/www.visit-ulcinj.com\/blog\/\",\"name\":\"Lajme nga Ulqini\",\"description\":\"Lajme,Vijesti,Ulqini,Ulqin,Crna Gora,Mali i Zi\",\"potentialAction\":[{\"@type\":\"SearchAction\",\"target\":{\"@type\":\"EntryPoint\",\"urlTemplate\":\"https:\/\/www.visit-ulcinj.com\/blog\/?s={search_term_string}\"},\"query-input\":\"required name=search_term_string\"}],\"inLanguage\":\"en-US\"},{\"@type\":\"WebPage\",\"@id\":\"https:\/\/www.visit-ulcinj.com\/blog\/2009\/12\/26\/arijeta-zati-fiton-bursen-per-vitin-2010\/#webpage\",\"url\":\"https:\/\/www.visit-ulcinj.com\/blog\/2009\/12\/26\/arijeta-zati-fiton-bursen-per-vitin-2010\/\",\"name\":\"Arijeta Zati fiton burs\u00ebn p\u00ebr vitin 2010 - Lajme nga Ulqini\",\"isPartOf\":{\"@id\":\"https:\/\/www.visit-ulcinj.com\/blog\/#website\"},\"datePublished\":\"2009-12-26T19:37:39+00:00\",\"dateModified\":\"2009-12-26T19:37:39+00:00\",\"author\":{\"@id\":\"https:\/\/www.visit-ulcinj.com\/blog\/#\/schema\/person\/dcab619c614d3038751c63bc2aadc06d\"},\"description\":\"T\u00eb merkuren me dat\u00eb 23.12.2009 n\u00eb villen \u201cGorica\u201d n\u00eb Podgoric\u00eb nga komiteti olimpik i Malit t\u00eb Zi u b\u00eb ndarja e \u00e7mimeve p\u00ebr sportist\u00ebt m\u00eb t\u00eb mir\u00eb p\u00ebr\",\"breadcrumb\":{\"@id\":\"https:\/\/www.visit-ulcinj.com\/blog\/2009\/12\/26\/arijeta-zati-fiton-bursen-per-vitin-2010\/#breadcrumb\"},\"inLanguage\":\"en-US\",\"potentialAction\":[{\"@type\":\"ReadAction\",\"target\":[\"https:\/\/www.visit-ulcinj.com\/blog\/2009\/12\/26\/arijeta-zati-fiton-bursen-per-vitin-2010\/\"]}]},{\"@type\":\"BreadcrumbList\",\"@id\":\"https:\/\/www.visit-ulcinj.com\/blog\/2009\/12\/26\/arijeta-zati-fiton-bursen-per-vitin-2010\/#breadcrumb\",\"itemListElement\":[{\"@type\":\"ListItem\",\"position\":1,\"name\":\"Arijeta Zati fiton burs\u00ebn p\u00ebr vitin 2010\"}]},{\"@type\":\"Person\",\"@id\":\"https:\/\/www.visit-ulcinj.com\/blog\/#\/schema\/person\/dcab619c614d3038751c63bc2aadc06d\",\"name\":\"ulqini\",\"sameAs\":[\"http:\/\/www.visit-ulcinj.com\"],\"url\":\"https:\/\/www.visit-ulcinj.com\/blog\/author\/admin\/\"}]}<\/script>\n<!-- \/ Yoast SEO plugin. -->","yoast_head_json":{"title":"Arijeta Zati fiton burs\u00ebn p\u00ebr vitin 2010 - Lajme nga Ulqini","description":"T\u00eb merkuren me dat\u00eb 23.12.2009 n\u00eb villen \u201cGorica\u201d n\u00eb Podgoric\u00eb nga komiteti olimpik i Malit t\u00eb Zi u b\u00eb ndarja e \u00e7mimeve p\u00ebr sportist\u00ebt m\u00eb t\u00eb mir\u00eb p\u00ebr","robots":{"index":"index","follow":"follow","max-snippet":"max-snippet:-1","max-image-preview":"max-image-preview:large","max-video-preview":"max-video-preview:-1"},"canonical":"https:\/\/www.visit-ulcinj.com\/blog\/2009\/12\/26\/arijeta-zati-fiton-bursen-per-vitin-2010\/","og_locale":"en_US","og_type":"article","og_title":"Arijeta Zati fiton burs\u00ebn p\u00ebr vitin 2010 - Lajme nga Ulqini","og_description":"T\u00eb merkuren me dat\u00eb 23.12.2009 n\u00eb villen \u201cGorica\u201d n\u00eb Podgoric\u00eb nga komiteti olimpik i Malit t\u00eb Zi u b\u00eb ndarja e \u00e7mimeve p\u00ebr sportist\u00ebt m\u00eb t\u00eb mir\u00eb p\u00ebr","og_url":"https:\/\/www.visit-ulcinj.com\/blog\/2009\/12\/26\/arijeta-zati-fiton-bursen-per-vitin-2010\/","og_site_name":"Lajme nga Ulqini","article_published_time":"2009-12-26T19:37:39+00:00","og_image":[{"url":"https:\/\/www.visit-ulcinj.com\/blog\/wp-content\/uploads\/2009\/12\/Arijeta-Zati-fiton-burs\u00c3\u00abn-p\u00c3\u00abr-vitin-2010.jpg"}],"twitter_misc":{"Written by":"ulqini","Est. reading time":"2 minutes"},"schema":{"@context":"https:\/\/schema.org","@graph":[{"@type":"WebSite","@id":"https:\/\/www.visit-ulcinj.com\/blog\/#website","url":"https:\/\/www.visit-ulcinj.com\/blog\/","name":"Lajme nga Ulqini","description":"Lajme,Vijesti,Ulqini,Ulqin,Crna Gora,Mali i Zi","potentialAction":[{"@type":"SearchAction","target":{"@type":"EntryPoint","urlTemplate":"https:\/\/www.visit-ulcinj.com\/blog\/?s={search_term_string}"},"query-input":"required name=search_term_string"}],"inLanguage":"en-US"},{"@type":"WebPage","@id":"https:\/\/www.visit-ulcinj.com\/blog\/2009\/12\/26\/arijeta-zati-fiton-bursen-per-vitin-2010\/#webpage","url":"https:\/\/www.visit-ulcinj.com\/blog\/2009\/12\/26\/arijeta-zati-fiton-bursen-per-vitin-2010\/","name":"Arijeta Zati fiton burs\u00ebn p\u00ebr vitin 2010 - Lajme nga Ulqini","isPartOf":{"@id":"https:\/\/www.visit-ulcinj.com\/blog\/#website"},"datePublished":"2009-12-26T19:37:39+00:00","dateModified":"2009-12-26T19:37:39+00:00","author":{"@id":"https:\/\/www.visit-ulcinj.com\/blog\/#\/schema\/person\/dcab619c614d3038751c63bc2aadc06d"},"description":"T\u00eb merkuren me dat\u00eb 23.12.2009 n\u00eb villen \u201cGorica\u201d n\u00eb Podgoric\u00eb nga komiteti olimpik i Malit t\u00eb Zi u b\u00eb ndarja e \u00e7mimeve p\u00ebr sportist\u00ebt m\u00eb t\u00eb mir\u00eb p\u00ebr","breadcrumb":{"@id":"https:\/\/www.visit-ulcinj.com\/blog\/2009\/12\/26\/arijeta-zati-fiton-bursen-per-vitin-2010\/#breadcrumb"},"inLanguage":"en-US","potentialAction":[{"@type":"ReadAction","target":["https:\/\/www.visit-ulcinj.com\/blog\/2009\/12\/26\/arijeta-zati-fiton-bursen-per-vitin-2010\/"]}]},{"@type":"BreadcrumbList","@id":"https:\/\/www.visit-ulcinj.com\/blog\/2009\/12\/26\/arijeta-zati-fiton-bursen-per-vitin-2010\/#breadcrumb","itemListElement":[{"@type":"ListItem","position":1,"name":"Arijeta Zati fiton burs\u00ebn p\u00ebr vitin 2010"}]},{"@type":"Person","@id":"https:\/\/www.visit-ulcinj.com\/blog\/#\/schema\/person\/dcab619c614d3038751c63bc2aadc06d","name":"ulqini","sameAs":["http:\/\/www.visit-ulcinj.com"],"url":"https:\/\/www.visit-ulcinj.com\/blog\/author\/admin\/"}]}},"jetpack_featured_media_url":"","jetpack_sharing_enabled":true,"jetpack_shortlink":"https:\/\/wp.me\/pe6lTn-7uD","_links":{"self":[{"href":"https:\/\/www.visit-ulcinj.com\/blog\/wp-json\/wp\/v2\/posts\/28807"}],"collection":[{"href":"https:\/\/www.visit-ulcinj.com\/blog\/wp-json\/wp\/v2\/posts"}],"about":[{"href":"https:\/\/www.visit-ulcinj.com\/blog\/wp-json\/wp\/v2\/types\/post"}],"author":[{"embeddable":true,"href":"https:\/\/www.visit-ulcinj.com\/blog\/wp-json\/wp\/v2\/users\/1"}],"replies":[{"embeddable":true,"href":"https:\/\/www.visit-ulcinj.com\/blog\/wp-json\/wp\/v2\/comments?post=28807"}],"version-history":[{"count":0,"href":"https:\/\/www.visit-ulcinj.com\/blog\/wp-json\/wp\/v2\/posts\/28807\/revisions"}],"wp:attachment":[{"href":"https:\/\/www.visit-ulcinj.com\/blog\/wp-json\/wp\/v2\/media?parent=28807"}],"wp:term":[{"taxonomy":"category","embeddable":true,"href":"https:\/\/www.visit-ulcinj.com\/blog\/wp-json\/wp\/v2\/categories?post=28807"},{"taxonomy":"post_tag","embeddable":true,"href":"https:\/\/www.visit-ulcinj.com\/blog\/wp-json\/wp\/v2\/tags?post=28807"}],"curies":[{"name":"wp","href":"https:\/\/api.w.org\/{rel}","templated":true}]}}