{"id":2881,"date":"2008-09-01T11:41:16","date_gmt":"2008-09-01T16:41:16","guid":{"rendered":"http:\/\/www.visit-ulcinj.com\/blog\/?p=2881"},"modified":"2008-09-01T11:58:45","modified_gmt":"2008-09-01T16:58:45","slug":"malazezishtja-me-dy-shkronja-te-reja","status":"publish","type":"post","link":"https:\/\/www.visit-ulcinj.com\/blog\/2008\/09\/01\/malazezishtja-me-dy-shkronja-te-reja\/","title":{"rendered":"Malazezishtja me dy shkronja t\u00eb reja"},"content":{"rendered":"<p><a href=\"http:\/\/wikii.itam.ws\/index.php\/Adnan_%C4%8Cirgi%C4%87\"><img loading=\"lazy\" class=\"alignleft\" title=\"Adnan ?irgi?\" src=\"http:\/\/wikii.itam.ws\/images\/0\/08\/Adnan_%C4%8Cirgi%C4%87.jpg\" alt=\"\" width=\"180\" height=\"175\" \/><\/a>Gjuh\u00ebs malazeze do t\u2019i shtohen dy shkronja t\u00eb reja \u2018sj\u2019dhe \u2018zj\u2019, t\u00eb krijuara nga shkronjat \u2018s\u2019 dhe \u2018z\u2019, konfirmoi an\u00ebtari i K\u00ebshillit p\u00ebr Standardizimin e Gjuh\u00ebs Malazeze, Adnan Cirgic. Ai i tha garancis\u00eb Beta se pjes\u00eb e norm\u00ebs standarde t\u00eb gjuh\u00ebs malazeze do t\u00eb konsiderohen edhe fenomenet tipike malazeze t\u00eb krijuara nga fonemat \u2018c\u2019 dhe \u2018\u00f0\u2019. Sipas Cirgic, ky \u00ebsht\u00eb nj\u00eb prej parimeve t\u00eb drejtshkrimit t\u00eb gjuh\u00ebs malazeze, q\u00eb p\u00ebrfshihet n\u00eb propozimin e drejtshkrimit t\u00eb gjuh\u00ebs moderne malazeze, i cili i \u00ebsht\u00eb d\u00ebrguar Ministris\u00eb s\u00eb Arsimit dhe Shkenc\u00ebs t\u00eb Malit t\u00eb Zi. Prej 13 an\u00ebtar\u00ebve t\u00eb K\u00ebshillit p\u00ebr Standardizimin e Gjuh\u00ebs Malazeze, p\u00ebr votuan 10, sqaroi Cirgic.<br \/>\n<strong>Burimi \/ Gazeta Express<\/strong><\/p>\n<!-- vimeo error: not a vimeo video -->\n<p style=\"text-align: center;\"><a href=\"http:\/\/www.visit-ulcinj.com\/?rub=taxicobi\"><img loading=\"lazy\" class=\"aligncenter size-full wp-image-2798\" title=\"taxi-cobi-ulqintaxi-cobi-ulcinjcrna-goramontenegromali-i-ziulqini\" src=\"http:\/\/www.visit-ulcinj.com\/blog\/wp-content\/uploads\/2008\/08\/taxi-cobi-ulqintaxi-cobi-ulcinjcrna-goramontenegromali-i-ziulqini.jpg\" alt=\"\" width=\"320\" height=\"150\" srcset=\"https:\/\/www.visit-ulcinj.com\/blog\/wp-content\/uploads\/2008\/08\/taxi-cobi-ulqintaxi-cobi-ulcinjcrna-goramontenegromali-i-ziulqini.jpg 320w, https:\/\/www.visit-ulcinj.com\/blog\/wp-content\/uploads\/2008\/08\/taxi-cobi-ulqintaxi-cobi-ulcinjcrna-goramontenegromali-i-ziulqini-300x140.jpg 300w\" sizes=\"(max-width: 320px) 100vw, 320px\" \/><\/a><\/p>\n","protected":false},"excerpt":{"rendered":"<p><img loading=\"lazy\" class=\"alignleft\" title=\"Adnan ?irgi?\" src=\"http:\/\/wikii.itam.ws\/images\/0\/08\/Adnan_%C4%8Cirgi%C4%87.jpg\" alt=\"\" width=\"140\" height=\"140\" \/><\/p>\n","protected":false},"author":1,"featured_media":0,"comment_status":"open","ping_status":"closed","sticky":false,"template":"","format":"standard","meta":{"spay_email":"","jetpack_publicize_message":"","jetpack_is_tweetstorm":false,"jetpack_publicize_feature_enabled":true},"categories":[4,12],"tags":[4455,95],"jetpack_publicize_connections":[],"yoast_head":"<!-- This site is optimized with the Yoast SEO plugin v19.1 - https:\/\/yoast.com\/wordpress\/plugins\/seo\/ -->\n<title>Malazezishtja me dy shkronja t\u00eb reja - Lajme nga Ulqini<\/title>\n<meta name=\"robots\" content=\"index, follow, max-snippet:-1, max-image-preview:large, max-video-preview:-1\" \/>\n<link rel=\"canonical\" href=\"https:\/\/www.visit-ulcinj.com\/blog\/2008\/09\/01\/malazezishtja-me-dy-shkronja-te-reja\/\" \/>\n<meta property=\"og:locale\" content=\"en_US\" \/>\n<meta property=\"og:type\" content=\"article\" \/>\n<meta property=\"og:title\" content=\"Malazezishtja me dy shkronja t\u00eb reja - Lajme nga Ulqini\" \/>\n<meta property=\"og:url\" content=\"https:\/\/www.visit-ulcinj.com\/blog\/2008\/09\/01\/malazezishtja-me-dy-shkronja-te-reja\/\" \/>\n<meta property=\"og:site_name\" content=\"Lajme nga Ulqini\" \/>\n<meta property=\"article:published_time\" content=\"2008-09-01T16:41:16+00:00\" \/>\n<meta property=\"article:modified_time\" content=\"2008-09-01T16:58:45+00:00\" \/>\n<meta property=\"og:image\" content=\"http:\/\/wikii.itam.ws\/images\/0\/08\/Adnan_%C4%8Cirgi%C4%87.jpg\" \/>\n<meta name=\"twitter:label1\" content=\"Written by\" \/>\n\t<meta name=\"twitter:data1\" content=\"ulqini\" \/>\n\t<meta name=\"twitter:label2\" content=\"Est. reading time\" \/>\n\t<meta name=\"twitter:data2\" content=\"1 minute\" \/>\n<script type=\"application\/ld+json\" class=\"yoast-schema-graph\">{\"@context\":\"https:\/\/schema.org\",\"@graph\":[{\"@type\":\"WebSite\",\"@id\":\"https:\/\/www.visit-ulcinj.com\/blog\/#website\",\"url\":\"https:\/\/www.visit-ulcinj.com\/blog\/\",\"name\":\"Lajme nga Ulqini\",\"description\":\"Lajme,Vijesti,Ulqini,Ulqin,Crna Gora,Mali i Zi\",\"potentialAction\":[{\"@type\":\"SearchAction\",\"target\":{\"@type\":\"EntryPoint\",\"urlTemplate\":\"https:\/\/www.visit-ulcinj.com\/blog\/?s={search_term_string}\"},\"query-input\":\"required name=search_term_string\"}],\"inLanguage\":\"en-US\"},{\"@type\":\"ImageObject\",\"inLanguage\":\"en-US\",\"@id\":\"https:\/\/www.visit-ulcinj.com\/blog\/2008\/09\/01\/malazezishtja-me-dy-shkronja-te-reja\/#primaryimage\",\"url\":\"http:\/\/wikii.itam.ws\/images\/0\/08\/Adnan_%C4%8Cirgi%C4%87.jpg\",\"contentUrl\":\"http:\/\/wikii.itam.ws\/images\/0\/08\/Adnan_%C4%8Cirgi%C4%87.jpg\"},{\"@type\":\"WebPage\",\"@id\":\"https:\/\/www.visit-ulcinj.com\/blog\/2008\/09\/01\/malazezishtja-me-dy-shkronja-te-reja\/#webpage\",\"url\":\"https:\/\/www.visit-ulcinj.com\/blog\/2008\/09\/01\/malazezishtja-me-dy-shkronja-te-reja\/\",\"name\":\"Malazezishtja me dy shkronja t\u00eb reja - Lajme nga Ulqini\",\"isPartOf\":{\"@id\":\"https:\/\/www.visit-ulcinj.com\/blog\/#website\"},\"primaryImageOfPage\":{\"@id\":\"https:\/\/www.visit-ulcinj.com\/blog\/2008\/09\/01\/malazezishtja-me-dy-shkronja-te-reja\/#primaryimage\"},\"datePublished\":\"2008-09-01T16:41:16+00:00\",\"dateModified\":\"2008-09-01T16:58:45+00:00\",\"author\":{\"@id\":\"https:\/\/www.visit-ulcinj.com\/blog\/#\/schema\/person\/dcab619c614d3038751c63bc2aadc06d\"},\"breadcrumb\":{\"@id\":\"https:\/\/www.visit-ulcinj.com\/blog\/2008\/09\/01\/malazezishtja-me-dy-shkronja-te-reja\/#breadcrumb\"},\"inLanguage\":\"en-US\",\"potentialAction\":[{\"@type\":\"ReadAction\",\"target\":[\"https:\/\/www.visit-ulcinj.com\/blog\/2008\/09\/01\/malazezishtja-me-dy-shkronja-te-reja\/\"]}]},{\"@type\":\"BreadcrumbList\",\"@id\":\"https:\/\/www.visit-ulcinj.com\/blog\/2008\/09\/01\/malazezishtja-me-dy-shkronja-te-reja\/#breadcrumb\",\"itemListElement\":[{\"@type\":\"ListItem\",\"position\":1,\"name\":\"Malazezishtja me dy shkronja t\u00eb reja\"}]},{\"@type\":\"Person\",\"@id\":\"https:\/\/www.visit-ulcinj.com\/blog\/#\/schema\/person\/dcab619c614d3038751c63bc2aadc06d\",\"name\":\"ulqini\",\"sameAs\":[\"http:\/\/www.visit-ulcinj.com\"],\"url\":\"https:\/\/www.visit-ulcinj.com\/blog\/author\/admin\/\"}]}<\/script>\n<!-- \/ Yoast SEO plugin. -->","yoast_head_json":{"title":"Malazezishtja me dy shkronja t\u00eb reja - Lajme nga Ulqini","robots":{"index":"index","follow":"follow","max-snippet":"max-snippet:-1","max-image-preview":"max-image-preview:large","max-video-preview":"max-video-preview:-1"},"canonical":"https:\/\/www.visit-ulcinj.com\/blog\/2008\/09\/01\/malazezishtja-me-dy-shkronja-te-reja\/","og_locale":"en_US","og_type":"article","og_title":"Malazezishtja me dy shkronja t\u00eb reja - Lajme nga Ulqini","og_url":"https:\/\/www.visit-ulcinj.com\/blog\/2008\/09\/01\/malazezishtja-me-dy-shkronja-te-reja\/","og_site_name":"Lajme nga Ulqini","article_published_time":"2008-09-01T16:41:16+00:00","article_modified_time":"2008-09-01T16:58:45+00:00","og_image":[{"url":"http:\/\/wikii.itam.ws\/images\/0\/08\/Adnan_%C4%8Cirgi%C4%87.jpg"}],"twitter_misc":{"Written by":"ulqini","Est. reading time":"1 minute"},"schema":{"@context":"https:\/\/schema.org","@graph":[{"@type":"WebSite","@id":"https:\/\/www.visit-ulcinj.com\/blog\/#website","url":"https:\/\/www.visit-ulcinj.com\/blog\/","name":"Lajme nga Ulqini","description":"Lajme,Vijesti,Ulqini,Ulqin,Crna Gora,Mali i Zi","potentialAction":[{"@type":"SearchAction","target":{"@type":"EntryPoint","urlTemplate":"https:\/\/www.visit-ulcinj.com\/blog\/?s={search_term_string}"},"query-input":"required name=search_term_string"}],"inLanguage":"en-US"},{"@type":"ImageObject","inLanguage":"en-US","@id":"https:\/\/www.visit-ulcinj.com\/blog\/2008\/09\/01\/malazezishtja-me-dy-shkronja-te-reja\/#primaryimage","url":"http:\/\/wikii.itam.ws\/images\/0\/08\/Adnan_%C4%8Cirgi%C4%87.jpg","contentUrl":"http:\/\/wikii.itam.ws\/images\/0\/08\/Adnan_%C4%8Cirgi%C4%87.jpg"},{"@type":"WebPage","@id":"https:\/\/www.visit-ulcinj.com\/blog\/2008\/09\/01\/malazezishtja-me-dy-shkronja-te-reja\/#webpage","url":"https:\/\/www.visit-ulcinj.com\/blog\/2008\/09\/01\/malazezishtja-me-dy-shkronja-te-reja\/","name":"Malazezishtja me dy shkronja t\u00eb reja - Lajme nga Ulqini","isPartOf":{"@id":"https:\/\/www.visit-ulcinj.com\/blog\/#website"},"primaryImageOfPage":{"@id":"https:\/\/www.visit-ulcinj.com\/blog\/2008\/09\/01\/malazezishtja-me-dy-shkronja-te-reja\/#primaryimage"},"datePublished":"2008-09-01T16:41:16+00:00","dateModified":"2008-09-01T16:58:45+00:00","author":{"@id":"https:\/\/www.visit-ulcinj.com\/blog\/#\/schema\/person\/dcab619c614d3038751c63bc2aadc06d"},"breadcrumb":{"@id":"https:\/\/www.visit-ulcinj.com\/blog\/2008\/09\/01\/malazezishtja-me-dy-shkronja-te-reja\/#breadcrumb"},"inLanguage":"en-US","potentialAction":[{"@type":"ReadAction","target":["https:\/\/www.visit-ulcinj.com\/blog\/2008\/09\/01\/malazezishtja-me-dy-shkronja-te-reja\/"]}]},{"@type":"BreadcrumbList","@id":"https:\/\/www.visit-ulcinj.com\/blog\/2008\/09\/01\/malazezishtja-me-dy-shkronja-te-reja\/#breadcrumb","itemListElement":[{"@type":"ListItem","position":1,"name":"Malazezishtja me dy shkronja t\u00eb reja"}]},{"@type":"Person","@id":"https:\/\/www.visit-ulcinj.com\/blog\/#\/schema\/person\/dcab619c614d3038751c63bc2aadc06d","name":"ulqini","sameAs":["http:\/\/www.visit-ulcinj.com"],"url":"https:\/\/www.visit-ulcinj.com\/blog\/author\/admin\/"}]}},"jetpack_featured_media_url":"","jetpack_sharing_enabled":true,"jetpack_shortlink":"https:\/\/wp.me\/pe6lTn-Kt","_links":{"self":[{"href":"https:\/\/www.visit-ulcinj.com\/blog\/wp-json\/wp\/v2\/posts\/2881"}],"collection":[{"href":"https:\/\/www.visit-ulcinj.com\/blog\/wp-json\/wp\/v2\/posts"}],"about":[{"href":"https:\/\/www.visit-ulcinj.com\/blog\/wp-json\/wp\/v2\/types\/post"}],"author":[{"embeddable":true,"href":"https:\/\/www.visit-ulcinj.com\/blog\/wp-json\/wp\/v2\/users\/1"}],"replies":[{"embeddable":true,"href":"https:\/\/www.visit-ulcinj.com\/blog\/wp-json\/wp\/v2\/comments?post=2881"}],"version-history":[{"count":0,"href":"https:\/\/www.visit-ulcinj.com\/blog\/wp-json\/wp\/v2\/posts\/2881\/revisions"}],"wp:attachment":[{"href":"https:\/\/www.visit-ulcinj.com\/blog\/wp-json\/wp\/v2\/media?parent=2881"}],"wp:term":[{"taxonomy":"category","embeddable":true,"href":"https:\/\/www.visit-ulcinj.com\/blog\/wp-json\/wp\/v2\/categories?post=2881"},{"taxonomy":"post_tag","embeddable":true,"href":"https:\/\/www.visit-ulcinj.com\/blog\/wp-json\/wp\/v2\/tags?post=2881"}],"curies":[{"name":"wp","href":"https:\/\/api.w.org\/{rel}","templated":true}]}}