{"id":28819,"date":"2009-12-26T21:59:59","date_gmt":"2009-12-26T19:59:59","guid":{"rendered":"http:\/\/www.visit-ulcinj.com\/blog\/?p=28819"},"modified":"2009-12-26T21:59:59","modified_gmt":"2009-12-26T19:59:59","slug":"ciljeta-me-emrin-tim-sulmojne-pd","status":"publish","type":"post","link":"https:\/\/www.visit-ulcinj.com\/blog\/2009\/12\/26\/ciljeta-me-emrin-tim-sulmojne-pd\/","title":{"rendered":"\u00c7iljeta: Me emrin tim sulmojn\u00eb PD"},"content":{"rendered":"<p><strong><a href=\"http:\/\/www.visit-ulcinj.com\/blog\/wp-content\/uploads\/2009\/12\/Ciljeta-Xhilaga1.jpg\"><img loading=\"lazy\" class=\"alignleft size-full wp-image-28820\" title=\"Ciljeta Xhilaga\" src=\"http:\/\/www.visit-ulcinj.com\/blog\/wp-content\/uploads\/2009\/12\/Ciljeta-Xhilaga1.jpg\" alt=\"Ciljeta Xhilaga\" width=\"580\" height=\"400\" \/><\/a>\u00c7iljeta: Me emrin tim sulmojn\u00eb PD,Qetsori: S\u2019m\u00eb duan klanet n\u00eb at\u00eb parti<\/strong><br \/>\nNuk i ka b\u00ebr\u00eb ende 25 vje\u00e7e dhe \u00ebsht\u00eb m\u00eb e reja n\u00eb list\u00ebn e 100 fituesve n\u00eb K\u00ebshillin Komb\u00ebtar t\u00eb PD-s\u00eb. Edhe pse nuk do ta l\u00ebr\u00eb sken\u00ebn, nuk e mohon q\u00eb jeta i ka ndryshuar. N\u00eb k\u00ebt\u00eb intervist\u00eb tregon gjith\u00e7ka se si u gjend n\u00eb politik\u00eb dhe ku synon t\u00eb shkoj\u00eb. Cila \u00ebsht\u00eb njohja me Kryeministrin Berisha, komentet q\u00eb i jan\u00eb b\u00ebr\u00eb p\u00ebr ta sulmuar, nd\u00ebrsa pohon se lidhja e saj 5 vje\u00e7are e dashuris\u00eb vazhdon ende<br \/>\n\u00c7iljeta tashm\u00eb je n\u00eb list\u00ebn e 100 an\u00ebtar\u00ebve fitues t\u00eb K\u00ebshillit Komb\u00ebtar t\u00eb Partis\u00eb Demokratike. Si ndihesh?<br \/>\nNdihem e vler\u00ebsuar dhe me p\u00ebrgjegj\u00ebsi.<br \/>\nPse mendon se t\u00eb kan\u00eb votuar?<br \/>\nMua me ka kandiduar Forumi Rinor i Partis\u00eb Demokratike duke qen\u00eb se gjithmon\u00eb jam angazhuar, gjithmon\u00eb kam deklaruar bindjen time hapur p\u00ebr k\u00ebt\u00eb parti. Besoj m\u00eb kan\u00eb votuar duke menduar se p\u00ebrve\u00e7 se jam nj\u00eb demokrate me bindje t\u00eb djathta, p\u00ebrfaq\u00ebsoj dhe bukur forumin rinor t\u00eb Partis\u00eb Demokratike, por dhe p\u00ebr faktin se jam nj\u00eb personazh publik.<br \/>\nJe n\u00eb zon\u00ebn e fituesve, ku mes t\u00eb rinjve ka shum\u00eb politikan\u00eb me karrier\u00eb. Si e sheh veten mes tyre dhe cilat jan\u00eb ambiciet e v\u00ebrteta n\u00eb politik\u00eb?<br \/>\nE shoh q\u00eb jam m\u00eb e reja mes tyre dhe m\u00eb pa p\u00ebrvoj\u00eb n\u00eb k\u00ebt\u00eb fush\u00eb se ato. Edhe pse kam kryer studimet p\u00ebr shkenca politike p\u00ebrvoja \u00ebsht\u00eb ajo q\u00eb t\u00eb ndjehesh politikan, megjithat\u00eb p\u00ebr mua \u00ebsht\u00eb privilegj, q\u00eb emri im \u00ebsht\u00eb mes tyre. Kjo m\u00eb b\u00ebn t\u00eb ndjehem me p\u00ebrgjegj\u00ebsi p\u00ebr t\u00eb qen\u00eb e angazhuar denj\u00ebsisht tek kjo parti. Esht\u00eb tep\u00ebr her\u00ebt t\u00eb flas p\u00ebr ambicie, pasi ky ishte vet\u00ebm nj\u00eb hap i par\u00eb, dhe pse d\u00ebshira \u00ebsht\u00eb e madhe p\u00ebr t\u00eb vazhduar m\u00eb tej.<br \/>\nMendon realisht se rrjedha e jet\u00ebs do t\u00eb ndryshoj\u00eb, dhe sa e angazhuar do t\u00eb jesh realisht n\u00eb politik\u00ebn, po muzik\u00eb?<br \/>\nSigurisht q\u00eb di\u00e7ka do ndryshoj\u00eb. Tani q\u00eb m\u00eb kan\u00eb p\u00ebrzgjedhur n\u00eb K\u00ebshillin Komb\u00ebtar p\u00ebrgjegj\u00ebsia ime \u00ebsht\u00eb m\u00eb e madhe dhe do angazhohem seriozisht n\u00eb politik\u00eb, por muzika \u00ebsht\u00eb\u00a0 pjesa ime par\u00ebsore p\u00ebr mua, madje kjo m\u00eb inspiron t\u00eb b\u00ebj \u201chite\u201d edhe m\u00eb t\u00eb bukura q\u00eb fansat e mi t\u00eb shtohen, sigurisht edhe demokrat\u00eb t\u00eb rinj do shtohen.<br \/>\nNd\u00ebrkoh\u00eb q\u00eb pritej rezultati i votimit, n\u00eb nj\u00eb nga TV-t\u00eb u p\u00ebrdor shprehja \u201c\u00e7iljetizimi i PD-s\u00eb\u201d. Si do ta kishe komentuar k\u00ebt\u00eb shprehje?<br \/>\nMua m\u00eb vjen \u00e7udi pse nj\u00eb i ri q\u00eb hyn n\u00eb K\u00ebshillin Komb\u00ebtar duhet t\u00eb sulmohet kaq shum\u00eb, nd\u00ebrkoh\u00eb q\u00eb kan\u00eb n\u00eb dor\u00eb t\u00eb tregohen dashamir\u00ebs ndaj k\u00ebtij fakti megjithat\u00eb \u00e7do njeri ka t\u00eb drejt\u00eb t\u00eb mendoj\u00eb dhe t\u2019i p\u00ebrdor\u00eb si t\u00eb doj\u00eb. Komentet q\u00eb b\u00ebjn\u00eb p\u00ebr mua s\u2019kan\u00eb r\u00ebnd\u00ebsi shum\u00eb. P\u00ebr m\u00eb tep\u00ebr q\u00eb ato i p\u00ebrdorin p\u00ebr t\u00eb sulmuar Partin\u00eb Demokratike, dhe jo mua.<br \/>\nJeni pjes\u00eb e PD-s\u00eb, po \u00e7far\u00eb mendoni se nuk funksionon si duhet n\u00eb k\u00ebt\u00eb qeverisje q\u00eb do t\u00eb d\u00ebshironit t\u00eb ndryshonte?<br \/>\nBesoj se si n\u00eb 4-vje\u00e7arin e par\u00eb ku jan\u00eb arritur shum\u00eb gj\u00ebra\u00a0 dhe n\u00eb k\u00ebt\u00eb 4 \u2013vje\u00e7ar, ku planet dhe projektet e Kryeministrit jan\u00eb shum\u00eb t\u00eb m\u00ebdha. \u00c7do gj\u00eb po funksionon mir\u00eb p\u00ebr m\u00eb shum\u00eb un\u00eb s\u2019jam aq e informuar politikisht sa t\u00eb mund t\u00eb b\u00ebj nj\u00eb kritik\u00eb se\u00a0 cfar\u00eb nuk funksionon.<br \/>\nNj\u00eb nga diskutimet e fundit ka qen\u00eb legalizimi i martesave gay, ti je pro apo kund\u00ebr?<br \/>\n(qesh)Jam pro, nuk gjykoj ask\u00ebnd. \u00c7dokush ka t\u00eb drejt\u00eb ta b\u00ebj jet\u00ebn si do, ndaj dhe quhemi shtet demokratik, q\u00eb gjithkush \u00ebsht\u00eb i lir\u00eb t\u00eb b\u00ebj\u00eb zgjedhjen q\u00eb d\u00ebshiron.<br \/>\nI njeh femrat e tjera n\u00eb k\u00ebt\u00eb k\u00ebshill t\u00eb ri, mund t\u00eb p\u00ebrmend\u00ebsh disa emra?<br \/>\nSigurisht njoh disa prej tyre si; znj.Juela Me\u00e7ani, znj.Erla M\u00ebhilli, znj. Mesila Doda, etj.<br \/>\nDuket se Kryetari i rizgjedhur i K\u00ebshillit dhe Kryeministri Berisha t\u00eb ka p\u00ebr zem\u00ebr. Ke biseduar ndonj\u00ebher\u00eb dhe \u00e7far\u00eb ju ka th\u00ebn\u00eb?<br \/>\nJo, nuk kam biseduar asnj\u00ebher\u00eb me Kryeministrin Berisha.\u00a0 Kontakti m\u00eb i af\u00ebrt ka qen\u00eb n\u00ebp\u00ebr fusha kur kemi pasur thjesht shtr\u00ebngime duarsh. Vler\u00ebsimi q\u00eb m\u00eb ka b\u00ebr\u00eb mua m\u00eb ka frym\u00ebzuar t\u2019i hyj seriozisht dhe denj\u00ebsisht politik\u00ebs q\u00eb t\u00eb punoj shum\u00eb aq sa dhe kontributi im te jet\u00eb i dobish\u00ebm n\u00eb k\u00ebt\u00eb parti dhe ndoshta nj\u00eb dit\u00eb t\u00eb ndjehet krenar p\u00ebr mua, kur t\u00eb jem pjes\u00eb e k\u00ebsaj qeverie. P\u00ebr mua \u00ebsht\u00eb nj\u00eb njeri me zem\u00ebr t\u00eb madhe, me shpirt luftarak dhe kjo e b\u00ebn t\u00eb paarritsh\u00ebm. Kjo \u00ebsht\u00eb nj\u00eb bindje q\u00eb kam pasur dhe e kam p\u00ebrforcuar dhe m\u00eb shum\u00eb k\u00ebt\u00eb fushat\u00eb, sa her\u00eb q\u00eb e d\u00ebgjoja me kuriozitet f\u00ebmije kur fliste, dhe sa her\u00eb e kisha n\u00eb krah kur k\u00ebndonim \u201cShqip\u00ebria po ndryshon\u201d.<br \/>\nKthehemi tek muzika, skena\u2026 \u00c7far\u00eb jeni duke realizuar n\u00eb k\u00ebto momente, dhe a do t\u00eb mund t\u00eb ndryshonit stil n\u00eb muzik\u00eb tani e tutje?<br \/>\nShum\u00eb e kam ndryshuar stilin k\u00ebto vite madje dhe kjo vjen si shkak i mosh\u00ebs q\u00eb jam rritur. Stili q\u00eb kam \u00ebsht\u00eb ai q\u00eb m\u00eb ve\u00e7on nga t\u00eb tjerat. Jam duke realizuar dy k\u00ebng\u00eb t\u00eb reja me Flori Mumajesin.<br \/>\nNd\u00ebrkoh\u00eb ku keni planifikuar ta kaloni nd\u00ebrrimin e viteve, dhe \u00e7far\u00eb dhuratash ke p\u00ebrgatitur?<br \/>\nMe familjen time ende skam b\u00ebr\u00eb dhurata, do mendohem e do t\u00eb them (qesh).<br \/>\nMendoni se ky \u00ebsht\u00eb shekulli i njer\u00ebzve t\u00eb bukur, ty personalisht t\u00eb jan\u00eb hapur shum\u00eb dyer?<br \/>\nBukuria ka qen\u00eb nj\u00eb prioritet shekuj me par\u00eb, po kjo s\u2019\u00ebsht\u00eb gjith\u00e7ka. P\u00ebr t\u00eb arritur duhet pun\u00eb dhe investim, sakrific\u00eb p\u00ebr t\u2019i merituar dyert e hapura.<br \/>\nDhe nj\u00eb pyetje p\u00ebr jet\u00ebn private, n\u00eb fakt n\u00ebse do t\u2019u pyesnim p\u00ebr statusin tuaj, je \u201cin relationship\u201d apo \u201csingle\u201d?<br \/>\nMua t\u00eb shkret\u00ebs s\u2019m\u00eb l\u00ebn\u00eb \u201csingle\u201d asnj\u00ebher\u00eb(qesh). Vazhdoj t\u00eb jem in relationship prej pes\u00eb vjet\u00ebve. Tashm\u00eb ju e dini, pse pyesni kot&#8230;<\/p>\n<p>Qetsor Ferunaj &#8211; Ambicia ime \u00ebsht\u00eb an\u00ebtar\u00ebsimi n\u00eb kryesin\u00eb e PD-s\u00eb, por s\u2019m\u00eb duan<\/p>\n<p>Qetsor Ferunaj rr\u00ebfen ambiciet p\u00ebr t\u00eb hyr\u00eb n\u00eb Kryesin\u00eb e Partis\u00eb Demokratike. Fituesi \u201cBig Brother 2\u201d flet p\u00eb pengesat q\u00eb po ndesh p\u00ebr t\u00eb dep\u00ebrtuar n\u00eb strukturat e partis\u00eb n\u00eb pushtet, dhe \u00e7far\u00eb parashikon p\u00ebr spektaklin e radh\u00ebs \u201cBB3\u201d:<\/p>\n<p>\u00c7far\u00eb ka ndodhur me p\u00ebrfshirjen tuaj n\u00eb politik\u00eb, pik\u00ebrisht n\u00eb Partin\u00eb Demokratike?<br \/>\nFusha politike \u00ebsht\u00eb e koklavitur. \u00cbsht\u00eb e v\u00ebshtir\u00eb duke par\u00eb politik\u00ebn q\u00eb b\u00ebhet tek ne, ndaj m\u00eb duhet t\u00eb p\u00ebrgatitem p\u00ebr t\u00eb qen\u00eb i domosdosh\u00ebm.<br \/>\nI domosdosh\u00ebm n\u00eb \u00e7\u2019kuptim dhe nuk e dim\u00eb n\u00ebse e more tester\u00ebn e PD-s\u00eb?<br \/>\nJo, sepse nuk dua testera p\u00ebr t\u00eb qen\u00eb pjes\u00eb e k\u00ebsaj partie politike. Ambicia ime \u00ebsht\u00eb t\u00eb b\u00ebhem an\u00ebtar i Kryesis\u00eb s\u00eb PD-s\u00eb. Dhe them t\u00eb b\u00ebhem i domosdosh\u00ebm pasi mesa po shoh, ka shum\u00eb pengesa p\u00ebr t\u00eb dep\u00ebrtuar. E para konkurrenca brenda partis\u00eb \u00ebsht\u00eb e fort\u00eb dhe duhet t\u00eb jap\u00ebsh maksimumin p\u00ebr t\u2019u p\u00ebrfshir\u00eb.<br \/>\nKe njohje brenda PD-s\u00eb, po mb\u00ebshtjetje nga persona konkret\u00eb a ke?<br \/>\nNjohje kam pasi kam punuar p\u00ebr PD-n\u00eb, kam qen\u00eb aktiv n\u00eb fushata p\u00ebr vite t\u00eb t\u00ebra. Por mb\u00ebshtetje nga persona konkret\u00eb nuk kam.<br \/>\nBindjet e tua politike jan\u00eb realisht t\u00eb djathta, apo ky \u00ebsht\u00eb nj\u00eb kompromis q\u00eb b\u00ebn me veten p\u00ebr t\u00eb p\u00ebrfituar?<br \/>\n\u00cbsht\u00eb e bukur si pyetje, dhe si form\u00eb t\u00eb menduari (qesh). Por bindjet e mia t\u00eb djathta jan\u00eb t\u00eb trash\u00ebguara, q\u00eb nga gjyshi e prind\u00ebrit. Nd\u00ebrsa duke e par\u00eb si \u00e7\u00ebshtje interesi, e ndiej q\u00eb \u00ebsht\u00eb nj\u00eb faktor q\u00eb m\u00eb jep shtys\u00eb p\u00ebr t\u00eb qen\u00eb pjes\u00eb aktive e k\u00ebsaj partie. E duke qen\u00eb se PD-ja \u00ebsht\u00eb n\u00eb pushtet mbase kjo ma v\u00ebshtir\u00ebson pun\u00ebn, pasi \u00ebsht\u00eb koha p\u00ebr t\u00eb marr\u00eb nga kjo parti, dhe kur vjen puna p\u00ebr t\u00eb marr\u00eb duhet t\u00eb jap\u00ebsh shum\u00eb q\u00eb t\u00eb mar\u00ebsh pak.<br \/>\nE nis\u00ebt me PDK-n\u00eb, tani synoni me ngulm PD-n\u00eb. Deri ku e sheh veten n\u00eb politik\u00eb, \u00e7far\u00eb mund t\u00eb arrish?<br \/>\nVeten nuk \u00ebsht\u00eb se e shoh diku, por di q\u00eb jam duke ecur. E r\u00ebnd\u00ebsishme \u00ebsht\u00eb ku shkojm\u00eb, jo nga vijm\u00eb. Besoj do eci, do punoj, do studioj derisa t\u00eb mos kem \u00e7\u2019t\u00eb jap m\u00eb.<br \/>\nPse duhet t\u00eb studiosh teori politike p\u00ebr t\u00eb pasur sukses n\u00eb politik\u00eb, apo t\u00eb b\u00ebhesh pjes\u00eb e klaneve t\u00eb caktuara?<br \/>\nSot mbase jo nuk vlen studimi, por shum\u00eb shpejt do vlej\u00eb ajo q\u00eb thash\u00eb m\u00eb sip\u00ebr. E sigurisht q\u00eb duhet t\u00eb behesh pjes\u00eb e nj\u00eb klani, edhe pse dihet q\u00eb lufta \u00ebsht\u00eb m\u00eb e eg\u00ebr brenda klanit.<br \/>\nPolitika k\u00ebrkon t\u00eb jesh person sa imponues aq edhe i besuesh\u00ebm. Mendon se i ke t\u00eb dyja?<br \/>\nNuk e kam peshuar asnj\u00ebher\u00eb veten n\u00eb k\u00ebt\u00eb aspekt, di q\u00eb jam i komunikuesh\u00ebm dhe k\u00ebshtu i bie q\u00eb nuk jam as imponues as ushtar. Por gjithesi di ta b\u00ebj dhe ushtarin, dhe e b\u00ebj mir\u00eb.<br \/>\nTi kujt politikani i beson?<br \/>\nI b\u00ebsoj Sali Berish\u00ebs, dhe m\u00eb p\u00eblqen Lulzim Basha.<br \/>\nSi t\u00eb duken Sali Beridha dhe EdiRama, \u00e7far\u00eb sheh n\u00eb p\u00ebrplasjet e tyre?<br \/>\nJan\u00eb shum\u00eb t\u00eb ngjash\u00ebm, se dy t\u00eb ngjash\u00ebm shtyhen. E para i bie q\u00eb t\u00eb ken\u00eb t\u00eb p\u00ebraf\u00ebrta me nj\u00ebri-tjerin, dhe dyta q\u00eb ia njohin defektet mir\u00eb nj\u00ebri-tjetrit. N\u00eb fund t\u00eb fundit shoh at\u00eb q\u00eb shohin t\u00eb gjith\u00eb, munges\u00eb dialogu dhe dialogu i zgjidh gj\u00ebrat.<br \/>\nJeni p\u00ebr hapjen e kutive, apo kjo duhet t\u00eb konsiderohet nj\u00eb \u00e7\u00ebshtje e mbyllur?<br \/>\nMendoj q\u00eb hapja e kutive do t\u00eb rr\u00ebzonte shtetin ligjor, dhe hapja e kutive n\u00eb k\u00ebt\u00eb shtet t\u00eb ri ligjor na d\u00ebmton ne.<br \/>\nSi t\u00eb duken femrat n\u00eb politik\u00eb, sheh figura antipatike mes tyre?<br \/>\nShum\u00eb t\u00eb p\u00ebrgatitura m\u00eb duken. Un\u00eb shoh m\u00ebnyr\u00ebn se si prezantojn\u00eb idet\u00eb e partive q\u00eb p\u00ebrfaq\u00ebsojn\u00eb, dhe ky \u00ebsht\u00eb nj\u00eb hap i madh p\u00ebr femrat shqiptare. Antipatia e disa prej tyre \u00ebsht\u00eb raport personal q\u00eb nuk na d\u00ebmton ne.<br \/>\nTashm\u00eb pritet t\u00eb filloj\u00eb \u201cBig Brother 3\u201d, \u00e7far\u00eb parashikimi ke p\u00ebr spektaklin e radh\u00ebs?<br \/>\nKa mund\u00ebsi q\u00eb \u201cBB3\u201d t\u00eb mos nxjerr\u00eb dot nj\u00eb personazh si Qetsori, ta nxjerr\u00eb me m\u00eb pak fam\u00eb, ose t\u00eb mos arrij\u00eb n\u00eb nj\u00eb organizim si \u201cBB 2\u201d. Nuk e di pse kam k\u00ebt\u00eb bindje. (qesh)<br \/>\nN\u00ebse s\u2019do t\u00eb kishe qen\u00eb nj\u00eb konkurrent i martuar, me cil\u00ebn nga vajzat e BB2 do mund t\u00eb nisje nj\u00eb loj\u00eb ngacmimi?<br \/>\n(qesh) Besoj do kisha gjuajtur Moz\u00ebn.<br \/>\nJe penduar q\u00eb ke marr\u00eb pjes\u00eb n\u00eb BB 2?<br \/>\nJo absolutisht. Mund t\u00eb them q\u00eb ato emocione q\u00eb kalova atje nuk do t\u2019i gjej askund, t\u00eb pakt\u00ebn si i kam p\u00ebrjetuar un\u00eb, aq bukur dhe aq fort sa m\u00eb kan\u00eb b\u00ebr\u00eb t\u00eb reflektoj p\u00eb veten time.<br \/>\n<strong><br \/>\nGazeta Panorama<br \/>\n<\/strong><!--YouTube Error: bad URL entered--><\/p>\n","protected":false},"excerpt":{"rendered":"<p>\u00c7iljeta: Me emrin tim sulmojn\u00eb PD,Qetsori: S\u2019m\u00eb duan klanet n\u00eb at\u00eb parti Nuk i ka b\u00ebr\u00eb ende 25 vje\u00e7e dhe \u00ebsht\u00eb m\u00eb e reja n\u00eb list\u00ebn e 100 fituesve n\u00eb K\u00ebshillin Komb\u00ebtar t\u00eb PD-s\u00eb. Edhe pse nuk do ta l\u00ebr\u00eb sken\u00ebn, nuk e mohon q\u00eb jeta i ka ndryshuar. N\u00eb k\u00ebt\u00eb intervist\u00eb tregon gjith\u00e7ka se [&hellip;]<\/p>\n","protected":false},"author":1,"featured_media":0,"comment_status":"open","ping_status":"closed","sticky":false,"template":"","format":"standard","meta":{"spay_email":"","jetpack_publicize_message":"","jetpack_is_tweetstorm":false,"jetpack_publicize_feature_enabled":true},"categories":[1],"tags":[5456],"jetpack_publicize_connections":[],"yoast_head":"<!-- This site is optimized with the Yoast SEO plugin v19.1 - https:\/\/yoast.com\/wordpress\/plugins\/seo\/ -->\n<title>\u00c7iljeta: Me emrin tim sulmojn\u00eb PD - Lajme nga Ulqini<\/title>\n<meta name=\"description\" content=\"\u00c7iljeta: Me emrin tim sulmojn\u00eb PD,Qetsori: S\u2019m\u00eb duan klanet n\u00eb at\u00eb parti Nuk i ka b\u00ebr\u00eb ende 25 vje\u00e7e dhe \u00ebsht\u00eb m\u00eb e reja n\u00eb list\u00ebn e 100 fituesve n\u00eb\" \/>\n<meta name=\"robots\" content=\"index, follow, max-snippet:-1, max-image-preview:large, max-video-preview:-1\" \/>\n<link rel=\"canonical\" href=\"https:\/\/www.visit-ulcinj.com\/blog\/2009\/12\/26\/ciljeta-me-emrin-tim-sulmojne-pd\/\" \/>\n<meta property=\"og:locale\" content=\"en_US\" \/>\n<meta property=\"og:type\" content=\"article\" \/>\n<meta property=\"og:title\" content=\"\u00c7iljeta: Me emrin tim sulmojn\u00eb PD - Lajme nga Ulqini\" \/>\n<meta property=\"og:description\" content=\"\u00c7iljeta: Me emrin tim sulmojn\u00eb PD,Qetsori: S\u2019m\u00eb duan klanet n\u00eb at\u00eb parti Nuk i ka b\u00ebr\u00eb ende 25 vje\u00e7e dhe \u00ebsht\u00eb m\u00eb e reja n\u00eb list\u00ebn e 100 fituesve n\u00eb\" \/>\n<meta property=\"og:url\" content=\"https:\/\/www.visit-ulcinj.com\/blog\/2009\/12\/26\/ciljeta-me-emrin-tim-sulmojne-pd\/\" \/>\n<meta property=\"og:site_name\" content=\"Lajme nga Ulqini\" \/>\n<meta property=\"article:published_time\" content=\"2009-12-26T19:59:59+00:00\" \/>\n<meta property=\"og:image\" content=\"http:\/\/www.visit-ulcinj.com\/blog\/wp-content\/uploads\/2009\/12\/Ciljeta-Xhilaga1.jpg\" \/>\n<meta name=\"twitter:label1\" content=\"Written by\" \/>\n\t<meta name=\"twitter:data1\" content=\"ulqini\" \/>\n\t<meta name=\"twitter:label2\" content=\"Est. reading time\" \/>\n\t<meta name=\"twitter:data2\" content=\"10 minutes\" \/>\n<script type=\"application\/ld+json\" class=\"yoast-schema-graph\">{\"@context\":\"https:\/\/schema.org\",\"@graph\":[{\"@type\":\"WebSite\",\"@id\":\"https:\/\/www.visit-ulcinj.com\/blog\/#website\",\"url\":\"https:\/\/www.visit-ulcinj.com\/blog\/\",\"name\":\"Lajme nga Ulqini\",\"description\":\"Lajme,Vijesti,Ulqini,Ulqin,Crna Gora,Mali i Zi\",\"potentialAction\":[{\"@type\":\"SearchAction\",\"target\":{\"@type\":\"EntryPoint\",\"urlTemplate\":\"https:\/\/www.visit-ulcinj.com\/blog\/?s={search_term_string}\"},\"query-input\":\"required name=search_term_string\"}],\"inLanguage\":\"en-US\"},{\"@type\":\"ImageObject\",\"inLanguage\":\"en-US\",\"@id\":\"https:\/\/www.visit-ulcinj.com\/blog\/2009\/12\/26\/ciljeta-me-emrin-tim-sulmojne-pd\/#primaryimage\",\"url\":\"http:\/\/www.visit-ulcinj.com\/blog\/wp-content\/uploads\/2009\/12\/Ciljeta-Xhilaga1.jpg\",\"contentUrl\":\"http:\/\/www.visit-ulcinj.com\/blog\/wp-content\/uploads\/2009\/12\/Ciljeta-Xhilaga1.jpg\"},{\"@type\":\"WebPage\",\"@id\":\"https:\/\/www.visit-ulcinj.com\/blog\/2009\/12\/26\/ciljeta-me-emrin-tim-sulmojne-pd\/#webpage\",\"url\":\"https:\/\/www.visit-ulcinj.com\/blog\/2009\/12\/26\/ciljeta-me-emrin-tim-sulmojne-pd\/\",\"name\":\"\u00c7iljeta: Me emrin tim sulmojn\u00eb PD - Lajme nga Ulqini\",\"isPartOf\":{\"@id\":\"https:\/\/www.visit-ulcinj.com\/blog\/#website\"},\"primaryImageOfPage\":{\"@id\":\"https:\/\/www.visit-ulcinj.com\/blog\/2009\/12\/26\/ciljeta-me-emrin-tim-sulmojne-pd\/#primaryimage\"},\"datePublished\":\"2009-12-26T19:59:59+00:00\",\"dateModified\":\"2009-12-26T19:59:59+00:00\",\"author\":{\"@id\":\"https:\/\/www.visit-ulcinj.com\/blog\/#\/schema\/person\/dcab619c614d3038751c63bc2aadc06d\"},\"description\":\"\u00c7iljeta: Me emrin tim sulmojn\u00eb PD,Qetsori: S\u2019m\u00eb duan klanet n\u00eb at\u00eb parti Nuk i ka b\u00ebr\u00eb ende 25 vje\u00e7e dhe \u00ebsht\u00eb m\u00eb e reja n\u00eb list\u00ebn e 100 fituesve n\u00eb\",\"breadcrumb\":{\"@id\":\"https:\/\/www.visit-ulcinj.com\/blog\/2009\/12\/26\/ciljeta-me-emrin-tim-sulmojne-pd\/#breadcrumb\"},\"inLanguage\":\"en-US\",\"potentialAction\":[{\"@type\":\"ReadAction\",\"target\":[\"https:\/\/www.visit-ulcinj.com\/blog\/2009\/12\/26\/ciljeta-me-emrin-tim-sulmojne-pd\/\"]}]},{\"@type\":\"BreadcrumbList\",\"@id\":\"https:\/\/www.visit-ulcinj.com\/blog\/2009\/12\/26\/ciljeta-me-emrin-tim-sulmojne-pd\/#breadcrumb\",\"itemListElement\":[{\"@type\":\"ListItem\",\"position\":1,\"name\":\"\u00c7iljeta: Me emrin tim sulmojn\u00eb PD\"}]},{\"@type\":\"Person\",\"@id\":\"https:\/\/www.visit-ulcinj.com\/blog\/#\/schema\/person\/dcab619c614d3038751c63bc2aadc06d\",\"name\":\"ulqini\",\"sameAs\":[\"http:\/\/www.visit-ulcinj.com\"],\"url\":\"https:\/\/www.visit-ulcinj.com\/blog\/author\/admin\/\"}]}<\/script>\n<!-- \/ Yoast SEO plugin. -->","yoast_head_json":{"title":"\u00c7iljeta: Me emrin tim sulmojn\u00eb PD - Lajme nga Ulqini","description":"\u00c7iljeta: Me emrin tim sulmojn\u00eb PD,Qetsori: S\u2019m\u00eb duan klanet n\u00eb at\u00eb parti Nuk i ka b\u00ebr\u00eb ende 25 vje\u00e7e dhe \u00ebsht\u00eb m\u00eb e reja n\u00eb list\u00ebn e 100 fituesve n\u00eb","robots":{"index":"index","follow":"follow","max-snippet":"max-snippet:-1","max-image-preview":"max-image-preview:large","max-video-preview":"max-video-preview:-1"},"canonical":"https:\/\/www.visit-ulcinj.com\/blog\/2009\/12\/26\/ciljeta-me-emrin-tim-sulmojne-pd\/","og_locale":"en_US","og_type":"article","og_title":"\u00c7iljeta: Me emrin tim sulmojn\u00eb PD - Lajme nga Ulqini","og_description":"\u00c7iljeta: Me emrin tim sulmojn\u00eb PD,Qetsori: S\u2019m\u00eb duan klanet n\u00eb at\u00eb parti Nuk i ka b\u00ebr\u00eb ende 25 vje\u00e7e dhe \u00ebsht\u00eb m\u00eb e reja n\u00eb list\u00ebn e 100 fituesve n\u00eb","og_url":"https:\/\/www.visit-ulcinj.com\/blog\/2009\/12\/26\/ciljeta-me-emrin-tim-sulmojne-pd\/","og_site_name":"Lajme nga Ulqini","article_published_time":"2009-12-26T19:59:59+00:00","og_image":[{"url":"http:\/\/www.visit-ulcinj.com\/blog\/wp-content\/uploads\/2009\/12\/Ciljeta-Xhilaga1.jpg"}],"twitter_misc":{"Written by":"ulqini","Est. reading time":"10 minutes"},"schema":{"@context":"https:\/\/schema.org","@graph":[{"@type":"WebSite","@id":"https:\/\/www.visit-ulcinj.com\/blog\/#website","url":"https:\/\/www.visit-ulcinj.com\/blog\/","name":"Lajme nga Ulqini","description":"Lajme,Vijesti,Ulqini,Ulqin,Crna Gora,Mali i Zi","potentialAction":[{"@type":"SearchAction","target":{"@type":"EntryPoint","urlTemplate":"https:\/\/www.visit-ulcinj.com\/blog\/?s={search_term_string}"},"query-input":"required name=search_term_string"}],"inLanguage":"en-US"},{"@type":"ImageObject","inLanguage":"en-US","@id":"https:\/\/www.visit-ulcinj.com\/blog\/2009\/12\/26\/ciljeta-me-emrin-tim-sulmojne-pd\/#primaryimage","url":"http:\/\/www.visit-ulcinj.com\/blog\/wp-content\/uploads\/2009\/12\/Ciljeta-Xhilaga1.jpg","contentUrl":"http:\/\/www.visit-ulcinj.com\/blog\/wp-content\/uploads\/2009\/12\/Ciljeta-Xhilaga1.jpg"},{"@type":"WebPage","@id":"https:\/\/www.visit-ulcinj.com\/blog\/2009\/12\/26\/ciljeta-me-emrin-tim-sulmojne-pd\/#webpage","url":"https:\/\/www.visit-ulcinj.com\/blog\/2009\/12\/26\/ciljeta-me-emrin-tim-sulmojne-pd\/","name":"\u00c7iljeta: Me emrin tim sulmojn\u00eb PD - Lajme nga Ulqini","isPartOf":{"@id":"https:\/\/www.visit-ulcinj.com\/blog\/#website"},"primaryImageOfPage":{"@id":"https:\/\/www.visit-ulcinj.com\/blog\/2009\/12\/26\/ciljeta-me-emrin-tim-sulmojne-pd\/#primaryimage"},"datePublished":"2009-12-26T19:59:59+00:00","dateModified":"2009-12-26T19:59:59+00:00","author":{"@id":"https:\/\/www.visit-ulcinj.com\/blog\/#\/schema\/person\/dcab619c614d3038751c63bc2aadc06d"},"description":"\u00c7iljeta: Me emrin tim sulmojn\u00eb PD,Qetsori: S\u2019m\u00eb duan klanet n\u00eb at\u00eb parti Nuk i ka b\u00ebr\u00eb ende 25 vje\u00e7e dhe \u00ebsht\u00eb m\u00eb e reja n\u00eb list\u00ebn e 100 fituesve n\u00eb","breadcrumb":{"@id":"https:\/\/www.visit-ulcinj.com\/blog\/2009\/12\/26\/ciljeta-me-emrin-tim-sulmojne-pd\/#breadcrumb"},"inLanguage":"en-US","potentialAction":[{"@type":"ReadAction","target":["https:\/\/www.visit-ulcinj.com\/blog\/2009\/12\/26\/ciljeta-me-emrin-tim-sulmojne-pd\/"]}]},{"@type":"BreadcrumbList","@id":"https:\/\/www.visit-ulcinj.com\/blog\/2009\/12\/26\/ciljeta-me-emrin-tim-sulmojne-pd\/#breadcrumb","itemListElement":[{"@type":"ListItem","position":1,"name":"\u00c7iljeta: Me emrin tim sulmojn\u00eb PD"}]},{"@type":"Person","@id":"https:\/\/www.visit-ulcinj.com\/blog\/#\/schema\/person\/dcab619c614d3038751c63bc2aadc06d","name":"ulqini","sameAs":["http:\/\/www.visit-ulcinj.com"],"url":"https:\/\/www.visit-ulcinj.com\/blog\/author\/admin\/"}]}},"jetpack_featured_media_url":"","jetpack_sharing_enabled":true,"jetpack_shortlink":"https:\/\/wp.me\/pe6lTn-7uP","_links":{"self":[{"href":"https:\/\/www.visit-ulcinj.com\/blog\/wp-json\/wp\/v2\/posts\/28819"}],"collection":[{"href":"https:\/\/www.visit-ulcinj.com\/blog\/wp-json\/wp\/v2\/posts"}],"about":[{"href":"https:\/\/www.visit-ulcinj.com\/blog\/wp-json\/wp\/v2\/types\/post"}],"author":[{"embeddable":true,"href":"https:\/\/www.visit-ulcinj.com\/blog\/wp-json\/wp\/v2\/users\/1"}],"replies":[{"embeddable":true,"href":"https:\/\/www.visit-ulcinj.com\/blog\/wp-json\/wp\/v2\/comments?post=28819"}],"version-history":[{"count":0,"href":"https:\/\/www.visit-ulcinj.com\/blog\/wp-json\/wp\/v2\/posts\/28819\/revisions"}],"wp:attachment":[{"href":"https:\/\/www.visit-ulcinj.com\/blog\/wp-json\/wp\/v2\/media?parent=28819"}],"wp:term":[{"taxonomy":"category","embeddable":true,"href":"https:\/\/www.visit-ulcinj.com\/blog\/wp-json\/wp\/v2\/categories?post=28819"},{"taxonomy":"post_tag","embeddable":true,"href":"https:\/\/www.visit-ulcinj.com\/blog\/wp-json\/wp\/v2\/tags?post=28819"}],"curies":[{"name":"wp","href":"https:\/\/api.w.org\/{rel}","templated":true}]}}