{"id":2885,"date":"2008-09-01T12:41:59","date_gmt":"2008-09-01T17:41:59","guid":{"rendered":"http:\/\/www.visit-ulcinj.com\/blog\/?p=2885"},"modified":"2008-10-31T19:10:00","modified_gmt":"2008-11-01T00:10:00","slug":"ulcinjska-kopakabana-ove-sezone-bila-organizator-i-domacin-brojnih-manifestacija","status":"publish","type":"post","link":"https:\/\/www.visit-ulcinj.com\/blog\/2008\/09\/01\/ulcinjska-kopakabana-ove-sezone-bila-organizator-i-domacin-brojnih-manifestacija\/","title":{"rendered":"Ulcinjska Kopakabana ove sezone bila organizator i doma?in brojnih manifestacija"},"content":{"rendered":"<p><a href=\"http:\/\/www.visit-ulcinj.com\/blog\/wp-content\/uploads\/2008\/08\/prelja-skrelja.jpg\"><img loading=\"lazy\" class=\"size-medium wp-image-2541 alignleft\" title=\"prelja-skrelja\" src=\"http:\/\/www.visit-ulcinj.com\/blog\/wp-content\/uploads\/2008\/08\/prelja-skrelja-300x254.jpg\" alt=\"Prelja \u0160krelja-Menad\u017eer i Vlasnik &quot;Kopakabane&quot;. \" width=\"300\" height=\"254\" srcset=\"https:\/\/www.visit-ulcinj.com\/blog\/wp-content\/uploads\/2008\/08\/prelja-skrelja-300x254.jpg 300w, https:\/\/www.visit-ulcinj.com\/blog\/wp-content\/uploads\/2008\/08\/prelja-skrelja.jpg 416w\" sizes=\"(max-width: 300px) 100vw, 300px\" \/><\/a><strong>Samo da gost bude zadovoljan<\/strong><br \/>\nUlcinj &#8211; Nije turizam puko izdavanje le\u017ealjki, suncobrana i po malo ove ljepote koju nam je Bog darovao. Svakom gostu je potrebno da mu no?ni \u017eivot u?inite zabavnim a cjelodnevni boravak na pla\u017ei zanimljivim. Zato je turizam i izlo\u017eba slika, koncert, sportsko nadmetanje ili izbor najljep\u0161e djevojke. Sve je to ove godine imala Kopakabana &#8211; ka\u017ee zakupac najpoznatijeg ulcinjskog kupali\u0161ta Prelja \u0160krelja. On tvrdi da je ne ra?unaju?i tradicionalni Sajam knjiga i Ljetnju scenu, te pojedine koncerte proslavljenih muzi?ara sa prostora eks Jugoslavije u Starom gradu, Kopakabana ove sezone bila centar kulturno-umjetni?kih i zabavnih de\u0161avanja.<br \/>\n&#8211; Imali smo 9 manifestacija uz svakodnevne i redovne aktivnosti na pla\u017ei kao \u0161to su sportska takmi?enja na pijesku i vodi. Bilo je za svakoga pone\u0161to, jer smo mislili na mladi nara\u0161taj, ali i na starije generacije. Gosta treba zabaviti, oraspolo\u017eiti, animirati i pokazati da se na ovoj pla\u017ei i u ovom gradu de\u0161avaju mnoge lijepe i nove stvari i to je ono na ?emu ?e kompanija \u201cHolegro\u201d, na ?ijem sam ?elu, istrajati svih narednih godina uvjerena da je na pravom putu &#8211; ka\u017ee \u0160krelja.<br \/>\nSezona na Kopakabani po?ela je ve? u aprilu organizovanim dolaskom nekoliko grupa turista iz Austrije, \u0161to se pokazalo kao pun pogodak.<a href=\"http:\/\/www.visit-ulcinj.com\/blog\/wp-content\/uploads\/2008\/03\/g_2006_08_006774.jpg\"><img loading=\"lazy\" class=\"alignright size-thumbnail wp-image-844\" title=\"Copakabana beach ulcinj(2)\" src=\"http:\/\/www.visit-ulcinj.com\/blog\/wp-content\/uploads\/2008\/03\/g_2006_08_006774.thumbnail.jpg\" alt=\"\" width=\"200\" height=\"133\" \/><\/a><br \/>\n&#8211; Tamo\u0161nji mediji prenijeli su njihove impresije ulcinjskim ljepotama i Kopakabanom. To se pozitivno reflektovalo na sezonu jer smo na Kopakabani imali ve?i broj turista iz te zemlje nego svih ranijih godina &#8211; ka\u017ee \u0160krelja. Uslijedila je proslava Prvog maja i Prvomajskog uranka, prva u Ulcinju i Crnoj Gori poslije du\u017eeg perioda. Izme?u 12 i 15 hiljada gostiju iz svih krajeva Crne Gore u\u017eivalo je tog dana na Kopakabani gdje je uz bogat kluturni i zabavno-umjetni?ki program prire?ena i degustacija ?uvenih ulcinjskih specijaliteta. Vrhunac je bio koncert Kolonije, jednog od najpopularnijih muzi?kih sastava na Balkanu.<br \/>\n&#8211; I to se pokazalo kao pravi potez jer je dosta mladih ljudi, koji su tog dana do\u0161li zbog Kolonije, prvi put bilo u Ulicnju i na Velikoj pla\u017ei. Odu\u0161evljeni onim \u0161to su vidjeli, tokom jula i avgusta ponovili su posjetu Kopakabani i Ulcinju i vjerujem da ?e do?i i naredne sezone &#8211; ocijenio je \u0160krelja.<br \/>\nU jubilarnoj desetoj godini postojanja Holegra, na Kopkabani je odr\u017ean tradicionalni izbor za mis te pla\u017ee, peti po redu.<br \/>\n&#8211; Bili smo uspje\u0161ni doma?ini i kvalifikacionog izbora za mis Balkana, na kome je trijumfovala mis Kopakabane. Vjerujem da ?e Holegro biti doma?in i finalnog izbora za Crnu Goru &#8211; najavio je \u0160krelja.<br \/>\nKao na filmskoj traci, na Kopakabani su se potom re?ale manifestacije &#8211; dani ekologije, turizma i kulture i Ve?e dijaspore, dje?ji koncert \u201cDjeca pjevaju djeci\u201d, izlo\u017ebe rijetkih drvenih skulptura i slika na temu \u201cPriroda Crne Gore\u201d i Ve?e KUD- ova iz Crne Gore i okru\u017eenja. \u0160krelja je uvjeren da se samo tako sti\u017ee do vrhunskog turizma i elitnih gostiju.<br \/>\n&#8211; Ove sezone imali smo mnogo vi\u0161e gostiju iz unutra\u0161nosti Crne Gore, zatim Bosne, Austije, Poljske, Rusije i dijasopre. Vi\u0161e ne zavisimo od jednog tr\u017ei\u0161ta i to je put ka elitnom turizmu. Naravno, Ulcinj za sada nema uslove za to jer nema hotela sa 4 ili 5 zvjezdica. Ali, ima?emo ih za 4 do 5 godina i tada ?emo bez sumnje, biti lideri i nosioci sveukupnog razvoja turizma Crne Gore &#8211; kazao je \u0160krelja.<\/p>\n<div id=\"attachment_2886\" style=\"width: 155px\" class=\"wp-caption alignleft\"><a href=\"http:\/\/www.visit-ulcinj.com\/blog\/wp-content\/uploads\/2008\/09\/prelja-skrelja.jpg\"><img aria-describedby=\"caption-attachment-2886\" loading=\"lazy\" class=\"size-thumbnail wp-image-2886\" title=\"prelja-skrelja\" src=\"http:\/\/www.visit-ulcinj.com\/blog\/wp-content\/uploads\/2008\/09\/prelja-skrelja-150x150.jpg\" alt=\"Prelja \u0160krelja\" width=\"145\" height=\"91\" \/><\/a><p id=\"caption-attachment-2886\" class=\"wp-caption-text\">Prelja \u0160krelja<\/p><\/div>\n<p><strong>\u0160tima, ali para manje ima<\/strong><br \/>\nSve \u0161tima samo para manje ima &#8211; \u0161aljivo je kazao \u0160krelja govore?i o sezoni. Prema njegovoj procjeni, u odnosu na lani gostiju je bilo manje za skoro 30 odsto.<br \/>\n&#8211; To se refletovalo i na finansijski rezultat uprkos tome \u0161to smo ove godine imali kvalitetnijeg gosta &#8211; kazao je \u0160krelja.<br \/>\n<strong>S.ADROVI?<br \/>\nIzvor \/ Vijesti<\/strong><\/p>\n<p><!--YouTube Error: bad URL entered--><br \/>\n<a class=\"aligncenter\" title=\"???? ????,?????,Ulcinj,Montenegru,??????????,\u00c7ernoqoriya,???????????,Montenegiro,?ern\u00e1 Hora,??????????,Cz\u00f4rnog\u00f3ra,Cz\u00f4rn\u00f4 G\u00f3ra,Carna G\u00f3ra,T\u0161ernogooria,\u00c7ernogoriya,Montain\u00e9agr\u00f3,Montenegwo,?orna Hora,Montenegr\u00f3,M?ntenigro,Chernogoriya ,\u00c7\u00earnogor\u00ee ,?????????,????????? ,??????? ,Montes Nigrae,Mons Niger,M\u00f4ntenegr\u00f4,Muntenegru,??????????,Czarnog\u00f3ra,Muntinigru,Muntenegro,&lt;br &gt;&lt;\/a&gt; Muntenegru,\t?ierna Hora,Cxerngora,????????,?rna gora,Moontineegro,?ornog?ra,\u00c7ernogori\u00fda,Chernogoriya,Mont\u00f5negro,????? ???? ,?r?na Gora,?r?nogorije,?ernogorija,?arnahoryja,??????????,???????????????????? ,?ern?g?riy\u00e2,M?nt?n??r?,????? ?????? ,?????????,??????????,???????????,M?nten?gro,???? ????? ,????????,M\u00f4ntenegr\u00f4,????????????,???????????,????????????, ??????????? ,????????????,??????????? ,??\/?? ,??????,????? ,Muntenegru, ????? ????, Montenegr\u00f3,chambres \u00e0 louer \u00e0 ulcinj, location de vacance, location saisonni\u00e8res, louer villa,location de vacance, Locations vacance, h\u00e9bergements vacances, locations villa, logements de vacances, location maison avec piscine, Location vacance, locations de vacance, h\u00e9bergements de vacances, location villa, locations entre particulier, logements vacance, vacances \u00e0 Mont\u00e9n\u00e9gro - location \u00e0 Ulcinj ,location  de bigorre,Urlaub in Ulcinj -Montenegro,Hotelbewertungen Ulcinj,Reisen Ulcinj, Urlaub Ulcinj,Hotel in Serbien und Montenegro von Urlaubern bewertet,Billig Urlaub in Ulcinj,ferienh\u00e4user,ferienwohnung,Billige Ferienh\u00e4user,Ferienwohnung ULCINJ,Ferien an der Adria,Urlaub im Ferienhaus ulcinjBilligreisen Ulcinj,Pauschalreisen,FKK Strand Ada Bojana ulcinj,Last Minute Angebote ulcinj,Preise f\u00fcr Lastminute,Kleinanzeigen gratis,Ausflug nach Ulcinj,FKK-Reisen ada bojana,FKK-Urlaub ulcinj,Privatni smje\u0161taj,rezervacija smje\u0161taja,apartmani,sobe,ku?e,odmor,sobe za odmor ulcinj,Pretra\u017eivanje privatnog smje\u0161taja,rooms rent accommodation ulcinj, rentail private accommodation ulcinj,\u017delite rezervirati privatni smje\u0161taj,Private accommodation,Smje\u0161taj ulcinj,Pushime Verore ulqin,pushime t\u00eb lira n\u00eb ulqin,Pushime ne plazh,Pushime te kendshme,dhoma per pushime ulqin,dhoma me qera ulqin,dhoma te lira ulqin,pushime te lira ulqin,mali i zi,kosova,maqedoni,shqiperi,Pushime ne det te ulqinit,godi\u0161nji odmor u ulcinj,odmor u ulcinj,Ku?a za odmor,kuda na odmor,ljetovanje u ulcinj,slobodne sobe,dhoma te lira,ku?a uz more,turisti?ka ponuda,odmor i zabava,povolne cene,sobe,usluge,Mjesto za Va\u0161 odmor , Place for Your holiday,Odmor portal,putovanaja,Iznajmljivanje soba ulcinj,odmor ulcinj info,Va\u0161e mjesto za odmor ulcinj,nudisticka plaza ada bojana,smjestaj ponuda ulcinj,lokacioni i dhomave ulqin,deti,plazhet e bukura,diskoteka,zbavitja,.\" href=\"http:\/\/www.visit-ulcinj.com\/tourism\/\" target=\"_blank\"><img loading=\"lazy\" style=\"float: right;\" src=\"http:\/\/www.visit-ulcinj.com\/blog\/wp-content\/uploads\/2008\/06\/holiday-rental-ulcinj-ulqini_ulqin_logo.gif\" alt=\"Apatin,  Aran?elovac,  ?uprija,  ?a?ak,  ?apljina,  ?itluk,  \u0160abac,  \u0160ipovo,  \u0160iroki Brijeg,  \u017dep?e,  \u017divinice,  Ba?ka Palanka,  Banja Luka,  Banovi?i,  Be?ej,  beograd,  Biha?,  Bijeljina,  Bor,  Bor?a,  Bosanska Gradi\u0161ka,  Bosanska Krupa,  Bosanski \u0160amac,  Bosanski Brod,  Bosanski Novi,  Br?ko,  Bu\u017eim,  Bugojno,  Cazin,  Crna Gora,  Derventa,  Doboj,  Donji Vakuf,  Drvar,  Dubrovnik,  Fo?a,  Fojnica,  Glamo?,  Gora\u017ede,  Gornji Milanovac,  Gornji Vakuf,  gostivar,  Gra?anica,  Grada?ac,  Gradiska,  Grahovo,  Had\u017ei?i,  Ilid\u017ea,  In?ija,  Jablanica,  Jagodina,  Jajce,  Kakanj,  Kalu?erica,  Kikinda,  Klju?,  Konjic,  Kotor Varo\u0161,  Kragujevac,  Kraljevo,  Kru\u0161evac,  Kula,  Kupres,  Lakta\u0161i,  Lazarevac,  Leskovac,  Livno,  Ljubinje,  ljublana,  Ljubu\u0161ki,  Loznica,  Lukavac,  Maglaj,  Mladenovac,  Modri?a,  montenegro erlajnz,  mostar,  Mrkonji? Grad,  Neum,  Ni\u0161,  Novi Pazar,  Novi Sad,  Novi Travnik,  Obrenovac,  Od\u017eak,  ohrid,  Ora\u0161je,  Pale,  Pan?evo,  Para?in,  Pirot,  Po\u017earevac,  Podgorica,  Priboj,  Prijedor,  Prokuplje,  Prozor,  pula,  rijeka,  Ruma,  Sanski Most,  Sarajevo,  Senta,  serbija,  sibenik,  skopje,  Smederevo,  Smederevska Palanka,  Sokolac,  Sombor,  split,  Srebrenica,  Srebrenik,  Sremska Mitrovica,  Stolac,  Struga,  Subotica,  Temerin,  Tesli?,  tetovo,  Travnik,  Trebinje,  tuzla,  U\u017eice,  ulcinj,  Valjevo,  Velika Kladu\u0161a,  Vi\u0161egrad,  Visoko,  Vitez,  Vogo\u0161?a,  vojvodina,  Vranje,  Vr\u0161ac,  Vrbas,  zadar,  Zagreb,  Zaje?ar,  Zavidovi?i,  Zenica,  Zrenjanin,  Zvornik,copacabana ulcinj,  h\u00f4tels,  hotel ulqin,  Kosova,  Mali i Zi,  Maqedonija,  Montenegro,  montenegro tourisme plage,  montenegro ulcinj,  Shpallje Falas,  Shpallje Falas per shitjen e shtepis se juaj,  Shpallje Falas per villat e juaj,  Shpallje Falas Real Estate,  Shpallje Falas turistike,  shqiperija,  tourisme,  Ulci?,  ulcinj,  ulqin,  ulqin hotel,  ulqini,  ulqini 2007,Ada Bojana,  Alba?czyk,  Cita di Dolcino,  Copacabana,  Czarnog\u00f3ra,  Czarnog\u00f3rzec,  Don Kichota,  Ma?a Pla?a,  Mandra,  MIGUEL DE SERVANTES,  p\u00f3?wyspy Marjan,  Pla?a Valdanos,  Rzeka Bojana,  Shas \/ \u0160as \/ Sva?,  Ulci?,  Ulcinjsk? Riwier?,  Wielka Pla?a,  Wyspa Bojana,GORA,??????????,???????,??????????, ?ern\u00e1 Hora,TO ULCINJ \/ ULQIN,MONTENEGRO, Czarnog\u00f3ra, Muntenegru, ????? ????, Montenegr\u00f3,villa \u00e0 louer \u00e0 ulcinj, location de vacance, location saisonni\u00e8res, louer chambres,location de vacance, Locations vacance, h\u00e9bergements vacances, locations villa, logements de vacances, location maison avec piscine, Location vacance, locations de vacance, h\u00e9bergements de vacances, location, locations entre particulier, logements vacance, vacances \u00e0 Mont\u00e9n\u00e9gro - location \u00e0 Ulcinj ,location  de bigorre,Albaniku,  Artana,  Bujanoci,  Burimi,  Dardana,  Dardan\u00eb,  De\u00e7an,  Dibra,  Drenas,  Drenasi,  Ferizaj,  Ferizaji,  Fush\u00eb Kosova,  Fush\u00eb Kosov\u00eb,  Gjakova,  Gjakov\u00eb,  Gjilan,  Gjilani,  Gostivari,  Istog,  Istog\u00b7,  Ka\u00e7anik,  Ka\u00e7aniku,  Kastrioti,  K\u00ebr\u00e7ova,  Klina,  Klin\u00eb,  Kumanova,  Leposaviq,  Leskovci,  Likova,  Lipjan,  Lipjani,  Malisheva,  Malishev\u00eb,  Manastiri,  Medvegja,  Mitrovica,  Mitrovic\u00eb,  Novob\u00ebrd\u00eb,  Obiliq\u00b7 Rahovec,  Ohri,  Peja,  Pej\u00eb,  Podujeva,  Podujev\u00eb,  Presheva,  Prishtina,  Prishtin\u00eb,  Prizren,  Prizreni,  Rahoveci,  Sharri,  Sharri (Kosov\u00eb),  Shkupi,  Sht\u00ebrpca,  Sht\u00ebrpc\u00eb,  Shtime,  Sk\u00ebnderaj,  Struga,  Tetova,  Theranda,  Therand\u00eb,  Triumf Riza,  Veleshta,  Viti,  Vitia,  Vushtrri,  Vushtrria,  Zubin Potok,  Zubin Potoku,  Zve\u00e7an,  Zve\u00e7ani,Struga,Gostivari,Gostivar,Ker\u00e7ova,Tirana,Durr\u00ebsi,Elbasani,Shkodra,Tuzi,Vlora, Kor\u00e7a,Fieri,Berati,Lushnja ,Kavaja,Pogradeci,La\u00e7i,Gjirokastra,Patosi,Kruja,Ku\u00e7ova,Kuk\u00ebsi,Lezha,Saranda,Peshkopia,Burreli,C\u00ebrriku,\u00c7orovoda,Shijaku,Librazhdi,Tepelena,Gramshi,Poli\u00e7ani,Bulqiza,P\u00ebrmeti,Fush\u00ebKruja,Kamza,Rr\u00ebsheni,Ballshi,Mamurrasi,BajramCurri,Erseka,Peqini,Divjaka,Selenica,Bilishti,Roskoveci,Puka,Memaliaj,Rrogozhina,Ura Vajgurore,Himara,Delvina,Vora,Kopliku,Maliqi,P\u00ebrrenjasi,Kruma, Libohova,Orikumi,Fush\u00eb-Arr\u00ebza,Sh\u00ebngjini,Rubiku,Miloti, Leskoviku,Konispoli,K\u00eblcyra,Krasta,K\u00ebrraba,Manastiri,Hara\u00e7ina,Likova,Prilepi,Zajazi,Vrap\u00e7ishti,Bogovin\u00eb,Mavrov\u00eb,Rostush\u00eb,Zhupa,Studeni\u00e7ani,Tearc\u00eb, Brevinc\u00eb,Manastiri,\u00e7amerija,\u00e7ame,sanxhak.novi pazar,tutin,\" width=\"510\" height=\"145\" \/><\/a><\/p>\n","protected":false},"excerpt":{"rendered":"<p><img loading=\"lazy\" class=\"size-medium wp-image-2541 alignleft\" title=\"prelja-skrelja\" src=\"http:\/\/www.visit-ulcinj.com\/blog\/wp-content\/uploads\/2008\/08\/prelja-skrelja-300x254.jpg\" alt=\"Prelja \u0160krelja-Menad\u017eer i Vlasnik &quot;Kopakabane&quot;. \" width=\"140\" height=\"140\" \/><\/p>\n","protected":false},"author":1,"featured_media":0,"comment_status":"open","ping_status":"closed","sticky":false,"template":"","format":"standard","meta":{"spay_email":"","jetpack_publicize_message":"","jetpack_is_tweetstorm":false,"jetpack_publicize_feature_enabled":true},"categories":[12,15],"tags":[2937,4456],"jetpack_publicize_connections":[],"yoast_head":"<!-- This site is optimized with the Yoast SEO plugin v19.1 - https:\/\/yoast.com\/wordpress\/plugins\/seo\/ -->\n<title>Ulcinjska Kopakabana ove sezone bila organizator i doma?in brojnih manifestacija - Lajme nga Ulqini<\/title>\n<meta name=\"robots\" content=\"index, follow, max-snippet:-1, max-image-preview:large, max-video-preview:-1\" \/>\n<link rel=\"canonical\" href=\"https:\/\/www.visit-ulcinj.com\/blog\/2008\/09\/01\/ulcinjska-kopakabana-ove-sezone-bila-organizator-i-domacin-brojnih-manifestacija\/\" \/>\n<meta property=\"og:locale\" content=\"en_US\" \/>\n<meta property=\"og:type\" content=\"article\" \/>\n<meta property=\"og:title\" content=\"Ulcinjska Kopakabana ove sezone bila organizator i doma?in brojnih manifestacija - Lajme nga Ulqini\" \/>\n<meta property=\"og:url\" content=\"https:\/\/www.visit-ulcinj.com\/blog\/2008\/09\/01\/ulcinjska-kopakabana-ove-sezone-bila-organizator-i-domacin-brojnih-manifestacija\/\" \/>\n<meta property=\"og:site_name\" content=\"Lajme nga Ulqini\" \/>\n<meta property=\"article:published_time\" content=\"2008-09-01T17:41:59+00:00\" \/>\n<meta property=\"article:modified_time\" content=\"2008-11-01T00:10:00+00:00\" \/>\n<meta property=\"og:image\" content=\"http:\/\/www.visit-ulcinj.com\/blog\/wp-content\/uploads\/2008\/08\/prelja-skrelja-300x254.jpg\" \/>\n<meta name=\"twitter:label1\" content=\"Written by\" \/>\n\t<meta name=\"twitter:data1\" content=\"ulqini\" \/>\n\t<meta name=\"twitter:label2\" content=\"Est. reading time\" \/>\n\t<meta name=\"twitter:data2\" content=\"3 minutes\" \/>\n<script type=\"application\/ld+json\" class=\"yoast-schema-graph\">{\"@context\":\"https:\/\/schema.org\",\"@graph\":[{\"@type\":\"WebSite\",\"@id\":\"https:\/\/www.visit-ulcinj.com\/blog\/#website\",\"url\":\"https:\/\/www.visit-ulcinj.com\/blog\/\",\"name\":\"Lajme nga Ulqini\",\"description\":\"Lajme,Vijesti,Ulqini,Ulqin,Crna Gora,Mali i Zi\",\"potentialAction\":[{\"@type\":\"SearchAction\",\"target\":{\"@type\":\"EntryPoint\",\"urlTemplate\":\"https:\/\/www.visit-ulcinj.com\/blog\/?s={search_term_string}\"},\"query-input\":\"required name=search_term_string\"}],\"inLanguage\":\"en-US\"},{\"@type\":\"ImageObject\",\"inLanguage\":\"en-US\",\"@id\":\"https:\/\/www.visit-ulcinj.com\/blog\/2008\/09\/01\/ulcinjska-kopakabana-ove-sezone-bila-organizator-i-domacin-brojnih-manifestacija\/#primaryimage\",\"url\":\"http:\/\/www.visit-ulcinj.com\/blog\/wp-content\/uploads\/2008\/08\/prelja-skrelja-300x254.jpg\",\"contentUrl\":\"http:\/\/www.visit-ulcinj.com\/blog\/wp-content\/uploads\/2008\/08\/prelja-skrelja-300x254.jpg\"},{\"@type\":\"WebPage\",\"@id\":\"https:\/\/www.visit-ulcinj.com\/blog\/2008\/09\/01\/ulcinjska-kopakabana-ove-sezone-bila-organizator-i-domacin-brojnih-manifestacija\/#webpage\",\"url\":\"https:\/\/www.visit-ulcinj.com\/blog\/2008\/09\/01\/ulcinjska-kopakabana-ove-sezone-bila-organizator-i-domacin-brojnih-manifestacija\/\",\"name\":\"Ulcinjska Kopakabana ove sezone bila organizator i doma?in brojnih manifestacija - Lajme nga Ulqini\",\"isPartOf\":{\"@id\":\"https:\/\/www.visit-ulcinj.com\/blog\/#website\"},\"primaryImageOfPage\":{\"@id\":\"https:\/\/www.visit-ulcinj.com\/blog\/2008\/09\/01\/ulcinjska-kopakabana-ove-sezone-bila-organizator-i-domacin-brojnih-manifestacija\/#primaryimage\"},\"datePublished\":\"2008-09-01T17:41:59+00:00\",\"dateModified\":\"2008-11-01T00:10:00+00:00\",\"author\":{\"@id\":\"https:\/\/www.visit-ulcinj.com\/blog\/#\/schema\/person\/dcab619c614d3038751c63bc2aadc06d\"},\"breadcrumb\":{\"@id\":\"https:\/\/www.visit-ulcinj.com\/blog\/2008\/09\/01\/ulcinjska-kopakabana-ove-sezone-bila-organizator-i-domacin-brojnih-manifestacija\/#breadcrumb\"},\"inLanguage\":\"en-US\",\"potentialAction\":[{\"@type\":\"ReadAction\",\"target\":[\"https:\/\/www.visit-ulcinj.com\/blog\/2008\/09\/01\/ulcinjska-kopakabana-ove-sezone-bila-organizator-i-domacin-brojnih-manifestacija\/\"]}]},{\"@type\":\"BreadcrumbList\",\"@id\":\"https:\/\/www.visit-ulcinj.com\/blog\/2008\/09\/01\/ulcinjska-kopakabana-ove-sezone-bila-organizator-i-domacin-brojnih-manifestacija\/#breadcrumb\",\"itemListElement\":[{\"@type\":\"ListItem\",\"position\":1,\"name\":\"Ulcinjska Kopakabana ove sezone bila organizator i doma?in brojnih manifestacija\"}]},{\"@type\":\"Person\",\"@id\":\"https:\/\/www.visit-ulcinj.com\/blog\/#\/schema\/person\/dcab619c614d3038751c63bc2aadc06d\",\"name\":\"ulqini\",\"sameAs\":[\"http:\/\/www.visit-ulcinj.com\"],\"url\":\"https:\/\/www.visit-ulcinj.com\/blog\/author\/admin\/\"}]}<\/script>\n<!-- \/ Yoast SEO plugin. -->","yoast_head_json":{"title":"Ulcinjska Kopakabana ove sezone bila organizator i doma?in brojnih manifestacija - Lajme nga Ulqini","robots":{"index":"index","follow":"follow","max-snippet":"max-snippet:-1","max-image-preview":"max-image-preview:large","max-video-preview":"max-video-preview:-1"},"canonical":"https:\/\/www.visit-ulcinj.com\/blog\/2008\/09\/01\/ulcinjska-kopakabana-ove-sezone-bila-organizator-i-domacin-brojnih-manifestacija\/","og_locale":"en_US","og_type":"article","og_title":"Ulcinjska Kopakabana ove sezone bila organizator i doma?in brojnih manifestacija - Lajme nga Ulqini","og_url":"https:\/\/www.visit-ulcinj.com\/blog\/2008\/09\/01\/ulcinjska-kopakabana-ove-sezone-bila-organizator-i-domacin-brojnih-manifestacija\/","og_site_name":"Lajme nga Ulqini","article_published_time":"2008-09-01T17:41:59+00:00","article_modified_time":"2008-11-01T00:10:00+00:00","og_image":[{"url":"http:\/\/www.visit-ulcinj.com\/blog\/wp-content\/uploads\/2008\/08\/prelja-skrelja-300x254.jpg"}],"twitter_misc":{"Written by":"ulqini","Est. reading time":"3 minutes"},"schema":{"@context":"https:\/\/schema.org","@graph":[{"@type":"WebSite","@id":"https:\/\/www.visit-ulcinj.com\/blog\/#website","url":"https:\/\/www.visit-ulcinj.com\/blog\/","name":"Lajme nga Ulqini","description":"Lajme,Vijesti,Ulqini,Ulqin,Crna Gora,Mali i Zi","potentialAction":[{"@type":"SearchAction","target":{"@type":"EntryPoint","urlTemplate":"https:\/\/www.visit-ulcinj.com\/blog\/?s={search_term_string}"},"query-input":"required name=search_term_string"}],"inLanguage":"en-US"},{"@type":"ImageObject","inLanguage":"en-US","@id":"https:\/\/www.visit-ulcinj.com\/blog\/2008\/09\/01\/ulcinjska-kopakabana-ove-sezone-bila-organizator-i-domacin-brojnih-manifestacija\/#primaryimage","url":"http:\/\/www.visit-ulcinj.com\/blog\/wp-content\/uploads\/2008\/08\/prelja-skrelja-300x254.jpg","contentUrl":"http:\/\/www.visit-ulcinj.com\/blog\/wp-content\/uploads\/2008\/08\/prelja-skrelja-300x254.jpg"},{"@type":"WebPage","@id":"https:\/\/www.visit-ulcinj.com\/blog\/2008\/09\/01\/ulcinjska-kopakabana-ove-sezone-bila-organizator-i-domacin-brojnih-manifestacija\/#webpage","url":"https:\/\/www.visit-ulcinj.com\/blog\/2008\/09\/01\/ulcinjska-kopakabana-ove-sezone-bila-organizator-i-domacin-brojnih-manifestacija\/","name":"Ulcinjska Kopakabana ove sezone bila organizator i doma?in brojnih manifestacija - Lajme nga Ulqini","isPartOf":{"@id":"https:\/\/www.visit-ulcinj.com\/blog\/#website"},"primaryImageOfPage":{"@id":"https:\/\/www.visit-ulcinj.com\/blog\/2008\/09\/01\/ulcinjska-kopakabana-ove-sezone-bila-organizator-i-domacin-brojnih-manifestacija\/#primaryimage"},"datePublished":"2008-09-01T17:41:59+00:00","dateModified":"2008-11-01T00:10:00+00:00","author":{"@id":"https:\/\/www.visit-ulcinj.com\/blog\/#\/schema\/person\/dcab619c614d3038751c63bc2aadc06d"},"breadcrumb":{"@id":"https:\/\/www.visit-ulcinj.com\/blog\/2008\/09\/01\/ulcinjska-kopakabana-ove-sezone-bila-organizator-i-domacin-brojnih-manifestacija\/#breadcrumb"},"inLanguage":"en-US","potentialAction":[{"@type":"ReadAction","target":["https:\/\/www.visit-ulcinj.com\/blog\/2008\/09\/01\/ulcinjska-kopakabana-ove-sezone-bila-organizator-i-domacin-brojnih-manifestacija\/"]}]},{"@type":"BreadcrumbList","@id":"https:\/\/www.visit-ulcinj.com\/blog\/2008\/09\/01\/ulcinjska-kopakabana-ove-sezone-bila-organizator-i-domacin-brojnih-manifestacija\/#breadcrumb","itemListElement":[{"@type":"ListItem","position":1,"name":"Ulcinjska Kopakabana ove sezone bila organizator i doma?in brojnih manifestacija"}]},{"@type":"Person","@id":"https:\/\/www.visit-ulcinj.com\/blog\/#\/schema\/person\/dcab619c614d3038751c63bc2aadc06d","name":"ulqini","sameAs":["http:\/\/www.visit-ulcinj.com"],"url":"https:\/\/www.visit-ulcinj.com\/blog\/author\/admin\/"}]}},"jetpack_featured_media_url":"","jetpack_sharing_enabled":true,"jetpack_shortlink":"https:\/\/wp.me\/pe6lTn-Kx","_links":{"self":[{"href":"https:\/\/www.visit-ulcinj.com\/blog\/wp-json\/wp\/v2\/posts\/2885"}],"collection":[{"href":"https:\/\/www.visit-ulcinj.com\/blog\/wp-json\/wp\/v2\/posts"}],"about":[{"href":"https:\/\/www.visit-ulcinj.com\/blog\/wp-json\/wp\/v2\/types\/post"}],"author":[{"embeddable":true,"href":"https:\/\/www.visit-ulcinj.com\/blog\/wp-json\/wp\/v2\/users\/1"}],"replies":[{"embeddable":true,"href":"https:\/\/www.visit-ulcinj.com\/blog\/wp-json\/wp\/v2\/comments?post=2885"}],"version-history":[{"count":0,"href":"https:\/\/www.visit-ulcinj.com\/blog\/wp-json\/wp\/v2\/posts\/2885\/revisions"}],"wp:attachment":[{"href":"https:\/\/www.visit-ulcinj.com\/blog\/wp-json\/wp\/v2\/media?parent=2885"}],"wp:term":[{"taxonomy":"category","embeddable":true,"href":"https:\/\/www.visit-ulcinj.com\/blog\/wp-json\/wp\/v2\/categories?post=2885"},{"taxonomy":"post_tag","embeddable":true,"href":"https:\/\/www.visit-ulcinj.com\/blog\/wp-json\/wp\/v2\/tags?post=2885"}],"curies":[{"name":"wp","href":"https:\/\/api.w.org\/{rel}","templated":true}]}}