{"id":28877,"date":"2009-12-29T06:11:00","date_gmt":"2009-12-29T04:11:00","guid":{"rendered":"http:\/\/www.visit-ulcinj.com\/blog\/?p=28877"},"modified":"2009-12-29T06:11:00","modified_gmt":"2009-12-29T04:11:00","slug":"maroviq-kunder-nxitimit-per-marredhenie-diplomatike-me-kosoven","status":"publish","type":"post","link":"https:\/\/www.visit-ulcinj.com\/blog\/2009\/12\/29\/maroviq-kunder-nxitimit-per-marredhenie-diplomatike-me-kosoven\/","title":{"rendered":"Maroviq kund\u00ebr &#8220;nxitimit&#8221; p\u00ebr marr\u00ebdh\u00ebnie diplomatike me Kosov\u00ebn"},"content":{"rendered":"<p><a href=\"http:\/\/www.visit-ulcinj.com\/blog\/wp-content\/uploads\/2009\/12\/Svetozar-MaroviQ.jpg\"><img loading=\"lazy\" class=\"alignleft size-full wp-image-28878\" title=\"Svetozar MaroviQ\" src=\"http:\/\/www.visit-ulcinj.com\/blog\/wp-content\/uploads\/2009\/12\/Svetozar-MaroviQ.jpg\" alt=\"Svetozar MaroviQ\" width=\"283\" height=\"393\" srcset=\"https:\/\/www.visit-ulcinj.com\/blog\/wp-content\/uploads\/2009\/12\/Svetozar-MaroviQ.jpg 250w, https:\/\/www.visit-ulcinj.com\/blog\/wp-content\/uploads\/2009\/12\/Svetozar-MaroviQ-215x300.jpg 215w\" sizes=\"(max-width: 283px) 100vw, 283px\" \/><\/a>N\u00ebnkryetari i qeveris\u00eb s\u00eb Malit t\u00eb Zi\u00a0 Svetozar Maroviq, ka p\u00ebrs\u00ebritur, si\u00e7 thot\u00eb, q\u00ebndrimin e tij personal, q\u00eb Mali i Zi t\u00eb jet\u00eb i gatsh\u00ebm q\u00eb t\u00eb rishqyrtoj\u00eb vendimin p\u00ebr njohjen e pavar\u00ebsis\u00eb s\u00eb Kosov\u00ebs n\u00ebse Gjykata Nd\u00ebrkomb\u00ebtare e Drejt\u00ebsis\u00eb do t\u00eb marr\u00eb vendimin se shpallja e pavar\u00ebsis\u00eb ishte e paligjshme.<br \/>\nMegjithat\u00eb, Maroviq tha se nuk beson q\u00eb gjykata e Hag\u00ebs do t\u00eb b\u00ebj\u00eb formulime t\u00eb tilla t\u00eb precize. Duke komentuar paralajm\u00ebrimet e koh\u00ebve t\u00eb fundit p\u00ebr vendosjen e marr\u00ebdh\u00ebnieve diplomatike t\u00eb Malit t\u00eb dhe Kosov\u00ebs, Maroviq s\u00ebrish ka p\u00ebrs\u00ebritur q\u00ebndrimin e tij personal se me procesin nuk duhet nxituar deri sa n\u00eb Hag\u00eb po zhvillohet procedura dhe pritet vendimi i Gjykat\u00ebs Nd\u00ebrkomb\u00ebtar\u00eb t\u00eb Drejt\u00ebsis\u00eb.<br \/>\nAi \u00ebsht\u00eb i bindur se qeveria e Mali t\u00eb Zi para se t\u00eb marr\u00eb \u00e7far\u00ebdo vendimi &#8220;seriozisht dhe me p\u00ebrgjegj\u00ebsi do t\u00eb shqyrtoj\u00eb t\u00eb gjitha aspektet e k\u00ebsaj \u00e7\u00ebshtjeje dhe do t\u00eb d\u00ebgjoj\u00eb t\u00eb gjitha mendimet&#8221;. Por ai thot\u00eb se nuk ka ndonj\u00eb propozim t\u00eb Ministris\u00eb s\u00eb Pun\u00ebve t\u00eb Jashtme malazeze p\u00ebr hapjen e p\u00ebrfaq\u00ebsis\u00eb diplomatike n\u00eb Prishtin\u00eb.<\/p>\n<p>TVCG<\/p>\n","protected":false},"excerpt":{"rendered":"<p>N\u00ebnkryetari i qeveris\u00eb s\u00eb Malit t\u00eb Zi\u00a0 Svetozar Maroviq, ka p\u00ebrs\u00ebritur, si\u00e7 thot\u00eb, q\u00ebndrimin e tij personal, q\u00eb Mali i Zi t\u00eb jet\u00eb i gatsh\u00ebm q\u00eb t\u00eb rishqyrtoj\u00eb vendimin p\u00ebr njohjen e pavar\u00ebsis\u00eb s\u00eb Kosov\u00ebs n\u00ebse Gjykata Nd\u00ebrkomb\u00ebtare e Drejt\u00ebsis\u00eb do t\u00eb marr\u00eb vendimin se shpallja e pavar\u00ebsis\u00eb ishte e paligjshme. Megjithat\u00eb, Maroviq tha se [&hellip;]<\/p>\n","protected":false},"author":1,"featured_media":0,"comment_status":"open","ping_status":"closed","sticky":false,"template":"","format":"standard","meta":{"spay_email":"","jetpack_publicize_message":"","jetpack_is_tweetstorm":false,"jetpack_publicize_feature_enabled":true},"categories":[14],"tags":[2413,13153,13152,13154,4247],"jetpack_publicize_connections":[],"yoast_head":"<!-- This site is optimized with the Yoast SEO plugin v19.1 - https:\/\/yoast.com\/wordpress\/plugins\/seo\/ -->\n<title>Maroviq kund\u00ebr &quot;nxitimit&quot; p\u00ebr marr\u00ebdh\u00ebnie diplomatike me Kosov\u00ebn - Lajme nga Ulqini<\/title>\n<meta name=\"description\" content=\"N\u00ebnkryetari i qeveris\u00eb s\u00eb Malit t\u00eb Zi\u00a0 Svetozar Maroviq, ka p\u00ebrs\u00ebritur, si\u00e7 thot\u00eb, q\u00ebndrimin e tij personal, q\u00eb Mali i Zi t\u00eb jet\u00eb i gatsh\u00ebm q\u00eb t\u00eb\" \/>\n<meta name=\"robots\" content=\"index, follow, max-snippet:-1, max-image-preview:large, max-video-preview:-1\" \/>\n<link rel=\"canonical\" href=\"https:\/\/www.visit-ulcinj.com\/blog\/2009\/12\/29\/maroviq-kunder-nxitimit-per-marredhenie-diplomatike-me-kosoven\/\" \/>\n<meta property=\"og:locale\" content=\"en_US\" \/>\n<meta property=\"og:type\" content=\"article\" \/>\n<meta property=\"og:title\" content=\"Maroviq kund\u00ebr &quot;nxitimit&quot; p\u00ebr marr\u00ebdh\u00ebnie diplomatike me Kosov\u00ebn - Lajme nga Ulqini\" \/>\n<meta property=\"og:description\" content=\"N\u00ebnkryetari i qeveris\u00eb s\u00eb Malit t\u00eb Zi\u00a0 Svetozar Maroviq, ka p\u00ebrs\u00ebritur, si\u00e7 thot\u00eb, q\u00ebndrimin e tij personal, q\u00eb Mali i Zi t\u00eb jet\u00eb i gatsh\u00ebm q\u00eb t\u00eb\" \/>\n<meta property=\"og:url\" content=\"https:\/\/www.visit-ulcinj.com\/blog\/2009\/12\/29\/maroviq-kunder-nxitimit-per-marredhenie-diplomatike-me-kosoven\/\" \/>\n<meta property=\"og:site_name\" content=\"Lajme nga Ulqini\" \/>\n<meta property=\"article:published_time\" content=\"2009-12-29T04:11:00+00:00\" \/>\n<meta property=\"og:image\" content=\"http:\/\/www.visit-ulcinj.com\/blog\/wp-content\/uploads\/2009\/12\/Svetozar-MaroviQ.jpg\" \/>\n<meta name=\"twitter:label1\" content=\"Written by\" \/>\n\t<meta name=\"twitter:data1\" content=\"ulqini\" \/>\n\t<meta name=\"twitter:label2\" content=\"Est. reading time\" \/>\n\t<meta name=\"twitter:data2\" content=\"1 minute\" \/>\n<script type=\"application\/ld+json\" class=\"yoast-schema-graph\">{\"@context\":\"https:\/\/schema.org\",\"@graph\":[{\"@type\":\"WebSite\",\"@id\":\"https:\/\/www.visit-ulcinj.com\/blog\/#website\",\"url\":\"https:\/\/www.visit-ulcinj.com\/blog\/\",\"name\":\"Lajme nga Ulqini\",\"description\":\"Lajme,Vijesti,Ulqini,Ulqin,Crna Gora,Mali i Zi\",\"potentialAction\":[{\"@type\":\"SearchAction\",\"target\":{\"@type\":\"EntryPoint\",\"urlTemplate\":\"https:\/\/www.visit-ulcinj.com\/blog\/?s={search_term_string}\"},\"query-input\":\"required name=search_term_string\"}],\"inLanguage\":\"en-US\"},{\"@type\":\"ImageObject\",\"inLanguage\":\"en-US\",\"@id\":\"https:\/\/www.visit-ulcinj.com\/blog\/2009\/12\/29\/maroviq-kunder-nxitimit-per-marredhenie-diplomatike-me-kosoven\/#primaryimage\",\"url\":\"https:\/\/www.visit-ulcinj.com\/blog\/wp-content\/uploads\/2009\/12\/Svetozar-MaroviQ.jpg\",\"contentUrl\":\"https:\/\/www.visit-ulcinj.com\/blog\/wp-content\/uploads\/2009\/12\/Svetozar-MaroviQ.jpg\",\"width\":\"250\",\"height\":\"348\"},{\"@type\":\"WebPage\",\"@id\":\"https:\/\/www.visit-ulcinj.com\/blog\/2009\/12\/29\/maroviq-kunder-nxitimit-per-marredhenie-diplomatike-me-kosoven\/#webpage\",\"url\":\"https:\/\/www.visit-ulcinj.com\/blog\/2009\/12\/29\/maroviq-kunder-nxitimit-per-marredhenie-diplomatike-me-kosoven\/\",\"name\":\"Maroviq kund\u00ebr \\\"nxitimit\\\" p\u00ebr marr\u00ebdh\u00ebnie diplomatike me Kosov\u00ebn - Lajme nga Ulqini\",\"isPartOf\":{\"@id\":\"https:\/\/www.visit-ulcinj.com\/blog\/#website\"},\"primaryImageOfPage\":{\"@id\":\"https:\/\/www.visit-ulcinj.com\/blog\/2009\/12\/29\/maroviq-kunder-nxitimit-per-marredhenie-diplomatike-me-kosoven\/#primaryimage\"},\"datePublished\":\"2009-12-29T04:11:00+00:00\",\"dateModified\":\"2009-12-29T04:11:00+00:00\",\"author\":{\"@id\":\"https:\/\/www.visit-ulcinj.com\/blog\/#\/schema\/person\/dcab619c614d3038751c63bc2aadc06d\"},\"description\":\"N\u00ebnkryetari i qeveris\u00eb s\u00eb Malit t\u00eb Zi\u00a0 Svetozar Maroviq, ka p\u00ebrs\u00ebritur, si\u00e7 thot\u00eb, q\u00ebndrimin e tij personal, q\u00eb Mali i Zi t\u00eb jet\u00eb i gatsh\u00ebm q\u00eb t\u00eb\",\"breadcrumb\":{\"@id\":\"https:\/\/www.visit-ulcinj.com\/blog\/2009\/12\/29\/maroviq-kunder-nxitimit-per-marredhenie-diplomatike-me-kosoven\/#breadcrumb\"},\"inLanguage\":\"en-US\",\"potentialAction\":[{\"@type\":\"ReadAction\",\"target\":[\"https:\/\/www.visit-ulcinj.com\/blog\/2009\/12\/29\/maroviq-kunder-nxitimit-per-marredhenie-diplomatike-me-kosoven\/\"]}]},{\"@type\":\"BreadcrumbList\",\"@id\":\"https:\/\/www.visit-ulcinj.com\/blog\/2009\/12\/29\/maroviq-kunder-nxitimit-per-marredhenie-diplomatike-me-kosoven\/#breadcrumb\",\"itemListElement\":[{\"@type\":\"ListItem\",\"position\":1,\"name\":\"Maroviq kund\u00ebr &#8220;nxitimit&#8221; p\u00ebr marr\u00ebdh\u00ebnie diplomatike me Kosov\u00ebn\"}]},{\"@type\":\"Person\",\"@id\":\"https:\/\/www.visit-ulcinj.com\/blog\/#\/schema\/person\/dcab619c614d3038751c63bc2aadc06d\",\"name\":\"ulqini\",\"sameAs\":[\"http:\/\/www.visit-ulcinj.com\"],\"url\":\"https:\/\/www.visit-ulcinj.com\/blog\/author\/admin\/\"}]}<\/script>\n<!-- \/ Yoast SEO plugin. -->","yoast_head_json":{"title":"Maroviq kund\u00ebr \"nxitimit\" p\u00ebr marr\u00ebdh\u00ebnie diplomatike me Kosov\u00ebn - Lajme nga Ulqini","description":"N\u00ebnkryetari i qeveris\u00eb s\u00eb Malit t\u00eb Zi\u00a0 Svetozar Maroviq, ka p\u00ebrs\u00ebritur, si\u00e7 thot\u00eb, q\u00ebndrimin e tij personal, q\u00eb Mali i Zi t\u00eb jet\u00eb i gatsh\u00ebm q\u00eb t\u00eb","robots":{"index":"index","follow":"follow","max-snippet":"max-snippet:-1","max-image-preview":"max-image-preview:large","max-video-preview":"max-video-preview:-1"},"canonical":"https:\/\/www.visit-ulcinj.com\/blog\/2009\/12\/29\/maroviq-kunder-nxitimit-per-marredhenie-diplomatike-me-kosoven\/","og_locale":"en_US","og_type":"article","og_title":"Maroviq kund\u00ebr \"nxitimit\" p\u00ebr marr\u00ebdh\u00ebnie diplomatike me Kosov\u00ebn - Lajme nga Ulqini","og_description":"N\u00ebnkryetari i qeveris\u00eb s\u00eb Malit t\u00eb Zi\u00a0 Svetozar Maroviq, ka p\u00ebrs\u00ebritur, si\u00e7 thot\u00eb, q\u00ebndrimin e tij personal, q\u00eb Mali i Zi t\u00eb jet\u00eb i gatsh\u00ebm q\u00eb t\u00eb","og_url":"https:\/\/www.visit-ulcinj.com\/blog\/2009\/12\/29\/maroviq-kunder-nxitimit-per-marredhenie-diplomatike-me-kosoven\/","og_site_name":"Lajme nga Ulqini","article_published_time":"2009-12-29T04:11:00+00:00","og_image":[{"url":"http:\/\/www.visit-ulcinj.com\/blog\/wp-content\/uploads\/2009\/12\/Svetozar-MaroviQ.jpg"}],"twitter_misc":{"Written by":"ulqini","Est. reading time":"1 minute"},"schema":{"@context":"https:\/\/schema.org","@graph":[{"@type":"WebSite","@id":"https:\/\/www.visit-ulcinj.com\/blog\/#website","url":"https:\/\/www.visit-ulcinj.com\/blog\/","name":"Lajme nga Ulqini","description":"Lajme,Vijesti,Ulqini,Ulqin,Crna Gora,Mali i Zi","potentialAction":[{"@type":"SearchAction","target":{"@type":"EntryPoint","urlTemplate":"https:\/\/www.visit-ulcinj.com\/blog\/?s={search_term_string}"},"query-input":"required name=search_term_string"}],"inLanguage":"en-US"},{"@type":"ImageObject","inLanguage":"en-US","@id":"https:\/\/www.visit-ulcinj.com\/blog\/2009\/12\/29\/maroviq-kunder-nxitimit-per-marredhenie-diplomatike-me-kosoven\/#primaryimage","url":"https:\/\/www.visit-ulcinj.com\/blog\/wp-content\/uploads\/2009\/12\/Svetozar-MaroviQ.jpg","contentUrl":"https:\/\/www.visit-ulcinj.com\/blog\/wp-content\/uploads\/2009\/12\/Svetozar-MaroviQ.jpg","width":"250","height":"348"},{"@type":"WebPage","@id":"https:\/\/www.visit-ulcinj.com\/blog\/2009\/12\/29\/maroviq-kunder-nxitimit-per-marredhenie-diplomatike-me-kosoven\/#webpage","url":"https:\/\/www.visit-ulcinj.com\/blog\/2009\/12\/29\/maroviq-kunder-nxitimit-per-marredhenie-diplomatike-me-kosoven\/","name":"Maroviq kund\u00ebr \"nxitimit\" p\u00ebr marr\u00ebdh\u00ebnie diplomatike me Kosov\u00ebn - Lajme nga Ulqini","isPartOf":{"@id":"https:\/\/www.visit-ulcinj.com\/blog\/#website"},"primaryImageOfPage":{"@id":"https:\/\/www.visit-ulcinj.com\/blog\/2009\/12\/29\/maroviq-kunder-nxitimit-per-marredhenie-diplomatike-me-kosoven\/#primaryimage"},"datePublished":"2009-12-29T04:11:00+00:00","dateModified":"2009-12-29T04:11:00+00:00","author":{"@id":"https:\/\/www.visit-ulcinj.com\/blog\/#\/schema\/person\/dcab619c614d3038751c63bc2aadc06d"},"description":"N\u00ebnkryetari i qeveris\u00eb s\u00eb Malit t\u00eb Zi\u00a0 Svetozar Maroviq, ka p\u00ebrs\u00ebritur, si\u00e7 thot\u00eb, q\u00ebndrimin e tij personal, q\u00eb Mali i Zi t\u00eb jet\u00eb i gatsh\u00ebm q\u00eb t\u00eb","breadcrumb":{"@id":"https:\/\/www.visit-ulcinj.com\/blog\/2009\/12\/29\/maroviq-kunder-nxitimit-per-marredhenie-diplomatike-me-kosoven\/#breadcrumb"},"inLanguage":"en-US","potentialAction":[{"@type":"ReadAction","target":["https:\/\/www.visit-ulcinj.com\/blog\/2009\/12\/29\/maroviq-kunder-nxitimit-per-marredhenie-diplomatike-me-kosoven\/"]}]},{"@type":"BreadcrumbList","@id":"https:\/\/www.visit-ulcinj.com\/blog\/2009\/12\/29\/maroviq-kunder-nxitimit-per-marredhenie-diplomatike-me-kosoven\/#breadcrumb","itemListElement":[{"@type":"ListItem","position":1,"name":"Maroviq kund\u00ebr &#8220;nxitimit&#8221; p\u00ebr marr\u00ebdh\u00ebnie diplomatike me Kosov\u00ebn"}]},{"@type":"Person","@id":"https:\/\/www.visit-ulcinj.com\/blog\/#\/schema\/person\/dcab619c614d3038751c63bc2aadc06d","name":"ulqini","sameAs":["http:\/\/www.visit-ulcinj.com"],"url":"https:\/\/www.visit-ulcinj.com\/blog\/author\/admin\/"}]}},"jetpack_featured_media_url":"","jetpack_sharing_enabled":true,"jetpack_shortlink":"https:\/\/wp.me\/pe6lTn-7vL","_links":{"self":[{"href":"https:\/\/www.visit-ulcinj.com\/blog\/wp-json\/wp\/v2\/posts\/28877"}],"collection":[{"href":"https:\/\/www.visit-ulcinj.com\/blog\/wp-json\/wp\/v2\/posts"}],"about":[{"href":"https:\/\/www.visit-ulcinj.com\/blog\/wp-json\/wp\/v2\/types\/post"}],"author":[{"embeddable":true,"href":"https:\/\/www.visit-ulcinj.com\/blog\/wp-json\/wp\/v2\/users\/1"}],"replies":[{"embeddable":true,"href":"https:\/\/www.visit-ulcinj.com\/blog\/wp-json\/wp\/v2\/comments?post=28877"}],"version-history":[{"count":0,"href":"https:\/\/www.visit-ulcinj.com\/blog\/wp-json\/wp\/v2\/posts\/28877\/revisions"}],"wp:attachment":[{"href":"https:\/\/www.visit-ulcinj.com\/blog\/wp-json\/wp\/v2\/media?parent=28877"}],"wp:term":[{"taxonomy":"category","embeddable":true,"href":"https:\/\/www.visit-ulcinj.com\/blog\/wp-json\/wp\/v2\/categories?post=28877"},{"taxonomy":"post_tag","embeddable":true,"href":"https:\/\/www.visit-ulcinj.com\/blog\/wp-json\/wp\/v2\/tags?post=28877"}],"curies":[{"name":"wp","href":"https:\/\/api.w.org\/{rel}","templated":true}]}}