{"id":2888,"date":"2008-09-01T13:33:55","date_gmt":"2008-09-01T18:33:55","guid":{"rendered":"http:\/\/www.visit-ulcinj.com\/blog\/?p=2888"},"modified":"2008-09-18T12:38:54","modified_gmt":"2008-09-18T17:38:54","slug":"mesazhi-i-ramazanit-nga-rexhep-ef-lika-kryeimami-i-ulqinit","status":"publish","type":"post","link":"https:\/\/www.visit-ulcinj.com\/blog\/2008\/09\/01\/mesazhi-i-ramazanit-nga-rexhep-ef-lika-kryeimami-i-ulqinit\/","title":{"rendered":"Mesazhi i Ramazanit nga Rexhep ef. Lika, Kryeimami i Ulqinit"},"content":{"rendered":"<p><a href=\"http:\/\/www.visit-ulcinj.com\/blog\/wp-content\/uploads\/2008\/09\/rexhep-lika.jpg\"><img loading=\"lazy\" class=\"alignleft size-medium wp-image-2889\" title=\"rexhep-lika\" src=\"http:\/\/www.visit-ulcinj.com\/blog\/wp-content\/uploads\/2008\/09\/rexhep-lika.jpg\" alt=\"\" width=\"213\" height=\"235\" \/><\/a>Qytetar\u00eb t\u00eb nderuar, zonja e zot\u00ebrinj, v\u00ebllez\u00ebr e motra musliman\u00eb, M\u00eb lejoni t&#8217;iu p\u00ebrcjell\u00eb urimin me d\u00ebshirat m\u00eb t\u00eb mirat p\u00ebr Muajin e Madh\u00ebrish\u00ebm t\u00eb Ramazanit.<br \/>\nLe t\u00eb jet\u00eb ky muaj n\u00eb frym\u00ebn e toleranc\u00ebs nd\u00ebrfetare, n\u00eb frym\u00ebn e bashkimit dhe respektimit t\u00eb t\u00eb gjith\u00ebve q\u00eb mendojn\u00eb ndryshe dhe q\u00eb flasin ndryshe. L\u00eb t\u00eb jet\u00eb pra ky muaj n\u00eb shenj\u00ebn e respektit ndaj familjes, ndaj fqinj\u00ebve dhe ndaj t\u00eb gjith\u00ebve njer\u00ebzve nj\u00ebsoj.<br \/>\nKy muaj i bekuar rikujton kujdesin q\u00eb duhet pasur p\u00ebr t\u00eb dob\u00ebtit dhe t\u00eb paaftit derisa \u00e7do sht\u00ebpi dhe familje t\u00eb mos mbushet me g\u00ebzim e hare. E fillojm\u00eb k\u00ebt\u00eb obligim Islam me<br \/>\nlutjen q\u00eb n\u00eb t\u00eb gjitha sht\u00ebpit\u00eb t\u00eb mbret\u00ebroj\u00eb paqja, dashuria,harmonia dhe ngroht\u00ebsia familjare. N\u00eb k\u00ebt\u00eb muaj t\u00eb madh festiv m\u00eb tep\u00ebr se kurr\u00eb duhet t\u00eb afrohen zemrat e njer\u00ebzve,t\u00eb harrohen urrejtjet, t\u00eb zhduken mospajtimet dhe kudo t\u00eb shtrihen duart e pajtimit, me dashuri, sinqeritet dhe v\u00ebllaz\u00ebrim.<br \/>\nEdhe vet\u00eb q\u00ebllimi i Ramazanit \u00ebsht\u00eb ta b\u00ebn besimtarin q\u00eb t\u00eb mbjell\u00eb haren\u00eb, g\u00ebzimin n\u00eb zemra, ngritjen shpirt\u00ebrore,qet\u00ebsin\u00eb dhe filtrimin trupor, p\u00ebrforcimin e dashuris\u00eb shoq\u00ebrore, m\u00ebshir\u00ebn mes t\u00eb af\u00ebrmve dhe bashk\u00ebpunimin e nd\u00ebrsjell\u00eb njer\u00ebzor.<img loading=\"lazy\" class=\"alignright\" src=\"http:\/\/www.visit-ulcinj.com\/blog\/wp-content\/uploads\/2008\/04\/mevludi-ulqin-20308-balline.jpg\" alt=\"\" width=\"282\" height=\"210\" \/><br \/>\nIslami \u00ebsht\u00eb fe e paqes dhe toleranc\u00ebs, ndaj edhe predikon paqe dhe toleranc\u00eb, si dhe gjykon n\u00eb form\u00ebn m\u00eb t\u00eb ashp\u00ebr dhun\u00ebn dhe p\u00ebrdorimin e saj, andaj \u00ebsht\u00eb larg \u00e7do primitivizmi, dhe q\u00ebndron larg \u00e7do fanatizmi, racizmi dhe padrejt\u00ebsie. Islami i trajton t\u00eb gjith\u00eb njer\u00ebzit nj\u00ebsoj, duke u bazuar n\u00eb parimin se t\u00eb gjith\u00eb jan\u00eb njer\u00ebz dhe njeriu duhet t\u00eb respektohet dhe ka t\u00eb drejt\u00ebn e jet\u00ebs.<br \/>\nU ftoj t\u00eb gjith\u00ebve q\u00eb p\u00ebrcjelljen e muajit t\u00eb Ramazanit ta marrim si ndodhi madh\u00ebshtore dhe rast shum\u00eb t\u00eb mir\u00eb p\u00ebr forcimin e radh\u00ebve tona si dhe m\u00ebnjanimin e kund\u00ebrth\u00ebnieve e divergjencave, duke iu p\u00ebrmbajtur fjal\u00ebs s\u00eb Allahut t\u00eb Madh\u00ebrish\u00ebm: &#8220;Mos u p\u00ebr\u00e7ani nd\u00ebrmjet veti, se do t\u00eb dob\u00ebsoheni e do ta humbni fuqin\u00eb tuaj&#8221;!Ky \u00ebsht\u00eb edhe nj\u00eb rast i mir\u00eb q\u00eb besimtar\u00ebt t&#8217;i zgjasim duart p\u00ebr t&#8217;ua fshir\u00eb lot\u00ebt f\u00ebmij\u00ebve q\u00eb kan\u00eb humbur shpres\u00ebn,t\u00eb atyre q\u00eb kan\u00eb humbur m\u00eb t\u00eb dashurit e tyre, t&#8217;ua zgjasin dor\u00ebn e ndihm\u00ebs dhe t\u00eb solidaritetit t\u00eb gjitha familjeve q\u00eb kan\u00eb nevoj\u00eb.Edhe nj\u00eb her\u00eb, t\u00eb gjith\u00eb qytetar\u00ebve t\u00eb besimit islam, ua uroj muajin e adhurimit dhe p\u00ebrkushtimit ndaj Allahut, duke iu d\u00ebshiruar agj\u00ebrim t\u00eb leht\u00eb, sh\u00ebndet, mbar\u00ebsi dhe begati n\u00eb familjet tuaja. P\u00ebrgjithmon\u00eb Qoft\u00eb mbi ju Bekimi dhe<br \/>\nM\u00ebshira e Pashterrshme e Allahut Fuqiplot\u00eb.<\/p>\n<div id=\"attachment_2841\" style=\"width: 310px\" class=\"wp-caption alignleft\"><a href=\"http:\/\/www.visit-ulcinj.com\/blog\/wp-content\/uploads\/2008\/08\/ndertimi-i-xhamis-ne-fushe-te-ulqinit11.jpg\"><img aria-describedby=\"caption-attachment-2841\" loading=\"lazy\" class=\"size-medium wp-image-2841\" title=\"ndertimi-i-xhamis-ne-fushe-te-ulqinit11\" src=\"http:\/\/www.visit-ulcinj.com\/blog\/wp-content\/uploads\/2008\/08\/ndertimi-i-xhamis-ne-fushe-te-ulqinit11-300x220.jpg\" alt=\"Pamja e Projektit t\u00eb xhamis\u00eb n\u00eb Fush\u00eb t\u00eb Ulqinit\" width=\"300\" height=\"220\" srcset=\"https:\/\/www.visit-ulcinj.com\/blog\/wp-content\/uploads\/2008\/08\/ndertimi-i-xhamis-ne-fushe-te-ulqinit11-300x220.jpg 300w, https:\/\/www.visit-ulcinj.com\/blog\/wp-content\/uploads\/2008\/08\/ndertimi-i-xhamis-ne-fushe-te-ulqinit11.jpg 585w\" sizes=\"(max-width: 300px) 100vw, 300px\" \/><\/a><p id=\"caption-attachment-2841\" class=\"wp-caption-text\">Pamja e Projektit t\u00eb xhamis\u00eb n\u00eb Fush\u00eb t\u00eb Ulqinit<\/p><\/div>\n<p><strong>Ka nisur grumbullimi i mjeteve financiare p\u00ebr nd\u00ebrtimin e xhamis\u00eb n\u00eb Fush\u00eb t\u00eb Ulqinit.<\/strong><\/p>\n<p>Xhamia do t\u00eb jet\u00eb shum\u00eb funksionale: 1 mij\u00eb vende p\u00ebr falje, vend p\u00ebr mir\u00ebmbajtjen dhe pregaditjen e xhenazes (gasulhanja), mejtep, bibliotek\u00eb,sall\u00eb, kafiteri, vende p\u00ebr parkim etj.<br \/>\nDeri m\u00eb tash \u00ebsht\u00eb bler\u00eb trolli i xhamis\u00eb dhe \u00ebsht\u00eb punuar projekti ideor.Lusim Allahun Fuqiplot\u00eb q\u00eb \u00e7do ndihm\u00eb tuaj\u00ebn ta radhis\u00eb n\u00eb vepra t\u00eb mira.<\/p>\n<p><strong>BASHK\u00cbSIJA ISLAME E ULQINIT<\/strong><\/p>\n<p><a href=\"http:\/\/www.visit-ulcinj.com\/blog\/wp-content\/uploads\/2008\/08\/bashkesija-islame-e-ulqinit.gif\"><img loading=\"lazy\" class=\"size-medium wp-image-2842 alignright\" title=\"bashkesija-islame-e-ulqinit\" src=\"http:\/\/www.visit-ulcinj.com\/blog\/wp-content\/uploads\/2008\/08\/bashkesija-islame-e-ulqinit.gif\" alt=\"Bashkesija Islame e Uqinit\" width=\"117\" height=\"114\" \/><\/a><\/p>\n<p><strong>Xhirollogaria:510-12295-15<\/strong><\/p>\n<p><strong>Informatat n\u00eb tel\/fax:<br \/>\nTel\/fax:+382 30 413-257<br \/>\nMobil :+382 69 037-681<br \/>\nMobil :+382 69 473-400<\/strong><\/p>\n<p><object classid=\"clsid:6bf52a52-394a-11d3-b153-00c04f79faa6\" width=\"350\" height=\"300\" codebase=\"http:\/\/activex.microsoft.com\/activex\/controls\/mplayer\/en\/nsmp2inf.cab#Version=5,1,52,701\"><param name=\"url\" value=\"http:\/\/www.aiitc.org\/gezuar.wmv\" \/><\/object><\/p>\n","protected":false},"excerpt":{"rendered":"<p><img loading=\"lazy\" class=\"alignleft size-medium wp-image-2889\" title=\"rexhep-lika\" src=\"http:\/\/www.visit-ulcinj.com\/blog\/wp-content\/uploads\/2008\/09\/rexhep-lika.jpg\" alt=\"\" width=\"140\" height=\"140\" \/><\/p>\n","protected":false},"author":1,"featured_media":0,"comment_status":"open","ping_status":"closed","sticky":false,"template":"","format":"standard","meta":{"spay_email":"","jetpack_publicize_message":"","jetpack_is_tweetstorm":false,"jetpack_publicize_feature_enabled":true},"categories":[4],"tags":[4457,4458,4444],"jetpack_publicize_connections":[],"yoast_head":"<!-- This site is optimized with the Yoast SEO plugin v19.1 - https:\/\/yoast.com\/wordpress\/plugins\/seo\/ -->\n<title>Mesazhi i Ramazanit nga Rexhep ef. Lika, Kryeimami i Ulqinit - Lajme nga Ulqini<\/title>\n<meta name=\"robots\" content=\"index, follow, max-snippet:-1, max-image-preview:large, max-video-preview:-1\" \/>\n<link rel=\"canonical\" href=\"https:\/\/www.visit-ulcinj.com\/blog\/2008\/09\/01\/mesazhi-i-ramazanit-nga-rexhep-ef-lika-kryeimami-i-ulqinit\/\" \/>\n<meta property=\"og:locale\" content=\"en_US\" \/>\n<meta property=\"og:type\" content=\"article\" \/>\n<meta property=\"og:title\" content=\"Mesazhi i Ramazanit nga Rexhep ef. Lika, Kryeimami i Ulqinit - Lajme nga Ulqini\" \/>\n<meta property=\"og:url\" content=\"https:\/\/www.visit-ulcinj.com\/blog\/2008\/09\/01\/mesazhi-i-ramazanit-nga-rexhep-ef-lika-kryeimami-i-ulqinit\/\" \/>\n<meta property=\"og:site_name\" content=\"Lajme nga Ulqini\" \/>\n<meta property=\"article:published_time\" content=\"2008-09-01T18:33:55+00:00\" \/>\n<meta property=\"article:modified_time\" content=\"2008-09-18T17:38:54+00:00\" \/>\n<meta property=\"og:image\" content=\"http:\/\/www.visit-ulcinj.com\/blog\/wp-content\/uploads\/2008\/09\/rexhep-lika.jpg\" \/>\n<meta name=\"twitter:label1\" content=\"Written by\" \/>\n\t<meta name=\"twitter:data1\" content=\"ulqini\" \/>\n\t<meta name=\"twitter:label2\" content=\"Est. reading time\" \/>\n\t<meta name=\"twitter:data2\" content=\"3 minutes\" \/>\n<script type=\"application\/ld+json\" class=\"yoast-schema-graph\">{\"@context\":\"https:\/\/schema.org\",\"@graph\":[{\"@type\":\"WebSite\",\"@id\":\"https:\/\/www.visit-ulcinj.com\/blog\/#website\",\"url\":\"https:\/\/www.visit-ulcinj.com\/blog\/\",\"name\":\"Lajme nga Ulqini\",\"description\":\"Lajme,Vijesti,Ulqini,Ulqin,Crna Gora,Mali i Zi\",\"potentialAction\":[{\"@type\":\"SearchAction\",\"target\":{\"@type\":\"EntryPoint\",\"urlTemplate\":\"https:\/\/www.visit-ulcinj.com\/blog\/?s={search_term_string}\"},\"query-input\":\"required name=search_term_string\"}],\"inLanguage\":\"en-US\"},{\"@type\":\"ImageObject\",\"inLanguage\":\"en-US\",\"@id\":\"https:\/\/www.visit-ulcinj.com\/blog\/2008\/09\/01\/mesazhi-i-ramazanit-nga-rexhep-ef-lika-kryeimami-i-ulqinit\/#primaryimage\",\"url\":\"http:\/\/www.visit-ulcinj.com\/blog\/wp-content\/uploads\/2008\/09\/rexhep-lika.jpg\",\"contentUrl\":\"http:\/\/www.visit-ulcinj.com\/blog\/wp-content\/uploads\/2008\/09\/rexhep-lika.jpg\"},{\"@type\":\"WebPage\",\"@id\":\"https:\/\/www.visit-ulcinj.com\/blog\/2008\/09\/01\/mesazhi-i-ramazanit-nga-rexhep-ef-lika-kryeimami-i-ulqinit\/#webpage\",\"url\":\"https:\/\/www.visit-ulcinj.com\/blog\/2008\/09\/01\/mesazhi-i-ramazanit-nga-rexhep-ef-lika-kryeimami-i-ulqinit\/\",\"name\":\"Mesazhi i Ramazanit nga Rexhep ef. Lika, Kryeimami i Ulqinit - Lajme nga Ulqini\",\"isPartOf\":{\"@id\":\"https:\/\/www.visit-ulcinj.com\/blog\/#website\"},\"primaryImageOfPage\":{\"@id\":\"https:\/\/www.visit-ulcinj.com\/blog\/2008\/09\/01\/mesazhi-i-ramazanit-nga-rexhep-ef-lika-kryeimami-i-ulqinit\/#primaryimage\"},\"datePublished\":\"2008-09-01T18:33:55+00:00\",\"dateModified\":\"2008-09-18T17:38:54+00:00\",\"author\":{\"@id\":\"https:\/\/www.visit-ulcinj.com\/blog\/#\/schema\/person\/dcab619c614d3038751c63bc2aadc06d\"},\"breadcrumb\":{\"@id\":\"https:\/\/www.visit-ulcinj.com\/blog\/2008\/09\/01\/mesazhi-i-ramazanit-nga-rexhep-ef-lika-kryeimami-i-ulqinit\/#breadcrumb\"},\"inLanguage\":\"en-US\",\"potentialAction\":[{\"@type\":\"ReadAction\",\"target\":[\"https:\/\/www.visit-ulcinj.com\/blog\/2008\/09\/01\/mesazhi-i-ramazanit-nga-rexhep-ef-lika-kryeimami-i-ulqinit\/\"]}]},{\"@type\":\"BreadcrumbList\",\"@id\":\"https:\/\/www.visit-ulcinj.com\/blog\/2008\/09\/01\/mesazhi-i-ramazanit-nga-rexhep-ef-lika-kryeimami-i-ulqinit\/#breadcrumb\",\"itemListElement\":[{\"@type\":\"ListItem\",\"position\":1,\"name\":\"Mesazhi i Ramazanit nga Rexhep ef. Lika, Kryeimami i Ulqinit\"}]},{\"@type\":\"Person\",\"@id\":\"https:\/\/www.visit-ulcinj.com\/blog\/#\/schema\/person\/dcab619c614d3038751c63bc2aadc06d\",\"name\":\"ulqini\",\"sameAs\":[\"http:\/\/www.visit-ulcinj.com\"],\"url\":\"https:\/\/www.visit-ulcinj.com\/blog\/author\/admin\/\"}]}<\/script>\n<!-- \/ Yoast SEO plugin. -->","yoast_head_json":{"title":"Mesazhi i Ramazanit nga Rexhep ef. Lika, Kryeimami i Ulqinit - Lajme nga Ulqini","robots":{"index":"index","follow":"follow","max-snippet":"max-snippet:-1","max-image-preview":"max-image-preview:large","max-video-preview":"max-video-preview:-1"},"canonical":"https:\/\/www.visit-ulcinj.com\/blog\/2008\/09\/01\/mesazhi-i-ramazanit-nga-rexhep-ef-lika-kryeimami-i-ulqinit\/","og_locale":"en_US","og_type":"article","og_title":"Mesazhi i Ramazanit nga Rexhep ef. Lika, Kryeimami i Ulqinit - Lajme nga Ulqini","og_url":"https:\/\/www.visit-ulcinj.com\/blog\/2008\/09\/01\/mesazhi-i-ramazanit-nga-rexhep-ef-lika-kryeimami-i-ulqinit\/","og_site_name":"Lajme nga Ulqini","article_published_time":"2008-09-01T18:33:55+00:00","article_modified_time":"2008-09-18T17:38:54+00:00","og_image":[{"url":"http:\/\/www.visit-ulcinj.com\/blog\/wp-content\/uploads\/2008\/09\/rexhep-lika.jpg"}],"twitter_misc":{"Written by":"ulqini","Est. reading time":"3 minutes"},"schema":{"@context":"https:\/\/schema.org","@graph":[{"@type":"WebSite","@id":"https:\/\/www.visit-ulcinj.com\/blog\/#website","url":"https:\/\/www.visit-ulcinj.com\/blog\/","name":"Lajme nga Ulqini","description":"Lajme,Vijesti,Ulqini,Ulqin,Crna Gora,Mali i Zi","potentialAction":[{"@type":"SearchAction","target":{"@type":"EntryPoint","urlTemplate":"https:\/\/www.visit-ulcinj.com\/blog\/?s={search_term_string}"},"query-input":"required name=search_term_string"}],"inLanguage":"en-US"},{"@type":"ImageObject","inLanguage":"en-US","@id":"https:\/\/www.visit-ulcinj.com\/blog\/2008\/09\/01\/mesazhi-i-ramazanit-nga-rexhep-ef-lika-kryeimami-i-ulqinit\/#primaryimage","url":"http:\/\/www.visit-ulcinj.com\/blog\/wp-content\/uploads\/2008\/09\/rexhep-lika.jpg","contentUrl":"http:\/\/www.visit-ulcinj.com\/blog\/wp-content\/uploads\/2008\/09\/rexhep-lika.jpg"},{"@type":"WebPage","@id":"https:\/\/www.visit-ulcinj.com\/blog\/2008\/09\/01\/mesazhi-i-ramazanit-nga-rexhep-ef-lika-kryeimami-i-ulqinit\/#webpage","url":"https:\/\/www.visit-ulcinj.com\/blog\/2008\/09\/01\/mesazhi-i-ramazanit-nga-rexhep-ef-lika-kryeimami-i-ulqinit\/","name":"Mesazhi i Ramazanit nga Rexhep ef. Lika, Kryeimami i Ulqinit - Lajme nga Ulqini","isPartOf":{"@id":"https:\/\/www.visit-ulcinj.com\/blog\/#website"},"primaryImageOfPage":{"@id":"https:\/\/www.visit-ulcinj.com\/blog\/2008\/09\/01\/mesazhi-i-ramazanit-nga-rexhep-ef-lika-kryeimami-i-ulqinit\/#primaryimage"},"datePublished":"2008-09-01T18:33:55+00:00","dateModified":"2008-09-18T17:38:54+00:00","author":{"@id":"https:\/\/www.visit-ulcinj.com\/blog\/#\/schema\/person\/dcab619c614d3038751c63bc2aadc06d"},"breadcrumb":{"@id":"https:\/\/www.visit-ulcinj.com\/blog\/2008\/09\/01\/mesazhi-i-ramazanit-nga-rexhep-ef-lika-kryeimami-i-ulqinit\/#breadcrumb"},"inLanguage":"en-US","potentialAction":[{"@type":"ReadAction","target":["https:\/\/www.visit-ulcinj.com\/blog\/2008\/09\/01\/mesazhi-i-ramazanit-nga-rexhep-ef-lika-kryeimami-i-ulqinit\/"]}]},{"@type":"BreadcrumbList","@id":"https:\/\/www.visit-ulcinj.com\/blog\/2008\/09\/01\/mesazhi-i-ramazanit-nga-rexhep-ef-lika-kryeimami-i-ulqinit\/#breadcrumb","itemListElement":[{"@type":"ListItem","position":1,"name":"Mesazhi i Ramazanit nga Rexhep ef. Lika, Kryeimami i Ulqinit"}]},{"@type":"Person","@id":"https:\/\/www.visit-ulcinj.com\/blog\/#\/schema\/person\/dcab619c614d3038751c63bc2aadc06d","name":"ulqini","sameAs":["http:\/\/www.visit-ulcinj.com"],"url":"https:\/\/www.visit-ulcinj.com\/blog\/author\/admin\/"}]}},"jetpack_featured_media_url":"","jetpack_sharing_enabled":true,"jetpack_shortlink":"https:\/\/wp.me\/pe6lTn-KA","_links":{"self":[{"href":"https:\/\/www.visit-ulcinj.com\/blog\/wp-json\/wp\/v2\/posts\/2888"}],"collection":[{"href":"https:\/\/www.visit-ulcinj.com\/blog\/wp-json\/wp\/v2\/posts"}],"about":[{"href":"https:\/\/www.visit-ulcinj.com\/blog\/wp-json\/wp\/v2\/types\/post"}],"author":[{"embeddable":true,"href":"https:\/\/www.visit-ulcinj.com\/blog\/wp-json\/wp\/v2\/users\/1"}],"replies":[{"embeddable":true,"href":"https:\/\/www.visit-ulcinj.com\/blog\/wp-json\/wp\/v2\/comments?post=2888"}],"version-history":[{"count":0,"href":"https:\/\/www.visit-ulcinj.com\/blog\/wp-json\/wp\/v2\/posts\/2888\/revisions"}],"wp:attachment":[{"href":"https:\/\/www.visit-ulcinj.com\/blog\/wp-json\/wp\/v2\/media?parent=2888"}],"wp:term":[{"taxonomy":"category","embeddable":true,"href":"https:\/\/www.visit-ulcinj.com\/blog\/wp-json\/wp\/v2\/categories?post=2888"},{"taxonomy":"post_tag","embeddable":true,"href":"https:\/\/www.visit-ulcinj.com\/blog\/wp-json\/wp\/v2\/tags?post=2888"}],"curies":[{"name":"wp","href":"https:\/\/api.w.org\/{rel}","templated":true}]}}