{"id":28881,"date":"2009-12-29T06:30:49","date_gmt":"2009-12-29T04:30:49","guid":{"rendered":"http:\/\/www.visit-ulcinj.com\/blog\/?p=28881"},"modified":"2011-05-28T11:52:46","modified_gmt":"2011-05-28T10:52:46","slug":"rovena-stefa-pa-te-brendshme-ne-kalendarin-2010","status":"publish","type":"post","link":"https:\/\/www.visit-ulcinj.com\/blog\/2009\/12\/29\/rovena-stefa-pa-te-brendshme-ne-kalendarin-2010\/","title":{"rendered":"Rovena Stefa pa te brendshme ne kalendarin 2010"},"content":{"rendered":"<p><a href=\"http:\/\/www.visit-ulcinj.com\/blog\/wp-content\/uploads\/2009\/12\/Rovena-Stefa_.jpg\"><img loading=\"lazy\" class=\"alignleft size-full wp-image-28885\" title=\"Rovena Stefa_\" src=\"http:\/\/www.visit-ulcinj.com\/blog\/wp-content\/uploads\/2009\/12\/Rovena-Stefa_.jpg\" alt=\"Rovena Stefa_\" width=\"402\" height=\"604\" \/><\/a>Nganj\u00ebher\u00eb ajo q\u00eb duket n\u00eb sip\u00ebrfaqe nuk arrin t\u00eb na tregoj\u00eb shum\u00eb\u00e7ka nga brend\u00ebsia e saj. N\u00eb rastin konkret, ne kemi disa foto t\u00eb k\u00ebng\u00ebtares Rovena Stefa, me t\u00eb cilat ka vendosur t\u00eb realizoj\u00eb nj\u00eb kalendar p\u00ebr vitin 2010, por nuk mund ta imagjinojm\u00eb se si jan\u00eb realizuar ato. Disa prej atyre fotove, ku Rovena p\u00ebrshfaq gjith\u00eb sensualitetin e saj me veshje transparente dhe pa t\u00eb brendshme, nuk jan\u00eb b\u00ebr\u00eb n\u00eb nj\u00eb dit\u00eb t\u00eb nxeht\u00eb vere, por vet\u00ebm pak dit\u00eb m\u00eb par\u00eb tek Liqeni Artificial i Tiran\u00ebs, ku temperatura ishte 10 grad\u00eb. Duke qen\u00eb shum\u00eb e impenjuar me koncerte kryesisht jasht\u00eb vendit, k\u00ebng\u00ebtarja e kishte shtyr\u00eb pafund projektin e saj, q\u00eb konkludonte n\u00eb nj\u00eb kalendar, aq sa p\u00ebrfundoi q\u00eb fotot m\u00eb t\u00eb zhveshura t\u2019i realizoj\u00eb n\u00eb dit\u00ebt m\u00eb t\u00eb ftohta t\u00eb dimrit. Fotografi kosovar Nexhat Berhami e fotografonte Roven\u00ebn p\u00ebr her\u00eb t\u00eb par\u00eb, por k\u00ebndv\u00ebshtrimi i tij ka b\u00ebr\u00eb q\u00eb Rovena t\u00eb ket\u00eb n\u00eb arkiv\u00ebn e saj disa foto shum\u00eb t\u00eb ve\u00e7anta. Megjithat\u00eb ajo ka preferuar q\u00eb n\u00eb kalendar t\u00eb ket\u00eb foto t\u00eb disa fotograf\u00ebve si Fadil Berisha dhe Feliks Bilani. Gjithsecili ka arritur t\u00eb tregoj\u00eb nj\u00eb Roven\u00eb ndryshe ku fashioni, sensualiteti, ekstravaganca, klasikja duket sikur rrin\u00eb shum\u00eb mir\u00eb krah nj\u00ebra-tjetr\u00ebs.<br \/>\nNexhati ka arritur t\u00eb tregoj\u00eb Roven\u00ebn nj\u00eb natyr\u00eb poetike, n\u00eb paqe me veten. Fotot e realizuara prej tij mund t\u00eb ishin fare mir\u00eb kopertina novelash, me nota paksa dramatike. M\u00eb pas po ky fotograf guxon t\u00eb risjell\u00eb Krishtin n\u00eb disa foto t\u00eb Roven\u00ebs me veshje t\u00eb bardh\u00eb e t\u00eb gjat\u00eb, shum\u00eb melankonike dhe me nj\u00eb fytyr\u00eb uj\u00eb e sapun. K\u00ebng\u00ebtarja tregon se Nexhati duke qen\u00eb vet\u00eb model, p\u00ebrve\u00e7se fotograf, di t\u00eb jet\u00eb kreativ me aparatin e tij dhe t\u00eb nxjerr\u00eb m\u00eb t\u00eb mir\u00ebn nga shkrepjet q\u00eb b\u00ebn.<br \/>\nK\u00ebng\u00ebtarja ka vendosur q\u00eb k\u00ebt\u00eb set fotografish ta vendos\u00eb n\u00eb nj\u00eb kalendar dhe \u00ebsht\u00eb hera e par\u00eb q\u00eb kjo k\u00ebng\u00ebtare realizon nj\u00eb t\u00eb till\u00eb. E pyetur p\u00ebr fotot dhe p\u00ebr sensualitetin q\u00eb ato p\u00ebrcjellin, k\u00ebng\u00ebtarja tregon se do t\u2019i kishte p\u00eblqyer t\u00eb kishte edhe foto m\u00eb seksi, por mentaliteti i shqiptar\u00ebve nuk \u00ebsht\u00eb akoma i p\u00ebrgatitur p\u00ebr foto t\u00eb tilla, aq m\u00eb tep\u00ebr p\u00ebr nj\u00eb kalendar q\u00eb hyn n\u00eb nj\u00eb familje dhe mbahet nj\u00eb vit n\u00eb mur. Pastaj Rovena Stefa ka eksperienc\u00ebn e fresk\u00ebt me klipin \u201cMall\u201d i cili u b\u00eb objekt diskutimi n\u00eb koh\u00ebn q\u00eb doli pasi shqiptar\u00ebt brenda dhe jasht\u00eb vendit ishin shprehur se klipi \u00ebsht\u00eb shum\u00eb erotik dhe nuk mund ta shohin lirsh\u00ebm n\u00eb familje. Kjo mbase ka qen\u00eb k\u00ebmbana e alarmit p\u00ebr Roven\u00ebn q\u00eb t\u00eb mos tentoj\u00eb m\u00eb shum\u00eb drejt evidentimit t\u00eb an\u00ebs s\u00eb saj seksuale, qoft\u00eb edhe n\u00eb nj\u00eb kalendar. Kjo n\u00eb fakt do t\u00eb ting\u00ebllonte shum\u00eb e prapambetur si ide n\u00eb \u00e7do vend per\u00ebndimor ku personazhet vip, femra t\u00eb bukura dhe t\u00eb famshme, zhvishen edhe nudo para aparatit t\u00eb nj\u00eb fotografi. Madje nj\u00eb fem\u00ebr n\u00eb karrier\u00eb, e ndjen si obligim q\u00eb t\u00eb ket\u00eb nj\u00eb kalendar me foto t\u00eb tilla. Nd\u00ebrkoh\u00eb, mesa duket tek ne nuk ka arrdhur akoma momenti, ashtu si p\u00ebr shum\u00eb gjera t\u00eb tjera dhe shembulli i Roven\u00ebs flet qart\u00eb p\u00ebr k\u00ebt\u00eb fakt.<\/p>\n<p><strong>Panorama Plus<br \/>\n<br \/>\n<\/strong><!--YouTube Error: bad URL entered--><\/p>\n","protected":false},"excerpt":{"rendered":"<p>Nganj\u00ebher\u00eb ajo q\u00eb duket n\u00eb sip\u00ebrfaqe nuk arrin t\u00eb na tregoj\u00eb shum\u00eb\u00e7ka nga brend\u00ebsia e saj. N\u00eb rastin konkret, ne kemi disa foto t\u00eb k\u00ebng\u00ebtares Rovena Stefa, me t\u00eb cilat ka vendosur t\u00eb realizoj\u00eb nj\u00eb kalendar p\u00ebr vitin 2010, por nuk mund ta imagjinojm\u00eb se si jan\u00eb realizuar ato. Disa prej atyre fotove, ku Rovena [&hellip;]<\/p>\n","protected":false},"author":1,"featured_media":0,"comment_status":"open","ping_status":"closed","sticky":false,"template":"","format":"standard","meta":{"spay_email":"","jetpack_publicize_message":"","jetpack_is_tweetstorm":false,"jetpack_publicize_feature_enabled":true},"categories":[1],"tags":[4869],"jetpack_publicize_connections":[],"yoast_head":"<!-- This site is optimized with the Yoast SEO plugin v19.1 - https:\/\/yoast.com\/wordpress\/plugins\/seo\/ -->\n<title>Rovena Stefa pa te brendshme ne kalendarin 2010 - Lajme nga Ulqini<\/title>\n<meta name=\"description\" content=\"Nganj\u00ebher\u00eb ajo q\u00eb duket n\u00eb sip\u00ebrfaqe nuk arrin t\u00eb na tregoj\u00eb shum\u00eb\u00e7ka nga brend\u00ebsia e saj. N\u00eb rastin konkret, ne kemi disa foto t\u00eb k\u00ebng\u00ebtares Rovena\" \/>\n<meta name=\"robots\" content=\"index, follow, max-snippet:-1, max-image-preview:large, max-video-preview:-1\" \/>\n<link rel=\"canonical\" href=\"https:\/\/www.visit-ulcinj.com\/blog\/2009\/12\/29\/rovena-stefa-pa-te-brendshme-ne-kalendarin-2010\/\" \/>\n<meta property=\"og:locale\" content=\"en_US\" \/>\n<meta property=\"og:type\" content=\"article\" \/>\n<meta property=\"og:title\" content=\"Rovena Stefa pa te brendshme ne kalendarin 2010 - Lajme nga Ulqini\" \/>\n<meta property=\"og:description\" content=\"Nganj\u00ebher\u00eb ajo q\u00eb duket n\u00eb sip\u00ebrfaqe nuk arrin t\u00eb na tregoj\u00eb shum\u00eb\u00e7ka nga brend\u00ebsia e saj. N\u00eb rastin konkret, ne kemi disa foto t\u00eb k\u00ebng\u00ebtares Rovena\" \/>\n<meta property=\"og:url\" content=\"https:\/\/www.visit-ulcinj.com\/blog\/2009\/12\/29\/rovena-stefa-pa-te-brendshme-ne-kalendarin-2010\/\" \/>\n<meta property=\"og:site_name\" content=\"Lajme nga Ulqini\" \/>\n<meta property=\"article:published_time\" content=\"2009-12-29T04:30:49+00:00\" \/>\n<meta property=\"article:modified_time\" content=\"2011-05-28T10:52:46+00:00\" \/>\n<meta property=\"og:image\" content=\"https:\/\/www.visit-ulcinj.com\/blog\/wp-content\/uploads\/2009\/12\/Rovena-Stefa1-150x150.jpg\" \/>\n<meta name=\"twitter:label1\" content=\"Written by\" \/>\n\t<meta name=\"twitter:data1\" content=\"ulqini\" \/>\n\t<meta name=\"twitter:label2\" content=\"Est. reading time\" \/>\n\t<meta name=\"twitter:data2\" content=\"3 minutes\" \/>\n<script type=\"application\/ld+json\" class=\"yoast-schema-graph\">{\"@context\":\"https:\/\/schema.org\",\"@graph\":[{\"@type\":\"WebSite\",\"@id\":\"https:\/\/www.visit-ulcinj.com\/blog\/#website\",\"url\":\"https:\/\/www.visit-ulcinj.com\/blog\/\",\"name\":\"Lajme nga Ulqini\",\"description\":\"Lajme,Vijesti,Ulqini,Ulqin,Crna Gora,Mali i Zi\",\"potentialAction\":[{\"@type\":\"SearchAction\",\"target\":{\"@type\":\"EntryPoint\",\"urlTemplate\":\"https:\/\/www.visit-ulcinj.com\/blog\/?s={search_term_string}\"},\"query-input\":\"required name=search_term_string\"}],\"inLanguage\":\"en-US\"},{\"@type\":\"ImageObject\",\"inLanguage\":\"en-US\",\"@id\":\"https:\/\/www.visit-ulcinj.com\/blog\/2009\/12\/29\/rovena-stefa-pa-te-brendshme-ne-kalendarin-2010\/#primaryimage\",\"url\":\"http:\/\/www.visit-ulcinj.com\/blog\/wp-content\/uploads\/2009\/12\/Rovena-Stefa_.jpg\",\"contentUrl\":\"http:\/\/www.visit-ulcinj.com\/blog\/wp-content\/uploads\/2009\/12\/Rovena-Stefa_.jpg\"},{\"@type\":\"WebPage\",\"@id\":\"https:\/\/www.visit-ulcinj.com\/blog\/2009\/12\/29\/rovena-stefa-pa-te-brendshme-ne-kalendarin-2010\/#webpage\",\"url\":\"https:\/\/www.visit-ulcinj.com\/blog\/2009\/12\/29\/rovena-stefa-pa-te-brendshme-ne-kalendarin-2010\/\",\"name\":\"Rovena Stefa pa te brendshme ne kalendarin 2010 - Lajme nga Ulqini\",\"isPartOf\":{\"@id\":\"https:\/\/www.visit-ulcinj.com\/blog\/#website\"},\"primaryImageOfPage\":{\"@id\":\"https:\/\/www.visit-ulcinj.com\/blog\/2009\/12\/29\/rovena-stefa-pa-te-brendshme-ne-kalendarin-2010\/#primaryimage\"},\"datePublished\":\"2009-12-29T04:30:49+00:00\",\"dateModified\":\"2011-05-28T10:52:46+00:00\",\"author\":{\"@id\":\"https:\/\/www.visit-ulcinj.com\/blog\/#\/schema\/person\/dcab619c614d3038751c63bc2aadc06d\"},\"description\":\"Nganj\u00ebher\u00eb ajo q\u00eb duket n\u00eb sip\u00ebrfaqe nuk arrin t\u00eb na tregoj\u00eb shum\u00eb\u00e7ka nga brend\u00ebsia e saj. N\u00eb rastin konkret, ne kemi disa foto t\u00eb k\u00ebng\u00ebtares Rovena\",\"breadcrumb\":{\"@id\":\"https:\/\/www.visit-ulcinj.com\/blog\/2009\/12\/29\/rovena-stefa-pa-te-brendshme-ne-kalendarin-2010\/#breadcrumb\"},\"inLanguage\":\"en-US\",\"potentialAction\":[{\"@type\":\"ReadAction\",\"target\":[\"https:\/\/www.visit-ulcinj.com\/blog\/2009\/12\/29\/rovena-stefa-pa-te-brendshme-ne-kalendarin-2010\/\"]}]},{\"@type\":\"BreadcrumbList\",\"@id\":\"https:\/\/www.visit-ulcinj.com\/blog\/2009\/12\/29\/rovena-stefa-pa-te-brendshme-ne-kalendarin-2010\/#breadcrumb\",\"itemListElement\":[{\"@type\":\"ListItem\",\"position\":1,\"name\":\"Rovena Stefa pa te brendshme ne kalendarin 2010\"}]},{\"@type\":\"Person\",\"@id\":\"https:\/\/www.visit-ulcinj.com\/blog\/#\/schema\/person\/dcab619c614d3038751c63bc2aadc06d\",\"name\":\"ulqini\",\"sameAs\":[\"http:\/\/www.visit-ulcinj.com\"],\"url\":\"https:\/\/www.visit-ulcinj.com\/blog\/author\/admin\/\"}]}<\/script>\n<!-- \/ Yoast SEO plugin. -->","yoast_head_json":{"title":"Rovena Stefa pa te brendshme ne kalendarin 2010 - Lajme nga Ulqini","description":"Nganj\u00ebher\u00eb ajo q\u00eb duket n\u00eb sip\u00ebrfaqe nuk arrin t\u00eb na tregoj\u00eb shum\u00eb\u00e7ka nga brend\u00ebsia e saj. N\u00eb rastin konkret, ne kemi disa foto t\u00eb k\u00ebng\u00ebtares Rovena","robots":{"index":"index","follow":"follow","max-snippet":"max-snippet:-1","max-image-preview":"max-image-preview:large","max-video-preview":"max-video-preview:-1"},"canonical":"https:\/\/www.visit-ulcinj.com\/blog\/2009\/12\/29\/rovena-stefa-pa-te-brendshme-ne-kalendarin-2010\/","og_locale":"en_US","og_type":"article","og_title":"Rovena Stefa pa te brendshme ne kalendarin 2010 - Lajme nga Ulqini","og_description":"Nganj\u00ebher\u00eb ajo q\u00eb duket n\u00eb sip\u00ebrfaqe nuk arrin t\u00eb na tregoj\u00eb shum\u00eb\u00e7ka nga brend\u00ebsia e saj. N\u00eb rastin konkret, ne kemi disa foto t\u00eb k\u00ebng\u00ebtares Rovena","og_url":"https:\/\/www.visit-ulcinj.com\/blog\/2009\/12\/29\/rovena-stefa-pa-te-brendshme-ne-kalendarin-2010\/","og_site_name":"Lajme nga Ulqini","article_published_time":"2009-12-29T04:30:49+00:00","article_modified_time":"2011-05-28T10:52:46+00:00","og_image":[{"url":"https:\/\/www.visit-ulcinj.com\/blog\/wp-content\/uploads\/2009\/12\/Rovena-Stefa1-150x150.jpg"}],"twitter_misc":{"Written by":"ulqini","Est. reading time":"3 minutes"},"schema":{"@context":"https:\/\/schema.org","@graph":[{"@type":"WebSite","@id":"https:\/\/www.visit-ulcinj.com\/blog\/#website","url":"https:\/\/www.visit-ulcinj.com\/blog\/","name":"Lajme nga Ulqini","description":"Lajme,Vijesti,Ulqini,Ulqin,Crna Gora,Mali i Zi","potentialAction":[{"@type":"SearchAction","target":{"@type":"EntryPoint","urlTemplate":"https:\/\/www.visit-ulcinj.com\/blog\/?s={search_term_string}"},"query-input":"required name=search_term_string"}],"inLanguage":"en-US"},{"@type":"ImageObject","inLanguage":"en-US","@id":"https:\/\/www.visit-ulcinj.com\/blog\/2009\/12\/29\/rovena-stefa-pa-te-brendshme-ne-kalendarin-2010\/#primaryimage","url":"http:\/\/www.visit-ulcinj.com\/blog\/wp-content\/uploads\/2009\/12\/Rovena-Stefa_.jpg","contentUrl":"http:\/\/www.visit-ulcinj.com\/blog\/wp-content\/uploads\/2009\/12\/Rovena-Stefa_.jpg"},{"@type":"WebPage","@id":"https:\/\/www.visit-ulcinj.com\/blog\/2009\/12\/29\/rovena-stefa-pa-te-brendshme-ne-kalendarin-2010\/#webpage","url":"https:\/\/www.visit-ulcinj.com\/blog\/2009\/12\/29\/rovena-stefa-pa-te-brendshme-ne-kalendarin-2010\/","name":"Rovena Stefa pa te brendshme ne kalendarin 2010 - Lajme nga Ulqini","isPartOf":{"@id":"https:\/\/www.visit-ulcinj.com\/blog\/#website"},"primaryImageOfPage":{"@id":"https:\/\/www.visit-ulcinj.com\/blog\/2009\/12\/29\/rovena-stefa-pa-te-brendshme-ne-kalendarin-2010\/#primaryimage"},"datePublished":"2009-12-29T04:30:49+00:00","dateModified":"2011-05-28T10:52:46+00:00","author":{"@id":"https:\/\/www.visit-ulcinj.com\/blog\/#\/schema\/person\/dcab619c614d3038751c63bc2aadc06d"},"description":"Nganj\u00ebher\u00eb ajo q\u00eb duket n\u00eb sip\u00ebrfaqe nuk arrin t\u00eb na tregoj\u00eb shum\u00eb\u00e7ka nga brend\u00ebsia e saj. N\u00eb rastin konkret, ne kemi disa foto t\u00eb k\u00ebng\u00ebtares Rovena","breadcrumb":{"@id":"https:\/\/www.visit-ulcinj.com\/blog\/2009\/12\/29\/rovena-stefa-pa-te-brendshme-ne-kalendarin-2010\/#breadcrumb"},"inLanguage":"en-US","potentialAction":[{"@type":"ReadAction","target":["https:\/\/www.visit-ulcinj.com\/blog\/2009\/12\/29\/rovena-stefa-pa-te-brendshme-ne-kalendarin-2010\/"]}]},{"@type":"BreadcrumbList","@id":"https:\/\/www.visit-ulcinj.com\/blog\/2009\/12\/29\/rovena-stefa-pa-te-brendshme-ne-kalendarin-2010\/#breadcrumb","itemListElement":[{"@type":"ListItem","position":1,"name":"Rovena Stefa pa te brendshme ne kalendarin 2010"}]},{"@type":"Person","@id":"https:\/\/www.visit-ulcinj.com\/blog\/#\/schema\/person\/dcab619c614d3038751c63bc2aadc06d","name":"ulqini","sameAs":["http:\/\/www.visit-ulcinj.com"],"url":"https:\/\/www.visit-ulcinj.com\/blog\/author\/admin\/"}]}},"jetpack_featured_media_url":"","jetpack_sharing_enabled":true,"jetpack_shortlink":"https:\/\/wp.me\/pe6lTn-7vP","_links":{"self":[{"href":"https:\/\/www.visit-ulcinj.com\/blog\/wp-json\/wp\/v2\/posts\/28881"}],"collection":[{"href":"https:\/\/www.visit-ulcinj.com\/blog\/wp-json\/wp\/v2\/posts"}],"about":[{"href":"https:\/\/www.visit-ulcinj.com\/blog\/wp-json\/wp\/v2\/types\/post"}],"author":[{"embeddable":true,"href":"https:\/\/www.visit-ulcinj.com\/blog\/wp-json\/wp\/v2\/users\/1"}],"replies":[{"embeddable":true,"href":"https:\/\/www.visit-ulcinj.com\/blog\/wp-json\/wp\/v2\/comments?post=28881"}],"version-history":[{"count":0,"href":"https:\/\/www.visit-ulcinj.com\/blog\/wp-json\/wp\/v2\/posts\/28881\/revisions"}],"wp:attachment":[{"href":"https:\/\/www.visit-ulcinj.com\/blog\/wp-json\/wp\/v2\/media?parent=28881"}],"wp:term":[{"taxonomy":"category","embeddable":true,"href":"https:\/\/www.visit-ulcinj.com\/blog\/wp-json\/wp\/v2\/categories?post=28881"},{"taxonomy":"post_tag","embeddable":true,"href":"https:\/\/www.visit-ulcinj.com\/blog\/wp-json\/wp\/v2\/tags?post=28881"}],"curies":[{"name":"wp","href":"https:\/\/api.w.org\/{rel}","templated":true}]}}