{"id":28890,"date":"2009-12-29T08:15:18","date_gmt":"2009-12-29T06:15:18","guid":{"rendered":"http:\/\/www.visit-ulcinj.com\/blog\/?p=28890"},"modified":"2010-01-05T19:48:47","modified_gmt":"2010-01-05T17:48:47","slug":"velika-plaza-i-ada-bojana-u-pet-modula","status":"publish","type":"post","link":"https:\/\/www.visit-ulcinj.com\/blog\/2009\/12\/29\/velika-plaza-i-ada-bojana-u-pet-modula\/","title":{"rendered":"Velika pla\u017ea i Ada Bojana u pet modula"},"content":{"rendered":"<p><a href=\"http:\/\/www.velikaplaza.info\/zoning_flash.html\" target=\"_blank\"><img loading=\"lazy\" class=\"alignleft size-full wp-image-28891\" title=\"Parcelizacija Velike pla\u017ee i Ade Bojane\" src=\"http:\/\/www.visit-ulcinj.com\/blog\/wp-content\/uploads\/2009\/12\/Parcelizacija-Velike-pla\u017ee-i-Ade-Bojane.jpg\" alt=\"Parcelizacija Velike pla\u017ee i Ade Bojane\" width=\"580\" height=\"400\" \/><\/a><\/p>\n<p>Ministarstvo ure?enja prostora i za\u0161tite \u017eivotne sredine uskoro ?e objelodaniti novi projekat tenderske podjele 13 kilometara duge pla\u017ee u pet cjelina, saznaje Portal Analitika<br \/>\nOktobarska propast tendera za zakup Velike pla\u017ee i Ade Bojane uslovila je novi pristup Vlade Crne Gore valorizaciji zna?ajnog crnogorskog turisti?kog kompleksa. Prema informacijama Portala Analitika uskoro ?e biti objelodanjen plan za parcelizaciju tog prostora i ogla\u0161avanje tendera za pet cjelina u zakup na 99 godina.<br \/>\nTo bi istovremeno zna?ilo i modifikaciju plana investicija po kojima je za prvih 36 mjeseci bilo planirano ulaganje od ?ak mijardu eura.<br \/>\nU Ministarstvu ure?enja prostora i za\u0161tite okoline procjenjuju da ?e novim projektom biti stvorene mnogo ve?e \u0161anse za uspjeh tendera u vremenu kada jo\u0161 se osje?aju posljedice globalne ekonomske krize. Podjela na zone istovremeno zna?i i manje zahtjevna ulaganja investitora.<br \/>\nDrugi razlog za promjenu tenderskog plana je i sve ve?a konkurentnost tr\u017ei\u0161ta u Evropi i Dalekom istoku, gdje su cijene zemlji\u0161ta znatno pale tokom posljednjih desetak mjeseci. Zato ?e u crnogorskoj Vladi ovaj ogroman investicioni projekat izdijeliti u vi\u0161e manjih i manje investiciono zahtjevnih cjelina.<br \/>\nZa\u0161to je propao prvi tender: Osim globalne ekonomske krize postojala su jo\u0161 dva razloga\u00a0 \u0161to je\u00a0 propao tender za zakup Velike pla\u017ee u Ulcinju i zakup Ade Bojane. Kako saznaje Portal Analitika predstavnici Hidra Propertis &#8211; preduze?a koje je jedino otkupilo tendersku dokumentaciju \u2013 u po?etku su bili isklju?ivi u zahtjevu da im se omogu?i, ne zakup, nego\u00a0 prodaja zemlji\u0161ta.<br \/>\nPredstavnici Hidra Propertis, preduze?a povezanog sa uticajnom i ekonomski mo?nom vladarskom porodicom Al Nahijan iz Abu Dabija, cijenili su da prodaja zemlji\u0161ta bila klju?ni podsticaj da Arapi definitivno u?u u posao izradnje prvog u Evropi tako grandioznog turisti?kog kompleksa na jugu Crnogorskog primorja.<br \/>\nU pregovorima koji su se vodili po?etkom pro\u0161le godine crnogorski zvani?nici su ostali pri ranijim stavovima da prodaje zemlji\u0161ta ne?e biti i da tako atraktivan turisti?ki lokalitet mo\u017ee, uz odobrenje Skup\u0161tine Crne Gore, biti dat u zakup na 99 godina. Takav stav crnogorskih zvani?nika je prolongirao odluku Arapa.<br \/>\nDrugi razlog je \u2013 tiha ali uporna opstrukcija lokalne samouprave Ulcinja. Uprkos vi\u0161e obe?anja op\u0161tina Ulcinj, kako saznaje Portal Analitika, nije rije\u0161ila brojne imovinsko-pravne sporove na prostoru i zale?u Velike pla\u017ee. To je bio dodatni elemenat za premi\u0161ljanje Hidra Propretis.<br \/>\nNova prilika: Planom privatizacije za 2010. godinu Vlada je, izme?u ostalih projekata,\u00a0 planirala raspisivanje novog tendera za Veliku pla\u017eu i Adu Bojanu.<br \/>\n\u201eVjerujemo da ?e Hidra Propretis biti veoma zainteresovan za novi projekat i nadamo se u?e\u0161?u te kompanije i na obnovljenom postupku\u201c, ka\u017ee za Portal Analitika izvor iz Vlade Crne Gore. U skladu sa ovom procjenom je i pdataka da je Hidra Propretis do sada investoirao pozama\u0161nu svoztu novca u projektnu dokumantaciju.<br \/>\nIako se u medijima spekulisalo da ?e na prostoru Velike pla\u017ee biti izgra?en lanac hotela-nebodera, prema informacijama Portala Analitika, arhitektonski tim preduze?a Hidra Propretis je modelirao atraktivan ali ekolo\u0161ki vrlo primamljiv projekat lanaca sportsko-rekreativnih hotela koji ne bi prelazili nivo od pet spratova.<\/p>\n<p><strong><br \/>\nD.?.<\/strong><br \/>\n<a href=\"http:\/\/www.portalanalitika.me\/ekonomija\/investicije\/648-velika-plaa-i-ada-bojana-u-pet-modula-.html\" target=\"_blank\"><strong>Portalanalitika<\/strong><\/a><\/p>\n<p>[flv width=&#8221;580&#8243; height=&#8221;400&#8243;]http:\/\/www.velikaplaza.info\/gallery\/video\/stream.php?f=Velika_Plaza_movie_Jan_2009.flv[\/flv]<\/p>\n","protected":false},"excerpt":{"rendered":"<p>Ministarstvo ure?enja prostora i za\u0161tite \u017eivotne sredine uskoro ?e objelodaniti novi projekat tenderske podjele 13 kilometara duge pla\u017ee u pet cjelina, saznaje Portal Analitika Oktobarska propast tendera za zakup Velike pla\u017ee i Ade Bojane uslovila je novi pristup Vlade Crne Gore valorizaciji zna?ajnog crnogorskog turisti?kog kompleksa. Prema informacijama Portala Analitika uskoro ?e biti objelodanjen plan [&hellip;]<\/p>\n","protected":false},"author":1,"featured_media":0,"comment_status":"open","ping_status":"closed","sticky":false,"template":"","format":"standard","meta":{"spay_email":"","jetpack_publicize_message":"","jetpack_is_tweetstorm":false,"jetpack_publicize_feature_enabled":true},"categories":[8337],"tags":[138,20,13155,19,265],"jetpack_publicize_connections":[],"yoast_head":"<!-- This site is optimized with the Yoast SEO plugin v19.1 - https:\/\/yoast.com\/wordpress\/plugins\/seo\/ -->\n<title>Velika pla\u017ea i Ada Bojana u pet modula - Lajme nga Ulqini<\/title>\n<meta name=\"description\" content=\"Ministarstvo ure?enja prostora i za\u0161tite \u017eivotne sredine uskoro ?e objelodaniti novi projekat tenderske podjele 13 kilometara duge pla\u017ee u pet cjelina,\" \/>\n<meta name=\"robots\" content=\"index, follow, max-snippet:-1, max-image-preview:large, max-video-preview:-1\" \/>\n<link rel=\"canonical\" href=\"https:\/\/www.visit-ulcinj.com\/blog\/2009\/12\/29\/velika-plaza-i-ada-bojana-u-pet-modula\/\" \/>\n<meta property=\"og:locale\" content=\"en_US\" \/>\n<meta property=\"og:type\" content=\"article\" \/>\n<meta property=\"og:title\" content=\"Velika pla\u017ea i Ada Bojana u pet modula - Lajme nga Ulqini\" \/>\n<meta property=\"og:description\" content=\"Ministarstvo ure?enja prostora i za\u0161tite \u017eivotne sredine uskoro ?e objelodaniti novi projekat tenderske podjele 13 kilometara duge pla\u017ee u pet cjelina,\" \/>\n<meta property=\"og:url\" content=\"https:\/\/www.visit-ulcinj.com\/blog\/2009\/12\/29\/velika-plaza-i-ada-bojana-u-pet-modula\/\" \/>\n<meta property=\"og:site_name\" content=\"Lajme nga Ulqini\" \/>\n<meta property=\"article:published_time\" content=\"2009-12-29T06:15:18+00:00\" \/>\n<meta property=\"article:modified_time\" content=\"2010-01-05T17:48:47+00:00\" \/>\n<meta name=\"twitter:label1\" content=\"Written by\" \/>\n\t<meta name=\"twitter:data1\" content=\"ulqini\" \/>\n\t<meta name=\"twitter:label2\" content=\"Est. reading time\" \/>\n\t<meta name=\"twitter:data2\" content=\"3 minutes\" \/>\n<script type=\"application\/ld+json\" class=\"yoast-schema-graph\">{\"@context\":\"https:\/\/schema.org\",\"@graph\":[{\"@type\":\"WebSite\",\"@id\":\"https:\/\/www.visit-ulcinj.com\/blog\/#website\",\"url\":\"https:\/\/www.visit-ulcinj.com\/blog\/\",\"name\":\"Lajme nga Ulqini\",\"description\":\"Lajme,Vijesti,Ulqini,Ulqin,Crna Gora,Mali i Zi\",\"potentialAction\":[{\"@type\":\"SearchAction\",\"target\":{\"@type\":\"EntryPoint\",\"urlTemplate\":\"https:\/\/www.visit-ulcinj.com\/blog\/?s={search_term_string}\"},\"query-input\":\"required name=search_term_string\"}],\"inLanguage\":\"en-US\"},{\"@type\":\"WebPage\",\"@id\":\"https:\/\/www.visit-ulcinj.com\/blog\/2009\/12\/29\/velika-plaza-i-ada-bojana-u-pet-modula\/#webpage\",\"url\":\"https:\/\/www.visit-ulcinj.com\/blog\/2009\/12\/29\/velika-plaza-i-ada-bojana-u-pet-modula\/\",\"name\":\"Velika pla\u017ea i Ada Bojana u pet modula - Lajme nga Ulqini\",\"isPartOf\":{\"@id\":\"https:\/\/www.visit-ulcinj.com\/blog\/#website\"},\"datePublished\":\"2009-12-29T06:15:18+00:00\",\"dateModified\":\"2010-01-05T17:48:47+00:00\",\"author\":{\"@id\":\"https:\/\/www.visit-ulcinj.com\/blog\/#\/schema\/person\/dcab619c614d3038751c63bc2aadc06d\"},\"description\":\"Ministarstvo ure?enja prostora i za\u0161tite \u017eivotne sredine uskoro ?e objelodaniti novi projekat tenderske podjele 13 kilometara duge pla\u017ee u pet cjelina,\",\"breadcrumb\":{\"@id\":\"https:\/\/www.visit-ulcinj.com\/blog\/2009\/12\/29\/velika-plaza-i-ada-bojana-u-pet-modula\/#breadcrumb\"},\"inLanguage\":\"en-US\",\"potentialAction\":[{\"@type\":\"ReadAction\",\"target\":[\"https:\/\/www.visit-ulcinj.com\/blog\/2009\/12\/29\/velika-plaza-i-ada-bojana-u-pet-modula\/\"]}]},{\"@type\":\"BreadcrumbList\",\"@id\":\"https:\/\/www.visit-ulcinj.com\/blog\/2009\/12\/29\/velika-plaza-i-ada-bojana-u-pet-modula\/#breadcrumb\",\"itemListElement\":[{\"@type\":\"ListItem\",\"position\":1,\"name\":\"Velika pla\u017ea i Ada Bojana u pet modula\"}]},{\"@type\":\"Person\",\"@id\":\"https:\/\/www.visit-ulcinj.com\/blog\/#\/schema\/person\/dcab619c614d3038751c63bc2aadc06d\",\"name\":\"ulqini\",\"sameAs\":[\"http:\/\/www.visit-ulcinj.com\"],\"url\":\"https:\/\/www.visit-ulcinj.com\/blog\/author\/admin\/\"}]}<\/script>\n<!-- \/ Yoast SEO plugin. -->","yoast_head_json":{"title":"Velika pla\u017ea i Ada Bojana u pet modula - Lajme nga Ulqini","description":"Ministarstvo ure?enja prostora i za\u0161tite \u017eivotne sredine uskoro ?e objelodaniti novi projekat tenderske podjele 13 kilometara duge pla\u017ee u pet cjelina,","robots":{"index":"index","follow":"follow","max-snippet":"max-snippet:-1","max-image-preview":"max-image-preview:large","max-video-preview":"max-video-preview:-1"},"canonical":"https:\/\/www.visit-ulcinj.com\/blog\/2009\/12\/29\/velika-plaza-i-ada-bojana-u-pet-modula\/","og_locale":"en_US","og_type":"article","og_title":"Velika pla\u017ea i Ada Bojana u pet modula - Lajme nga Ulqini","og_description":"Ministarstvo ure?enja prostora i za\u0161tite \u017eivotne sredine uskoro ?e objelodaniti novi projekat tenderske podjele 13 kilometara duge pla\u017ee u pet cjelina,","og_url":"https:\/\/www.visit-ulcinj.com\/blog\/2009\/12\/29\/velika-plaza-i-ada-bojana-u-pet-modula\/","og_site_name":"Lajme nga Ulqini","article_published_time":"2009-12-29T06:15:18+00:00","article_modified_time":"2010-01-05T17:48:47+00:00","twitter_misc":{"Written by":"ulqini","Est. reading time":"3 minutes"},"schema":{"@context":"https:\/\/schema.org","@graph":[{"@type":"WebSite","@id":"https:\/\/www.visit-ulcinj.com\/blog\/#website","url":"https:\/\/www.visit-ulcinj.com\/blog\/","name":"Lajme nga Ulqini","description":"Lajme,Vijesti,Ulqini,Ulqin,Crna Gora,Mali i Zi","potentialAction":[{"@type":"SearchAction","target":{"@type":"EntryPoint","urlTemplate":"https:\/\/www.visit-ulcinj.com\/blog\/?s={search_term_string}"},"query-input":"required name=search_term_string"}],"inLanguage":"en-US"},{"@type":"WebPage","@id":"https:\/\/www.visit-ulcinj.com\/blog\/2009\/12\/29\/velika-plaza-i-ada-bojana-u-pet-modula\/#webpage","url":"https:\/\/www.visit-ulcinj.com\/blog\/2009\/12\/29\/velika-plaza-i-ada-bojana-u-pet-modula\/","name":"Velika pla\u017ea i Ada Bojana u pet modula - Lajme nga Ulqini","isPartOf":{"@id":"https:\/\/www.visit-ulcinj.com\/blog\/#website"},"datePublished":"2009-12-29T06:15:18+00:00","dateModified":"2010-01-05T17:48:47+00:00","author":{"@id":"https:\/\/www.visit-ulcinj.com\/blog\/#\/schema\/person\/dcab619c614d3038751c63bc2aadc06d"},"description":"Ministarstvo ure?enja prostora i za\u0161tite \u017eivotne sredine uskoro ?e objelodaniti novi projekat tenderske podjele 13 kilometara duge pla\u017ee u pet cjelina,","breadcrumb":{"@id":"https:\/\/www.visit-ulcinj.com\/blog\/2009\/12\/29\/velika-plaza-i-ada-bojana-u-pet-modula\/#breadcrumb"},"inLanguage":"en-US","potentialAction":[{"@type":"ReadAction","target":["https:\/\/www.visit-ulcinj.com\/blog\/2009\/12\/29\/velika-plaza-i-ada-bojana-u-pet-modula\/"]}]},{"@type":"BreadcrumbList","@id":"https:\/\/www.visit-ulcinj.com\/blog\/2009\/12\/29\/velika-plaza-i-ada-bojana-u-pet-modula\/#breadcrumb","itemListElement":[{"@type":"ListItem","position":1,"name":"Velika pla\u017ea i Ada Bojana u pet modula"}]},{"@type":"Person","@id":"https:\/\/www.visit-ulcinj.com\/blog\/#\/schema\/person\/dcab619c614d3038751c63bc2aadc06d","name":"ulqini","sameAs":["http:\/\/www.visit-ulcinj.com"],"url":"https:\/\/www.visit-ulcinj.com\/blog\/author\/admin\/"}]}},"jetpack_featured_media_url":"","jetpack_sharing_enabled":true,"jetpack_shortlink":"https:\/\/wp.me\/pe6lTn-7vY","_links":{"self":[{"href":"https:\/\/www.visit-ulcinj.com\/blog\/wp-json\/wp\/v2\/posts\/28890"}],"collection":[{"href":"https:\/\/www.visit-ulcinj.com\/blog\/wp-json\/wp\/v2\/posts"}],"about":[{"href":"https:\/\/www.visit-ulcinj.com\/blog\/wp-json\/wp\/v2\/types\/post"}],"author":[{"embeddable":true,"href":"https:\/\/www.visit-ulcinj.com\/blog\/wp-json\/wp\/v2\/users\/1"}],"replies":[{"embeddable":true,"href":"https:\/\/www.visit-ulcinj.com\/blog\/wp-json\/wp\/v2\/comments?post=28890"}],"version-history":[{"count":0,"href":"https:\/\/www.visit-ulcinj.com\/blog\/wp-json\/wp\/v2\/posts\/28890\/revisions"}],"wp:attachment":[{"href":"https:\/\/www.visit-ulcinj.com\/blog\/wp-json\/wp\/v2\/media?parent=28890"}],"wp:term":[{"taxonomy":"category","embeddable":true,"href":"https:\/\/www.visit-ulcinj.com\/blog\/wp-json\/wp\/v2\/categories?post=28890"},{"taxonomy":"post_tag","embeddable":true,"href":"https:\/\/www.visit-ulcinj.com\/blog\/wp-json\/wp\/v2\/tags?post=28890"}],"curies":[{"name":"wp","href":"https:\/\/api.w.org\/{rel}","templated":true}]}}