{"id":289,"date":"2008-01-26T12:16:26","date_gmt":"2008-01-26T17:16:26","guid":{"rendered":"http:\/\/www.visit-ulcinj.com\/blog\/2008\/01\/26\/u-ulcinj-zimska-turisticka-sezona-u-punom-jeku\/"},"modified":"2008-02-12T19:51:21","modified_gmt":"2008-02-13T00:51:21","slug":"u-ulcinj-zimska-turisticka-sezona-u-punom-jeku","status":"publish","type":"post","link":"https:\/\/www.visit-ulcinj.com\/blog\/2008\/01\/26\/u-ulcinj-zimska-turisticka-sezona-u-punom-jeku\/","title":{"rendered":"U Ulcinj zimska turisti?ka sezona u punom jeku"},"content":{"rendered":"<p><a href=\"http:\/\/www.visit-ulcinj.com\/blog\/2008\/01\/26\/u-ulcinj-zimska-turisticka-sezona-u-punom-jeku\/hotel-olympic-ulcinjulqin\/\" rel=\"attachment wp-att-290\" title=\"Hotel \u201cOlympic ulcinj\/ulqin\"><img loading=\"lazy\" src=\"http:\/\/www.visit-ulcinj.com\/blog\/wp-content\/uploads\/2008\/01\/hotel-olympic-ulcinj.jpg\" alt=\"Hotel \u201cOlympic ulcinj\/ulqin\" align=\"left\" height=\"150\" hspace=\"5\" vspace=\"5\" width=\"171\" \/><\/a><strong>Ulcinj &#8211; raj za sportiste<\/strong><br \/>\nI ove, ba\u0161 kao i prethodnih godina, nosilac zimske turisti?ke sezone u najju\u017enijem crnogorskom gradu je Hotelsko turisti?ko preduze?e Ulcinjska rivijera, preciznije hotel Olimpik na Velikoj pla\u017ei.<br \/>\nSte?ajni upravnik HTP Ulcinjska rivijera Miomir Jak\u0161i?<!--more--> isti?e da Rivijera, nikada spremnija nije do?ekala zimsku turisti?ku sezonu.<br \/>\nNa\u0161i aduti su, navodi Jak\u0161i?, pripremljenih fudbalskih terena u krugu od 300 metara ima pet.<br \/>\n&#8211; Sportisti na raspolaganju imaju i teretenu, trim staze, bazen i saunu. To \u0161to se sportski klubovi uvijek vra?aju na pripreme kod nas, a svake godine \u201edobijemo\u201c i nove klijente, dokazuje da sportistima zaista nudimo idealnu pripremnu bazu u zimskom periodu- istakao je Jak\u0161i?.<br \/>\n\u201eGu\u017eve\u201c u \u201eRivijeri\u201c po?ele su ve? osmog januara, znatno ranije nego obi?no.<br \/>\n&#8211; Trenutno je popunjeno 70 odsto kapaciteta, a poznato je da na\u0161i sportisti po?inju sa priprema u februaru, tako da u narednom periodu o?ekujemo pun buking. Na priprema je trenutno FK Mogren, do ?etvrtka je kod nas bila i Atletska reprezentacija. Kod nas su na pripremama i omladinci fudbalskih klubova \u201eSutjeska\u201c i \u201eCrvena stijena\u201c. Ove sedmice o?ekujemo \u201eDe?i?\u201c iz Podgorice, a ve? su kod nas smje\u0161teni i sportisti nekoliko klubova iz Albanije- pri?a Jak\u0161i?, dodav\u0161i da je sve to zaista iznad svih o?ekivanja.<br \/>\nUzgred, u februaru ?e na pripreme u Ulcinj sti?i jo\u0161 crnogorskih klubova, dvije ekipe Premijer lige iz Srbije, zatim iz Bosne i Hercegovine.<img loading=\"lazy\" src=\"http:\/\/s271.photobucket.com\/albums\/jj129\/ulqin\/th_MIOMIR-JAKSIC.jpg\" align=\"right\" height=\"136\" width=\"175\" \/><br \/>\n&#8211; Ono \u0161to me posebno raduje je \u0161to se u objektima i terenima Ulcinjske rivijere priprema fudbalska selekcija Crne Gore &#8211; kadeti i omladinci. Na kraju, u februaru ?e popunjenost hotel biti stopostotna, konkretno od 2. do 17. ne?e biti ama ba\u0161 nijednog slobodnog le\u017eaja u hotelu. Nakon tog perioda hotel tako?e nastavlja sa racdom a popunjenost ?e iznositi 70 odsto- kazao je Jak\u0161i?, dodav\u0161i da ?e fudbalske ekipe biti na pripremama, naizmjeni?no, sve do 5. marta, kada po?inju pripreme hotela za ljetnju turisti?ku sezonu.<br \/>\nPrvi sajam na kom ?e se predstaviti Ulcinjska rivijera je sajam u Budvi, koji ?e se odr\u017eati od 7. do 9. februara. Zatim slijede sajmovi u Pragu od 13. do 17. februara, sajam u Beogradu od 27. do 29. februara, zatim sajam u Berlinu od 9. 13. marta. S.Gani?<br \/>\nwww.republika.cg.yu<\/p>\n","protected":false},"excerpt":{"rendered":"<p><img loading=\"lazy\" src=\"http:\/\/www.visit-ulcinj.com\/blog\/wp-content\/uploads\/2008\/01\/hotel-olympic-ulcinj.jpg\" alt=\"Hotel \u201cOlympic ulcinj\/ulqin\" height=\"140\" width=\"140\" \/><\/p>\n","protected":false},"author":1,"featured_media":0,"comment_status":"open","ping_status":"closed","sticky":false,"template":"","format":"standard","meta":{"spay_email":"","jetpack_publicize_message":"","jetpack_is_tweetstorm":false,"jetpack_publicize_feature_enabled":true},"categories":[15],"tags":[1247,811,809,810,808,807,251,252,516,265],"jetpack_publicize_connections":[],"yoast_head":"<!-- This site is optimized with the Yoast SEO plugin v19.1 - https:\/\/yoast.com\/wordpress\/plugins\/seo\/ -->\n<title>U Ulcinj zimska turisti?ka sezona u punom jeku - Lajme nga Ulqini<\/title>\n<meta name=\"robots\" content=\"index, follow, max-snippet:-1, max-image-preview:large, max-video-preview:-1\" \/>\n<link rel=\"canonical\" href=\"https:\/\/www.visit-ulcinj.com\/blog\/2008\/01\/26\/u-ulcinj-zimska-turisticka-sezona-u-punom-jeku\/\" \/>\n<meta property=\"og:locale\" content=\"en_US\" \/>\n<meta property=\"og:type\" content=\"article\" \/>\n<meta property=\"og:title\" content=\"U Ulcinj zimska turisti?ka sezona u punom jeku - Lajme nga Ulqini\" \/>\n<meta property=\"og:url\" content=\"https:\/\/www.visit-ulcinj.com\/blog\/2008\/01\/26\/u-ulcinj-zimska-turisticka-sezona-u-punom-jeku\/\" \/>\n<meta property=\"og:site_name\" content=\"Lajme nga Ulqini\" \/>\n<meta property=\"article:published_time\" content=\"2008-01-26T17:16:26+00:00\" \/>\n<meta property=\"article:modified_time\" content=\"2008-02-13T00:51:21+00:00\" \/>\n<meta property=\"og:image\" content=\"http:\/\/www.visit-ulcinj.com\/blog\/wp-content\/uploads\/2008\/01\/hotel-olympic-ulcinj.jpg\" \/>\n<meta name=\"twitter:label1\" content=\"Written by\" \/>\n\t<meta name=\"twitter:data1\" content=\"ulqini\" \/>\n\t<meta name=\"twitter:label2\" content=\"Est. reading time\" \/>\n\t<meta name=\"twitter:data2\" content=\"2 minutes\" \/>\n<script type=\"application\/ld+json\" class=\"yoast-schema-graph\">{\"@context\":\"https:\/\/schema.org\",\"@graph\":[{\"@type\":\"WebSite\",\"@id\":\"https:\/\/www.visit-ulcinj.com\/blog\/#website\",\"url\":\"https:\/\/www.visit-ulcinj.com\/blog\/\",\"name\":\"Lajme nga Ulqini\",\"description\":\"Lajme,Vijesti,Ulqini,Ulqin,Crna Gora,Mali i Zi\",\"potentialAction\":[{\"@type\":\"SearchAction\",\"target\":{\"@type\":\"EntryPoint\",\"urlTemplate\":\"https:\/\/www.visit-ulcinj.com\/blog\/?s={search_term_string}\"},\"query-input\":\"required name=search_term_string\"}],\"inLanguage\":\"en-US\"},{\"@type\":\"ImageObject\",\"inLanguage\":\"en-US\",\"@id\":\"https:\/\/www.visit-ulcinj.com\/blog\/2008\/01\/26\/u-ulcinj-zimska-turisticka-sezona-u-punom-jeku\/#primaryimage\",\"url\":\"http:\/\/www.visit-ulcinj.com\/blog\/wp-content\/uploads\/2008\/01\/hotel-olympic-ulcinj.jpg\",\"contentUrl\":\"http:\/\/www.visit-ulcinj.com\/blog\/wp-content\/uploads\/2008\/01\/hotel-olympic-ulcinj.jpg\"},{\"@type\":\"WebPage\",\"@id\":\"https:\/\/www.visit-ulcinj.com\/blog\/2008\/01\/26\/u-ulcinj-zimska-turisticka-sezona-u-punom-jeku\/#webpage\",\"url\":\"https:\/\/www.visit-ulcinj.com\/blog\/2008\/01\/26\/u-ulcinj-zimska-turisticka-sezona-u-punom-jeku\/\",\"name\":\"U Ulcinj zimska turisti?ka sezona u punom jeku - Lajme nga Ulqini\",\"isPartOf\":{\"@id\":\"https:\/\/www.visit-ulcinj.com\/blog\/#website\"},\"primaryImageOfPage\":{\"@id\":\"https:\/\/www.visit-ulcinj.com\/blog\/2008\/01\/26\/u-ulcinj-zimska-turisticka-sezona-u-punom-jeku\/#primaryimage\"},\"datePublished\":\"2008-01-26T17:16:26+00:00\",\"dateModified\":\"2008-02-13T00:51:21+00:00\",\"author\":{\"@id\":\"https:\/\/www.visit-ulcinj.com\/blog\/#\/schema\/person\/dcab619c614d3038751c63bc2aadc06d\"},\"breadcrumb\":{\"@id\":\"https:\/\/www.visit-ulcinj.com\/blog\/2008\/01\/26\/u-ulcinj-zimska-turisticka-sezona-u-punom-jeku\/#breadcrumb\"},\"inLanguage\":\"en-US\",\"potentialAction\":[{\"@type\":\"ReadAction\",\"target\":[\"https:\/\/www.visit-ulcinj.com\/blog\/2008\/01\/26\/u-ulcinj-zimska-turisticka-sezona-u-punom-jeku\/\"]}]},{\"@type\":\"BreadcrumbList\",\"@id\":\"https:\/\/www.visit-ulcinj.com\/blog\/2008\/01\/26\/u-ulcinj-zimska-turisticka-sezona-u-punom-jeku\/#breadcrumb\",\"itemListElement\":[{\"@type\":\"ListItem\",\"position\":1,\"name\":\"U Ulcinj zimska turisti?ka sezona u punom jeku\"}]},{\"@type\":\"Person\",\"@id\":\"https:\/\/www.visit-ulcinj.com\/blog\/#\/schema\/person\/dcab619c614d3038751c63bc2aadc06d\",\"name\":\"ulqini\",\"sameAs\":[\"http:\/\/www.visit-ulcinj.com\"],\"url\":\"https:\/\/www.visit-ulcinj.com\/blog\/author\/admin\/\"}]}<\/script>\n<!-- \/ Yoast SEO plugin. -->","yoast_head_json":{"title":"U Ulcinj zimska turisti?ka sezona u punom jeku - Lajme nga Ulqini","robots":{"index":"index","follow":"follow","max-snippet":"max-snippet:-1","max-image-preview":"max-image-preview:large","max-video-preview":"max-video-preview:-1"},"canonical":"https:\/\/www.visit-ulcinj.com\/blog\/2008\/01\/26\/u-ulcinj-zimska-turisticka-sezona-u-punom-jeku\/","og_locale":"en_US","og_type":"article","og_title":"U Ulcinj zimska turisti?ka sezona u punom jeku - Lajme nga Ulqini","og_url":"https:\/\/www.visit-ulcinj.com\/blog\/2008\/01\/26\/u-ulcinj-zimska-turisticka-sezona-u-punom-jeku\/","og_site_name":"Lajme nga Ulqini","article_published_time":"2008-01-26T17:16:26+00:00","article_modified_time":"2008-02-13T00:51:21+00:00","og_image":[{"url":"http:\/\/www.visit-ulcinj.com\/blog\/wp-content\/uploads\/2008\/01\/hotel-olympic-ulcinj.jpg"}],"twitter_misc":{"Written by":"ulqini","Est. reading time":"2 minutes"},"schema":{"@context":"https:\/\/schema.org","@graph":[{"@type":"WebSite","@id":"https:\/\/www.visit-ulcinj.com\/blog\/#website","url":"https:\/\/www.visit-ulcinj.com\/blog\/","name":"Lajme nga Ulqini","description":"Lajme,Vijesti,Ulqini,Ulqin,Crna Gora,Mali i Zi","potentialAction":[{"@type":"SearchAction","target":{"@type":"EntryPoint","urlTemplate":"https:\/\/www.visit-ulcinj.com\/blog\/?s={search_term_string}"},"query-input":"required name=search_term_string"}],"inLanguage":"en-US"},{"@type":"ImageObject","inLanguage":"en-US","@id":"https:\/\/www.visit-ulcinj.com\/blog\/2008\/01\/26\/u-ulcinj-zimska-turisticka-sezona-u-punom-jeku\/#primaryimage","url":"http:\/\/www.visit-ulcinj.com\/blog\/wp-content\/uploads\/2008\/01\/hotel-olympic-ulcinj.jpg","contentUrl":"http:\/\/www.visit-ulcinj.com\/blog\/wp-content\/uploads\/2008\/01\/hotel-olympic-ulcinj.jpg"},{"@type":"WebPage","@id":"https:\/\/www.visit-ulcinj.com\/blog\/2008\/01\/26\/u-ulcinj-zimska-turisticka-sezona-u-punom-jeku\/#webpage","url":"https:\/\/www.visit-ulcinj.com\/blog\/2008\/01\/26\/u-ulcinj-zimska-turisticka-sezona-u-punom-jeku\/","name":"U Ulcinj zimska turisti?ka sezona u punom jeku - Lajme nga Ulqini","isPartOf":{"@id":"https:\/\/www.visit-ulcinj.com\/blog\/#website"},"primaryImageOfPage":{"@id":"https:\/\/www.visit-ulcinj.com\/blog\/2008\/01\/26\/u-ulcinj-zimska-turisticka-sezona-u-punom-jeku\/#primaryimage"},"datePublished":"2008-01-26T17:16:26+00:00","dateModified":"2008-02-13T00:51:21+00:00","author":{"@id":"https:\/\/www.visit-ulcinj.com\/blog\/#\/schema\/person\/dcab619c614d3038751c63bc2aadc06d"},"breadcrumb":{"@id":"https:\/\/www.visit-ulcinj.com\/blog\/2008\/01\/26\/u-ulcinj-zimska-turisticka-sezona-u-punom-jeku\/#breadcrumb"},"inLanguage":"en-US","potentialAction":[{"@type":"ReadAction","target":["https:\/\/www.visit-ulcinj.com\/blog\/2008\/01\/26\/u-ulcinj-zimska-turisticka-sezona-u-punom-jeku\/"]}]},{"@type":"BreadcrumbList","@id":"https:\/\/www.visit-ulcinj.com\/blog\/2008\/01\/26\/u-ulcinj-zimska-turisticka-sezona-u-punom-jeku\/#breadcrumb","itemListElement":[{"@type":"ListItem","position":1,"name":"U Ulcinj zimska turisti?ka sezona u punom jeku"}]},{"@type":"Person","@id":"https:\/\/www.visit-ulcinj.com\/blog\/#\/schema\/person\/dcab619c614d3038751c63bc2aadc06d","name":"ulqini","sameAs":["http:\/\/www.visit-ulcinj.com"],"url":"https:\/\/www.visit-ulcinj.com\/blog\/author\/admin\/"}]}},"jetpack_featured_media_url":"","jetpack_sharing_enabled":true,"jetpack_shortlink":"https:\/\/wp.me\/pe6lTn-4F","_links":{"self":[{"href":"https:\/\/www.visit-ulcinj.com\/blog\/wp-json\/wp\/v2\/posts\/289"}],"collection":[{"href":"https:\/\/www.visit-ulcinj.com\/blog\/wp-json\/wp\/v2\/posts"}],"about":[{"href":"https:\/\/www.visit-ulcinj.com\/blog\/wp-json\/wp\/v2\/types\/post"}],"author":[{"embeddable":true,"href":"https:\/\/www.visit-ulcinj.com\/blog\/wp-json\/wp\/v2\/users\/1"}],"replies":[{"embeddable":true,"href":"https:\/\/www.visit-ulcinj.com\/blog\/wp-json\/wp\/v2\/comments?post=289"}],"version-history":[{"count":0,"href":"https:\/\/www.visit-ulcinj.com\/blog\/wp-json\/wp\/v2\/posts\/289\/revisions"}],"wp:attachment":[{"href":"https:\/\/www.visit-ulcinj.com\/blog\/wp-json\/wp\/v2\/media?parent=289"}],"wp:term":[{"taxonomy":"category","embeddable":true,"href":"https:\/\/www.visit-ulcinj.com\/blog\/wp-json\/wp\/v2\/categories?post=289"},{"taxonomy":"post_tag","embeddable":true,"href":"https:\/\/www.visit-ulcinj.com\/blog\/wp-json\/wp\/v2\/tags?post=289"}],"curies":[{"name":"wp","href":"https:\/\/api.w.org\/{rel}","templated":true}]}}