{"id":28902,"date":"2009-12-29T08:47:39","date_gmt":"2009-12-29T06:47:39","guid":{"rendered":"http:\/\/www.visit-ulcinj.com\/blog\/?p=28902"},"modified":"2009-12-29T08:47:39","modified_gmt":"2009-12-29T06:47:39","slug":"danas-ulcinjska-skupstina-cifre-pred-praznike","status":"publish","type":"post","link":"https:\/\/www.visit-ulcinj.com\/blog\/2009\/12\/29\/danas-ulcinjska-skupstina-cifre-pred-praznike\/","title":{"rendered":"Danas ulcinjska skup\u0161tina : Cifre pred praznike"},"content":{"rendered":"<p><img loading=\"lazy\" class=\"alignleft\" title=\"ulcinjska skup\u0161tina\" src=\"http:\/\/www.visit-ulcinj.com\/blog\/wp-content\/uploads\/2009\/07\/skupstina-ulcinj.jpg\" alt=\"\" width=\"580\" height=\"400\" \/>Ulcinj &#8211; Odbornici u ulcinjskom parlamentu danas ?e raspravljati o bud\u017eetu za narednu i njegovom rebalansu za ovu godinu. Od ambicioznog bud\u017eeta za ovu godinu, planiranog u iznosu od 16.220.000 eura, realizovano je svega 5,5 miliona ili 33,35 odsto. U op\u0161tinskom Sekretarijatu tvrde da je za nerealizaciju bud\u017eeta kriva kriza \u201czbog koje nijesu ostvareni prihodi od prodaje zemlji\u0161ta planirani u iznosu od 8,2 miliona eura\u201d. U op\u0161tinsku kasu nije se slilo ni 2,7 miliona eura planiranih po osnovu naknade za ure?ivanje i izgradnju gradskog gra?evinskog zemlji\u0161ta.<br \/>\nOd Egalizacionog fonda, Op\u0161tina je ove godine inkasirala planiranih 700 hiljada eura a istu sumu o?ekuje i naredne. U bud\u017eetu za 2010, planiranom u iznosu od 12.806.000 eura, opet su se na\u0161li i prihodi od prodaje nepokretnosti, ali ovoga puta u iznosu od 5,6 miliona eura. Od bud\u017eeta \u201cte\u0161kog\u201d 12.806.000 eura, 6,7 miliona ili 54 odsto, planirano je za kapitalne investicije dok 46 odsto predstavlja operativni bud\u017eet. Pred odbornicima ?e se na?i i zavr\u0161ni ra?un za pro\u0161lu godinu. Od 7.350.000 eura, koliko je bilo planirano rebalansom bud\u017eeta, ostavreno je blizu 7 miliona ili ne\u0161to vi\u0161e od 95 odsto.<\/p>\n<p><strong>S.A.<br \/>\n<a href=\"http:\/\/www.vijesti.me\/index.php?id_pre=326202&amp;godina=2009\" target=\"_blank\">Vijesti<\/a><\/strong><\/p>\n","protected":false},"excerpt":{"rendered":"<p>Ulcinj &#8211; Odbornici u ulcinjskom parlamentu danas ?e raspravljati o bud\u017eetu za narednu i njegovom rebalansu za ovu godinu. Od ambicioznog bud\u017eeta za ovu godinu, planiranog u iznosu od 16.220.000 eura, realizovano je svega 5,5 miliona ili 33,35 odsto. U op\u0161tinskom Sekretarijatu tvrde da je za nerealizaciju bud\u017eeta kriva kriza \u201czbog koje nijesu ostvareni prihodi [&hellip;]<\/p>\n","protected":false},"author":1,"featured_media":0,"comment_status":"open","ping_status":"closed","sticky":false,"template":"","format":"standard","meta":{"spay_email":"","jetpack_publicize_message":"","jetpack_is_tweetstorm":false,"jetpack_publicize_feature_enabled":true},"categories":[8337],"tags":[698],"jetpack_publicize_connections":[],"yoast_head":"<!-- This site is optimized with the Yoast SEO plugin v19.1 - https:\/\/yoast.com\/wordpress\/plugins\/seo\/ -->\n<title>Danas ulcinjska skup\u0161tina : Cifre pred praznike - Lajme nga Ulqini<\/title>\n<meta name=\"description\" content=\"Ulcinj - Odbornici u ulcinjskom parlamentu danas ?e raspravljati o bud\u017eetu za narednu i njegovom rebalansu za ovu godinu. Od ambicioznog bud\u017eeta za ovu\" \/>\n<meta name=\"robots\" content=\"index, follow, max-snippet:-1, max-image-preview:large, max-video-preview:-1\" \/>\n<link rel=\"canonical\" href=\"https:\/\/www.visit-ulcinj.com\/blog\/2009\/12\/29\/danas-ulcinjska-skupstina-cifre-pred-praznike\/\" \/>\n<meta property=\"og:locale\" content=\"en_US\" \/>\n<meta property=\"og:type\" content=\"article\" \/>\n<meta property=\"og:title\" content=\"Danas ulcinjska skup\u0161tina : Cifre pred praznike - Lajme nga Ulqini\" \/>\n<meta property=\"og:description\" content=\"Ulcinj - Odbornici u ulcinjskom parlamentu danas ?e raspravljati o bud\u017eetu za narednu i njegovom rebalansu za ovu godinu. Od ambicioznog bud\u017eeta za ovu\" \/>\n<meta property=\"og:url\" content=\"https:\/\/www.visit-ulcinj.com\/blog\/2009\/12\/29\/danas-ulcinjska-skupstina-cifre-pred-praznike\/\" \/>\n<meta property=\"og:site_name\" content=\"Lajme nga Ulqini\" \/>\n<meta property=\"article:published_time\" content=\"2009-12-29T06:47:39+00:00\" \/>\n<meta property=\"og:image\" content=\"http:\/\/www.visit-ulcinj.com\/blog\/wp-content\/uploads\/2009\/07\/skupstina-ulcinj.jpg\" \/>\n<meta name=\"twitter:label1\" content=\"Written by\" \/>\n\t<meta name=\"twitter:data1\" content=\"ulqini\" \/>\n\t<meta name=\"twitter:label2\" content=\"Est. reading time\" \/>\n\t<meta name=\"twitter:data2\" content=\"1 minute\" \/>\n<script type=\"application\/ld+json\" class=\"yoast-schema-graph\">{\"@context\":\"https:\/\/schema.org\",\"@graph\":[{\"@type\":\"WebSite\",\"@id\":\"https:\/\/www.visit-ulcinj.com\/blog\/#website\",\"url\":\"https:\/\/www.visit-ulcinj.com\/blog\/\",\"name\":\"Lajme nga Ulqini\",\"description\":\"Lajme,Vijesti,Ulqini,Ulqin,Crna Gora,Mali i Zi\",\"potentialAction\":[{\"@type\":\"SearchAction\",\"target\":{\"@type\":\"EntryPoint\",\"urlTemplate\":\"https:\/\/www.visit-ulcinj.com\/blog\/?s={search_term_string}\"},\"query-input\":\"required name=search_term_string\"}],\"inLanguage\":\"en-US\"},{\"@type\":\"ImageObject\",\"inLanguage\":\"en-US\",\"@id\":\"https:\/\/www.visit-ulcinj.com\/blog\/2009\/12\/29\/danas-ulcinjska-skupstina-cifre-pred-praznike\/#primaryimage\",\"url\":\"https:\/\/www.visit-ulcinj.com\/blog\/wp-content\/uploads\/2009\/07\/skupstina-ulcinj.jpg\",\"contentUrl\":\"https:\/\/www.visit-ulcinj.com\/blog\/wp-content\/uploads\/2009\/07\/skupstina-ulcinj.jpg\",\"width\":\"640\",\"height\":\"450\"},{\"@type\":\"WebPage\",\"@id\":\"https:\/\/www.visit-ulcinj.com\/blog\/2009\/12\/29\/danas-ulcinjska-skupstina-cifre-pred-praznike\/#webpage\",\"url\":\"https:\/\/www.visit-ulcinj.com\/blog\/2009\/12\/29\/danas-ulcinjska-skupstina-cifre-pred-praznike\/\",\"name\":\"Danas ulcinjska skup\u0161tina : Cifre pred praznike - Lajme nga Ulqini\",\"isPartOf\":{\"@id\":\"https:\/\/www.visit-ulcinj.com\/blog\/#website\"},\"primaryImageOfPage\":{\"@id\":\"https:\/\/www.visit-ulcinj.com\/blog\/2009\/12\/29\/danas-ulcinjska-skupstina-cifre-pred-praznike\/#primaryimage\"},\"datePublished\":\"2009-12-29T06:47:39+00:00\",\"dateModified\":\"2009-12-29T06:47:39+00:00\",\"author\":{\"@id\":\"https:\/\/www.visit-ulcinj.com\/blog\/#\/schema\/person\/dcab619c614d3038751c63bc2aadc06d\"},\"description\":\"Ulcinj - Odbornici u ulcinjskom parlamentu danas ?e raspravljati o bud\u017eetu za narednu i njegovom rebalansu za ovu godinu. Od ambicioznog bud\u017eeta za ovu\",\"breadcrumb\":{\"@id\":\"https:\/\/www.visit-ulcinj.com\/blog\/2009\/12\/29\/danas-ulcinjska-skupstina-cifre-pred-praznike\/#breadcrumb\"},\"inLanguage\":\"en-US\",\"potentialAction\":[{\"@type\":\"ReadAction\",\"target\":[\"https:\/\/www.visit-ulcinj.com\/blog\/2009\/12\/29\/danas-ulcinjska-skupstina-cifre-pred-praznike\/\"]}]},{\"@type\":\"BreadcrumbList\",\"@id\":\"https:\/\/www.visit-ulcinj.com\/blog\/2009\/12\/29\/danas-ulcinjska-skupstina-cifre-pred-praznike\/#breadcrumb\",\"itemListElement\":[{\"@type\":\"ListItem\",\"position\":1,\"name\":\"Danas ulcinjska skup\u0161tina : Cifre pred praznike\"}]},{\"@type\":\"Person\",\"@id\":\"https:\/\/www.visit-ulcinj.com\/blog\/#\/schema\/person\/dcab619c614d3038751c63bc2aadc06d\",\"name\":\"ulqini\",\"sameAs\":[\"http:\/\/www.visit-ulcinj.com\"],\"url\":\"https:\/\/www.visit-ulcinj.com\/blog\/author\/admin\/\"}]}<\/script>\n<!-- \/ Yoast SEO plugin. -->","yoast_head_json":{"title":"Danas ulcinjska skup\u0161tina : Cifre pred praznike - Lajme nga Ulqini","description":"Ulcinj - Odbornici u ulcinjskom parlamentu danas ?e raspravljati o bud\u017eetu za narednu i njegovom rebalansu za ovu godinu. Od ambicioznog bud\u017eeta za ovu","robots":{"index":"index","follow":"follow","max-snippet":"max-snippet:-1","max-image-preview":"max-image-preview:large","max-video-preview":"max-video-preview:-1"},"canonical":"https:\/\/www.visit-ulcinj.com\/blog\/2009\/12\/29\/danas-ulcinjska-skupstina-cifre-pred-praznike\/","og_locale":"en_US","og_type":"article","og_title":"Danas ulcinjska skup\u0161tina : Cifre pred praznike - Lajme nga Ulqini","og_description":"Ulcinj - Odbornici u ulcinjskom parlamentu danas ?e raspravljati o bud\u017eetu za narednu i njegovom rebalansu za ovu godinu. Od ambicioznog bud\u017eeta za ovu","og_url":"https:\/\/www.visit-ulcinj.com\/blog\/2009\/12\/29\/danas-ulcinjska-skupstina-cifre-pred-praznike\/","og_site_name":"Lajme nga Ulqini","article_published_time":"2009-12-29T06:47:39+00:00","og_image":[{"url":"http:\/\/www.visit-ulcinj.com\/blog\/wp-content\/uploads\/2009\/07\/skupstina-ulcinj.jpg"}],"twitter_misc":{"Written by":"ulqini","Est. reading time":"1 minute"},"schema":{"@context":"https:\/\/schema.org","@graph":[{"@type":"WebSite","@id":"https:\/\/www.visit-ulcinj.com\/blog\/#website","url":"https:\/\/www.visit-ulcinj.com\/blog\/","name":"Lajme nga Ulqini","description":"Lajme,Vijesti,Ulqini,Ulqin,Crna Gora,Mali i Zi","potentialAction":[{"@type":"SearchAction","target":{"@type":"EntryPoint","urlTemplate":"https:\/\/www.visit-ulcinj.com\/blog\/?s={search_term_string}"},"query-input":"required name=search_term_string"}],"inLanguage":"en-US"},{"@type":"ImageObject","inLanguage":"en-US","@id":"https:\/\/www.visit-ulcinj.com\/blog\/2009\/12\/29\/danas-ulcinjska-skupstina-cifre-pred-praznike\/#primaryimage","url":"https:\/\/www.visit-ulcinj.com\/blog\/wp-content\/uploads\/2009\/07\/skupstina-ulcinj.jpg","contentUrl":"https:\/\/www.visit-ulcinj.com\/blog\/wp-content\/uploads\/2009\/07\/skupstina-ulcinj.jpg","width":"640","height":"450"},{"@type":"WebPage","@id":"https:\/\/www.visit-ulcinj.com\/blog\/2009\/12\/29\/danas-ulcinjska-skupstina-cifre-pred-praznike\/#webpage","url":"https:\/\/www.visit-ulcinj.com\/blog\/2009\/12\/29\/danas-ulcinjska-skupstina-cifre-pred-praznike\/","name":"Danas ulcinjska skup\u0161tina : Cifre pred praznike - Lajme nga Ulqini","isPartOf":{"@id":"https:\/\/www.visit-ulcinj.com\/blog\/#website"},"primaryImageOfPage":{"@id":"https:\/\/www.visit-ulcinj.com\/blog\/2009\/12\/29\/danas-ulcinjska-skupstina-cifre-pred-praznike\/#primaryimage"},"datePublished":"2009-12-29T06:47:39+00:00","dateModified":"2009-12-29T06:47:39+00:00","author":{"@id":"https:\/\/www.visit-ulcinj.com\/blog\/#\/schema\/person\/dcab619c614d3038751c63bc2aadc06d"},"description":"Ulcinj - Odbornici u ulcinjskom parlamentu danas ?e raspravljati o bud\u017eetu za narednu i njegovom rebalansu za ovu godinu. Od ambicioznog bud\u017eeta za ovu","breadcrumb":{"@id":"https:\/\/www.visit-ulcinj.com\/blog\/2009\/12\/29\/danas-ulcinjska-skupstina-cifre-pred-praznike\/#breadcrumb"},"inLanguage":"en-US","potentialAction":[{"@type":"ReadAction","target":["https:\/\/www.visit-ulcinj.com\/blog\/2009\/12\/29\/danas-ulcinjska-skupstina-cifre-pred-praznike\/"]}]},{"@type":"BreadcrumbList","@id":"https:\/\/www.visit-ulcinj.com\/blog\/2009\/12\/29\/danas-ulcinjska-skupstina-cifre-pred-praznike\/#breadcrumb","itemListElement":[{"@type":"ListItem","position":1,"name":"Danas ulcinjska skup\u0161tina : Cifre pred praznike"}]},{"@type":"Person","@id":"https:\/\/www.visit-ulcinj.com\/blog\/#\/schema\/person\/dcab619c614d3038751c63bc2aadc06d","name":"ulqini","sameAs":["http:\/\/www.visit-ulcinj.com"],"url":"https:\/\/www.visit-ulcinj.com\/blog\/author\/admin\/"}]}},"jetpack_featured_media_url":"","jetpack_sharing_enabled":true,"jetpack_shortlink":"https:\/\/wp.me\/pe6lTn-7wa","_links":{"self":[{"href":"https:\/\/www.visit-ulcinj.com\/blog\/wp-json\/wp\/v2\/posts\/28902"}],"collection":[{"href":"https:\/\/www.visit-ulcinj.com\/blog\/wp-json\/wp\/v2\/posts"}],"about":[{"href":"https:\/\/www.visit-ulcinj.com\/blog\/wp-json\/wp\/v2\/types\/post"}],"author":[{"embeddable":true,"href":"https:\/\/www.visit-ulcinj.com\/blog\/wp-json\/wp\/v2\/users\/1"}],"replies":[{"embeddable":true,"href":"https:\/\/www.visit-ulcinj.com\/blog\/wp-json\/wp\/v2\/comments?post=28902"}],"version-history":[{"count":0,"href":"https:\/\/www.visit-ulcinj.com\/blog\/wp-json\/wp\/v2\/posts\/28902\/revisions"}],"wp:attachment":[{"href":"https:\/\/www.visit-ulcinj.com\/blog\/wp-json\/wp\/v2\/media?parent=28902"}],"wp:term":[{"taxonomy":"category","embeddable":true,"href":"https:\/\/www.visit-ulcinj.com\/blog\/wp-json\/wp\/v2\/categories?post=28902"},{"taxonomy":"post_tag","embeddable":true,"href":"https:\/\/www.visit-ulcinj.com\/blog\/wp-json\/wp\/v2\/tags?post=28902"}],"curies":[{"name":"wp","href":"https:\/\/api.w.org\/{rel}","templated":true}]}}