{"id":2891,"date":"2008-09-01T13:58:23","date_gmt":"2008-09-01T18:58:23","guid":{"rendered":"http:\/\/www.visit-ulcinj.com\/blog\/?p=2891"},"modified":"2008-09-01T14:01:55","modified_gmt":"2008-09-01T19:01:55","slug":"kosarkaski-klub-ulcinj-ostaje-bez-tim-menadzerapavla-pepdonovica","status":"publish","type":"post","link":"https:\/\/www.visit-ulcinj.com\/blog\/2008\/09\/01\/kosarkaski-klub-ulcinj-ostaje-bez-tim-menadzerapavla-pepdonovica\/","title":{"rendered":"Ko\u0161arka\u0161ki klub Ulcinj, ostaje bez tim-menad\u017eera,Pavla Pep?onovi?a"},"content":{"rendered":"<p><a href=\"http:\/\/www.visit-ulcinj.com\/blog\/wp-content\/uploads\/2008\/09\/pavle-pepdonovic-ulcinj.jpg\"><img loading=\"lazy\" class=\"alignleft size-medium wp-image-2892\" title=\"pavle-pepdonovic-ulcinj\" src=\"http:\/\/www.visit-ulcinj.com\/blog\/wp-content\/uploads\/2008\/09\/pavle-pepdonovic-ulcinj-300x204.jpg\" alt=\"\" width=\"300\" height=\"204\" srcset=\"https:\/\/www.visit-ulcinj.com\/blog\/wp-content\/uploads\/2008\/09\/pavle-pepdonovic-ulcinj-300x204.jpg 300w, https:\/\/www.visit-ulcinj.com\/blog\/wp-content\/uploads\/2008\/09\/pavle-pepdonovic-ulcinj.jpg 350w\" sizes=\"(max-width: 300px) 100vw, 300px\" \/><\/a><strong>Povla?i se Pep?onovi?<\/strong><br \/>\nPodgorica &#8211; Ko\u0161arka\u0161ki klub Ulcinj, koji je prije dvije godine bio hit sezone, plasirao se na zavr\u0161ni turnir Kupa Crne Gore i u polufinale plej-ofa, a pro\u0161le mu je za malo izmakla Superliga, ostaje bez klju?nog ?ovjeka. Naime, tim-menad\u017eer Pavle Pep?onovi? odlu?io je da se povu?e, a zvani?no ?e to objaviti u utorak na konferenciji za novinare. Biv\u0161i igra? Ulcinja na ovakav potez se odlu?io zbog velikih problema koje klub ima, a sam vi\u0161e ne mo\u017ee da se bori za egzistenciju.<br \/>\n&#8211; Nemam vi\u0161e snage sam da se borim sa problemima. Ve? \u0161est godina radim na tome da klub organizujem \u0161to bolje, da imamo \u0161to bolje rezultate, ali to niko od ljudi iz lokalne samouprave ne mo\u017ee da prepozna. Imamo dosta problema, velika su odricanja sa moje strane, jer imam i privatnu firmu. Me?utim, nije mi \u017eao, ali do\u0161ao je trenutak da vi\u0161e ne mogu sam da se borim sa svim aproblemima i odlu?io sam da se povu?em &#8211; istakao je Pep?onovi?.<br \/>\nOdluku o odlasku sa mjesta tim-menad\u017eera donio je te\u0161ka srca.<br \/>\n&#8211; Zaista mi je te\u0161ko, ne mogu da opi\u0161em kako se osje?am posljednja dva dana poslije odluke da se povu?em. Nije mi lako, volim Ulcinj, to je moj klub, ali vi\u0161e nijesam mogao sam &#8211; zaklju?io je Pep?onovi?.<br \/>\n<strong>D.M.<br \/>\nIzvor \/ Vijesti<\/strong><\/p>\n<!-- vimeo error: not a vimeo video -->\n<p style=\"text-align: center;\"><a href=\"http:\/\/www.visit-ulcinj.com\/?rub=taxicobi\"><img loading=\"lazy\" class=\"aligncenter size-full wp-image-2798\" title=\"taxi-cobi-ulqintaxi-cobi-ulcinjcrna-goramontenegromali-i-ziulqini\" src=\"http:\/\/www.visit-ulcinj.com\/blog\/wp-content\/uploads\/2008\/08\/taxi-cobi-ulqintaxi-cobi-ulcinjcrna-goramontenegromali-i-ziulqini.jpg\" alt=\"\" width=\"320\" height=\"150\" srcset=\"https:\/\/www.visit-ulcinj.com\/blog\/wp-content\/uploads\/2008\/08\/taxi-cobi-ulqintaxi-cobi-ulcinjcrna-goramontenegromali-i-ziulqini.jpg 320w, https:\/\/www.visit-ulcinj.com\/blog\/wp-content\/uploads\/2008\/08\/taxi-cobi-ulqintaxi-cobi-ulcinjcrna-goramontenegromali-i-ziulqini-300x140.jpg 300w\" sizes=\"(max-width: 320px) 100vw, 320px\" \/><\/a><\/p>\n","protected":false},"excerpt":{"rendered":"<p><img loading=\"lazy\" class=\"alignleft size-medium wp-image-2892\" title=\"pavle-pepdonovic-ulcinj\" src=\"http:\/\/www.visit-ulcinj.com\/blog\/wp-content\/uploads\/2008\/09\/pavle-pepdonovic-ulcinj-300x204.jpg\" alt=\"\" width=\"140\" height=\"140\" \/><\/p>\n","protected":false},"author":1,"featured_media":0,"comment_status":"open","ping_status":"closed","sticky":false,"template":"","format":"standard","meta":{"spay_email":"","jetpack_publicize_message":"","jetpack_is_tweetstorm":false,"jetpack_publicize_feature_enabled":true},"categories":[12,3],"tags":[4460,4461,184,19],"jetpack_publicize_connections":[],"yoast_head":"<!-- This site is optimized with the Yoast SEO plugin v19.1 - https:\/\/yoast.com\/wordpress\/plugins\/seo\/ -->\n<title>Ko\u0161arka\u0161ki klub Ulcinj, ostaje bez tim-menad\u017eera,Pavla Pep?onovi?a - Lajme nga Ulqini<\/title>\n<meta name=\"robots\" content=\"index, follow, max-snippet:-1, max-image-preview:large, max-video-preview:-1\" \/>\n<link rel=\"canonical\" href=\"https:\/\/www.visit-ulcinj.com\/blog\/2008\/09\/01\/kosarkaski-klub-ulcinj-ostaje-bez-tim-menadzerapavla-pepdonovica\/\" \/>\n<meta property=\"og:locale\" content=\"en_US\" \/>\n<meta property=\"og:type\" content=\"article\" \/>\n<meta property=\"og:title\" content=\"Ko\u0161arka\u0161ki klub Ulcinj, ostaje bez tim-menad\u017eera,Pavla Pep?onovi?a - Lajme nga Ulqini\" \/>\n<meta property=\"og:url\" content=\"https:\/\/www.visit-ulcinj.com\/blog\/2008\/09\/01\/kosarkaski-klub-ulcinj-ostaje-bez-tim-menadzerapavla-pepdonovica\/\" \/>\n<meta property=\"og:site_name\" content=\"Lajme nga Ulqini\" \/>\n<meta property=\"article:published_time\" content=\"2008-09-01T18:58:23+00:00\" \/>\n<meta property=\"article:modified_time\" content=\"2008-09-01T19:01:55+00:00\" \/>\n<meta property=\"og:image\" content=\"http:\/\/www.visit-ulcinj.com\/blog\/wp-content\/uploads\/2008\/09\/pavle-pepdonovic-ulcinj-300x204.jpg\" \/>\n<meta name=\"twitter:label1\" content=\"Written by\" \/>\n\t<meta name=\"twitter:data1\" content=\"ulqini\" \/>\n\t<meta name=\"twitter:label2\" content=\"Est. reading time\" \/>\n\t<meta name=\"twitter:data2\" content=\"1 minute\" \/>\n<script type=\"application\/ld+json\" class=\"yoast-schema-graph\">{\"@context\":\"https:\/\/schema.org\",\"@graph\":[{\"@type\":\"WebSite\",\"@id\":\"https:\/\/www.visit-ulcinj.com\/blog\/#website\",\"url\":\"https:\/\/www.visit-ulcinj.com\/blog\/\",\"name\":\"Lajme nga Ulqini\",\"description\":\"Lajme,Vijesti,Ulqini,Ulqin,Crna Gora,Mali i Zi\",\"potentialAction\":[{\"@type\":\"SearchAction\",\"target\":{\"@type\":\"EntryPoint\",\"urlTemplate\":\"https:\/\/www.visit-ulcinj.com\/blog\/?s={search_term_string}\"},\"query-input\":\"required name=search_term_string\"}],\"inLanguage\":\"en-US\"},{\"@type\":\"ImageObject\",\"inLanguage\":\"en-US\",\"@id\":\"https:\/\/www.visit-ulcinj.com\/blog\/2008\/09\/01\/kosarkaski-klub-ulcinj-ostaje-bez-tim-menadzerapavla-pepdonovica\/#primaryimage\",\"url\":\"http:\/\/www.visit-ulcinj.com\/blog\/wp-content\/uploads\/2008\/09\/pavle-pepdonovic-ulcinj-300x204.jpg\",\"contentUrl\":\"http:\/\/www.visit-ulcinj.com\/blog\/wp-content\/uploads\/2008\/09\/pavle-pepdonovic-ulcinj-300x204.jpg\"},{\"@type\":\"WebPage\",\"@id\":\"https:\/\/www.visit-ulcinj.com\/blog\/2008\/09\/01\/kosarkaski-klub-ulcinj-ostaje-bez-tim-menadzerapavla-pepdonovica\/#webpage\",\"url\":\"https:\/\/www.visit-ulcinj.com\/blog\/2008\/09\/01\/kosarkaski-klub-ulcinj-ostaje-bez-tim-menadzerapavla-pepdonovica\/\",\"name\":\"Ko\u0161arka\u0161ki klub Ulcinj, ostaje bez tim-menad\u017eera,Pavla Pep?onovi?a - Lajme nga Ulqini\",\"isPartOf\":{\"@id\":\"https:\/\/www.visit-ulcinj.com\/blog\/#website\"},\"primaryImageOfPage\":{\"@id\":\"https:\/\/www.visit-ulcinj.com\/blog\/2008\/09\/01\/kosarkaski-klub-ulcinj-ostaje-bez-tim-menadzerapavla-pepdonovica\/#primaryimage\"},\"datePublished\":\"2008-09-01T18:58:23+00:00\",\"dateModified\":\"2008-09-01T19:01:55+00:00\",\"author\":{\"@id\":\"https:\/\/www.visit-ulcinj.com\/blog\/#\/schema\/person\/dcab619c614d3038751c63bc2aadc06d\"},\"breadcrumb\":{\"@id\":\"https:\/\/www.visit-ulcinj.com\/blog\/2008\/09\/01\/kosarkaski-klub-ulcinj-ostaje-bez-tim-menadzerapavla-pepdonovica\/#breadcrumb\"},\"inLanguage\":\"en-US\",\"potentialAction\":[{\"@type\":\"ReadAction\",\"target\":[\"https:\/\/www.visit-ulcinj.com\/blog\/2008\/09\/01\/kosarkaski-klub-ulcinj-ostaje-bez-tim-menadzerapavla-pepdonovica\/\"]}]},{\"@type\":\"BreadcrumbList\",\"@id\":\"https:\/\/www.visit-ulcinj.com\/blog\/2008\/09\/01\/kosarkaski-klub-ulcinj-ostaje-bez-tim-menadzerapavla-pepdonovica\/#breadcrumb\",\"itemListElement\":[{\"@type\":\"ListItem\",\"position\":1,\"name\":\"Ko\u0161arka\u0161ki klub Ulcinj, ostaje bez tim-menad\u017eera,Pavla Pep?onovi?a\"}]},{\"@type\":\"Person\",\"@id\":\"https:\/\/www.visit-ulcinj.com\/blog\/#\/schema\/person\/dcab619c614d3038751c63bc2aadc06d\",\"name\":\"ulqini\",\"sameAs\":[\"http:\/\/www.visit-ulcinj.com\"],\"url\":\"https:\/\/www.visit-ulcinj.com\/blog\/author\/admin\/\"}]}<\/script>\n<!-- \/ Yoast SEO plugin. -->","yoast_head_json":{"title":"Ko\u0161arka\u0161ki klub Ulcinj, ostaje bez tim-menad\u017eera,Pavla Pep?onovi?a - Lajme nga Ulqini","robots":{"index":"index","follow":"follow","max-snippet":"max-snippet:-1","max-image-preview":"max-image-preview:large","max-video-preview":"max-video-preview:-1"},"canonical":"https:\/\/www.visit-ulcinj.com\/blog\/2008\/09\/01\/kosarkaski-klub-ulcinj-ostaje-bez-tim-menadzerapavla-pepdonovica\/","og_locale":"en_US","og_type":"article","og_title":"Ko\u0161arka\u0161ki klub Ulcinj, ostaje bez tim-menad\u017eera,Pavla Pep?onovi?a - Lajme nga Ulqini","og_url":"https:\/\/www.visit-ulcinj.com\/blog\/2008\/09\/01\/kosarkaski-klub-ulcinj-ostaje-bez-tim-menadzerapavla-pepdonovica\/","og_site_name":"Lajme nga Ulqini","article_published_time":"2008-09-01T18:58:23+00:00","article_modified_time":"2008-09-01T19:01:55+00:00","og_image":[{"url":"http:\/\/www.visit-ulcinj.com\/blog\/wp-content\/uploads\/2008\/09\/pavle-pepdonovic-ulcinj-300x204.jpg"}],"twitter_misc":{"Written by":"ulqini","Est. reading time":"1 minute"},"schema":{"@context":"https:\/\/schema.org","@graph":[{"@type":"WebSite","@id":"https:\/\/www.visit-ulcinj.com\/blog\/#website","url":"https:\/\/www.visit-ulcinj.com\/blog\/","name":"Lajme nga Ulqini","description":"Lajme,Vijesti,Ulqini,Ulqin,Crna Gora,Mali i Zi","potentialAction":[{"@type":"SearchAction","target":{"@type":"EntryPoint","urlTemplate":"https:\/\/www.visit-ulcinj.com\/blog\/?s={search_term_string}"},"query-input":"required name=search_term_string"}],"inLanguage":"en-US"},{"@type":"ImageObject","inLanguage":"en-US","@id":"https:\/\/www.visit-ulcinj.com\/blog\/2008\/09\/01\/kosarkaski-klub-ulcinj-ostaje-bez-tim-menadzerapavla-pepdonovica\/#primaryimage","url":"http:\/\/www.visit-ulcinj.com\/blog\/wp-content\/uploads\/2008\/09\/pavle-pepdonovic-ulcinj-300x204.jpg","contentUrl":"http:\/\/www.visit-ulcinj.com\/blog\/wp-content\/uploads\/2008\/09\/pavle-pepdonovic-ulcinj-300x204.jpg"},{"@type":"WebPage","@id":"https:\/\/www.visit-ulcinj.com\/blog\/2008\/09\/01\/kosarkaski-klub-ulcinj-ostaje-bez-tim-menadzerapavla-pepdonovica\/#webpage","url":"https:\/\/www.visit-ulcinj.com\/blog\/2008\/09\/01\/kosarkaski-klub-ulcinj-ostaje-bez-tim-menadzerapavla-pepdonovica\/","name":"Ko\u0161arka\u0161ki klub Ulcinj, ostaje bez tim-menad\u017eera,Pavla Pep?onovi?a - Lajme nga Ulqini","isPartOf":{"@id":"https:\/\/www.visit-ulcinj.com\/blog\/#website"},"primaryImageOfPage":{"@id":"https:\/\/www.visit-ulcinj.com\/blog\/2008\/09\/01\/kosarkaski-klub-ulcinj-ostaje-bez-tim-menadzerapavla-pepdonovica\/#primaryimage"},"datePublished":"2008-09-01T18:58:23+00:00","dateModified":"2008-09-01T19:01:55+00:00","author":{"@id":"https:\/\/www.visit-ulcinj.com\/blog\/#\/schema\/person\/dcab619c614d3038751c63bc2aadc06d"},"breadcrumb":{"@id":"https:\/\/www.visit-ulcinj.com\/blog\/2008\/09\/01\/kosarkaski-klub-ulcinj-ostaje-bez-tim-menadzerapavla-pepdonovica\/#breadcrumb"},"inLanguage":"en-US","potentialAction":[{"@type":"ReadAction","target":["https:\/\/www.visit-ulcinj.com\/blog\/2008\/09\/01\/kosarkaski-klub-ulcinj-ostaje-bez-tim-menadzerapavla-pepdonovica\/"]}]},{"@type":"BreadcrumbList","@id":"https:\/\/www.visit-ulcinj.com\/blog\/2008\/09\/01\/kosarkaski-klub-ulcinj-ostaje-bez-tim-menadzerapavla-pepdonovica\/#breadcrumb","itemListElement":[{"@type":"ListItem","position":1,"name":"Ko\u0161arka\u0161ki klub Ulcinj, ostaje bez tim-menad\u017eera,Pavla Pep?onovi?a"}]},{"@type":"Person","@id":"https:\/\/www.visit-ulcinj.com\/blog\/#\/schema\/person\/dcab619c614d3038751c63bc2aadc06d","name":"ulqini","sameAs":["http:\/\/www.visit-ulcinj.com"],"url":"https:\/\/www.visit-ulcinj.com\/blog\/author\/admin\/"}]}},"jetpack_featured_media_url":"","jetpack_sharing_enabled":true,"jetpack_shortlink":"https:\/\/wp.me\/pe6lTn-KD","_links":{"self":[{"href":"https:\/\/www.visit-ulcinj.com\/blog\/wp-json\/wp\/v2\/posts\/2891"}],"collection":[{"href":"https:\/\/www.visit-ulcinj.com\/blog\/wp-json\/wp\/v2\/posts"}],"about":[{"href":"https:\/\/www.visit-ulcinj.com\/blog\/wp-json\/wp\/v2\/types\/post"}],"author":[{"embeddable":true,"href":"https:\/\/www.visit-ulcinj.com\/blog\/wp-json\/wp\/v2\/users\/1"}],"replies":[{"embeddable":true,"href":"https:\/\/www.visit-ulcinj.com\/blog\/wp-json\/wp\/v2\/comments?post=2891"}],"version-history":[{"count":0,"href":"https:\/\/www.visit-ulcinj.com\/blog\/wp-json\/wp\/v2\/posts\/2891\/revisions"}],"wp:attachment":[{"href":"https:\/\/www.visit-ulcinj.com\/blog\/wp-json\/wp\/v2\/media?parent=2891"}],"wp:term":[{"taxonomy":"category","embeddable":true,"href":"https:\/\/www.visit-ulcinj.com\/blog\/wp-json\/wp\/v2\/categories?post=2891"},{"taxonomy":"post_tag","embeddable":true,"href":"https:\/\/www.visit-ulcinj.com\/blog\/wp-json\/wp\/v2\/tags?post=2891"}],"curies":[{"name":"wp","href":"https:\/\/api.w.org\/{rel}","templated":true}]}}