{"id":28910,"date":"2009-12-29T10:00:55","date_gmt":"2009-12-29T08:00:55","guid":{"rendered":"http:\/\/www.visit-ulcinj.com\/blog\/?p=28910"},"modified":"2009-12-29T19:46:42","modified_gmt":"2009-12-29T17:46:42","slug":"juliana-pasha-shkon-ne-%e2%80%9ceurovizion%e2%80%9d","status":"publish","type":"post","link":"https:\/\/www.visit-ulcinj.com\/blog\/2009\/12\/29\/juliana-pasha-shkon-ne-%e2%80%9ceurovizion%e2%80%9d\/","title":{"rendered":"Juliana Pasha shkon n\u00eb \u201cEurovizion\u201d"},"content":{"rendered":"<p><a href=\"http:\/\/www.visit-ulcinj.com\/blog\/wp-content\/uploads\/2009\/12\/Juliana-Pasha.jpg\"><img loading=\"lazy\" class=\"alignleft size-full wp-image-28911\" title=\"Juliana Pasha\" src=\"http:\/\/www.visit-ulcinj.com\/blog\/wp-content\/uploads\/2009\/12\/Juliana-Pasha.jpg\" alt=\"Juliana Pasha\" width=\"405\" height=\"297\" \/><\/a>K\u00ebng\u00ebtarja Juliana Pasha me k\u00ebng\u00ebn \u201cNuk mundem pa ty\u201d ka fituar \u00e7mimin e par\u00eb n\u00eb Festivalin e K\u00ebng\u00ebs n\u00eb RTSH, shp\u00ebrblim i cili, sikur dihet, i mund\u00ebson asaj pjes\u00ebmarrje dhe p\u00ebrfaq\u00ebsim t\u00eb Shqip\u00ebris\u00eb n\u00eb Festivalin Evropian t\u00eb k\u00ebng\u00ebs, \u201cEurovizion\u201d. N\u00eb edicionin e tij t\u00eb 48-t\u00eb, k\u00ebng\u00ebtarja Pasha ka z\u00ebn\u00eb vendin e par\u00eb me votat e dh\u00ebna nga juria profesionale e Festivalit. K\u00ebnga \u201cNuk mundem pa ty\u201d \u00ebsht\u00eb krijuar nga tre emra t\u00eb njohur t\u00eb artit shqiptar, si Ardit Gjebrea, q\u00eb \u00ebsht\u00eb kompozitor i saj, Pirro \u00c7ako, q\u00eb \u00ebsht\u00eb autor i tekstit dhe Shp\u00ebtim Sara\u00e7i, i cili ka b\u00ebr\u00eb orkestrimin e k\u00ebng\u00ebs fituese n\u00eb \u201cFest 48\u201d. Juliana Pasha ka grumbulluar m\u00eb shum\u00eb pik\u00eb se k\u00ebng\u00ebtarja Anjeza Shahini, e cila me k\u00ebng\u00ebn \u201cPasqyr\u00eb e vetvetes\u201d \u00ebsht\u00eb renditur e dyta, nd\u00ebrkaq vendin e tret\u00eb e ka z\u00ebn\u00eb Kamela Islami me k\u00ebng\u00ebn \u201cGj\u00ebra t\u00eb thjeshta\u201d. Juliana Pasha e ka pritur me lot n\u00eb sy k\u00ebt\u00eb \u00e7mim, duke u shprehur: \u201cV\u00ebrtet \u00ebsht\u00eb nj\u00eb vler\u00eb q\u00eb mora pjes\u00eb n\u00eb k\u00ebt\u00eb sken\u00eb, andaj ju fal\u00ebnderoj t\u00eb gjith\u00ebve q\u00eb m\u00eb dhat\u00eb k\u00ebt\u00eb mund\u00ebsi\u201d . Vet\u00eb Juliana e ka vler\u00ebsuar k\u00ebng\u00ebn q\u00eb \u00ebsht\u00eb shum\u00eb e bukur, me nj\u00eb tekst t\u00eb bukur dashurie, vargje t\u00eb t\u00eb cilit thon\u00eb: &#8220;Nuk mundem pa ty, nuk kam jet\u00eb pa ty, rr\u00ebfej mrekullin\u00eb e bot\u00ebs time\u2026&#8221;.<br \/>\n<strong><br \/>\nEmra n\u00eb z\u00eb t\u00eb sken\u00ebs n\u00eb \u201cFest 48\u201d<\/strong><\/p>\n<p><a href=\"http:\/\/www.visit-ulcinj.com\/blog\/wp-content\/uploads\/2009\/12\/Juliana-Pasha-.6.jpg\"><img loading=\"lazy\" class=\"alignleft size-medium wp-image-28912\" title=\"Juliana Pasha .6\" src=\"http:\/\/www.visit-ulcinj.com\/blog\/wp-content\/uploads\/2009\/12\/Juliana-Pasha-.6-199x300.jpg\" alt=\"Juliana Pasha .6\" width=\"199\" height=\"300\" \/><\/a>N\u00eb k\u00ebt\u00eb edicion kan\u00eb konkurruar 36 krijime muzikore, t\u00eb p\u00ebrzgjedhura n\u00eb mesin e 78 sosh, sa jan\u00eb paraqitur n\u00eb fillim, nga nj\u00eb juri e p\u00ebrb\u00ebr\u00eb nga emra t\u00eb njohur t\u00eb muzik\u00ebs, si: Zana Shuteriqi, Fatmir Hysi, Zef \u00c7oba, Irma Libohova, Fran\u00e7esk Radi, Redon Makashi, Kozeta Mamaqi, Selim Ishmaku dhe Xhavit Ujkani. Nd\u00ebrkaq, k\u00ebto k\u00ebng\u00eb kan\u00eb p\u00ebr autor\u00eb emra m\u00eb n\u00eb z\u00eb t\u00eb sken\u00ebs, si: Gjebrea, Ka\u00e7inari, Zhulali, Qafoku, Sina, Hila, Lako, Nini, Prodani etj. Drejtore e festivalit ka qen\u00eb Zamira Koleci, drejtor artistik Selim Ishmaku, redaktor p\u00ebrgjegj\u00ebs Fran\u00e7esk Radi, regjisor Osman Mula, skenograf Marco Cane, ndri\u00e7imi Franko Ferrara dhe Fonia Emanuele Doninni. Nd\u00ebrkaq, Orkestra Simfonike ka shoqruar \u2018live\u2019 k\u00ebng\u00ebtar\u00ebt n\u00eb sken\u00eb, duke pasur p\u00ebrpar\u00ebsi partiturat, ku kan\u00eb mbizot\u00ebruar harqet, pianofortja dhe grupi vokal. Festivali \u00ebsht\u00eb mbajtur p\u00ebr kat\u00ebr net radhazi n\u00eb datat 24, 25, 26 dhe 27 Dhjetor, t\u00eb cilat jan\u00eb quajtur si nata e t\u00eb rinjve, nata e VIP-ave, nata e dueteve dhe nata e \u00e7mimeve t\u00eb m\u00ebdha. Drejtp\u00ebrdrejt nga Pallati i Kongreseve festivali \u00ebsht\u00eb transmetuar nga RTSH-ja.<\/p>\n<p><strong>Pjes\u00ebmarrja e Shqip\u00ebris\u00eb n\u00ebp\u00ebr vite n\u00eb \u201cEurosong\u201d<\/strong><a href=\"http:\/\/www.visit-ulcinj.com\/blog\/wp-content\/uploads\/2009\/12\/Juliana-Pasha-.7.jpg\"><img loading=\"lazy\" class=\"alignright size-medium wp-image-28914\" title=\"Juliana Pasha .7\" src=\"http:\/\/www.visit-ulcinj.com\/blog\/wp-content\/uploads\/2009\/12\/Juliana-Pasha-.7-199x300.jpg\" alt=\"Juliana Pasha .7\" width=\"199\" height=\"300\" \/><\/a><\/p>\n<p>Juliana Pasha, fituese e \u00e7mimit t\u00eb par\u00eb t\u00eb Festivalit t\u00eb 48-t\u00eb t\u00eb K\u00ebng\u00ebs n\u00eb RTSH, do t\u00eb p\u00ebrfaq\u00ebsoj\u00eb muzik\u00ebn e leht\u00eb shqiptare n\u00eb Festivalin Evropian n\u00eb Oslo, Norvegji. Kjo \u00ebsht\u00eb hera e shtat\u00eb q\u00eb Shqip\u00ebria konkurron n\u00eb \u201cEurosong\u201d. P\u00ebr her\u00eb t\u00eb par\u00eb kjo ndodhi n\u00eb vitin 2004, kur k\u00ebnga me titull \u201cImazhi yt\u201d e kompozitorit Edmond Zhulali u interpretua n\u00eb sken\u00ebn e Eurosong-ut n\u00eb Turqi nga k\u00ebng\u00ebtarja Anjeza Shahini. Nj\u00eb vit me pas, Shqip\u00ebria u p\u00ebrfaq\u00ebsua me k\u00ebng\u00ebtaren Ledina \u00c7elo me k\u00ebng\u00ebn \u201cNes\u00ebr shkoj\u201d t\u00eb kompozitorit Adrian Hila dhe me poet Pandi La\u00e7on. N\u00eb vitin 2006 k\u00ebt\u00eb fat e kishte k\u00ebng\u00ebtari Luis Ejlli me k\u00ebng\u00ebn \u201cZjarr e ftohte\u201d t\u00eb Klodian Qafokut. I rikthyer n\u00eb atdhe pas shum\u00eb vite emigrimi, k\u00ebng\u00ebtari Frederik Ndoci, n\u00eb maj t\u00eb 2007-s, shkoi n\u00eb \u201cEurosong\u201d me k\u00ebng\u00ebn \u201cBalada e gurit\u201d, t\u00eb punuar nga Adrian Hila e Pandi La\u00e7o. N\u00eb \u201cEurosong\u201d-un e vitit 2008, shkoi k\u00ebng\u00ebtarja Olta Boka me krijimin &#8220;Zemr\u00ebn e lam\u00eb peng&#8221;, kompozim i Adrian Hil\u00ebs dhe tekst t\u00eb Pandi La\u00e7os. K\u00ebt\u00eb vit, n\u00eb Mosk\u00eb Shqip\u00ebria u p\u00ebrfaq\u00ebsua me k\u00ebng\u00ebn &#8220;M\u00eb merr n\u00eb \u00ebnd\u00ebrr&#8221;, k\u00ebnduar nga Kejsi Tola, kompozim i Edmond Zhulalit me tekst t\u00eb Agim Do\u00e7it. Vlen t\u00eb p\u00ebrmendet se nga gjith\u00eb k\u00ebta emra, Anjeza Shahini ka qen\u00eb ajo q\u00eb \u00ebsht\u00eb ngjitur m\u00eb s\u00eb larti n\u00eb Festivalin Evropian, duke u radhitur n\u00eb vendin e gjasht\u00eb.<\/p>\n<p><strong>Violet\u00eb Pllana<br \/>\nBota Sot<br \/>\n<br \/>\n<\/strong><!--YouTube Error: bad URL entered--><\/p>\n","protected":false},"excerpt":{"rendered":"<p>K\u00ebng\u00ebtarja Juliana Pasha me k\u00ebng\u00ebn \u201cNuk mundem pa ty\u201d ka fituar \u00e7mimin e par\u00eb n\u00eb Festivalin e K\u00ebng\u00ebs n\u00eb RTSH, shp\u00ebrblim i cili, sikur dihet, i mund\u00ebson asaj pjes\u00ebmarrje dhe p\u00ebrfaq\u00ebsim t\u00eb Shqip\u00ebris\u00eb n\u00eb Festivalin Evropian t\u00eb k\u00ebng\u00ebs, \u201cEurovizion\u201d. N\u00eb edicionin e tij t\u00eb 48-t\u00eb, k\u00ebng\u00ebtarja Pasha ka z\u00ebn\u00eb vendin e par\u00eb me votat e [&hellip;]<\/p>\n","protected":false},"author":1,"featured_media":0,"comment_status":"open","ping_status":"closed","sticky":false,"template":"","format":"standard","meta":{"spay_email":"","jetpack_publicize_message":"","jetpack_is_tweetstorm":false,"jetpack_publicize_feature_enabled":true},"categories":[1],"tags":[13156],"jetpack_publicize_connections":[],"yoast_head":"<!-- This site is optimized with the Yoast SEO plugin v19.1 - https:\/\/yoast.com\/wordpress\/plugins\/seo\/ -->\n<title>Juliana Pasha shkon n\u00eb \u201cEurovizion\u201d - Lajme nga Ulqini<\/title>\n<meta name=\"description\" content=\"K\u00ebng\u00ebtarja Juliana Pasha me k\u00ebng\u00ebn \u201cNuk mundem pa ty\u201d ka fituar \u00e7mimin e par\u00eb n\u00eb Festivalin e K\u00ebng\u00ebs n\u00eb RTSH, shp\u00ebrblim i cili, sikur dihet, i mund\u00ebson\" \/>\n<meta name=\"robots\" content=\"index, follow, max-snippet:-1, max-image-preview:large, max-video-preview:-1\" \/>\n<link rel=\"canonical\" href=\"https:\/\/www.visit-ulcinj.com\/blog\/2009\/12\/29\/juliana-pasha-shkon-ne-\u201ceurovizion\u201d\/\" \/>\n<meta property=\"og:locale\" content=\"en_US\" \/>\n<meta property=\"og:type\" content=\"article\" \/>\n<meta property=\"og:title\" content=\"Juliana Pasha shkon n\u00eb \u201cEurovizion\u201d - Lajme nga Ulqini\" \/>\n<meta property=\"og:description\" content=\"K\u00ebng\u00ebtarja Juliana Pasha me k\u00ebng\u00ebn \u201cNuk mundem pa ty\u201d ka fituar \u00e7mimin e par\u00eb n\u00eb Festivalin e K\u00ebng\u00ebs n\u00eb RTSH, shp\u00ebrblim i cili, sikur dihet, i mund\u00ebson\" \/>\n<meta property=\"og:url\" content=\"https:\/\/www.visit-ulcinj.com\/blog\/2009\/12\/29\/juliana-pasha-shkon-ne-\u201ceurovizion\u201d\/\" \/>\n<meta property=\"og:site_name\" content=\"Lajme nga Ulqini\" \/>\n<meta property=\"article:published_time\" content=\"2009-12-29T08:00:55+00:00\" \/>\n<meta property=\"article:modified_time\" content=\"2009-12-29T17:46:42+00:00\" \/>\n<meta property=\"og:image\" content=\"https:\/\/www.visit-ulcinj.com\/blog\/wp-content\/uploads\/2009\/12\/Juliana-Pasha-150x150.jpg\" \/>\n<meta name=\"twitter:label1\" content=\"Written by\" \/>\n\t<meta name=\"twitter:data1\" content=\"ulqini\" \/>\n\t<meta name=\"twitter:label2\" content=\"Est. reading time\" \/>\n\t<meta name=\"twitter:data2\" content=\"4 minutes\" \/>\n<script type=\"application\/ld+json\" class=\"yoast-schema-graph\">{\"@context\":\"https:\/\/schema.org\",\"@graph\":[{\"@type\":\"WebSite\",\"@id\":\"https:\/\/www.visit-ulcinj.com\/blog\/#website\",\"url\":\"https:\/\/www.visit-ulcinj.com\/blog\/\",\"name\":\"Lajme nga Ulqini\",\"description\":\"Lajme,Vijesti,Ulqini,Ulqin,Crna Gora,Mali i Zi\",\"potentialAction\":[{\"@type\":\"SearchAction\",\"target\":{\"@type\":\"EntryPoint\",\"urlTemplate\":\"https:\/\/www.visit-ulcinj.com\/blog\/?s={search_term_string}\"},\"query-input\":\"required name=search_term_string\"}],\"inLanguage\":\"en-US\"},{\"@type\":\"ImageObject\",\"inLanguage\":\"en-US\",\"@id\":\"https:\/\/www.visit-ulcinj.com\/blog\/2009\/12\/29\/juliana-pasha-shkon-ne-%e2%80%9ceurovizion%e2%80%9d\/#primaryimage\",\"url\":\"http:\/\/www.visit-ulcinj.com\/blog\/wp-content\/uploads\/2009\/12\/Juliana-Pasha.jpg\",\"contentUrl\":\"http:\/\/www.visit-ulcinj.com\/blog\/wp-content\/uploads\/2009\/12\/Juliana-Pasha.jpg\"},{\"@type\":\"WebPage\",\"@id\":\"https:\/\/www.visit-ulcinj.com\/blog\/2009\/12\/29\/juliana-pasha-shkon-ne-%e2%80%9ceurovizion%e2%80%9d\/#webpage\",\"url\":\"https:\/\/www.visit-ulcinj.com\/blog\/2009\/12\/29\/juliana-pasha-shkon-ne-%e2%80%9ceurovizion%e2%80%9d\/\",\"name\":\"Juliana Pasha shkon n\u00eb \u201cEurovizion\u201d - Lajme nga Ulqini\",\"isPartOf\":{\"@id\":\"https:\/\/www.visit-ulcinj.com\/blog\/#website\"},\"primaryImageOfPage\":{\"@id\":\"https:\/\/www.visit-ulcinj.com\/blog\/2009\/12\/29\/juliana-pasha-shkon-ne-%e2%80%9ceurovizion%e2%80%9d\/#primaryimage\"},\"datePublished\":\"2009-12-29T08:00:55+00:00\",\"dateModified\":\"2009-12-29T17:46:42+00:00\",\"author\":{\"@id\":\"https:\/\/www.visit-ulcinj.com\/blog\/#\/schema\/person\/dcab619c614d3038751c63bc2aadc06d\"},\"description\":\"K\u00ebng\u00ebtarja Juliana Pasha me k\u00ebng\u00ebn \u201cNuk mundem pa ty\u201d ka fituar \u00e7mimin e par\u00eb n\u00eb Festivalin e K\u00ebng\u00ebs n\u00eb RTSH, shp\u00ebrblim i cili, sikur dihet, i mund\u00ebson\",\"breadcrumb\":{\"@id\":\"https:\/\/www.visit-ulcinj.com\/blog\/2009\/12\/29\/juliana-pasha-shkon-ne-%e2%80%9ceurovizion%e2%80%9d\/#breadcrumb\"},\"inLanguage\":\"en-US\",\"potentialAction\":[{\"@type\":\"ReadAction\",\"target\":[\"https:\/\/www.visit-ulcinj.com\/blog\/2009\/12\/29\/juliana-pasha-shkon-ne-%e2%80%9ceurovizion%e2%80%9d\/\"]}]},{\"@type\":\"BreadcrumbList\",\"@id\":\"https:\/\/www.visit-ulcinj.com\/blog\/2009\/12\/29\/juliana-pasha-shkon-ne-%e2%80%9ceurovizion%e2%80%9d\/#breadcrumb\",\"itemListElement\":[{\"@type\":\"ListItem\",\"position\":1,\"name\":\"Juliana Pasha shkon n\u00eb \u201cEurovizion\u201d\"}]},{\"@type\":\"Person\",\"@id\":\"https:\/\/www.visit-ulcinj.com\/blog\/#\/schema\/person\/dcab619c614d3038751c63bc2aadc06d\",\"name\":\"ulqini\",\"sameAs\":[\"http:\/\/www.visit-ulcinj.com\"],\"url\":\"https:\/\/www.visit-ulcinj.com\/blog\/author\/admin\/\"}]}<\/script>\n<!-- \/ Yoast SEO plugin. -->","yoast_head_json":{"title":"Juliana Pasha shkon n\u00eb \u201cEurovizion\u201d - Lajme nga Ulqini","description":"K\u00ebng\u00ebtarja Juliana Pasha me k\u00ebng\u00ebn \u201cNuk mundem pa ty\u201d ka fituar \u00e7mimin e par\u00eb n\u00eb Festivalin e K\u00ebng\u00ebs n\u00eb RTSH, shp\u00ebrblim i cili, sikur dihet, i mund\u00ebson","robots":{"index":"index","follow":"follow","max-snippet":"max-snippet:-1","max-image-preview":"max-image-preview:large","max-video-preview":"max-video-preview:-1"},"canonical":"https:\/\/www.visit-ulcinj.com\/blog\/2009\/12\/29\/juliana-pasha-shkon-ne-\u201ceurovizion\u201d\/","og_locale":"en_US","og_type":"article","og_title":"Juliana Pasha shkon n\u00eb \u201cEurovizion\u201d - Lajme nga Ulqini","og_description":"K\u00ebng\u00ebtarja Juliana Pasha me k\u00ebng\u00ebn \u201cNuk mundem pa ty\u201d ka fituar \u00e7mimin e par\u00eb n\u00eb Festivalin e K\u00ebng\u00ebs n\u00eb RTSH, shp\u00ebrblim i cili, sikur dihet, i mund\u00ebson","og_url":"https:\/\/www.visit-ulcinj.com\/blog\/2009\/12\/29\/juliana-pasha-shkon-ne-\u201ceurovizion\u201d\/","og_site_name":"Lajme nga Ulqini","article_published_time":"2009-12-29T08:00:55+00:00","article_modified_time":"2009-12-29T17:46:42+00:00","og_image":[{"url":"https:\/\/www.visit-ulcinj.com\/blog\/wp-content\/uploads\/2009\/12\/Juliana-Pasha-150x150.jpg"}],"twitter_misc":{"Written by":"ulqini","Est. reading time":"4 minutes"},"schema":{"@context":"https:\/\/schema.org","@graph":[{"@type":"WebSite","@id":"https:\/\/www.visit-ulcinj.com\/blog\/#website","url":"https:\/\/www.visit-ulcinj.com\/blog\/","name":"Lajme nga Ulqini","description":"Lajme,Vijesti,Ulqini,Ulqin,Crna Gora,Mali i Zi","potentialAction":[{"@type":"SearchAction","target":{"@type":"EntryPoint","urlTemplate":"https:\/\/www.visit-ulcinj.com\/blog\/?s={search_term_string}"},"query-input":"required name=search_term_string"}],"inLanguage":"en-US"},{"@type":"ImageObject","inLanguage":"en-US","@id":"https:\/\/www.visit-ulcinj.com\/blog\/2009\/12\/29\/juliana-pasha-shkon-ne-%e2%80%9ceurovizion%e2%80%9d\/#primaryimage","url":"http:\/\/www.visit-ulcinj.com\/blog\/wp-content\/uploads\/2009\/12\/Juliana-Pasha.jpg","contentUrl":"http:\/\/www.visit-ulcinj.com\/blog\/wp-content\/uploads\/2009\/12\/Juliana-Pasha.jpg"},{"@type":"WebPage","@id":"https:\/\/www.visit-ulcinj.com\/blog\/2009\/12\/29\/juliana-pasha-shkon-ne-%e2%80%9ceurovizion%e2%80%9d\/#webpage","url":"https:\/\/www.visit-ulcinj.com\/blog\/2009\/12\/29\/juliana-pasha-shkon-ne-%e2%80%9ceurovizion%e2%80%9d\/","name":"Juliana Pasha shkon n\u00eb \u201cEurovizion\u201d - Lajme nga Ulqini","isPartOf":{"@id":"https:\/\/www.visit-ulcinj.com\/blog\/#website"},"primaryImageOfPage":{"@id":"https:\/\/www.visit-ulcinj.com\/blog\/2009\/12\/29\/juliana-pasha-shkon-ne-%e2%80%9ceurovizion%e2%80%9d\/#primaryimage"},"datePublished":"2009-12-29T08:00:55+00:00","dateModified":"2009-12-29T17:46:42+00:00","author":{"@id":"https:\/\/www.visit-ulcinj.com\/blog\/#\/schema\/person\/dcab619c614d3038751c63bc2aadc06d"},"description":"K\u00ebng\u00ebtarja Juliana Pasha me k\u00ebng\u00ebn \u201cNuk mundem pa ty\u201d ka fituar \u00e7mimin e par\u00eb n\u00eb Festivalin e K\u00ebng\u00ebs n\u00eb RTSH, shp\u00ebrblim i cili, sikur dihet, i mund\u00ebson","breadcrumb":{"@id":"https:\/\/www.visit-ulcinj.com\/blog\/2009\/12\/29\/juliana-pasha-shkon-ne-%e2%80%9ceurovizion%e2%80%9d\/#breadcrumb"},"inLanguage":"en-US","potentialAction":[{"@type":"ReadAction","target":["https:\/\/www.visit-ulcinj.com\/blog\/2009\/12\/29\/juliana-pasha-shkon-ne-%e2%80%9ceurovizion%e2%80%9d\/"]}]},{"@type":"BreadcrumbList","@id":"https:\/\/www.visit-ulcinj.com\/blog\/2009\/12\/29\/juliana-pasha-shkon-ne-%e2%80%9ceurovizion%e2%80%9d\/#breadcrumb","itemListElement":[{"@type":"ListItem","position":1,"name":"Juliana Pasha shkon n\u00eb \u201cEurovizion\u201d"}]},{"@type":"Person","@id":"https:\/\/www.visit-ulcinj.com\/blog\/#\/schema\/person\/dcab619c614d3038751c63bc2aadc06d","name":"ulqini","sameAs":["http:\/\/www.visit-ulcinj.com"],"url":"https:\/\/www.visit-ulcinj.com\/blog\/author\/admin\/"}]}},"jetpack_featured_media_url":"","jetpack_sharing_enabled":true,"jetpack_shortlink":"https:\/\/wp.me\/pe6lTn-7wi","_links":{"self":[{"href":"https:\/\/www.visit-ulcinj.com\/blog\/wp-json\/wp\/v2\/posts\/28910"}],"collection":[{"href":"https:\/\/www.visit-ulcinj.com\/blog\/wp-json\/wp\/v2\/posts"}],"about":[{"href":"https:\/\/www.visit-ulcinj.com\/blog\/wp-json\/wp\/v2\/types\/post"}],"author":[{"embeddable":true,"href":"https:\/\/www.visit-ulcinj.com\/blog\/wp-json\/wp\/v2\/users\/1"}],"replies":[{"embeddable":true,"href":"https:\/\/www.visit-ulcinj.com\/blog\/wp-json\/wp\/v2\/comments?post=28910"}],"version-history":[{"count":0,"href":"https:\/\/www.visit-ulcinj.com\/blog\/wp-json\/wp\/v2\/posts\/28910\/revisions"}],"wp:attachment":[{"href":"https:\/\/www.visit-ulcinj.com\/blog\/wp-json\/wp\/v2\/media?parent=28910"}],"wp:term":[{"taxonomy":"category","embeddable":true,"href":"https:\/\/www.visit-ulcinj.com\/blog\/wp-json\/wp\/v2\/categories?post=28910"},{"taxonomy":"post_tag","embeddable":true,"href":"https:\/\/www.visit-ulcinj.com\/blog\/wp-json\/wp\/v2\/tags?post=28910"}],"curies":[{"name":"wp","href":"https:\/\/api.w.org\/{rel}","templated":true}]}}