{"id":28928,"date":"2009-12-30T21:25:07","date_gmt":"2009-12-30T19:25:07","guid":{"rendered":"http:\/\/www.visit-ulcinj.com\/blog\/?p=28928"},"modified":"2009-12-30T21:25:07","modified_gmt":"2009-12-30T19:25:07","slug":"ministri-sreten-shkuletiq-jep-doreheqje-video","status":"publish","type":"post","link":"https:\/\/www.visit-ulcinj.com\/blog\/2009\/12\/30\/ministri-sreten-shkuletiq-jep-doreheqje-video\/","title":{"rendered":"Ministri Sreten Shkuletiq jep dor\u00ebheqje &#8211; Video"},"content":{"rendered":"<p><a href=\"http:\/\/www.visit-ulcinj.com\/blog\/wp-content\/uploads\/2009\/12\/Sreten-SkuletiC.jpg\"><img loading=\"lazy\" class=\"alignleft size-full wp-image-28929\" title=\"Sreten SkuletiC\" src=\"http:\/\/www.visit-ulcinj.com\/blog\/wp-content\/uploads\/2009\/12\/Sreten-SkuletiC.jpg\" alt=\"Sreten SkuletiC\" width=\"580\" height=\"400\" \/><\/a>Ministri i arsimit dhe shkenc\u00ebs Sreten Shkuletiq dha sot dor\u00ebheqje n\u00eb k\u00ebt\u00eb funksion.<br \/>\nAi n\u00eb konferenc\u00eb p\u00ebr gazetar\u00eb tha se nuk jan\u00eb krijuar kushtet dhe mas\u00eb e duhur kritike p\u00ebr implementimin kualitativ t\u00eb reform\u00ebs s\u00eb arsimit n\u00eb Mal t\u00eb Zi.<br \/>\nAi theksoi se largohet nga pozita e ministrit me bindje se ka punuar duke respektuar dhe mbrojtur ligjin dhe nuk ka lejuar t\u00eb bien n\u00ebn \u00e7far\u00ebdo presioni dhe kusht\u00ebzimi.<\/p>\n<p><strong>TVCG<\/strong><\/p>\n<!--YouTube Error: bad URL entered-->\n","protected":false},"excerpt":{"rendered":"<p>Ministri i arsimit dhe shkenc\u00ebs Sreten Shkuletiq dha sot dor\u00ebheqje n\u00eb k\u00ebt\u00eb funksion. Ai n\u00eb konferenc\u00eb p\u00ebr gazetar\u00eb tha se nuk jan\u00eb krijuar kushtet dhe mas\u00eb e duhur kritike p\u00ebr implementimin kualitativ t\u00eb reform\u00ebs s\u00eb arsimit n\u00eb Mal t\u00eb Zi. Ai theksoi se largohet nga pozita e ministrit me bindje se ka punuar duke respektuar [&hellip;]<\/p>\n","protected":false},"author":1,"featured_media":0,"comment_status":"open","ping_status":"closed","sticky":false,"template":"","format":"standard","meta":{"spay_email":"","jetpack_publicize_message":"","jetpack_is_tweetstorm":false,"jetpack_publicize_feature_enabled":true},"categories":[12],"tags":[13158,13159],"jetpack_publicize_connections":[],"yoast_head":"<!-- This site is optimized with the Yoast SEO plugin v19.1 - https:\/\/yoast.com\/wordpress\/plugins\/seo\/ -->\n<title>Ministri Sreten Shkuletiq jep dor\u00ebheqje - Video - Lajme nga Ulqini<\/title>\n<meta name=\"description\" content=\"Ministri i arsimit dhe shkenc\u00ebs Sreten Shkuletiq dha sot dor\u00ebheqje n\u00eb k\u00ebt\u00eb funksion. Ai n\u00eb konferenc\u00eb p\u00ebr gazetar\u00eb tha se nuk jan\u00eb krijuar kushtet dhe\" \/>\n<meta name=\"robots\" content=\"index, follow, max-snippet:-1, max-image-preview:large, max-video-preview:-1\" \/>\n<link rel=\"canonical\" href=\"https:\/\/www.visit-ulcinj.com\/blog\/2009\/12\/30\/ministri-sreten-shkuletiq-jep-doreheqje-video\/\" \/>\n<meta property=\"og:locale\" content=\"en_US\" \/>\n<meta property=\"og:type\" content=\"article\" \/>\n<meta property=\"og:title\" content=\"Ministri Sreten Shkuletiq jep dor\u00ebheqje - Video - Lajme nga Ulqini\" \/>\n<meta property=\"og:description\" content=\"Ministri i arsimit dhe shkenc\u00ebs Sreten Shkuletiq dha sot dor\u00ebheqje n\u00eb k\u00ebt\u00eb funksion. Ai n\u00eb konferenc\u00eb p\u00ebr gazetar\u00eb tha se nuk jan\u00eb krijuar kushtet dhe\" \/>\n<meta property=\"og:url\" content=\"https:\/\/www.visit-ulcinj.com\/blog\/2009\/12\/30\/ministri-sreten-shkuletiq-jep-doreheqje-video\/\" \/>\n<meta property=\"og:site_name\" content=\"Lajme nga Ulqini\" \/>\n<meta property=\"article:published_time\" content=\"2009-12-30T19:25:07+00:00\" \/>\n<meta property=\"og:image\" content=\"http:\/\/www.visit-ulcinj.com\/blog\/wp-content\/uploads\/2009\/12\/Sreten-SkuletiC.jpg\" \/>\n<meta name=\"twitter:label1\" content=\"Written by\" \/>\n\t<meta name=\"twitter:data1\" content=\"ulqini\" \/>\n<script type=\"application\/ld+json\" class=\"yoast-schema-graph\">{\"@context\":\"https:\/\/schema.org\",\"@graph\":[{\"@type\":\"WebSite\",\"@id\":\"https:\/\/www.visit-ulcinj.com\/blog\/#website\",\"url\":\"https:\/\/www.visit-ulcinj.com\/blog\/\",\"name\":\"Lajme nga Ulqini\",\"description\":\"Lajme,Vijesti,Ulqini,Ulqin,Crna Gora,Mali i Zi\",\"potentialAction\":[{\"@type\":\"SearchAction\",\"target\":{\"@type\":\"EntryPoint\",\"urlTemplate\":\"https:\/\/www.visit-ulcinj.com\/blog\/?s={search_term_string}\"},\"query-input\":\"required name=search_term_string\"}],\"inLanguage\":\"en-US\"},{\"@type\":\"ImageObject\",\"inLanguage\":\"en-US\",\"@id\":\"https:\/\/www.visit-ulcinj.com\/blog\/2009\/12\/30\/ministri-sreten-shkuletiq-jep-doreheqje-video\/#primaryimage\",\"url\":\"https:\/\/www.visit-ulcinj.com\/blog\/wp-content\/uploads\/2009\/12\/Sreten-SkuletiC.jpg\",\"contentUrl\":\"https:\/\/www.visit-ulcinj.com\/blog\/wp-content\/uploads\/2009\/12\/Sreten-SkuletiC.jpg\",\"width\":\"640\",\"height\":\"480\"},{\"@type\":\"WebPage\",\"@id\":\"https:\/\/www.visit-ulcinj.com\/blog\/2009\/12\/30\/ministri-sreten-shkuletiq-jep-doreheqje-video\/#webpage\",\"url\":\"https:\/\/www.visit-ulcinj.com\/blog\/2009\/12\/30\/ministri-sreten-shkuletiq-jep-doreheqje-video\/\",\"name\":\"Ministri Sreten Shkuletiq jep dor\u00ebheqje - Video - Lajme nga Ulqini\",\"isPartOf\":{\"@id\":\"https:\/\/www.visit-ulcinj.com\/blog\/#website\"},\"primaryImageOfPage\":{\"@id\":\"https:\/\/www.visit-ulcinj.com\/blog\/2009\/12\/30\/ministri-sreten-shkuletiq-jep-doreheqje-video\/#primaryimage\"},\"datePublished\":\"2009-12-30T19:25:07+00:00\",\"dateModified\":\"2009-12-30T19:25:07+00:00\",\"author\":{\"@id\":\"https:\/\/www.visit-ulcinj.com\/blog\/#\/schema\/person\/dcab619c614d3038751c63bc2aadc06d\"},\"description\":\"Ministri i arsimit dhe shkenc\u00ebs Sreten Shkuletiq dha sot dor\u00ebheqje n\u00eb k\u00ebt\u00eb funksion. Ai n\u00eb konferenc\u00eb p\u00ebr gazetar\u00eb tha se nuk jan\u00eb krijuar kushtet dhe\",\"breadcrumb\":{\"@id\":\"https:\/\/www.visit-ulcinj.com\/blog\/2009\/12\/30\/ministri-sreten-shkuletiq-jep-doreheqje-video\/#breadcrumb\"},\"inLanguage\":\"en-US\",\"potentialAction\":[{\"@type\":\"ReadAction\",\"target\":[\"https:\/\/www.visit-ulcinj.com\/blog\/2009\/12\/30\/ministri-sreten-shkuletiq-jep-doreheqje-video\/\"]}]},{\"@type\":\"BreadcrumbList\",\"@id\":\"https:\/\/www.visit-ulcinj.com\/blog\/2009\/12\/30\/ministri-sreten-shkuletiq-jep-doreheqje-video\/#breadcrumb\",\"itemListElement\":[{\"@type\":\"ListItem\",\"position\":1,\"name\":\"Ministri Sreten Shkuletiq jep dor\u00ebheqje &#8211; Video\"}]},{\"@type\":\"Person\",\"@id\":\"https:\/\/www.visit-ulcinj.com\/blog\/#\/schema\/person\/dcab619c614d3038751c63bc2aadc06d\",\"name\":\"ulqini\",\"sameAs\":[\"http:\/\/www.visit-ulcinj.com\"],\"url\":\"https:\/\/www.visit-ulcinj.com\/blog\/author\/admin\/\"}]}<\/script>\n<!-- \/ Yoast SEO plugin. -->","yoast_head_json":{"title":"Ministri Sreten Shkuletiq jep dor\u00ebheqje - Video - Lajme nga Ulqini","description":"Ministri i arsimit dhe shkenc\u00ebs Sreten Shkuletiq dha sot dor\u00ebheqje n\u00eb k\u00ebt\u00eb funksion. Ai n\u00eb konferenc\u00eb p\u00ebr gazetar\u00eb tha se nuk jan\u00eb krijuar kushtet dhe","robots":{"index":"index","follow":"follow","max-snippet":"max-snippet:-1","max-image-preview":"max-image-preview:large","max-video-preview":"max-video-preview:-1"},"canonical":"https:\/\/www.visit-ulcinj.com\/blog\/2009\/12\/30\/ministri-sreten-shkuletiq-jep-doreheqje-video\/","og_locale":"en_US","og_type":"article","og_title":"Ministri Sreten Shkuletiq jep dor\u00ebheqje - Video - Lajme nga Ulqini","og_description":"Ministri i arsimit dhe shkenc\u00ebs Sreten Shkuletiq dha sot dor\u00ebheqje n\u00eb k\u00ebt\u00eb funksion. Ai n\u00eb konferenc\u00eb p\u00ebr gazetar\u00eb tha se nuk jan\u00eb krijuar kushtet dhe","og_url":"https:\/\/www.visit-ulcinj.com\/blog\/2009\/12\/30\/ministri-sreten-shkuletiq-jep-doreheqje-video\/","og_site_name":"Lajme nga Ulqini","article_published_time":"2009-12-30T19:25:07+00:00","og_image":[{"url":"http:\/\/www.visit-ulcinj.com\/blog\/wp-content\/uploads\/2009\/12\/Sreten-SkuletiC.jpg"}],"twitter_misc":{"Written by":"ulqini"},"schema":{"@context":"https:\/\/schema.org","@graph":[{"@type":"WebSite","@id":"https:\/\/www.visit-ulcinj.com\/blog\/#website","url":"https:\/\/www.visit-ulcinj.com\/blog\/","name":"Lajme nga Ulqini","description":"Lajme,Vijesti,Ulqini,Ulqin,Crna Gora,Mali i Zi","potentialAction":[{"@type":"SearchAction","target":{"@type":"EntryPoint","urlTemplate":"https:\/\/www.visit-ulcinj.com\/blog\/?s={search_term_string}"},"query-input":"required name=search_term_string"}],"inLanguage":"en-US"},{"@type":"ImageObject","inLanguage":"en-US","@id":"https:\/\/www.visit-ulcinj.com\/blog\/2009\/12\/30\/ministri-sreten-shkuletiq-jep-doreheqje-video\/#primaryimage","url":"https:\/\/www.visit-ulcinj.com\/blog\/wp-content\/uploads\/2009\/12\/Sreten-SkuletiC.jpg","contentUrl":"https:\/\/www.visit-ulcinj.com\/blog\/wp-content\/uploads\/2009\/12\/Sreten-SkuletiC.jpg","width":"640","height":"480"},{"@type":"WebPage","@id":"https:\/\/www.visit-ulcinj.com\/blog\/2009\/12\/30\/ministri-sreten-shkuletiq-jep-doreheqje-video\/#webpage","url":"https:\/\/www.visit-ulcinj.com\/blog\/2009\/12\/30\/ministri-sreten-shkuletiq-jep-doreheqje-video\/","name":"Ministri Sreten Shkuletiq jep dor\u00ebheqje - Video - Lajme nga Ulqini","isPartOf":{"@id":"https:\/\/www.visit-ulcinj.com\/blog\/#website"},"primaryImageOfPage":{"@id":"https:\/\/www.visit-ulcinj.com\/blog\/2009\/12\/30\/ministri-sreten-shkuletiq-jep-doreheqje-video\/#primaryimage"},"datePublished":"2009-12-30T19:25:07+00:00","dateModified":"2009-12-30T19:25:07+00:00","author":{"@id":"https:\/\/www.visit-ulcinj.com\/blog\/#\/schema\/person\/dcab619c614d3038751c63bc2aadc06d"},"description":"Ministri i arsimit dhe shkenc\u00ebs Sreten Shkuletiq dha sot dor\u00ebheqje n\u00eb k\u00ebt\u00eb funksion. Ai n\u00eb konferenc\u00eb p\u00ebr gazetar\u00eb tha se nuk jan\u00eb krijuar kushtet dhe","breadcrumb":{"@id":"https:\/\/www.visit-ulcinj.com\/blog\/2009\/12\/30\/ministri-sreten-shkuletiq-jep-doreheqje-video\/#breadcrumb"},"inLanguage":"en-US","potentialAction":[{"@type":"ReadAction","target":["https:\/\/www.visit-ulcinj.com\/blog\/2009\/12\/30\/ministri-sreten-shkuletiq-jep-doreheqje-video\/"]}]},{"@type":"BreadcrumbList","@id":"https:\/\/www.visit-ulcinj.com\/blog\/2009\/12\/30\/ministri-sreten-shkuletiq-jep-doreheqje-video\/#breadcrumb","itemListElement":[{"@type":"ListItem","position":1,"name":"Ministri Sreten Shkuletiq jep dor\u00ebheqje &#8211; Video"}]},{"@type":"Person","@id":"https:\/\/www.visit-ulcinj.com\/blog\/#\/schema\/person\/dcab619c614d3038751c63bc2aadc06d","name":"ulqini","sameAs":["http:\/\/www.visit-ulcinj.com"],"url":"https:\/\/www.visit-ulcinj.com\/blog\/author\/admin\/"}]}},"jetpack_featured_media_url":"","jetpack_sharing_enabled":true,"jetpack_shortlink":"https:\/\/wp.me\/pe6lTn-7wA","_links":{"self":[{"href":"https:\/\/www.visit-ulcinj.com\/blog\/wp-json\/wp\/v2\/posts\/28928"}],"collection":[{"href":"https:\/\/www.visit-ulcinj.com\/blog\/wp-json\/wp\/v2\/posts"}],"about":[{"href":"https:\/\/www.visit-ulcinj.com\/blog\/wp-json\/wp\/v2\/types\/post"}],"author":[{"embeddable":true,"href":"https:\/\/www.visit-ulcinj.com\/blog\/wp-json\/wp\/v2\/users\/1"}],"replies":[{"embeddable":true,"href":"https:\/\/www.visit-ulcinj.com\/blog\/wp-json\/wp\/v2\/comments?post=28928"}],"version-history":[{"count":0,"href":"https:\/\/www.visit-ulcinj.com\/blog\/wp-json\/wp\/v2\/posts\/28928\/revisions"}],"wp:attachment":[{"href":"https:\/\/www.visit-ulcinj.com\/blog\/wp-json\/wp\/v2\/media?parent=28928"}],"wp:term":[{"taxonomy":"category","embeddable":true,"href":"https:\/\/www.visit-ulcinj.com\/blog\/wp-json\/wp\/v2\/categories?post=28928"},{"taxonomy":"post_tag","embeddable":true,"href":"https:\/\/www.visit-ulcinj.com\/blog\/wp-json\/wp\/v2\/tags?post=28928"}],"curies":[{"name":"wp","href":"https:\/\/api.w.org\/{rel}","templated":true}]}}