{"id":28932,"date":"2009-12-30T21:41:34","date_gmt":"2009-12-30T19:41:34","guid":{"rendered":"http:\/\/www.visit-ulcinj.com\/blog\/?p=28932"},"modified":"2009-12-30T21:41:34","modified_gmt":"2009-12-30T19:41:34","slug":"gjukanoviq-opozita-nuk-eshte-e-gatshme-per-pushtet","status":"publish","type":"post","link":"https:\/\/www.visit-ulcinj.com\/blog\/2009\/12\/30\/gjukanoviq-opozita-nuk-eshte-e-gatshme-per-pushtet\/","title":{"rendered":"Gjukanoviq: Opozita nuk \u00ebsht\u00eb e gatshme p\u00ebr pushtet"},"content":{"rendered":"<p><a href=\"http:\/\/www.visit-ulcinj.com\/blog\/wp-content\/uploads\/2009\/12\/Milo-?ukanovi?.jpg\"><img loading=\"lazy\" class=\"alignleft size-medium wp-image-28933\" title=\"Milo ?ukanovi?\" src=\"http:\/\/www.visit-ulcinj.com\/blog\/wp-content\/uploads\/2009\/12\/Milo-?ukanovi?-271x300.jpg\" alt=\"Milo ?ukanovi?\" width=\"229\" height=\"254\" \/><\/a>Kryetari i qeveris\u00eb s\u00eb Malit t\u00eb Zi Millo Gjukanoviq konsideron se opozita malazeze nuk \u00ebsht\u00eb e gatshme q\u00eb ta marr\u00eb pushtetin pas t\u00ebrheqjes s\u00eb tij nga politika.<br \/>\nT\u00ebrheqja ime gjithsesi do t\u00eb pasoj\u00eb dhe ata q\u00eb mendojn\u00eb ose kan\u00eb menduar se do t\u00eb jem i p\u00ebrhersh\u00ebm n\u00eb politik nuk duhet t\u00eb ken\u00eb frik\u00eb.<br \/>\nGjithsesi, nuk duhet t\u00eb ken\u00eb frik mir\u00ebpo duhet ta kuptojn\u00eb se duhet t\u00eb p\u00ebrgatit\u00ebn mir\u00eb p\u00ebr funksionet t\u00eb cilat d\u00ebshirojn\u00eb ti ken\u00eb, theksoi Gjukanoviq.<br \/>\nKryeministri po ashtu vler\u00ebsoi se opozita e ka t\u00eb qart\u00eb se nuk \u00ebsht\u00eb leht\u00eb q\u00eb t\u00eb frik\u00ebsohet.<\/p>\n<p><strong>TVCG<\/strong><\/p>\n","protected":false},"excerpt":{"rendered":"<p>Kryetari i qeveris\u00eb s\u00eb Malit t\u00eb Zi Millo Gjukanoviq konsideron se opozita malazeze nuk \u00ebsht\u00eb e gatshme q\u00eb ta marr\u00eb pushtetin pas t\u00ebrheqjes s\u00eb tij nga politika. T\u00ebrheqja ime gjithsesi do t\u00eb pasoj\u00eb dhe ata q\u00eb mendojn\u00eb ose kan\u00eb menduar se do t\u00eb jem i p\u00ebrhersh\u00ebm n\u00eb politik nuk duhet t\u00eb ken\u00eb frik\u00eb. Gjithsesi, nuk [&hellip;]<\/p>\n","protected":false},"author":1,"featured_media":0,"comment_status":"open","ping_status":"closed","sticky":false,"template":"","format":"standard","meta":{"spay_email":"","jetpack_publicize_message":"","jetpack_is_tweetstorm":false,"jetpack_publicize_feature_enabled":true},"categories":[14],"tags":[13160,2806],"jetpack_publicize_connections":[],"yoast_head":"<!-- This site is optimized with the Yoast SEO plugin v19.1 - https:\/\/yoast.com\/wordpress\/plugins\/seo\/ -->\n<title>Gjukanoviq: Opozita nuk \u00ebsht\u00eb e gatshme p\u00ebr pushtet - Lajme nga Ulqini<\/title>\n<meta name=\"description\" content=\"Kryetari i qeveris\u00eb s\u00eb Malit t\u00eb Zi Millo Gjukanoviq konsideron se opozita malazeze nuk \u00ebsht\u00eb e gatshme q\u00eb ta marr\u00eb pushtetin pas t\u00ebrheqjes s\u00eb tij nga\" \/>\n<meta name=\"robots\" content=\"index, follow, max-snippet:-1, max-image-preview:large, max-video-preview:-1\" \/>\n<link rel=\"canonical\" href=\"https:\/\/www.visit-ulcinj.com\/blog\/2009\/12\/30\/gjukanoviq-opozita-nuk-eshte-e-gatshme-per-pushtet\/\" \/>\n<meta property=\"og:locale\" content=\"en_US\" \/>\n<meta property=\"og:type\" content=\"article\" \/>\n<meta property=\"og:title\" content=\"Gjukanoviq: Opozita nuk \u00ebsht\u00eb e gatshme p\u00ebr pushtet - Lajme nga Ulqini\" \/>\n<meta property=\"og:description\" content=\"Kryetari i qeveris\u00eb s\u00eb Malit t\u00eb Zi Millo Gjukanoviq konsideron se opozita malazeze nuk \u00ebsht\u00eb e gatshme q\u00eb ta marr\u00eb pushtetin pas t\u00ebrheqjes s\u00eb tij nga\" \/>\n<meta property=\"og:url\" content=\"https:\/\/www.visit-ulcinj.com\/blog\/2009\/12\/30\/gjukanoviq-opozita-nuk-eshte-e-gatshme-per-pushtet\/\" \/>\n<meta property=\"og:site_name\" content=\"Lajme nga Ulqini\" \/>\n<meta property=\"article:published_time\" content=\"2009-12-30T19:41:34+00:00\" \/>\n<meta property=\"og:image\" content=\"http:\/\/www.visit-ulcinj.com\/blog\/wp-content\/uploads\/2009\/12\/Milo-?ukanovi?-271x300.jpg\" \/>\n<meta name=\"twitter:label1\" content=\"Written by\" \/>\n\t<meta name=\"twitter:data1\" content=\"ulqini\" \/>\n\t<meta name=\"twitter:label2\" content=\"Est. reading time\" \/>\n\t<meta name=\"twitter:data2\" content=\"1 minute\" \/>\n<script type=\"application\/ld+json\" class=\"yoast-schema-graph\">{\"@context\":\"https:\/\/schema.org\",\"@graph\":[{\"@type\":\"WebSite\",\"@id\":\"https:\/\/www.visit-ulcinj.com\/blog\/#website\",\"url\":\"https:\/\/www.visit-ulcinj.com\/blog\/\",\"name\":\"Lajme nga Ulqini\",\"description\":\"Lajme,Vijesti,Ulqini,Ulqin,Crna Gora,Mali i Zi\",\"potentialAction\":[{\"@type\":\"SearchAction\",\"target\":{\"@type\":\"EntryPoint\",\"urlTemplate\":\"https:\/\/www.visit-ulcinj.com\/blog\/?s={search_term_string}\"},\"query-input\":\"required name=search_term_string\"}],\"inLanguage\":\"en-US\"},{\"@type\":\"ImageObject\",\"inLanguage\":\"en-US\",\"@id\":\"https:\/\/www.visit-ulcinj.com\/blog\/2009\/12\/30\/gjukanoviq-opozita-nuk-eshte-e-gatshme-per-pushtet\/#primaryimage\",\"url\":\"http:\/\/www.visit-ulcinj.com\/blog\/wp-content\/uploads\/2009\/12\/Milo-?ukanovi?-271x300.jpg\",\"contentUrl\":\"http:\/\/www.visit-ulcinj.com\/blog\/wp-content\/uploads\/2009\/12\/Milo-?ukanovi?-271x300.jpg\"},{\"@type\":\"WebPage\",\"@id\":\"https:\/\/www.visit-ulcinj.com\/blog\/2009\/12\/30\/gjukanoviq-opozita-nuk-eshte-e-gatshme-per-pushtet\/#webpage\",\"url\":\"https:\/\/www.visit-ulcinj.com\/blog\/2009\/12\/30\/gjukanoviq-opozita-nuk-eshte-e-gatshme-per-pushtet\/\",\"name\":\"Gjukanoviq: Opozita nuk \u00ebsht\u00eb e gatshme p\u00ebr pushtet - Lajme nga Ulqini\",\"isPartOf\":{\"@id\":\"https:\/\/www.visit-ulcinj.com\/blog\/#website\"},\"primaryImageOfPage\":{\"@id\":\"https:\/\/www.visit-ulcinj.com\/blog\/2009\/12\/30\/gjukanoviq-opozita-nuk-eshte-e-gatshme-per-pushtet\/#primaryimage\"},\"datePublished\":\"2009-12-30T19:41:34+00:00\",\"dateModified\":\"2009-12-30T19:41:34+00:00\",\"author\":{\"@id\":\"https:\/\/www.visit-ulcinj.com\/blog\/#\/schema\/person\/dcab619c614d3038751c63bc2aadc06d\"},\"description\":\"Kryetari i qeveris\u00eb s\u00eb Malit t\u00eb Zi Millo Gjukanoviq konsideron se opozita malazeze nuk \u00ebsht\u00eb e gatshme q\u00eb ta marr\u00eb pushtetin pas t\u00ebrheqjes s\u00eb tij nga\",\"breadcrumb\":{\"@id\":\"https:\/\/www.visit-ulcinj.com\/blog\/2009\/12\/30\/gjukanoviq-opozita-nuk-eshte-e-gatshme-per-pushtet\/#breadcrumb\"},\"inLanguage\":\"en-US\",\"potentialAction\":[{\"@type\":\"ReadAction\",\"target\":[\"https:\/\/www.visit-ulcinj.com\/blog\/2009\/12\/30\/gjukanoviq-opozita-nuk-eshte-e-gatshme-per-pushtet\/\"]}]},{\"@type\":\"BreadcrumbList\",\"@id\":\"https:\/\/www.visit-ulcinj.com\/blog\/2009\/12\/30\/gjukanoviq-opozita-nuk-eshte-e-gatshme-per-pushtet\/#breadcrumb\",\"itemListElement\":[{\"@type\":\"ListItem\",\"position\":1,\"name\":\"Gjukanoviq: Opozita nuk \u00ebsht\u00eb e gatshme p\u00ebr pushtet\"}]},{\"@type\":\"Person\",\"@id\":\"https:\/\/www.visit-ulcinj.com\/blog\/#\/schema\/person\/dcab619c614d3038751c63bc2aadc06d\",\"name\":\"ulqini\",\"sameAs\":[\"http:\/\/www.visit-ulcinj.com\"],\"url\":\"https:\/\/www.visit-ulcinj.com\/blog\/author\/admin\/\"}]}<\/script>\n<!-- \/ Yoast SEO plugin. -->","yoast_head_json":{"title":"Gjukanoviq: Opozita nuk \u00ebsht\u00eb e gatshme p\u00ebr pushtet - Lajme nga Ulqini","description":"Kryetari i qeveris\u00eb s\u00eb Malit t\u00eb Zi Millo Gjukanoviq konsideron se opozita malazeze nuk \u00ebsht\u00eb e gatshme q\u00eb ta marr\u00eb pushtetin pas t\u00ebrheqjes s\u00eb tij nga","robots":{"index":"index","follow":"follow","max-snippet":"max-snippet:-1","max-image-preview":"max-image-preview:large","max-video-preview":"max-video-preview:-1"},"canonical":"https:\/\/www.visit-ulcinj.com\/blog\/2009\/12\/30\/gjukanoviq-opozita-nuk-eshte-e-gatshme-per-pushtet\/","og_locale":"en_US","og_type":"article","og_title":"Gjukanoviq: Opozita nuk \u00ebsht\u00eb e gatshme p\u00ebr pushtet - Lajme nga Ulqini","og_description":"Kryetari i qeveris\u00eb s\u00eb Malit t\u00eb Zi Millo Gjukanoviq konsideron se opozita malazeze nuk \u00ebsht\u00eb e gatshme q\u00eb ta marr\u00eb pushtetin pas t\u00ebrheqjes s\u00eb tij nga","og_url":"https:\/\/www.visit-ulcinj.com\/blog\/2009\/12\/30\/gjukanoviq-opozita-nuk-eshte-e-gatshme-per-pushtet\/","og_site_name":"Lajme nga Ulqini","article_published_time":"2009-12-30T19:41:34+00:00","og_image":[{"url":"http:\/\/www.visit-ulcinj.com\/blog\/wp-content\/uploads\/2009\/12\/Milo-?ukanovi?-271x300.jpg"}],"twitter_misc":{"Written by":"ulqini","Est. reading time":"1 minute"},"schema":{"@context":"https:\/\/schema.org","@graph":[{"@type":"WebSite","@id":"https:\/\/www.visit-ulcinj.com\/blog\/#website","url":"https:\/\/www.visit-ulcinj.com\/blog\/","name":"Lajme nga Ulqini","description":"Lajme,Vijesti,Ulqini,Ulqin,Crna Gora,Mali i Zi","potentialAction":[{"@type":"SearchAction","target":{"@type":"EntryPoint","urlTemplate":"https:\/\/www.visit-ulcinj.com\/blog\/?s={search_term_string}"},"query-input":"required name=search_term_string"}],"inLanguage":"en-US"},{"@type":"ImageObject","inLanguage":"en-US","@id":"https:\/\/www.visit-ulcinj.com\/blog\/2009\/12\/30\/gjukanoviq-opozita-nuk-eshte-e-gatshme-per-pushtet\/#primaryimage","url":"http:\/\/www.visit-ulcinj.com\/blog\/wp-content\/uploads\/2009\/12\/Milo-?ukanovi?-271x300.jpg","contentUrl":"http:\/\/www.visit-ulcinj.com\/blog\/wp-content\/uploads\/2009\/12\/Milo-?ukanovi?-271x300.jpg"},{"@type":"WebPage","@id":"https:\/\/www.visit-ulcinj.com\/blog\/2009\/12\/30\/gjukanoviq-opozita-nuk-eshte-e-gatshme-per-pushtet\/#webpage","url":"https:\/\/www.visit-ulcinj.com\/blog\/2009\/12\/30\/gjukanoviq-opozita-nuk-eshte-e-gatshme-per-pushtet\/","name":"Gjukanoviq: Opozita nuk \u00ebsht\u00eb e gatshme p\u00ebr pushtet - Lajme nga Ulqini","isPartOf":{"@id":"https:\/\/www.visit-ulcinj.com\/blog\/#website"},"primaryImageOfPage":{"@id":"https:\/\/www.visit-ulcinj.com\/blog\/2009\/12\/30\/gjukanoviq-opozita-nuk-eshte-e-gatshme-per-pushtet\/#primaryimage"},"datePublished":"2009-12-30T19:41:34+00:00","dateModified":"2009-12-30T19:41:34+00:00","author":{"@id":"https:\/\/www.visit-ulcinj.com\/blog\/#\/schema\/person\/dcab619c614d3038751c63bc2aadc06d"},"description":"Kryetari i qeveris\u00eb s\u00eb Malit t\u00eb Zi Millo Gjukanoviq konsideron se opozita malazeze nuk \u00ebsht\u00eb e gatshme q\u00eb ta marr\u00eb pushtetin pas t\u00ebrheqjes s\u00eb tij nga","breadcrumb":{"@id":"https:\/\/www.visit-ulcinj.com\/blog\/2009\/12\/30\/gjukanoviq-opozita-nuk-eshte-e-gatshme-per-pushtet\/#breadcrumb"},"inLanguage":"en-US","potentialAction":[{"@type":"ReadAction","target":["https:\/\/www.visit-ulcinj.com\/blog\/2009\/12\/30\/gjukanoviq-opozita-nuk-eshte-e-gatshme-per-pushtet\/"]}]},{"@type":"BreadcrumbList","@id":"https:\/\/www.visit-ulcinj.com\/blog\/2009\/12\/30\/gjukanoviq-opozita-nuk-eshte-e-gatshme-per-pushtet\/#breadcrumb","itemListElement":[{"@type":"ListItem","position":1,"name":"Gjukanoviq: Opozita nuk \u00ebsht\u00eb e gatshme p\u00ebr pushtet"}]},{"@type":"Person","@id":"https:\/\/www.visit-ulcinj.com\/blog\/#\/schema\/person\/dcab619c614d3038751c63bc2aadc06d","name":"ulqini","sameAs":["http:\/\/www.visit-ulcinj.com"],"url":"https:\/\/www.visit-ulcinj.com\/blog\/author\/admin\/"}]}},"jetpack_featured_media_url":"","jetpack_sharing_enabled":true,"jetpack_shortlink":"https:\/\/wp.me\/pe6lTn-7wE","_links":{"self":[{"href":"https:\/\/www.visit-ulcinj.com\/blog\/wp-json\/wp\/v2\/posts\/28932"}],"collection":[{"href":"https:\/\/www.visit-ulcinj.com\/blog\/wp-json\/wp\/v2\/posts"}],"about":[{"href":"https:\/\/www.visit-ulcinj.com\/blog\/wp-json\/wp\/v2\/types\/post"}],"author":[{"embeddable":true,"href":"https:\/\/www.visit-ulcinj.com\/blog\/wp-json\/wp\/v2\/users\/1"}],"replies":[{"embeddable":true,"href":"https:\/\/www.visit-ulcinj.com\/blog\/wp-json\/wp\/v2\/comments?post=28932"}],"version-history":[{"count":0,"href":"https:\/\/www.visit-ulcinj.com\/blog\/wp-json\/wp\/v2\/posts\/28932\/revisions"}],"wp:attachment":[{"href":"https:\/\/www.visit-ulcinj.com\/blog\/wp-json\/wp\/v2\/media?parent=28932"}],"wp:term":[{"taxonomy":"category","embeddable":true,"href":"https:\/\/www.visit-ulcinj.com\/blog\/wp-json\/wp\/v2\/categories?post=28932"},{"taxonomy":"post_tag","embeddable":true,"href":"https:\/\/www.visit-ulcinj.com\/blog\/wp-json\/wp\/v2\/tags?post=28932"}],"curies":[{"name":"wp","href":"https:\/\/api.w.org\/{rel}","templated":true}]}}