{"id":28936,"date":"2009-12-30T21:51:47","date_gmt":"2009-12-30T19:51:47","guid":{"rendered":"http:\/\/www.visit-ulcinj.com\/blog\/?p=28936"},"modified":"2009-12-30T21:51:47","modified_gmt":"2009-12-30T19:51:47","slug":"gjukanoviq-pavaresia-e-kosoves-nuk-mund-te-revidohet","status":"publish","type":"post","link":"https:\/\/www.visit-ulcinj.com\/blog\/2009\/12\/30\/gjukanoviq-pavaresia-e-kosoves-nuk-mund-te-revidohet\/","title":{"rendered":"Gjukanoviq: Pavar\u00ebsia e Kosov\u00ebs nuk mund t\u00eb revidohet"},"content":{"rendered":"<p><a href=\"http:\/\/www.visit-ulcinj.com\/blog\/wp-content\/uploads\/2009\/12\/Kryeministri-i-Malit-t\u00eb-Zi-Milo-Gjukanoviq.jpg\"><img loading=\"lazy\" class=\"alignleft size-full wp-image-28937\" title=\"Kryeministri i Malit t\u00eb Zi Milo Gjukanoviq\" src=\"http:\/\/www.visit-ulcinj.com\/blog\/wp-content\/uploads\/2009\/12\/Kryeministri-i-Malit-t\u00eb-Zi-Milo-Gjukanoviq.jpg\" alt=\"Kryeministri i Malit t\u00eb Zi Milo Gjukanoviq\" width=\"580\" height=\"342\" \/><\/a>Kryeministri i Malit t\u00eb Zi Milo Gjukanoviq ka deklaruar se pavar\u00ebsia e Kosov\u00ebs nuk mund t\u00eb revidohet.<br \/>\n&#8220;Ne nuk shohim shansin q\u00eb ky rezultat mund t\u00eb revidohet&#8221;, ka th\u00ebn\u00eb Gjukanoviq. Kryeministri malazez ka theksuar se &#8220;vet\u00ebm po humbet koh\u00eb&#8221; me tentativat q\u00eb t\u00eb anulohet pavar\u00ebsia e Kosov\u00ebs.<br \/>\n&#8220;Prandaj \u00ebsht\u00eb m\u00eb racionale, sado e dhimbshme q\u00eb t\u00eb jet\u00eb, q\u00eb t\u00eb t\u00ebrhiqet viza, p\u00ebr t&#8217;u nisur drejt asaj q\u00eb \u00ebsht\u00eb shans. Nd\u00ebrsa shansi \u00ebsht\u00eb e ardhmja evropiane&#8221;, ka vler\u00ebsuar Gjukanoviq mbr\u00ebm\u00eb p\u00ebr TV Atlas.<br \/>\nAi ka th\u00ebn\u00eb se humbja e Kosov\u00ebs \u00ebsht\u00eb &#8220;disfat\u00eb e politik\u00ebs me decenie t\u00eb zhvilluar atje&#8221;.<br \/>\nSipas fjal\u00ebve t\u00eb Gjukanoviqit, duhet respektuar interesat e Serbis\u00eb, &#8220;por gjithashtu \u00ebsht\u00eb me r\u00ebnd\u00ebsi t\u00eb dihet se vet\u00ebm respektimi nuk do t\u00eb thot\u00eb kontribut p\u00ebr stabilitetin rajonal&#8221;.<br \/>\nGjukanoviq ka paralajm\u00ebruar se Mali i Zi dhe Kosova &#8220;n\u00eb nj\u00eb af\u00ebrme t\u00eb ardhshme&#8221; do t\u00eb vendosin marr\u00ebdh\u00ebnie diplomatike.<\/p>\n<p><strong>TVCG<\/strong><\/p>\n","protected":false},"excerpt":{"rendered":"<p>Kryeministri i Malit t\u00eb Zi Milo Gjukanoviq ka deklaruar se pavar\u00ebsia e Kosov\u00ebs nuk mund t\u00eb revidohet. &#8220;Ne nuk shohim shansin q\u00eb ky rezultat mund t\u00eb revidohet&#8221;, ka th\u00ebn\u00eb Gjukanoviq. Kryeministri malazez ka theksuar se &#8220;vet\u00ebm po humbet koh\u00eb&#8221; me tentativat q\u00eb t\u00eb anulohet pavar\u00ebsia e Kosov\u00ebs. &#8220;Prandaj \u00ebsht\u00eb m\u00eb racionale, sado e dhimbshme q\u00eb [&hellip;]<\/p>\n","protected":false},"author":1,"featured_media":0,"comment_status":"open","ping_status":"closed","sticky":false,"template":"","format":"standard","meta":{"spay_email":"","jetpack_publicize_message":"","jetpack_is_tweetstorm":false,"jetpack_publicize_feature_enabled":true},"categories":[14],"tags":[13161,239],"jetpack_publicize_connections":[],"yoast_head":"<!-- This site is optimized with the Yoast SEO plugin v19.1 - https:\/\/yoast.com\/wordpress\/plugins\/seo\/ -->\n<title>Gjukanoviq: Pavar\u00ebsia e Kosov\u00ebs nuk mund t\u00eb revidohet - Lajme nga Ulqini<\/title>\n<meta name=\"description\" content=\"Kryeministri i Malit t\u00eb Zi Milo Gjukanoviq ka deklaruar se pavar\u00ebsia e Kosov\u00ebs nuk mund t\u00eb revidohet. &quot;Ne nuk shohim shansin q\u00eb ky rezultat mund t\u00eb\" \/>\n<meta name=\"robots\" content=\"index, follow, max-snippet:-1, max-image-preview:large, max-video-preview:-1\" \/>\n<link rel=\"canonical\" href=\"https:\/\/www.visit-ulcinj.com\/blog\/2009\/12\/30\/gjukanoviq-pavaresia-e-kosoves-nuk-mund-te-revidohet\/\" \/>\n<meta property=\"og:locale\" content=\"en_US\" \/>\n<meta property=\"og:type\" content=\"article\" \/>\n<meta property=\"og:title\" content=\"Gjukanoviq: Pavar\u00ebsia e Kosov\u00ebs nuk mund t\u00eb revidohet - Lajme nga Ulqini\" \/>\n<meta property=\"og:description\" content=\"Kryeministri i Malit t\u00eb Zi Milo Gjukanoviq ka deklaruar se pavar\u00ebsia e Kosov\u00ebs nuk mund t\u00eb revidohet. &quot;Ne nuk shohim shansin q\u00eb ky rezultat mund t\u00eb\" \/>\n<meta property=\"og:url\" content=\"https:\/\/www.visit-ulcinj.com\/blog\/2009\/12\/30\/gjukanoviq-pavaresia-e-kosoves-nuk-mund-te-revidohet\/\" \/>\n<meta property=\"og:site_name\" content=\"Lajme nga Ulqini\" \/>\n<meta property=\"article:published_time\" content=\"2009-12-30T19:51:47+00:00\" \/>\n<meta name=\"twitter:label1\" content=\"Written by\" \/>\n\t<meta name=\"twitter:data1\" content=\"ulqini\" \/>\n\t<meta name=\"twitter:label2\" content=\"Est. reading time\" \/>\n\t<meta name=\"twitter:data2\" content=\"1 minute\" \/>\n<script type=\"application\/ld+json\" class=\"yoast-schema-graph\">{\"@context\":\"https:\/\/schema.org\",\"@graph\":[{\"@type\":\"WebSite\",\"@id\":\"https:\/\/www.visit-ulcinj.com\/blog\/#website\",\"url\":\"https:\/\/www.visit-ulcinj.com\/blog\/\",\"name\":\"Lajme nga Ulqini\",\"description\":\"Lajme,Vijesti,Ulqini,Ulqin,Crna Gora,Mali i Zi\",\"potentialAction\":[{\"@type\":\"SearchAction\",\"target\":{\"@type\":\"EntryPoint\",\"urlTemplate\":\"https:\/\/www.visit-ulcinj.com\/blog\/?s={search_term_string}\"},\"query-input\":\"required name=search_term_string\"}],\"inLanguage\":\"en-US\"},{\"@type\":\"WebPage\",\"@id\":\"https:\/\/www.visit-ulcinj.com\/blog\/2009\/12\/30\/gjukanoviq-pavaresia-e-kosoves-nuk-mund-te-revidohet\/#webpage\",\"url\":\"https:\/\/www.visit-ulcinj.com\/blog\/2009\/12\/30\/gjukanoviq-pavaresia-e-kosoves-nuk-mund-te-revidohet\/\",\"name\":\"Gjukanoviq: Pavar\u00ebsia e Kosov\u00ebs nuk mund t\u00eb revidohet - Lajme nga Ulqini\",\"isPartOf\":{\"@id\":\"https:\/\/www.visit-ulcinj.com\/blog\/#website\"},\"datePublished\":\"2009-12-30T19:51:47+00:00\",\"dateModified\":\"2009-12-30T19:51:47+00:00\",\"author\":{\"@id\":\"https:\/\/www.visit-ulcinj.com\/blog\/#\/schema\/person\/dcab619c614d3038751c63bc2aadc06d\"},\"description\":\"Kryeministri i Malit t\u00eb Zi Milo Gjukanoviq ka deklaruar se pavar\u00ebsia e Kosov\u00ebs nuk mund t\u00eb revidohet. \\\"Ne nuk shohim shansin q\u00eb ky rezultat mund t\u00eb\",\"breadcrumb\":{\"@id\":\"https:\/\/www.visit-ulcinj.com\/blog\/2009\/12\/30\/gjukanoviq-pavaresia-e-kosoves-nuk-mund-te-revidohet\/#breadcrumb\"},\"inLanguage\":\"en-US\",\"potentialAction\":[{\"@type\":\"ReadAction\",\"target\":[\"https:\/\/www.visit-ulcinj.com\/blog\/2009\/12\/30\/gjukanoviq-pavaresia-e-kosoves-nuk-mund-te-revidohet\/\"]}]},{\"@type\":\"BreadcrumbList\",\"@id\":\"https:\/\/www.visit-ulcinj.com\/blog\/2009\/12\/30\/gjukanoviq-pavaresia-e-kosoves-nuk-mund-te-revidohet\/#breadcrumb\",\"itemListElement\":[{\"@type\":\"ListItem\",\"position\":1,\"name\":\"Gjukanoviq: Pavar\u00ebsia e Kosov\u00ebs nuk mund t\u00eb revidohet\"}]},{\"@type\":\"Person\",\"@id\":\"https:\/\/www.visit-ulcinj.com\/blog\/#\/schema\/person\/dcab619c614d3038751c63bc2aadc06d\",\"name\":\"ulqini\",\"sameAs\":[\"http:\/\/www.visit-ulcinj.com\"],\"url\":\"https:\/\/www.visit-ulcinj.com\/blog\/author\/admin\/\"}]}<\/script>\n<!-- \/ Yoast SEO plugin. -->","yoast_head_json":{"title":"Gjukanoviq: Pavar\u00ebsia e Kosov\u00ebs nuk mund t\u00eb revidohet - Lajme nga Ulqini","description":"Kryeministri i Malit t\u00eb Zi Milo Gjukanoviq ka deklaruar se pavar\u00ebsia e Kosov\u00ebs nuk mund t\u00eb revidohet. \"Ne nuk shohim shansin q\u00eb ky rezultat mund t\u00eb","robots":{"index":"index","follow":"follow","max-snippet":"max-snippet:-1","max-image-preview":"max-image-preview:large","max-video-preview":"max-video-preview:-1"},"canonical":"https:\/\/www.visit-ulcinj.com\/blog\/2009\/12\/30\/gjukanoviq-pavaresia-e-kosoves-nuk-mund-te-revidohet\/","og_locale":"en_US","og_type":"article","og_title":"Gjukanoviq: Pavar\u00ebsia e Kosov\u00ebs nuk mund t\u00eb revidohet - Lajme nga Ulqini","og_description":"Kryeministri i Malit t\u00eb Zi Milo Gjukanoviq ka deklaruar se pavar\u00ebsia e Kosov\u00ebs nuk mund t\u00eb revidohet. \"Ne nuk shohim shansin q\u00eb ky rezultat mund t\u00eb","og_url":"https:\/\/www.visit-ulcinj.com\/blog\/2009\/12\/30\/gjukanoviq-pavaresia-e-kosoves-nuk-mund-te-revidohet\/","og_site_name":"Lajme nga Ulqini","article_published_time":"2009-12-30T19:51:47+00:00","twitter_misc":{"Written by":"ulqini","Est. reading time":"1 minute"},"schema":{"@context":"https:\/\/schema.org","@graph":[{"@type":"WebSite","@id":"https:\/\/www.visit-ulcinj.com\/blog\/#website","url":"https:\/\/www.visit-ulcinj.com\/blog\/","name":"Lajme nga Ulqini","description":"Lajme,Vijesti,Ulqini,Ulqin,Crna Gora,Mali i Zi","potentialAction":[{"@type":"SearchAction","target":{"@type":"EntryPoint","urlTemplate":"https:\/\/www.visit-ulcinj.com\/blog\/?s={search_term_string}"},"query-input":"required name=search_term_string"}],"inLanguage":"en-US"},{"@type":"WebPage","@id":"https:\/\/www.visit-ulcinj.com\/blog\/2009\/12\/30\/gjukanoviq-pavaresia-e-kosoves-nuk-mund-te-revidohet\/#webpage","url":"https:\/\/www.visit-ulcinj.com\/blog\/2009\/12\/30\/gjukanoviq-pavaresia-e-kosoves-nuk-mund-te-revidohet\/","name":"Gjukanoviq: Pavar\u00ebsia e Kosov\u00ebs nuk mund t\u00eb revidohet - Lajme nga Ulqini","isPartOf":{"@id":"https:\/\/www.visit-ulcinj.com\/blog\/#website"},"datePublished":"2009-12-30T19:51:47+00:00","dateModified":"2009-12-30T19:51:47+00:00","author":{"@id":"https:\/\/www.visit-ulcinj.com\/blog\/#\/schema\/person\/dcab619c614d3038751c63bc2aadc06d"},"description":"Kryeministri i Malit t\u00eb Zi Milo Gjukanoviq ka deklaruar se pavar\u00ebsia e Kosov\u00ebs nuk mund t\u00eb revidohet. \"Ne nuk shohim shansin q\u00eb ky rezultat mund t\u00eb","breadcrumb":{"@id":"https:\/\/www.visit-ulcinj.com\/blog\/2009\/12\/30\/gjukanoviq-pavaresia-e-kosoves-nuk-mund-te-revidohet\/#breadcrumb"},"inLanguage":"en-US","potentialAction":[{"@type":"ReadAction","target":["https:\/\/www.visit-ulcinj.com\/blog\/2009\/12\/30\/gjukanoviq-pavaresia-e-kosoves-nuk-mund-te-revidohet\/"]}]},{"@type":"BreadcrumbList","@id":"https:\/\/www.visit-ulcinj.com\/blog\/2009\/12\/30\/gjukanoviq-pavaresia-e-kosoves-nuk-mund-te-revidohet\/#breadcrumb","itemListElement":[{"@type":"ListItem","position":1,"name":"Gjukanoviq: Pavar\u00ebsia e Kosov\u00ebs nuk mund t\u00eb revidohet"}]},{"@type":"Person","@id":"https:\/\/www.visit-ulcinj.com\/blog\/#\/schema\/person\/dcab619c614d3038751c63bc2aadc06d","name":"ulqini","sameAs":["http:\/\/www.visit-ulcinj.com"],"url":"https:\/\/www.visit-ulcinj.com\/blog\/author\/admin\/"}]}},"jetpack_featured_media_url":"","jetpack_sharing_enabled":true,"jetpack_shortlink":"https:\/\/wp.me\/pe6lTn-7wI","_links":{"self":[{"href":"https:\/\/www.visit-ulcinj.com\/blog\/wp-json\/wp\/v2\/posts\/28936"}],"collection":[{"href":"https:\/\/www.visit-ulcinj.com\/blog\/wp-json\/wp\/v2\/posts"}],"about":[{"href":"https:\/\/www.visit-ulcinj.com\/blog\/wp-json\/wp\/v2\/types\/post"}],"author":[{"embeddable":true,"href":"https:\/\/www.visit-ulcinj.com\/blog\/wp-json\/wp\/v2\/users\/1"}],"replies":[{"embeddable":true,"href":"https:\/\/www.visit-ulcinj.com\/blog\/wp-json\/wp\/v2\/comments?post=28936"}],"version-history":[{"count":0,"href":"https:\/\/www.visit-ulcinj.com\/blog\/wp-json\/wp\/v2\/posts\/28936\/revisions"}],"wp:attachment":[{"href":"https:\/\/www.visit-ulcinj.com\/blog\/wp-json\/wp\/v2\/media?parent=28936"}],"wp:term":[{"taxonomy":"category","embeddable":true,"href":"https:\/\/www.visit-ulcinj.com\/blog\/wp-json\/wp\/v2\/categories?post=28936"},{"taxonomy":"post_tag","embeddable":true,"href":"https:\/\/www.visit-ulcinj.com\/blog\/wp-json\/wp\/v2\/tags?post=28936"}],"curies":[{"name":"wp","href":"https:\/\/api.w.org\/{rel}","templated":true}]}}