{"id":28964,"date":"2009-12-31T17:48:13","date_gmt":"2009-12-31T15:48:13","guid":{"rendered":"http:\/\/www.visit-ulcinj.com\/blog\/?p=28964"},"modified":"2009-12-31T21:59:39","modified_gmt":"2009-12-31T19:59:39","slug":"gezuar-festat-e-vitit-te-ri-2010","status":"publish","type":"post","link":"https:\/\/www.visit-ulcinj.com\/blog\/2009\/12\/31\/gezuar-festat-e-vitit-te-ri-2010\/","title":{"rendered":"G\u00ebzuar festat e vitit t\u00eb ri 2010 &#8211; Video Foklori i vjeter i Ulqinit"},"content":{"rendered":"<p><a href=\"http:\/\/www.visit-ulcinj.com\/blog\/wp-content\/uploads\/2009\/12\/gezuar-viti-i-ri-2010_stafi-nga-ulqini.jpg\"><img loading=\"lazy\" class=\"alignleft size-full wp-image-28965\" title=\"gezuar-viti-i-ri-2010_stafi-nga-ulqini\" src=\"http:\/\/www.visit-ulcinj.com\/blog\/wp-content\/uploads\/2009\/12\/gezuar-viti-i-ri-2010_stafi-nga-ulqini.jpg\" alt=\"gezuar-viti-i-ri-2010_stafi-nga-ulqini\" width=\"580\" height=\"400\" \/><\/a>Portali Lajmet nga Ulqini sapo mbushi dy vjet. Dy vjetori thon\u00eb \u00ebsht\u00eb nj\u00eb moment krenarie, krenarie p\u00ebr at\u00eb q\u00eb \u00ebsht\u00eb arritur \u2013 nd\u00ebrsa ne, p\u00ebr k\u00ebto dy vjet, arrit\u00ebm shum\u00eb.<br \/>\nPortali\u00a0 Lajmet nga Ulqini sot \u00ebsht\u00eb portali m\u00eb i vizituar nga ju \u2013 me rreth 250.000 vizita n\u00eb muaj dhe me rreth 1500.000 faqe t\u00eb shfletuara \u2013 nd\u00ebrsa vazhdon t\u00eb zhvillohet m\u00eb nj\u00eb rritje progresive rekorde.<br \/>\nPortali Lajmet nga Ulqini prin me vizitueshm\u00ebri n\u00eb Ulqin, nd\u00ebrsa \u00ebsht\u00eb nd\u00ebr top-ueb-faqet n\u00eb gjuh\u00ebn shqipe n\u00eb Amerik,Zvic\u00ebr,Gjermani,Franc,Australi,Kosov\u00eb,Shqip\u00ebri, Maqedoni, Mal t\u00eb Zi dhe kudo ku ka shqiptar\u00eb n\u00eb bot\u00eb.<br \/>\nNatyrisht, t\u00eb gjitha k\u00ebto t\u00eb arritura jan\u00eb b\u00ebr\u00eb t\u00eb mundur fal\u00eb p\u00ebrkrahjes s\u00eb vazhduar q\u00eb kemi pasur nga ju.<\/p>\n<p>S\u00eb fundi, p\u00ebr t\u2019i ndjekur trendet bot\u00ebrore t\u00eb portaleve dhe p\u00ebr t\u00eb qen\u00eb sa m\u00eb af\u00ebr lexuesve t\u00eb devotsh\u00ebm, Lajmet nga Ulqini ka ndryshuar pamjen dhe ka shtuar disa rubrika unike, nd\u00ebrsa s\u00eb shpejti do t\u00eb ofroj\u00eb dhe shum\u00eb risi t\u00eb tjera.<br \/>\nShfryt\u00ebzojm\u00eb rastin q\u00eb t\u00eb gjith\u00eb lexuesve t\u2019ua urojm\u00eb Vitin e Ri 2010 \u2013 me d\u00ebshirat me t\u00eb mira n\u00eb jet\u00eb.<br \/>\n<strong>G\u00ebzuar p\u00ebr shum\u00eb mot!<\/strong><\/p>\n<p>Pranoni urimet m\u00eb t\u00eb p\u00ebrzem\u00ebrta t\u00eb Stafit,Lajmeve nga Ulqini dhe t\u00eb 1920 an\u00ebtar\u00ebve t\u00eb komunitetit ton\u00eb t\u00eb Lajmeve nga Ulqini nga<a href=\"http:\/\/www.facebook.com\/home.php?ref=home#\/profile.php?ref=name&amp;id=100000302062777\" target=\"_blank\"> <\/a><strong><span title=\"HPHP\"><a href=\"http:\/\/www.facebook.com\/home.php?ref=home#\/profile.php?ref=name&amp;id=100000302062777\" target=\"_blank\">Facebook<\/a> <\/span>.<\/strong><\/p>\n<p><strong>G\u00ebzuar Vitin e Ri 2010! <\/strong><br \/>\nLe t\u00eb jet\u00eb ky vit i ri nj\u00eb vit i bekuar q\u00eb sjell sh\u00ebndet, paqe e dashuri n\u00eb jet\u00ebn tuaj dhe t\u00eb familjes suaj.<br \/>\nIu plot\u00ebsofshin t\u00eb gjitha d\u00ebshirat e zemr\u00ebs dhe pa\u00e7i vet\u00ebm gaz e hare n\u00eb jet\u00ebn tuaj.<br \/>\nDhe mos harroni se sado larg nga vendlindja dhe familja q\u00eb jeta mund t\u2019u ket\u00eb hedhur, familja jon\u00eb e madhe virtuale do t\u00eb jet\u00eb gjithmon\u00eb pran\u00eb jush. Jeni gjithmon\u00eb t\u00eb mir\u00ebpritur n\u00eb Lajmet nga Ulqini.<br \/>\n<strong><br \/>\nEdhe nj\u00ebher\u00eb G\u00ebzuar Vitin e Ri 2010!<\/strong><\/p>\n<p><strong>Stafi i Lajmeve nga Ulqini<br \/>\n<\/strong><br \/>\n<!--YouTube Error: bad URL entered--><\/p>\n","protected":false},"excerpt":{"rendered":"<p>Portali Lajmet nga Ulqini sapo mbushi dy vjet. Dy vjetori thon\u00eb \u00ebsht\u00eb nj\u00eb moment krenarie, krenarie p\u00ebr at\u00eb q\u00eb \u00ebsht\u00eb arritur \u2013 nd\u00ebrsa ne, p\u00ebr k\u00ebto dy vjet, arrit\u00ebm shum\u00eb. Portali\u00a0 Lajmet nga Ulqini sot \u00ebsht\u00eb portali m\u00eb i vizituar nga ju \u2013 me rreth 250.000 vizita n\u00eb muaj dhe me rreth 1500.000 faqe t\u00eb [&hellip;]<\/p>\n","protected":false},"author":1,"featured_media":0,"comment_status":"open","ping_status":"closed","sticky":false,"template":"","format":"standard","meta":{"spay_email":"","jetpack_publicize_message":"","jetpack_is_tweetstorm":false,"jetpack_publicize_feature_enabled":true},"categories":[1],"tags":[13163,49,95,51,2306,2350,50,5451,3797,200,18],"jetpack_publicize_connections":[],"yoast_head":"<!-- This site is optimized with the Yoast SEO plugin v19.1 - https:\/\/yoast.com\/wordpress\/plugins\/seo\/ -->\n<title>G\u00ebzuar festat e vitit t\u00eb ri 2010 - Video Foklori i vjeter i Ulqinit - Lajme nga Ulqini<\/title>\n<meta name=\"description\" content=\"Portali Lajmet nga Ulqini sapo mbushi dy vjet. Dy vjetori thon\u00eb \u00ebsht\u00eb nj\u00eb moment krenarie, krenarie p\u00ebr at\u00eb q\u00eb \u00ebsht\u00eb arritur \u2013 nd\u00ebrsa ne, p\u00ebr k\u00ebto dy\" \/>\n<meta name=\"robots\" content=\"index, follow, max-snippet:-1, max-image-preview:large, max-video-preview:-1\" \/>\n<link rel=\"canonical\" href=\"https:\/\/www.visit-ulcinj.com\/blog\/2009\/12\/31\/gezuar-festat-e-vitit-te-ri-2010\/\" \/>\n<meta property=\"og:locale\" content=\"en_US\" \/>\n<meta property=\"og:type\" content=\"article\" \/>\n<meta property=\"og:title\" content=\"G\u00ebzuar festat e vitit t\u00eb ri 2010 - Video Foklori i vjeter i Ulqinit - Lajme nga Ulqini\" \/>\n<meta property=\"og:description\" content=\"Portali Lajmet nga Ulqini sapo mbushi dy vjet. Dy vjetori thon\u00eb \u00ebsht\u00eb nj\u00eb moment krenarie, krenarie p\u00ebr at\u00eb q\u00eb \u00ebsht\u00eb arritur \u2013 nd\u00ebrsa ne, p\u00ebr k\u00ebto dy\" \/>\n<meta property=\"og:url\" content=\"https:\/\/www.visit-ulcinj.com\/blog\/2009\/12\/31\/gezuar-festat-e-vitit-te-ri-2010\/\" \/>\n<meta property=\"og:site_name\" content=\"Lajme nga Ulqini\" \/>\n<meta property=\"article:published_time\" content=\"2009-12-31T15:48:13+00:00\" \/>\n<meta property=\"article:modified_time\" content=\"2009-12-31T19:59:39+00:00\" \/>\n<meta property=\"og:image\" content=\"http:\/\/www.visit-ulcinj.com\/blog\/wp-content\/uploads\/2009\/12\/gezuar-viti-i-ri-2010_stafi-nga-ulqini.jpg\" \/>\n<meta name=\"twitter:label1\" content=\"Written by\" \/>\n\t<meta name=\"twitter:data1\" content=\"ulqini\" \/>\n\t<meta name=\"twitter:label2\" content=\"Est. reading time\" \/>\n\t<meta name=\"twitter:data2\" content=\"2 minutes\" \/>\n<script type=\"application\/ld+json\" class=\"yoast-schema-graph\">{\"@context\":\"https:\/\/schema.org\",\"@graph\":[{\"@type\":\"WebSite\",\"@id\":\"https:\/\/www.visit-ulcinj.com\/blog\/#website\",\"url\":\"https:\/\/www.visit-ulcinj.com\/blog\/\",\"name\":\"Lajme nga Ulqini\",\"description\":\"Lajme,Vijesti,Ulqini,Ulqin,Crna Gora,Mali i Zi\",\"potentialAction\":[{\"@type\":\"SearchAction\",\"target\":{\"@type\":\"EntryPoint\",\"urlTemplate\":\"https:\/\/www.visit-ulcinj.com\/blog\/?s={search_term_string}\"},\"query-input\":\"required name=search_term_string\"}],\"inLanguage\":\"en-US\"},{\"@type\":\"ImageObject\",\"inLanguage\":\"en-US\",\"@id\":\"https:\/\/www.visit-ulcinj.com\/blog\/2009\/12\/31\/gezuar-festat-e-vitit-te-ri-2010\/#primaryimage\",\"url\":\"https:\/\/www.visit-ulcinj.com\/blog\/wp-content\/uploads\/2009\/12\/gezuar-viti-i-ri-2010_stafi-nga-ulqini.jpg\",\"contentUrl\":\"https:\/\/www.visit-ulcinj.com\/blog\/wp-content\/uploads\/2009\/12\/gezuar-viti-i-ri-2010_stafi-nga-ulqini.jpg\",\"width\":\"758\",\"height\":\"492\"},{\"@type\":\"WebPage\",\"@id\":\"https:\/\/www.visit-ulcinj.com\/blog\/2009\/12\/31\/gezuar-festat-e-vitit-te-ri-2010\/#webpage\",\"url\":\"https:\/\/www.visit-ulcinj.com\/blog\/2009\/12\/31\/gezuar-festat-e-vitit-te-ri-2010\/\",\"name\":\"G\u00ebzuar festat e vitit t\u00eb ri 2010 - Video Foklori i vjeter i Ulqinit - Lajme nga Ulqini\",\"isPartOf\":{\"@id\":\"https:\/\/www.visit-ulcinj.com\/blog\/#website\"},\"primaryImageOfPage\":{\"@id\":\"https:\/\/www.visit-ulcinj.com\/blog\/2009\/12\/31\/gezuar-festat-e-vitit-te-ri-2010\/#primaryimage\"},\"datePublished\":\"2009-12-31T15:48:13+00:00\",\"dateModified\":\"2009-12-31T19:59:39+00:00\",\"author\":{\"@id\":\"https:\/\/www.visit-ulcinj.com\/blog\/#\/schema\/person\/dcab619c614d3038751c63bc2aadc06d\"},\"description\":\"Portali Lajmet nga Ulqini sapo mbushi dy vjet. Dy vjetori thon\u00eb \u00ebsht\u00eb nj\u00eb moment krenarie, krenarie p\u00ebr at\u00eb q\u00eb \u00ebsht\u00eb arritur \u2013 nd\u00ebrsa ne, p\u00ebr k\u00ebto dy\",\"breadcrumb\":{\"@id\":\"https:\/\/www.visit-ulcinj.com\/blog\/2009\/12\/31\/gezuar-festat-e-vitit-te-ri-2010\/#breadcrumb\"},\"inLanguage\":\"en-US\",\"potentialAction\":[{\"@type\":\"ReadAction\",\"target\":[\"https:\/\/www.visit-ulcinj.com\/blog\/2009\/12\/31\/gezuar-festat-e-vitit-te-ri-2010\/\"]}]},{\"@type\":\"BreadcrumbList\",\"@id\":\"https:\/\/www.visit-ulcinj.com\/blog\/2009\/12\/31\/gezuar-festat-e-vitit-te-ri-2010\/#breadcrumb\",\"itemListElement\":[{\"@type\":\"ListItem\",\"position\":1,\"name\":\"G\u00ebzuar festat e vitit t\u00eb ri 2010 &#8211; Video Foklori i vjeter i Ulqinit\"}]},{\"@type\":\"Person\",\"@id\":\"https:\/\/www.visit-ulcinj.com\/blog\/#\/schema\/person\/dcab619c614d3038751c63bc2aadc06d\",\"name\":\"ulqini\",\"sameAs\":[\"http:\/\/www.visit-ulcinj.com\"],\"url\":\"https:\/\/www.visit-ulcinj.com\/blog\/author\/admin\/\"}]}<\/script>\n<!-- \/ Yoast SEO plugin. -->","yoast_head_json":{"title":"G\u00ebzuar festat e vitit t\u00eb ri 2010 - Video Foklori i vjeter i Ulqinit - Lajme nga Ulqini","description":"Portali Lajmet nga Ulqini sapo mbushi dy vjet. Dy vjetori thon\u00eb \u00ebsht\u00eb nj\u00eb moment krenarie, krenarie p\u00ebr at\u00eb q\u00eb \u00ebsht\u00eb arritur \u2013 nd\u00ebrsa ne, p\u00ebr k\u00ebto dy","robots":{"index":"index","follow":"follow","max-snippet":"max-snippet:-1","max-image-preview":"max-image-preview:large","max-video-preview":"max-video-preview:-1"},"canonical":"https:\/\/www.visit-ulcinj.com\/blog\/2009\/12\/31\/gezuar-festat-e-vitit-te-ri-2010\/","og_locale":"en_US","og_type":"article","og_title":"G\u00ebzuar festat e vitit t\u00eb ri 2010 - Video Foklori i vjeter i Ulqinit - Lajme nga Ulqini","og_description":"Portali Lajmet nga Ulqini sapo mbushi dy vjet. Dy vjetori thon\u00eb \u00ebsht\u00eb nj\u00eb moment krenarie, krenarie p\u00ebr at\u00eb q\u00eb \u00ebsht\u00eb arritur \u2013 nd\u00ebrsa ne, p\u00ebr k\u00ebto dy","og_url":"https:\/\/www.visit-ulcinj.com\/blog\/2009\/12\/31\/gezuar-festat-e-vitit-te-ri-2010\/","og_site_name":"Lajme nga Ulqini","article_published_time":"2009-12-31T15:48:13+00:00","article_modified_time":"2009-12-31T19:59:39+00:00","og_image":[{"url":"http:\/\/www.visit-ulcinj.com\/blog\/wp-content\/uploads\/2009\/12\/gezuar-viti-i-ri-2010_stafi-nga-ulqini.jpg"}],"twitter_misc":{"Written by":"ulqini","Est. reading time":"2 minutes"},"schema":{"@context":"https:\/\/schema.org","@graph":[{"@type":"WebSite","@id":"https:\/\/www.visit-ulcinj.com\/blog\/#website","url":"https:\/\/www.visit-ulcinj.com\/blog\/","name":"Lajme nga Ulqini","description":"Lajme,Vijesti,Ulqini,Ulqin,Crna Gora,Mali i Zi","potentialAction":[{"@type":"SearchAction","target":{"@type":"EntryPoint","urlTemplate":"https:\/\/www.visit-ulcinj.com\/blog\/?s={search_term_string}"},"query-input":"required name=search_term_string"}],"inLanguage":"en-US"},{"@type":"ImageObject","inLanguage":"en-US","@id":"https:\/\/www.visit-ulcinj.com\/blog\/2009\/12\/31\/gezuar-festat-e-vitit-te-ri-2010\/#primaryimage","url":"https:\/\/www.visit-ulcinj.com\/blog\/wp-content\/uploads\/2009\/12\/gezuar-viti-i-ri-2010_stafi-nga-ulqini.jpg","contentUrl":"https:\/\/www.visit-ulcinj.com\/blog\/wp-content\/uploads\/2009\/12\/gezuar-viti-i-ri-2010_stafi-nga-ulqini.jpg","width":"758","height":"492"},{"@type":"WebPage","@id":"https:\/\/www.visit-ulcinj.com\/blog\/2009\/12\/31\/gezuar-festat-e-vitit-te-ri-2010\/#webpage","url":"https:\/\/www.visit-ulcinj.com\/blog\/2009\/12\/31\/gezuar-festat-e-vitit-te-ri-2010\/","name":"G\u00ebzuar festat e vitit t\u00eb ri 2010 - Video Foklori i vjeter i Ulqinit - Lajme nga Ulqini","isPartOf":{"@id":"https:\/\/www.visit-ulcinj.com\/blog\/#website"},"primaryImageOfPage":{"@id":"https:\/\/www.visit-ulcinj.com\/blog\/2009\/12\/31\/gezuar-festat-e-vitit-te-ri-2010\/#primaryimage"},"datePublished":"2009-12-31T15:48:13+00:00","dateModified":"2009-12-31T19:59:39+00:00","author":{"@id":"https:\/\/www.visit-ulcinj.com\/blog\/#\/schema\/person\/dcab619c614d3038751c63bc2aadc06d"},"description":"Portali Lajmet nga Ulqini sapo mbushi dy vjet. Dy vjetori thon\u00eb \u00ebsht\u00eb nj\u00eb moment krenarie, krenarie p\u00ebr at\u00eb q\u00eb \u00ebsht\u00eb arritur \u2013 nd\u00ebrsa ne, p\u00ebr k\u00ebto dy","breadcrumb":{"@id":"https:\/\/www.visit-ulcinj.com\/blog\/2009\/12\/31\/gezuar-festat-e-vitit-te-ri-2010\/#breadcrumb"},"inLanguage":"en-US","potentialAction":[{"@type":"ReadAction","target":["https:\/\/www.visit-ulcinj.com\/blog\/2009\/12\/31\/gezuar-festat-e-vitit-te-ri-2010\/"]}]},{"@type":"BreadcrumbList","@id":"https:\/\/www.visit-ulcinj.com\/blog\/2009\/12\/31\/gezuar-festat-e-vitit-te-ri-2010\/#breadcrumb","itemListElement":[{"@type":"ListItem","position":1,"name":"G\u00ebzuar festat e vitit t\u00eb ri 2010 &#8211; Video Foklori i vjeter i Ulqinit"}]},{"@type":"Person","@id":"https:\/\/www.visit-ulcinj.com\/blog\/#\/schema\/person\/dcab619c614d3038751c63bc2aadc06d","name":"ulqini","sameAs":["http:\/\/www.visit-ulcinj.com"],"url":"https:\/\/www.visit-ulcinj.com\/blog\/author\/admin\/"}]}},"jetpack_featured_media_url":"","jetpack_sharing_enabled":true,"jetpack_shortlink":"https:\/\/wp.me\/pe6lTn-7xa","_links":{"self":[{"href":"https:\/\/www.visit-ulcinj.com\/blog\/wp-json\/wp\/v2\/posts\/28964"}],"collection":[{"href":"https:\/\/www.visit-ulcinj.com\/blog\/wp-json\/wp\/v2\/posts"}],"about":[{"href":"https:\/\/www.visit-ulcinj.com\/blog\/wp-json\/wp\/v2\/types\/post"}],"author":[{"embeddable":true,"href":"https:\/\/www.visit-ulcinj.com\/blog\/wp-json\/wp\/v2\/users\/1"}],"replies":[{"embeddable":true,"href":"https:\/\/www.visit-ulcinj.com\/blog\/wp-json\/wp\/v2\/comments?post=28964"}],"version-history":[{"count":0,"href":"https:\/\/www.visit-ulcinj.com\/blog\/wp-json\/wp\/v2\/posts\/28964\/revisions"}],"wp:attachment":[{"href":"https:\/\/www.visit-ulcinj.com\/blog\/wp-json\/wp\/v2\/media?parent=28964"}],"wp:term":[{"taxonomy":"category","embeddable":true,"href":"https:\/\/www.visit-ulcinj.com\/blog\/wp-json\/wp\/v2\/categories?post=28964"},{"taxonomy":"post_tag","embeddable":true,"href":"https:\/\/www.visit-ulcinj.com\/blog\/wp-json\/wp\/v2\/tags?post=28964"}],"curies":[{"name":"wp","href":"https:\/\/api.w.org\/{rel}","templated":true}]}}