{"id":28970,"date":"2009-12-31T19:08:43","date_gmt":"2009-12-31T17:08:43","guid":{"rendered":"http:\/\/www.visit-ulcinj.com\/blog\/?p=28970"},"modified":"2010-01-01T12:16:10","modified_gmt":"2010-01-01T10:16:10","slug":"krivokapiq-nuk-mund-te-pritet-gjate-per-shkembimin-e-ambasadoreve-me-prishtinen","status":"publish","type":"post","link":"https:\/\/www.visit-ulcinj.com\/blog\/2009\/12\/31\/krivokapiq-nuk-mund-te-pritet-gjate-per-shkembimin-e-ambasadoreve-me-prishtinen\/","title":{"rendered":"Krivokapiq: Nuk mund t\u00eb pritet gjat\u00eb p\u00ebr shk\u00ebmbimin e ambasador\u00ebve me Prishtin\u00ebn"},"content":{"rendered":"<p><a href=\"http:\/\/www.visit-ulcinj.com\/blog\/wp-content\/uploads\/2009\/12\/Ranko-Krivokapiq.jpg\"><img loading=\"lazy\" class=\"alignleft size-full wp-image-28971\" title=\"Ranko Krivokapiq\" src=\"http:\/\/www.visit-ulcinj.com\/blog\/wp-content\/uploads\/2009\/12\/Ranko-Krivokapiq.jpg\" alt=\"Ranko Krivokapiq\" width=\"580\" height=\"400\" \/><\/a>Kryetari i Kuvendit Ranko Krivokapiq konsideron se kontesti para Gjykat\u00ebs Nd\u00ebrkomb\u00ebtare t\u00eb Drejt\u00ebsis\u00eb n\u00eb Hag\u00eb \u00ebsht\u00eb \u00e7\u00ebshtje e Serbis\u00eb dhe Kosov\u00ebs, dhe se Mali i Zi &#8220;nuk mund t\u00eb pres\u00eb tep\u00ebr gjat\u00eb&#8221; q\u00eb t\u00eb b\u00ebhet shk\u00ebmbimi i ambasador\u00ebve me Prishtin\u00ebn.<br \/>\n&#8220;Ne kemi dinamik\u00ebn ton\u00eb e cila filloi n\u00eb tetor t\u00eb vitit t\u00eb kaluar me njohjen e Kosov\u00ebs&#8221;, ka konstatuar Krivokapiq, duke theksuar se Mali i Zi duhet t\u00eb mbroj\u00eb para s\u00eb gjithash interesat e tij nacionale.<br \/>\n&#8220;Ne duhet t\u00eb respektojm\u00eb vendimet deri n\u00eb fund, p\u00ebr t\u00eb qen\u00eb serioz\u00eb dhe subjekt i pranuar nd\u00ebrkomb\u00ebtar&#8221;, ka th\u00ebn\u00eb Krivokapiq.<br \/>\nAi konsideron se shk\u00ebmbimi i ambasador\u00ebve t\u00eb Podgoric\u00ebs dhe Prishtin\u00ebs dhe njohja e popullit malazez n\u00eb Kushtetetut\u00ebn e Kosov\u00ebs duhet trajtuar si dy procese q\u00eb shkojn\u00eb paralelisht.<\/p>\n<p><strong>TVCG<br \/>\n<!--YouTube Error: bad URL entered--><\/strong><\/p>\n","protected":false},"excerpt":{"rendered":"<p>Kryetari i Kuvendit Ranko Krivokapiq konsideron se kontesti para Gjykat\u00ebs Nd\u00ebrkomb\u00ebtare t\u00eb Drejt\u00ebsis\u00eb n\u00eb Hag\u00eb \u00ebsht\u00eb \u00e7\u00ebshtje e Serbis\u00eb dhe Kosov\u00ebs, dhe se Mali i Zi &#8220;nuk mund t\u00eb pres\u00eb tep\u00ebr gjat\u00eb&#8221; q\u00eb t\u00eb b\u00ebhet shk\u00ebmbimi i ambasador\u00ebve me Prishtin\u00ebn. &#8220;Ne kemi dinamik\u00ebn ton\u00eb e cila filloi n\u00eb tetor t\u00eb vitit t\u00eb kaluar me njohjen [&hellip;]<\/p>\n","protected":false},"author":1,"featured_media":0,"comment_status":"open","ping_status":"closed","sticky":false,"template":"","format":"standard","meta":{"spay_email":"","jetpack_publicize_message":"","jetpack_is_tweetstorm":false,"jetpack_publicize_feature_enabled":true},"categories":[14],"tags":[49,95,2398,4560],"jetpack_publicize_connections":[],"yoast_head":"<!-- This site is optimized with the Yoast SEO plugin v19.1 - https:\/\/yoast.com\/wordpress\/plugins\/seo\/ -->\n<title>Krivokapiq: Nuk mund t\u00eb pritet gjat\u00eb p\u00ebr shk\u00ebmbimin e ambasador\u00ebve me Prishtin\u00ebn - Lajme nga Ulqini<\/title>\n<meta name=\"description\" content=\"Kryetari i Kuvendit Ranko Krivokapiq konsideron se kontesti para Gjykat\u00ebs Nd\u00ebrkomb\u00ebtare t\u00eb Drejt\u00ebsis\u00eb n\u00eb Hag\u00eb \u00ebsht\u00eb \u00e7\u00ebshtje e Serbis\u00eb dhe Kosov\u00ebs, dhe se\" \/>\n<meta name=\"robots\" content=\"index, follow, max-snippet:-1, max-image-preview:large, max-video-preview:-1\" \/>\n<link rel=\"canonical\" href=\"https:\/\/www.visit-ulcinj.com\/blog\/2009\/12\/31\/krivokapiq-nuk-mund-te-pritet-gjate-per-shkembimin-e-ambasadoreve-me-prishtinen\/\" \/>\n<meta property=\"og:locale\" content=\"en_US\" \/>\n<meta property=\"og:type\" content=\"article\" \/>\n<meta property=\"og:title\" content=\"Krivokapiq: Nuk mund t\u00eb pritet gjat\u00eb p\u00ebr shk\u00ebmbimin e ambasador\u00ebve me Prishtin\u00ebn - Lajme nga Ulqini\" \/>\n<meta property=\"og:description\" content=\"Kryetari i Kuvendit Ranko Krivokapiq konsideron se kontesti para Gjykat\u00ebs Nd\u00ebrkomb\u00ebtare t\u00eb Drejt\u00ebsis\u00eb n\u00eb Hag\u00eb \u00ebsht\u00eb \u00e7\u00ebshtje e Serbis\u00eb dhe Kosov\u00ebs, dhe se\" \/>\n<meta property=\"og:url\" content=\"https:\/\/www.visit-ulcinj.com\/blog\/2009\/12\/31\/krivokapiq-nuk-mund-te-pritet-gjate-per-shkembimin-e-ambasadoreve-me-prishtinen\/\" \/>\n<meta property=\"og:site_name\" content=\"Lajme nga Ulqini\" \/>\n<meta property=\"article:published_time\" content=\"2009-12-31T17:08:43+00:00\" \/>\n<meta property=\"article:modified_time\" content=\"2010-01-01T10:16:10+00:00\" \/>\n<meta property=\"og:image\" content=\"http:\/\/www.visit-ulcinj.com\/blog\/wp-content\/uploads\/2009\/12\/Ranko-Krivokapiq.jpg\" \/>\n<meta name=\"twitter:label1\" content=\"Written by\" \/>\n\t<meta name=\"twitter:data1\" content=\"ulqini\" \/>\n\t<meta name=\"twitter:label2\" content=\"Est. reading time\" \/>\n\t<meta name=\"twitter:data2\" content=\"1 minute\" \/>\n<script type=\"application\/ld+json\" class=\"yoast-schema-graph\">{\"@context\":\"https:\/\/schema.org\",\"@graph\":[{\"@type\":\"WebSite\",\"@id\":\"https:\/\/www.visit-ulcinj.com\/blog\/#website\",\"url\":\"https:\/\/www.visit-ulcinj.com\/blog\/\",\"name\":\"Lajme nga Ulqini\",\"description\":\"Lajme,Vijesti,Ulqini,Ulqin,Crna Gora,Mali i Zi\",\"potentialAction\":[{\"@type\":\"SearchAction\",\"target\":{\"@type\":\"EntryPoint\",\"urlTemplate\":\"https:\/\/www.visit-ulcinj.com\/blog\/?s={search_term_string}\"},\"query-input\":\"required name=search_term_string\"}],\"inLanguage\":\"en-US\"},{\"@type\":\"ImageObject\",\"inLanguage\":\"en-US\",\"@id\":\"https:\/\/www.visit-ulcinj.com\/blog\/2009\/12\/31\/krivokapiq-nuk-mund-te-pritet-gjate-per-shkembimin-e-ambasadoreve-me-prishtinen\/#primaryimage\",\"url\":\"https:\/\/www.visit-ulcinj.com\/blog\/wp-content\/uploads\/2009\/12\/Ranko-Krivokapiq.jpg\",\"contentUrl\":\"https:\/\/www.visit-ulcinj.com\/blog\/wp-content\/uploads\/2009\/12\/Ranko-Krivokapiq.jpg\",\"width\":\"900\",\"height\":\"600\"},{\"@type\":\"WebPage\",\"@id\":\"https:\/\/www.visit-ulcinj.com\/blog\/2009\/12\/31\/krivokapiq-nuk-mund-te-pritet-gjate-per-shkembimin-e-ambasadoreve-me-prishtinen\/#webpage\",\"url\":\"https:\/\/www.visit-ulcinj.com\/blog\/2009\/12\/31\/krivokapiq-nuk-mund-te-pritet-gjate-per-shkembimin-e-ambasadoreve-me-prishtinen\/\",\"name\":\"Krivokapiq: Nuk mund t\u00eb pritet gjat\u00eb p\u00ebr shk\u00ebmbimin e ambasador\u00ebve me Prishtin\u00ebn - Lajme nga Ulqini\",\"isPartOf\":{\"@id\":\"https:\/\/www.visit-ulcinj.com\/blog\/#website\"},\"primaryImageOfPage\":{\"@id\":\"https:\/\/www.visit-ulcinj.com\/blog\/2009\/12\/31\/krivokapiq-nuk-mund-te-pritet-gjate-per-shkembimin-e-ambasadoreve-me-prishtinen\/#primaryimage\"},\"datePublished\":\"2009-12-31T17:08:43+00:00\",\"dateModified\":\"2010-01-01T10:16:10+00:00\",\"author\":{\"@id\":\"https:\/\/www.visit-ulcinj.com\/blog\/#\/schema\/person\/dcab619c614d3038751c63bc2aadc06d\"},\"description\":\"Kryetari i Kuvendit Ranko Krivokapiq konsideron se kontesti para Gjykat\u00ebs Nd\u00ebrkomb\u00ebtare t\u00eb Drejt\u00ebsis\u00eb n\u00eb Hag\u00eb \u00ebsht\u00eb \u00e7\u00ebshtje e Serbis\u00eb dhe Kosov\u00ebs, dhe se\",\"breadcrumb\":{\"@id\":\"https:\/\/www.visit-ulcinj.com\/blog\/2009\/12\/31\/krivokapiq-nuk-mund-te-pritet-gjate-per-shkembimin-e-ambasadoreve-me-prishtinen\/#breadcrumb\"},\"inLanguage\":\"en-US\",\"potentialAction\":[{\"@type\":\"ReadAction\",\"target\":[\"https:\/\/www.visit-ulcinj.com\/blog\/2009\/12\/31\/krivokapiq-nuk-mund-te-pritet-gjate-per-shkembimin-e-ambasadoreve-me-prishtinen\/\"]}]},{\"@type\":\"BreadcrumbList\",\"@id\":\"https:\/\/www.visit-ulcinj.com\/blog\/2009\/12\/31\/krivokapiq-nuk-mund-te-pritet-gjate-per-shkembimin-e-ambasadoreve-me-prishtinen\/#breadcrumb\",\"itemListElement\":[{\"@type\":\"ListItem\",\"position\":1,\"name\":\"Krivokapiq: Nuk mund t\u00eb pritet gjat\u00eb p\u00ebr shk\u00ebmbimin e ambasador\u00ebve me Prishtin\u00ebn\"}]},{\"@type\":\"Person\",\"@id\":\"https:\/\/www.visit-ulcinj.com\/blog\/#\/schema\/person\/dcab619c614d3038751c63bc2aadc06d\",\"name\":\"ulqini\",\"sameAs\":[\"http:\/\/www.visit-ulcinj.com\"],\"url\":\"https:\/\/www.visit-ulcinj.com\/blog\/author\/admin\/\"}]}<\/script>\n<!-- \/ Yoast SEO plugin. -->","yoast_head_json":{"title":"Krivokapiq: Nuk mund t\u00eb pritet gjat\u00eb p\u00ebr shk\u00ebmbimin e ambasador\u00ebve me Prishtin\u00ebn - Lajme nga Ulqini","description":"Kryetari i Kuvendit Ranko Krivokapiq konsideron se kontesti para Gjykat\u00ebs Nd\u00ebrkomb\u00ebtare t\u00eb Drejt\u00ebsis\u00eb n\u00eb Hag\u00eb \u00ebsht\u00eb \u00e7\u00ebshtje e Serbis\u00eb dhe Kosov\u00ebs, dhe se","robots":{"index":"index","follow":"follow","max-snippet":"max-snippet:-1","max-image-preview":"max-image-preview:large","max-video-preview":"max-video-preview:-1"},"canonical":"https:\/\/www.visit-ulcinj.com\/blog\/2009\/12\/31\/krivokapiq-nuk-mund-te-pritet-gjate-per-shkembimin-e-ambasadoreve-me-prishtinen\/","og_locale":"en_US","og_type":"article","og_title":"Krivokapiq: Nuk mund t\u00eb pritet gjat\u00eb p\u00ebr shk\u00ebmbimin e ambasador\u00ebve me Prishtin\u00ebn - Lajme nga Ulqini","og_description":"Kryetari i Kuvendit Ranko Krivokapiq konsideron se kontesti para Gjykat\u00ebs Nd\u00ebrkomb\u00ebtare t\u00eb Drejt\u00ebsis\u00eb n\u00eb Hag\u00eb \u00ebsht\u00eb \u00e7\u00ebshtje e Serbis\u00eb dhe Kosov\u00ebs, dhe se","og_url":"https:\/\/www.visit-ulcinj.com\/blog\/2009\/12\/31\/krivokapiq-nuk-mund-te-pritet-gjate-per-shkembimin-e-ambasadoreve-me-prishtinen\/","og_site_name":"Lajme nga Ulqini","article_published_time":"2009-12-31T17:08:43+00:00","article_modified_time":"2010-01-01T10:16:10+00:00","og_image":[{"url":"http:\/\/www.visit-ulcinj.com\/blog\/wp-content\/uploads\/2009\/12\/Ranko-Krivokapiq.jpg"}],"twitter_misc":{"Written by":"ulqini","Est. reading time":"1 minute"},"schema":{"@context":"https:\/\/schema.org","@graph":[{"@type":"WebSite","@id":"https:\/\/www.visit-ulcinj.com\/blog\/#website","url":"https:\/\/www.visit-ulcinj.com\/blog\/","name":"Lajme nga Ulqini","description":"Lajme,Vijesti,Ulqini,Ulqin,Crna Gora,Mali i Zi","potentialAction":[{"@type":"SearchAction","target":{"@type":"EntryPoint","urlTemplate":"https:\/\/www.visit-ulcinj.com\/blog\/?s={search_term_string}"},"query-input":"required name=search_term_string"}],"inLanguage":"en-US"},{"@type":"ImageObject","inLanguage":"en-US","@id":"https:\/\/www.visit-ulcinj.com\/blog\/2009\/12\/31\/krivokapiq-nuk-mund-te-pritet-gjate-per-shkembimin-e-ambasadoreve-me-prishtinen\/#primaryimage","url":"https:\/\/www.visit-ulcinj.com\/blog\/wp-content\/uploads\/2009\/12\/Ranko-Krivokapiq.jpg","contentUrl":"https:\/\/www.visit-ulcinj.com\/blog\/wp-content\/uploads\/2009\/12\/Ranko-Krivokapiq.jpg","width":"900","height":"600"},{"@type":"WebPage","@id":"https:\/\/www.visit-ulcinj.com\/blog\/2009\/12\/31\/krivokapiq-nuk-mund-te-pritet-gjate-per-shkembimin-e-ambasadoreve-me-prishtinen\/#webpage","url":"https:\/\/www.visit-ulcinj.com\/blog\/2009\/12\/31\/krivokapiq-nuk-mund-te-pritet-gjate-per-shkembimin-e-ambasadoreve-me-prishtinen\/","name":"Krivokapiq: Nuk mund t\u00eb pritet gjat\u00eb p\u00ebr shk\u00ebmbimin e ambasador\u00ebve me Prishtin\u00ebn - Lajme nga Ulqini","isPartOf":{"@id":"https:\/\/www.visit-ulcinj.com\/blog\/#website"},"primaryImageOfPage":{"@id":"https:\/\/www.visit-ulcinj.com\/blog\/2009\/12\/31\/krivokapiq-nuk-mund-te-pritet-gjate-per-shkembimin-e-ambasadoreve-me-prishtinen\/#primaryimage"},"datePublished":"2009-12-31T17:08:43+00:00","dateModified":"2010-01-01T10:16:10+00:00","author":{"@id":"https:\/\/www.visit-ulcinj.com\/blog\/#\/schema\/person\/dcab619c614d3038751c63bc2aadc06d"},"description":"Kryetari i Kuvendit Ranko Krivokapiq konsideron se kontesti para Gjykat\u00ebs Nd\u00ebrkomb\u00ebtare t\u00eb Drejt\u00ebsis\u00eb n\u00eb Hag\u00eb \u00ebsht\u00eb \u00e7\u00ebshtje e Serbis\u00eb dhe Kosov\u00ebs, dhe se","breadcrumb":{"@id":"https:\/\/www.visit-ulcinj.com\/blog\/2009\/12\/31\/krivokapiq-nuk-mund-te-pritet-gjate-per-shkembimin-e-ambasadoreve-me-prishtinen\/#breadcrumb"},"inLanguage":"en-US","potentialAction":[{"@type":"ReadAction","target":["https:\/\/www.visit-ulcinj.com\/blog\/2009\/12\/31\/krivokapiq-nuk-mund-te-pritet-gjate-per-shkembimin-e-ambasadoreve-me-prishtinen\/"]}]},{"@type":"BreadcrumbList","@id":"https:\/\/www.visit-ulcinj.com\/blog\/2009\/12\/31\/krivokapiq-nuk-mund-te-pritet-gjate-per-shkembimin-e-ambasadoreve-me-prishtinen\/#breadcrumb","itemListElement":[{"@type":"ListItem","position":1,"name":"Krivokapiq: Nuk mund t\u00eb pritet gjat\u00eb p\u00ebr shk\u00ebmbimin e ambasador\u00ebve me Prishtin\u00ebn"}]},{"@type":"Person","@id":"https:\/\/www.visit-ulcinj.com\/blog\/#\/schema\/person\/dcab619c614d3038751c63bc2aadc06d","name":"ulqini","sameAs":["http:\/\/www.visit-ulcinj.com"],"url":"https:\/\/www.visit-ulcinj.com\/blog\/author\/admin\/"}]}},"jetpack_featured_media_url":"","jetpack_sharing_enabled":true,"jetpack_shortlink":"https:\/\/wp.me\/pe6lTn-7xg","_links":{"self":[{"href":"https:\/\/www.visit-ulcinj.com\/blog\/wp-json\/wp\/v2\/posts\/28970"}],"collection":[{"href":"https:\/\/www.visit-ulcinj.com\/blog\/wp-json\/wp\/v2\/posts"}],"about":[{"href":"https:\/\/www.visit-ulcinj.com\/blog\/wp-json\/wp\/v2\/types\/post"}],"author":[{"embeddable":true,"href":"https:\/\/www.visit-ulcinj.com\/blog\/wp-json\/wp\/v2\/users\/1"}],"replies":[{"embeddable":true,"href":"https:\/\/www.visit-ulcinj.com\/blog\/wp-json\/wp\/v2\/comments?post=28970"}],"version-history":[{"count":0,"href":"https:\/\/www.visit-ulcinj.com\/blog\/wp-json\/wp\/v2\/posts\/28970\/revisions"}],"wp:attachment":[{"href":"https:\/\/www.visit-ulcinj.com\/blog\/wp-json\/wp\/v2\/media?parent=28970"}],"wp:term":[{"taxonomy":"category","embeddable":true,"href":"https:\/\/www.visit-ulcinj.com\/blog\/wp-json\/wp\/v2\/categories?post=28970"},{"taxonomy":"post_tag","embeddable":true,"href":"https:\/\/www.visit-ulcinj.com\/blog\/wp-json\/wp\/v2\/tags?post=28970"}],"curies":[{"name":"wp","href":"https:\/\/api.w.org\/{rel}","templated":true}]}}