{"id":28974,"date":"2009-12-31T20:54:33","date_gmt":"2009-12-31T18:54:33","guid":{"rendered":"http:\/\/www.visit-ulcinj.com\/blog\/?p=28974"},"modified":"2010-01-04T21:34:18","modified_gmt":"2010-01-04T19:34:18","slug":"gezuar-viti-e-ri-2010-nga-klubi-karatesulqini","status":"publish","type":"post","link":"https:\/\/www.visit-ulcinj.com\/blog\/2009\/12\/31\/gezuar-viti-e-ri-2010-nga-klubi-karatesulqini\/","title":{"rendered":"G\u00ebzuar vitin e ri 2010 nga Klubi Karates&#8221;Ulqini&#8221; &#8211; Video Foklori i vjeter i Anes Malit"},"content":{"rendered":"<p><strong><a href=\"http:\/\/www.visit-ulcinj.com\/blog\/wp-content\/uploads\/2009\/12\/Karate-Klub-Ulqini-2010.jpg\"><img loading=\"lazy\" class=\"alignleft size-full wp-image-28975\" title=\"Karate Klub Ulqini - 2010\" src=\"http:\/\/www.visit-ulcinj.com\/blog\/wp-content\/uploads\/2009\/12\/Karate-Klub-Ulqini-2010.jpg\" alt=\"Karate Klub Ulqini - 2010\" width=\"580\" height=\"400\" \/><\/a>G\u00ebzuar Vitin e Ri 2010!<\/strong><br \/>\nLe t\u00eb jet\u00eb ky vit i ri nj\u00eb vit i bekuar q\u00eb sjell sh\u00ebndet, paqe e dashuri n\u00eb jet\u00ebn tuaj dhe t\u00eb familjes suaj.<br \/>\nIu plot\u00ebsofshin t\u00eb gjitha d\u00ebshirat e zemr\u00ebs dhe pa\u00e7i vet\u00ebm gaz e hare n\u00eb jet\u00ebn tuaj.<br \/>\nDhe mos harroni se sado larg nga vendlindja dhe familja q\u00eb jeta mund t\u2019u ket\u00eb hedhur, familja jon\u00eb e madhe virtuale do t\u00eb jet\u00eb gjithmon\u00eb pran\u00eb jush. Jeni gjithmon\u00eb t\u00eb mir\u00ebpritur n\u00eb Karate Klub &#8220;Ulqini&#8221;.<\/p>\n<p>Edhe nj\u00ebher\u00eb G\u00ebzuar Vitin e Ri 2010!<\/p>\n<p><strong>Karate Klub &#8220;Ulqini&#8221;.<\/strong><\/p>\n<!--YouTube Error: bad URL entered-->\n","protected":false},"excerpt":{"rendered":"<p>G\u00ebzuar Vitin e Ri 2010! Le t\u00eb jet\u00eb ky vit i ri nj\u00eb vit i bekuar q\u00eb sjell sh\u00ebndet, paqe e dashuri n\u00eb jet\u00ebn tuaj dhe t\u00eb familjes suaj. Iu plot\u00ebsofshin t\u00eb gjitha d\u00ebshirat e zemr\u00ebs dhe pa\u00e7i vet\u00ebm gaz e hare n\u00eb jet\u00ebn tuaj. Dhe mos harroni se sado larg nga vendlindja dhe familja [&hellip;]<\/p>\n","protected":false},"author":1,"featured_media":0,"comment_status":"open","ping_status":"closed","sticky":false,"template":"","format":"standard","meta":{"spay_email":"","jetpack_publicize_message":"","jetpack_is_tweetstorm":false,"jetpack_publicize_feature_enabled":true},"categories":[3],"tags":[13165,13164,95,200,18],"jetpack_publicize_connections":[],"yoast_head":"<!-- This site is optimized with the Yoast SEO plugin v19.1 - https:\/\/yoast.com\/wordpress\/plugins\/seo\/ -->\n<title>G\u00ebzuar vitin e ri 2010 nga Klubi Karates&quot;Ulqini&quot; - Video Foklori i vjeter i Anes Malit - Lajme nga Ulqini<\/title>\n<meta name=\"description\" content=\"G\u00ebzuar Vitin e Ri 2010! Le t\u00eb jet\u00eb ky vit i ri nj\u00eb vit i bekuar q\u00eb sjell sh\u00ebndet, paqe e dashuri n\u00eb jet\u00ebn tuaj dhe t\u00eb familjes suaj. Iu plot\u00ebsofshin t\u00eb\" \/>\n<meta name=\"robots\" content=\"index, follow, max-snippet:-1, max-image-preview:large, max-video-preview:-1\" \/>\n<link rel=\"canonical\" href=\"https:\/\/www.visit-ulcinj.com\/blog\/2009\/12\/31\/gezuar-viti-e-ri-2010-nga-klubi-karatesulqini\/\" \/>\n<meta property=\"og:locale\" content=\"en_US\" \/>\n<meta property=\"og:type\" content=\"article\" \/>\n<meta property=\"og:title\" content=\"G\u00ebzuar vitin e ri 2010 nga Klubi Karates&quot;Ulqini&quot; - Video Foklori i vjeter i Anes Malit - Lajme nga Ulqini\" \/>\n<meta property=\"og:description\" content=\"G\u00ebzuar Vitin e Ri 2010! Le t\u00eb jet\u00eb ky vit i ri nj\u00eb vit i bekuar q\u00eb sjell sh\u00ebndet, paqe e dashuri n\u00eb jet\u00ebn tuaj dhe t\u00eb familjes suaj. Iu plot\u00ebsofshin t\u00eb\" \/>\n<meta property=\"og:url\" content=\"https:\/\/www.visit-ulcinj.com\/blog\/2009\/12\/31\/gezuar-viti-e-ri-2010-nga-klubi-karatesulqini\/\" \/>\n<meta property=\"og:site_name\" content=\"Lajme nga Ulqini\" \/>\n<meta property=\"article:published_time\" content=\"2009-12-31T18:54:33+00:00\" \/>\n<meta property=\"article:modified_time\" content=\"2010-01-04T19:34:18+00:00\" \/>\n<meta property=\"og:image\" content=\"http:\/\/www.visit-ulcinj.com\/blog\/wp-content\/uploads\/2009\/12\/Karate-Klub-Ulqini-2010.jpg\" \/>\n<meta name=\"twitter:label1\" content=\"Written by\" \/>\n\t<meta name=\"twitter:data1\" content=\"ulqini\" \/>\n\t<meta name=\"twitter:label2\" content=\"Est. reading time\" \/>\n\t<meta name=\"twitter:data2\" content=\"1 minute\" \/>\n<script type=\"application\/ld+json\" class=\"yoast-schema-graph\">{\"@context\":\"https:\/\/schema.org\",\"@graph\":[{\"@type\":\"WebSite\",\"@id\":\"https:\/\/www.visit-ulcinj.com\/blog\/#website\",\"url\":\"https:\/\/www.visit-ulcinj.com\/blog\/\",\"name\":\"Lajme nga Ulqini\",\"description\":\"Lajme,Vijesti,Ulqini,Ulqin,Crna Gora,Mali i Zi\",\"potentialAction\":[{\"@type\":\"SearchAction\",\"target\":{\"@type\":\"EntryPoint\",\"urlTemplate\":\"https:\/\/www.visit-ulcinj.com\/blog\/?s={search_term_string}\"},\"query-input\":\"required name=search_term_string\"}],\"inLanguage\":\"en-US\"},{\"@type\":\"ImageObject\",\"inLanguage\":\"en-US\",\"@id\":\"https:\/\/www.visit-ulcinj.com\/blog\/2009\/12\/31\/gezuar-viti-e-ri-2010-nga-klubi-karatesulqini\/#primaryimage\",\"url\":\"https:\/\/www.visit-ulcinj.com\/blog\/wp-content\/uploads\/2009\/12\/Karate-Klub-Ulqini-2010.jpg\",\"contentUrl\":\"https:\/\/www.visit-ulcinj.com\/blog\/wp-content\/uploads\/2009\/12\/Karate-Klub-Ulqini-2010.jpg\",\"width\":\"843\",\"height\":\"596\"},{\"@type\":\"WebPage\",\"@id\":\"https:\/\/www.visit-ulcinj.com\/blog\/2009\/12\/31\/gezuar-viti-e-ri-2010-nga-klubi-karatesulqini\/#webpage\",\"url\":\"https:\/\/www.visit-ulcinj.com\/blog\/2009\/12\/31\/gezuar-viti-e-ri-2010-nga-klubi-karatesulqini\/\",\"name\":\"G\u00ebzuar vitin e ri 2010 nga Klubi Karates\\\"Ulqini\\\" - Video Foklori i vjeter i Anes Malit - Lajme nga Ulqini\",\"isPartOf\":{\"@id\":\"https:\/\/www.visit-ulcinj.com\/blog\/#website\"},\"primaryImageOfPage\":{\"@id\":\"https:\/\/www.visit-ulcinj.com\/blog\/2009\/12\/31\/gezuar-viti-e-ri-2010-nga-klubi-karatesulqini\/#primaryimage\"},\"datePublished\":\"2009-12-31T18:54:33+00:00\",\"dateModified\":\"2010-01-04T19:34:18+00:00\",\"author\":{\"@id\":\"https:\/\/www.visit-ulcinj.com\/blog\/#\/schema\/person\/dcab619c614d3038751c63bc2aadc06d\"},\"description\":\"G\u00ebzuar Vitin e Ri 2010! Le t\u00eb jet\u00eb ky vit i ri nj\u00eb vit i bekuar q\u00eb sjell sh\u00ebndet, paqe e dashuri n\u00eb jet\u00ebn tuaj dhe t\u00eb familjes suaj. Iu plot\u00ebsofshin t\u00eb\",\"breadcrumb\":{\"@id\":\"https:\/\/www.visit-ulcinj.com\/blog\/2009\/12\/31\/gezuar-viti-e-ri-2010-nga-klubi-karatesulqini\/#breadcrumb\"},\"inLanguage\":\"en-US\",\"potentialAction\":[{\"@type\":\"ReadAction\",\"target\":[\"https:\/\/www.visit-ulcinj.com\/blog\/2009\/12\/31\/gezuar-viti-e-ri-2010-nga-klubi-karatesulqini\/\"]}]},{\"@type\":\"BreadcrumbList\",\"@id\":\"https:\/\/www.visit-ulcinj.com\/blog\/2009\/12\/31\/gezuar-viti-e-ri-2010-nga-klubi-karatesulqini\/#breadcrumb\",\"itemListElement\":[{\"@type\":\"ListItem\",\"position\":1,\"name\":\"G\u00ebzuar vitin e ri 2010 nga Klubi Karates&#8221;Ulqini&#8221; &#8211; Video Foklori i vjeter i Anes Malit\"}]},{\"@type\":\"Person\",\"@id\":\"https:\/\/www.visit-ulcinj.com\/blog\/#\/schema\/person\/dcab619c614d3038751c63bc2aadc06d\",\"name\":\"ulqini\",\"sameAs\":[\"http:\/\/www.visit-ulcinj.com\"],\"url\":\"https:\/\/www.visit-ulcinj.com\/blog\/author\/admin\/\"}]}<\/script>\n<!-- \/ Yoast SEO plugin. -->","yoast_head_json":{"title":"G\u00ebzuar vitin e ri 2010 nga Klubi Karates\"Ulqini\" - Video Foklori i vjeter i Anes Malit - Lajme nga Ulqini","description":"G\u00ebzuar Vitin e Ri 2010! Le t\u00eb jet\u00eb ky vit i ri nj\u00eb vit i bekuar q\u00eb sjell sh\u00ebndet, paqe e dashuri n\u00eb jet\u00ebn tuaj dhe t\u00eb familjes suaj. Iu plot\u00ebsofshin t\u00eb","robots":{"index":"index","follow":"follow","max-snippet":"max-snippet:-1","max-image-preview":"max-image-preview:large","max-video-preview":"max-video-preview:-1"},"canonical":"https:\/\/www.visit-ulcinj.com\/blog\/2009\/12\/31\/gezuar-viti-e-ri-2010-nga-klubi-karatesulqini\/","og_locale":"en_US","og_type":"article","og_title":"G\u00ebzuar vitin e ri 2010 nga Klubi Karates\"Ulqini\" - Video Foklori i vjeter i Anes Malit - Lajme nga Ulqini","og_description":"G\u00ebzuar Vitin e Ri 2010! Le t\u00eb jet\u00eb ky vit i ri nj\u00eb vit i bekuar q\u00eb sjell sh\u00ebndet, paqe e dashuri n\u00eb jet\u00ebn tuaj dhe t\u00eb familjes suaj. Iu plot\u00ebsofshin t\u00eb","og_url":"https:\/\/www.visit-ulcinj.com\/blog\/2009\/12\/31\/gezuar-viti-e-ri-2010-nga-klubi-karatesulqini\/","og_site_name":"Lajme nga Ulqini","article_published_time":"2009-12-31T18:54:33+00:00","article_modified_time":"2010-01-04T19:34:18+00:00","og_image":[{"url":"http:\/\/www.visit-ulcinj.com\/blog\/wp-content\/uploads\/2009\/12\/Karate-Klub-Ulqini-2010.jpg"}],"twitter_misc":{"Written by":"ulqini","Est. reading time":"1 minute"},"schema":{"@context":"https:\/\/schema.org","@graph":[{"@type":"WebSite","@id":"https:\/\/www.visit-ulcinj.com\/blog\/#website","url":"https:\/\/www.visit-ulcinj.com\/blog\/","name":"Lajme nga Ulqini","description":"Lajme,Vijesti,Ulqini,Ulqin,Crna Gora,Mali i Zi","potentialAction":[{"@type":"SearchAction","target":{"@type":"EntryPoint","urlTemplate":"https:\/\/www.visit-ulcinj.com\/blog\/?s={search_term_string}"},"query-input":"required name=search_term_string"}],"inLanguage":"en-US"},{"@type":"ImageObject","inLanguage":"en-US","@id":"https:\/\/www.visit-ulcinj.com\/blog\/2009\/12\/31\/gezuar-viti-e-ri-2010-nga-klubi-karatesulqini\/#primaryimage","url":"https:\/\/www.visit-ulcinj.com\/blog\/wp-content\/uploads\/2009\/12\/Karate-Klub-Ulqini-2010.jpg","contentUrl":"https:\/\/www.visit-ulcinj.com\/blog\/wp-content\/uploads\/2009\/12\/Karate-Klub-Ulqini-2010.jpg","width":"843","height":"596"},{"@type":"WebPage","@id":"https:\/\/www.visit-ulcinj.com\/blog\/2009\/12\/31\/gezuar-viti-e-ri-2010-nga-klubi-karatesulqini\/#webpage","url":"https:\/\/www.visit-ulcinj.com\/blog\/2009\/12\/31\/gezuar-viti-e-ri-2010-nga-klubi-karatesulqini\/","name":"G\u00ebzuar vitin e ri 2010 nga Klubi Karates\"Ulqini\" - Video Foklori i vjeter i Anes Malit - Lajme nga Ulqini","isPartOf":{"@id":"https:\/\/www.visit-ulcinj.com\/blog\/#website"},"primaryImageOfPage":{"@id":"https:\/\/www.visit-ulcinj.com\/blog\/2009\/12\/31\/gezuar-viti-e-ri-2010-nga-klubi-karatesulqini\/#primaryimage"},"datePublished":"2009-12-31T18:54:33+00:00","dateModified":"2010-01-04T19:34:18+00:00","author":{"@id":"https:\/\/www.visit-ulcinj.com\/blog\/#\/schema\/person\/dcab619c614d3038751c63bc2aadc06d"},"description":"G\u00ebzuar Vitin e Ri 2010! Le t\u00eb jet\u00eb ky vit i ri nj\u00eb vit i bekuar q\u00eb sjell sh\u00ebndet, paqe e dashuri n\u00eb jet\u00ebn tuaj dhe t\u00eb familjes suaj. Iu plot\u00ebsofshin t\u00eb","breadcrumb":{"@id":"https:\/\/www.visit-ulcinj.com\/blog\/2009\/12\/31\/gezuar-viti-e-ri-2010-nga-klubi-karatesulqini\/#breadcrumb"},"inLanguage":"en-US","potentialAction":[{"@type":"ReadAction","target":["https:\/\/www.visit-ulcinj.com\/blog\/2009\/12\/31\/gezuar-viti-e-ri-2010-nga-klubi-karatesulqini\/"]}]},{"@type":"BreadcrumbList","@id":"https:\/\/www.visit-ulcinj.com\/blog\/2009\/12\/31\/gezuar-viti-e-ri-2010-nga-klubi-karatesulqini\/#breadcrumb","itemListElement":[{"@type":"ListItem","position":1,"name":"G\u00ebzuar vitin e ri 2010 nga Klubi Karates&#8221;Ulqini&#8221; &#8211; Video Foklori i vjeter i Anes Malit"}]},{"@type":"Person","@id":"https:\/\/www.visit-ulcinj.com\/blog\/#\/schema\/person\/dcab619c614d3038751c63bc2aadc06d","name":"ulqini","sameAs":["http:\/\/www.visit-ulcinj.com"],"url":"https:\/\/www.visit-ulcinj.com\/blog\/author\/admin\/"}]}},"jetpack_featured_media_url":"","jetpack_sharing_enabled":true,"jetpack_shortlink":"https:\/\/wp.me\/pe6lTn-7xk","_links":{"self":[{"href":"https:\/\/www.visit-ulcinj.com\/blog\/wp-json\/wp\/v2\/posts\/28974"}],"collection":[{"href":"https:\/\/www.visit-ulcinj.com\/blog\/wp-json\/wp\/v2\/posts"}],"about":[{"href":"https:\/\/www.visit-ulcinj.com\/blog\/wp-json\/wp\/v2\/types\/post"}],"author":[{"embeddable":true,"href":"https:\/\/www.visit-ulcinj.com\/blog\/wp-json\/wp\/v2\/users\/1"}],"replies":[{"embeddable":true,"href":"https:\/\/www.visit-ulcinj.com\/blog\/wp-json\/wp\/v2\/comments?post=28974"}],"version-history":[{"count":0,"href":"https:\/\/www.visit-ulcinj.com\/blog\/wp-json\/wp\/v2\/posts\/28974\/revisions"}],"wp:attachment":[{"href":"https:\/\/www.visit-ulcinj.com\/blog\/wp-json\/wp\/v2\/media?parent=28974"}],"wp:term":[{"taxonomy":"category","embeddable":true,"href":"https:\/\/www.visit-ulcinj.com\/blog\/wp-json\/wp\/v2\/categories?post=28974"},{"taxonomy":"post_tag","embeddable":true,"href":"https:\/\/www.visit-ulcinj.com\/blog\/wp-json\/wp\/v2\/tags?post=28974"}],"curies":[{"name":"wp","href":"https:\/\/api.w.org\/{rel}","templated":true}]}}