{"id":29013,"date":"2010-01-01T11:54:42","date_gmt":"2010-01-01T09:54:42","guid":{"rendered":"http:\/\/www.visit-ulcinj.com\/blog\/?p=29013"},"modified":"2010-01-01T11:54:42","modified_gmt":"2010-01-01T09:54:42","slug":"potpredsjednik-force-genci-nimanbegu-optuzio-predsjednika-opstine-ulcinj-video","status":"publish","type":"post","link":"https:\/\/www.visit-ulcinj.com\/blog\/2010\/01\/01\/potpredsjednik-force-genci-nimanbegu-optuzio-predsjednika-opstine-ulcinj-video\/","title":{"rendered":"Potpredsjednik Force Genci Nimanbegu optu\u017eio predsjednika op\u0161tine Ulcinj &#8211; Video"},"content":{"rendered":"<p><strong><a href=\"http:\/\/www.visit-ulcinj.com\/blog\/wp-content\/uploads\/2010\/01\/Potpredsjednik-i-poslanik-Force-Genci-Nimanbegu.jpg\"><img loading=\"lazy\" class=\"alignleft size-full wp-image-29014\" title=\"Potpredsjednik i poslanik Force Genci Nimanbegu\" src=\"http:\/\/www.visit-ulcinj.com\/blog\/wp-content\/uploads\/2010\/01\/Potpredsjednik-i-poslanik-Force-Genci-Nimanbegu.jpg\" alt=\"Potpredsjednik i poslanik Force Genci Nimanbegu\" width=\"580\" height=\"400\" \/><\/a>Hajdinaga lobira za plja?ku Valdanosa<\/strong><br \/>\nULCINj &#8211; Potpredsjednik i poslanik Force Genci Nimanbegu ocijenio je da je, nakon najnovijeg stava Gzima Hajdinage, &#8220;svima jasno da je predsjednik Op\u0161tine Ulcinj protiv povra?aja imovine u Valdanosu. Na konferenciji za novinare Nimanbegu je optu\u017eio Hajdinagu da se &#8220;priklju?io ekipi Kubus Luksa da izvr\u0161i plja?ku imovine gra?ana Ulcinja&#8221;.<br \/>\n&#8211; Njegov stav u?inio javno vidljivim da je on glavni lobista Kubus Luksa da se maslinada u Valdanosu dodijeli stranim kompanijama, a ne da se vrati legitiminim vlasnicima. Ovim je jasno ko spre?ava realizaciju Odluke SO Ulcinj iz 2007. godine da se ovo zemlji\u0161te vrati legitimnim vlasnicima, da se u Skup\u0161tini razmatra dosada\u0161nja realiazacija ove odluke, kao i da se uvrste gra?anske inicijative u dnevni red parlamenta &#8211; istakao je Nimanbegu.<br \/>\nOn je uputio pitanje predsjedniku ulcinjske op\u0161tine kolika je cijena ovog lobiranja.<br \/>\n&#8211; Da li je to dodjeljeni zadatak od strane predsjednika tenderske komisije Vujice Lazovi?a ili to radi dobrovoljno &#8211; zapitao se funkcioner Force.<br \/>\nPodsjetio je da je ve? pro\u0161lo preko tri godine od kada je, kako tvrdi, Hajdinga izerkao svoju najve?u prevaru, &#8220;da gra?ani spreme ko\u0161arice za masline, po\u0161to je on dogovorio kod svojih prijatelja da vrate maslinadu Valdanos&#8221;. Poslije tri godine, nagla\u0161ava Nimanbegu, ne da nije vra?ena maslinada, ve? u Valdanos ne mogu u?i vlasnici, a ni gra?ani, jer je pripremljen da se preda nepoznatim investitorima.<br \/>\n&#8211; Prevara koju Hajdinaga nastavlja da daje je ta o izgradnji \u0161kole u 2010. godini iako u bud\u017eetu Crne Gore nijesu predvi?ena sredstva za tu najmenu u Op\u0161tini Ulcinj. Sredstva od 100.000 eura su namjenjena za projektnu dokumentaciju i gra?evinsku dozvolu, i to pod uslovom da Op\u0161tina usvoji plansku dokumentaciju. \u0160kola se u 2010. godini mo\u017ee izgraditi samo ako Hajdinaga nema neka sredstva od lobista koja nisu u bud\u017eetu ili ako Kubus Luks ne izgradi tu \u0161kolu kao kompenzaciju Ulcnju za Valdanos &#8211; tvrdi Nimanbegu.<\/p>\n<p><strong>V.R.<br \/>\n<a href=\"http:\/\/www.dan.co.me\/?nivo=3&amp;rubrika=Regioni&amp;clanak=214212&amp;datum=2009-12-31\" target=\"_blank\">DAN<\/a><\/strong><\/p>\n<p><!--YouTube Error: bad URL entered--><strong><br \/>\n<\/strong><\/p>\n","protected":false},"excerpt":{"rendered":"<p>Hajdinaga lobira za plja?ku Valdanosa ULCINj &#8211; Potpredsjednik i poslanik Force Genci Nimanbegu ocijenio je da je, nakon najnovijeg stava Gzima Hajdinage, &#8220;svima jasno da je predsjednik Op\u0161tine Ulcinj protiv povra?aja imovine u Valdanosu. Na konferenciji za novinare Nimanbegu je optu\u017eio Hajdinagu da se &#8220;priklju?io ekipi Kubus Luksa da izvr\u0161i plja?ku imovine gra?ana Ulcinja&#8221;. &#8211; [&hellip;]<\/p>\n","protected":false},"author":1,"featured_media":0,"comment_status":"open","ping_status":"closed","sticky":false,"template":"","format":"standard","meta":{"spay_email":"","jetpack_publicize_message":"","jetpack_is_tweetstorm":false,"jetpack_publicize_feature_enabled":true},"categories":[8337],"tags":[1073,2417,13168,13167,3168,19,136,13062],"jetpack_publicize_connections":[],"yoast_head":"<!-- This site is optimized with the Yoast SEO plugin v19.1 - https:\/\/yoast.com\/wordpress\/plugins\/seo\/ -->\n<title>Potpredsjednik Force Genci Nimanbegu optu\u017eio predsjednika op\u0161tine Ulcinj - Video - Lajme nga Ulqini<\/title>\n<meta name=\"description\" content=\"Hajdinaga lobira za plja?ku Valdanosa ULCINj - Potpredsjednik i poslanik Force Genci Nimanbegu ocijenio je da je, nakon najnovijeg stava Gzima Hajdinage,\" \/>\n<meta name=\"robots\" content=\"index, follow, max-snippet:-1, max-image-preview:large, max-video-preview:-1\" \/>\n<link rel=\"canonical\" href=\"https:\/\/www.visit-ulcinj.com\/blog\/2010\/01\/01\/potpredsjednik-force-genci-nimanbegu-optuzio-predsjednika-opstine-ulcinj-video\/\" \/>\n<meta property=\"og:locale\" content=\"en_US\" \/>\n<meta property=\"og:type\" content=\"article\" \/>\n<meta property=\"og:title\" content=\"Potpredsjednik Force Genci Nimanbegu optu\u017eio predsjednika op\u0161tine Ulcinj - Video - Lajme nga Ulqini\" \/>\n<meta property=\"og:description\" content=\"Hajdinaga lobira za plja?ku Valdanosa ULCINj - Potpredsjednik i poslanik Force Genci Nimanbegu ocijenio je da je, nakon najnovijeg stava Gzima Hajdinage,\" \/>\n<meta property=\"og:url\" content=\"https:\/\/www.visit-ulcinj.com\/blog\/2010\/01\/01\/potpredsjednik-force-genci-nimanbegu-optuzio-predsjednika-opstine-ulcinj-video\/\" \/>\n<meta property=\"og:site_name\" content=\"Lajme nga Ulqini\" \/>\n<meta property=\"article:published_time\" content=\"2010-01-01T09:54:42+00:00\" \/>\n<meta property=\"og:image\" content=\"http:\/\/www.visit-ulcinj.com\/blog\/wp-content\/uploads\/2010\/01\/Potpredsjednik-i-poslanik-Force-Genci-Nimanbegu.jpg\" \/>\n<meta name=\"twitter:label1\" content=\"Written by\" \/>\n\t<meta name=\"twitter:data1\" content=\"ulqini\" \/>\n\t<meta name=\"twitter:label2\" content=\"Est. reading time\" \/>\n\t<meta name=\"twitter:data2\" content=\"2 minutes\" \/>\n<script type=\"application\/ld+json\" class=\"yoast-schema-graph\">{\"@context\":\"https:\/\/schema.org\",\"@graph\":[{\"@type\":\"WebSite\",\"@id\":\"https:\/\/www.visit-ulcinj.com\/blog\/#website\",\"url\":\"https:\/\/www.visit-ulcinj.com\/blog\/\",\"name\":\"Lajme nga Ulqini\",\"description\":\"Lajme,Vijesti,Ulqini,Ulqin,Crna Gora,Mali i Zi\",\"potentialAction\":[{\"@type\":\"SearchAction\",\"target\":{\"@type\":\"EntryPoint\",\"urlTemplate\":\"https:\/\/www.visit-ulcinj.com\/blog\/?s={search_term_string}\"},\"query-input\":\"required name=search_term_string\"}],\"inLanguage\":\"en-US\"},{\"@type\":\"ImageObject\",\"inLanguage\":\"en-US\",\"@id\":\"https:\/\/www.visit-ulcinj.com\/blog\/2010\/01\/01\/potpredsjednik-force-genci-nimanbegu-optuzio-predsjednika-opstine-ulcinj-video\/#primaryimage\",\"url\":\"https:\/\/www.visit-ulcinj.com\/blog\/wp-content\/uploads\/2010\/01\/Potpredsjednik-i-poslanik-Force-Genci-Nimanbegu.jpg\",\"contentUrl\":\"https:\/\/www.visit-ulcinj.com\/blog\/wp-content\/uploads\/2010\/01\/Potpredsjednik-i-poslanik-Force-Genci-Nimanbegu.jpg\",\"width\":\"800\",\"height\":\"536\"},{\"@type\":\"WebPage\",\"@id\":\"https:\/\/www.visit-ulcinj.com\/blog\/2010\/01\/01\/potpredsjednik-force-genci-nimanbegu-optuzio-predsjednika-opstine-ulcinj-video\/#webpage\",\"url\":\"https:\/\/www.visit-ulcinj.com\/blog\/2010\/01\/01\/potpredsjednik-force-genci-nimanbegu-optuzio-predsjednika-opstine-ulcinj-video\/\",\"name\":\"Potpredsjednik Force Genci Nimanbegu optu\u017eio predsjednika op\u0161tine Ulcinj - Video - Lajme nga Ulqini\",\"isPartOf\":{\"@id\":\"https:\/\/www.visit-ulcinj.com\/blog\/#website\"},\"primaryImageOfPage\":{\"@id\":\"https:\/\/www.visit-ulcinj.com\/blog\/2010\/01\/01\/potpredsjednik-force-genci-nimanbegu-optuzio-predsjednika-opstine-ulcinj-video\/#primaryimage\"},\"datePublished\":\"2010-01-01T09:54:42+00:00\",\"dateModified\":\"2010-01-01T09:54:42+00:00\",\"author\":{\"@id\":\"https:\/\/www.visit-ulcinj.com\/blog\/#\/schema\/person\/dcab619c614d3038751c63bc2aadc06d\"},\"description\":\"Hajdinaga lobira za plja?ku Valdanosa ULCINj - Potpredsjednik i poslanik Force Genci Nimanbegu ocijenio je da je, nakon najnovijeg stava Gzima Hajdinage,\",\"breadcrumb\":{\"@id\":\"https:\/\/www.visit-ulcinj.com\/blog\/2010\/01\/01\/potpredsjednik-force-genci-nimanbegu-optuzio-predsjednika-opstine-ulcinj-video\/#breadcrumb\"},\"inLanguage\":\"en-US\",\"potentialAction\":[{\"@type\":\"ReadAction\",\"target\":[\"https:\/\/www.visit-ulcinj.com\/blog\/2010\/01\/01\/potpredsjednik-force-genci-nimanbegu-optuzio-predsjednika-opstine-ulcinj-video\/\"]}]},{\"@type\":\"BreadcrumbList\",\"@id\":\"https:\/\/www.visit-ulcinj.com\/blog\/2010\/01\/01\/potpredsjednik-force-genci-nimanbegu-optuzio-predsjednika-opstine-ulcinj-video\/#breadcrumb\",\"itemListElement\":[{\"@type\":\"ListItem\",\"position\":1,\"name\":\"Potpredsjednik Force Genci Nimanbegu optu\u017eio predsjednika op\u0161tine Ulcinj &#8211; Video\"}]},{\"@type\":\"Person\",\"@id\":\"https:\/\/www.visit-ulcinj.com\/blog\/#\/schema\/person\/dcab619c614d3038751c63bc2aadc06d\",\"name\":\"ulqini\",\"sameAs\":[\"http:\/\/www.visit-ulcinj.com\"],\"url\":\"https:\/\/www.visit-ulcinj.com\/blog\/author\/admin\/\"}]}<\/script>\n<!-- \/ Yoast SEO plugin. -->","yoast_head_json":{"title":"Potpredsjednik Force Genci Nimanbegu optu\u017eio predsjednika op\u0161tine Ulcinj - Video - Lajme nga Ulqini","description":"Hajdinaga lobira za plja?ku Valdanosa ULCINj - Potpredsjednik i poslanik Force Genci Nimanbegu ocijenio je da je, nakon najnovijeg stava Gzima Hajdinage,","robots":{"index":"index","follow":"follow","max-snippet":"max-snippet:-1","max-image-preview":"max-image-preview:large","max-video-preview":"max-video-preview:-1"},"canonical":"https:\/\/www.visit-ulcinj.com\/blog\/2010\/01\/01\/potpredsjednik-force-genci-nimanbegu-optuzio-predsjednika-opstine-ulcinj-video\/","og_locale":"en_US","og_type":"article","og_title":"Potpredsjednik Force Genci Nimanbegu optu\u017eio predsjednika op\u0161tine Ulcinj - Video - Lajme nga Ulqini","og_description":"Hajdinaga lobira za plja?ku Valdanosa ULCINj - Potpredsjednik i poslanik Force Genci Nimanbegu ocijenio je da je, nakon najnovijeg stava Gzima Hajdinage,","og_url":"https:\/\/www.visit-ulcinj.com\/blog\/2010\/01\/01\/potpredsjednik-force-genci-nimanbegu-optuzio-predsjednika-opstine-ulcinj-video\/","og_site_name":"Lajme nga Ulqini","article_published_time":"2010-01-01T09:54:42+00:00","og_image":[{"url":"http:\/\/www.visit-ulcinj.com\/blog\/wp-content\/uploads\/2010\/01\/Potpredsjednik-i-poslanik-Force-Genci-Nimanbegu.jpg"}],"twitter_misc":{"Written by":"ulqini","Est. reading time":"2 minutes"},"schema":{"@context":"https:\/\/schema.org","@graph":[{"@type":"WebSite","@id":"https:\/\/www.visit-ulcinj.com\/blog\/#website","url":"https:\/\/www.visit-ulcinj.com\/blog\/","name":"Lajme nga Ulqini","description":"Lajme,Vijesti,Ulqini,Ulqin,Crna Gora,Mali i Zi","potentialAction":[{"@type":"SearchAction","target":{"@type":"EntryPoint","urlTemplate":"https:\/\/www.visit-ulcinj.com\/blog\/?s={search_term_string}"},"query-input":"required name=search_term_string"}],"inLanguage":"en-US"},{"@type":"ImageObject","inLanguage":"en-US","@id":"https:\/\/www.visit-ulcinj.com\/blog\/2010\/01\/01\/potpredsjednik-force-genci-nimanbegu-optuzio-predsjednika-opstine-ulcinj-video\/#primaryimage","url":"https:\/\/www.visit-ulcinj.com\/blog\/wp-content\/uploads\/2010\/01\/Potpredsjednik-i-poslanik-Force-Genci-Nimanbegu.jpg","contentUrl":"https:\/\/www.visit-ulcinj.com\/blog\/wp-content\/uploads\/2010\/01\/Potpredsjednik-i-poslanik-Force-Genci-Nimanbegu.jpg","width":"800","height":"536"},{"@type":"WebPage","@id":"https:\/\/www.visit-ulcinj.com\/blog\/2010\/01\/01\/potpredsjednik-force-genci-nimanbegu-optuzio-predsjednika-opstine-ulcinj-video\/#webpage","url":"https:\/\/www.visit-ulcinj.com\/blog\/2010\/01\/01\/potpredsjednik-force-genci-nimanbegu-optuzio-predsjednika-opstine-ulcinj-video\/","name":"Potpredsjednik Force Genci Nimanbegu optu\u017eio predsjednika op\u0161tine Ulcinj - Video - Lajme nga Ulqini","isPartOf":{"@id":"https:\/\/www.visit-ulcinj.com\/blog\/#website"},"primaryImageOfPage":{"@id":"https:\/\/www.visit-ulcinj.com\/blog\/2010\/01\/01\/potpredsjednik-force-genci-nimanbegu-optuzio-predsjednika-opstine-ulcinj-video\/#primaryimage"},"datePublished":"2010-01-01T09:54:42+00:00","dateModified":"2010-01-01T09:54:42+00:00","author":{"@id":"https:\/\/www.visit-ulcinj.com\/blog\/#\/schema\/person\/dcab619c614d3038751c63bc2aadc06d"},"description":"Hajdinaga lobira za plja?ku Valdanosa ULCINj - Potpredsjednik i poslanik Force Genci Nimanbegu ocijenio je da je, nakon najnovijeg stava Gzima Hajdinage,","breadcrumb":{"@id":"https:\/\/www.visit-ulcinj.com\/blog\/2010\/01\/01\/potpredsjednik-force-genci-nimanbegu-optuzio-predsjednika-opstine-ulcinj-video\/#breadcrumb"},"inLanguage":"en-US","potentialAction":[{"@type":"ReadAction","target":["https:\/\/www.visit-ulcinj.com\/blog\/2010\/01\/01\/potpredsjednik-force-genci-nimanbegu-optuzio-predsjednika-opstine-ulcinj-video\/"]}]},{"@type":"BreadcrumbList","@id":"https:\/\/www.visit-ulcinj.com\/blog\/2010\/01\/01\/potpredsjednik-force-genci-nimanbegu-optuzio-predsjednika-opstine-ulcinj-video\/#breadcrumb","itemListElement":[{"@type":"ListItem","position":1,"name":"Potpredsjednik Force Genci Nimanbegu optu\u017eio predsjednika op\u0161tine Ulcinj &#8211; Video"}]},{"@type":"Person","@id":"https:\/\/www.visit-ulcinj.com\/blog\/#\/schema\/person\/dcab619c614d3038751c63bc2aadc06d","name":"ulqini","sameAs":["http:\/\/www.visit-ulcinj.com"],"url":"https:\/\/www.visit-ulcinj.com\/blog\/author\/admin\/"}]}},"jetpack_featured_media_url":"","jetpack_sharing_enabled":true,"jetpack_shortlink":"https:\/\/wp.me\/pe6lTn-7xX","_links":{"self":[{"href":"https:\/\/www.visit-ulcinj.com\/blog\/wp-json\/wp\/v2\/posts\/29013"}],"collection":[{"href":"https:\/\/www.visit-ulcinj.com\/blog\/wp-json\/wp\/v2\/posts"}],"about":[{"href":"https:\/\/www.visit-ulcinj.com\/blog\/wp-json\/wp\/v2\/types\/post"}],"author":[{"embeddable":true,"href":"https:\/\/www.visit-ulcinj.com\/blog\/wp-json\/wp\/v2\/users\/1"}],"replies":[{"embeddable":true,"href":"https:\/\/www.visit-ulcinj.com\/blog\/wp-json\/wp\/v2\/comments?post=29013"}],"version-history":[{"count":0,"href":"https:\/\/www.visit-ulcinj.com\/blog\/wp-json\/wp\/v2\/posts\/29013\/revisions"}],"wp:attachment":[{"href":"https:\/\/www.visit-ulcinj.com\/blog\/wp-json\/wp\/v2\/media?parent=29013"}],"wp:term":[{"taxonomy":"category","embeddable":true,"href":"https:\/\/www.visit-ulcinj.com\/blog\/wp-json\/wp\/v2\/categories?post=29013"},{"taxonomy":"post_tag","embeddable":true,"href":"https:\/\/www.visit-ulcinj.com\/blog\/wp-json\/wp\/v2\/tags?post=29013"}],"curies":[{"name":"wp","href":"https:\/\/api.w.org\/{rel}","templated":true}]}}