{"id":29022,"date":"2010-01-01T13:59:19","date_gmt":"2010-01-01T11:59:19","guid":{"rendered":"http:\/\/www.visit-ulcinj.com\/blog\/?p=29022"},"modified":"2010-01-01T14:49:06","modified_gmt":"2010-01-01T12:49:06","slug":"dy-kushte-per-marredhenie-diplomatike-me-kosoven","status":"publish","type":"post","link":"https:\/\/www.visit-ulcinj.com\/blog\/2010\/01\/01\/dy-kushte-per-marredhenie-diplomatike-me-kosoven\/","title":{"rendered":"Dy kushte p\u00ebr marr\u00ebdh\u00ebnie diplomatike me Kosov\u00ebn"},"content":{"rendered":"<p><a href=\"http:\/\/www.visit-ulcinj.com\/blog\/wp-content\/uploads\/2010\/01\/Filip-Vujanovic.jpg\"><img loading=\"lazy\" class=\"alignleft size-full wp-image-29023\" title=\"Filip Vujanovic\" src=\"http:\/\/www.visit-ulcinj.com\/blog\/wp-content\/uploads\/2010\/01\/Filip-Vujanovic.jpg\" alt=\"Filip Vujanovic\" width=\"580\" height=\"350\" \/><\/a>Presidenti malazez, Filip Vujanovic ka deklaruar se dekretin p\u00ebr em\u00ebrimin e ambasadorit malazez n\u00eb Prishtin\u00eb do ta n\u00ebnshkruaj\u00eb vet\u00ebm kur Kosova t\u00eb njoh\u00eb malazez\u00ebt si minoritet.<br \/>\n&#8220;Jam i bindur se kjo \u00e7\u00ebshtje duhet t\u00eb zgjidhet para se t\u00eb shk\u00ebmbehen ambasador\u00ebt, sepse kjo \u00ebsht\u00eb korrekte ndaj komunitetit ton\u00eb n\u00eb Kosov\u00eb, por kjo \u00ebsht\u00eb edhe q\u00ebndrim i pritsh\u00ebm korrekt i Kosov\u00ebs ndaj Malit t\u00eb Zi&#8221;, ka th\u00ebn\u00eb Vujanovic n\u00eb intervist\u00ebn p\u00ebr gazet\u00ebn &#8220;Pobjeda&#8221; t\u00eb Podgoric\u00ebs.<br \/>\nKreu i shtetit malazez ka vler\u00ebsuar se komuniteti komb\u00ebtar malazez n\u00eb Kosov\u00eb \u00ebsht\u00eb n\u00eb &#8220;pozit\u00eb t\u00eb pashembullt&#8221;, sepse sipas tij, n\u00eb parlamentin e Kosov\u00ebs t\u00eb gjitha komunitetet e tjera kan\u00eb deputet\u00ebt e tyre dhe vet\u00ebm malazez\u00ebt nuk jan\u00eb t\u00eb p\u00ebrfaq\u00ebsuar.<br \/>\nSi kusht t\u00eb dyt\u00eb p\u00ebr vendosjen e marr\u00ebdh\u00ebnieve diplomatike t\u00eb Podgoric\u00ebs dhe Prishtin\u00ebs, Vujanovic ka theksuar &#8220;q\u00ebndrimin e qart\u00eb dhe t\u00eb besuesh\u00ebm&#8221; t\u00eb Kosov\u00ebs p\u00ebr sigurin\u00eb e kushteve p\u00ebr kthimin e refugjat\u00ebve nga Kosova.<br \/>\n<strong><br \/>\nQIK<\/strong><\/p>\n<p><strong>Video RTV IN<br \/>\n<\/strong>[flv width=&#8221;580&#8243; height=&#8221;400&#8243;]http:\/\/www.rtvin.me\/inpuls\/31_12.flv[\/flv]<\/p>\n","protected":false},"excerpt":{"rendered":"<p>Presidenti malazez, Filip Vujanovic ka deklaruar se dekretin p\u00ebr em\u00ebrimin e ambasadorit malazez n\u00eb Prishtin\u00eb do ta n\u00ebnshkruaj\u00eb vet\u00ebm kur Kosova t\u00eb njoh\u00eb malazez\u00ebt si minoritet. &#8220;Jam i bindur se kjo \u00e7\u00ebshtje duhet t\u00eb zgjidhet para se t\u00eb shk\u00ebmbehen ambasador\u00ebt, sepse kjo \u00ebsht\u00eb korrekte ndaj komunitetit ton\u00eb n\u00eb Kosov\u00eb, por kjo \u00ebsht\u00eb edhe q\u00ebndrim i [&hellip;]<\/p>\n","protected":false},"author":1,"featured_media":0,"comment_status":"open","ping_status":"closed","sticky":false,"template":"","format":"standard","meta":{"spay_email":"","jetpack_publicize_message":"","jetpack_is_tweetstorm":false,"jetpack_publicize_feature_enabled":true},"categories":[14],"tags":[93,12467,2334],"jetpack_publicize_connections":[],"yoast_head":"<!-- This site is optimized with the Yoast SEO plugin v19.1 - https:\/\/yoast.com\/wordpress\/plugins\/seo\/ -->\n<title>Dy kushte p\u00ebr marr\u00ebdh\u00ebnie diplomatike me Kosov\u00ebn - Lajme nga Ulqini<\/title>\n<meta name=\"description\" content=\"Presidenti malazez, Filip Vujanovic ka deklaruar se dekretin p\u00ebr em\u00ebrimin e ambasadorit malazez n\u00eb Prishtin\u00eb do ta n\u00ebnshkruaj\u00eb vet\u00ebm kur Kosova t\u00eb njoh\u00eb\" \/>\n<meta name=\"robots\" content=\"index, follow, max-snippet:-1, max-image-preview:large, max-video-preview:-1\" \/>\n<link rel=\"canonical\" href=\"https:\/\/www.visit-ulcinj.com\/blog\/2010\/01\/01\/dy-kushte-per-marredhenie-diplomatike-me-kosoven\/\" \/>\n<meta property=\"og:locale\" content=\"en_US\" \/>\n<meta property=\"og:type\" content=\"article\" \/>\n<meta property=\"og:title\" content=\"Dy kushte p\u00ebr marr\u00ebdh\u00ebnie diplomatike me Kosov\u00ebn - Lajme nga Ulqini\" \/>\n<meta property=\"og:description\" content=\"Presidenti malazez, Filip Vujanovic ka deklaruar se dekretin p\u00ebr em\u00ebrimin e ambasadorit malazez n\u00eb Prishtin\u00eb do ta n\u00ebnshkruaj\u00eb vet\u00ebm kur Kosova t\u00eb njoh\u00eb\" \/>\n<meta property=\"og:url\" content=\"https:\/\/www.visit-ulcinj.com\/blog\/2010\/01\/01\/dy-kushte-per-marredhenie-diplomatike-me-kosoven\/\" \/>\n<meta property=\"og:site_name\" content=\"Lajme nga Ulqini\" \/>\n<meta property=\"article:published_time\" content=\"2010-01-01T11:59:19+00:00\" \/>\n<meta property=\"article:modified_time\" content=\"2010-01-01T12:49:06+00:00\" \/>\n<meta property=\"og:image\" content=\"http:\/\/www.visit-ulcinj.com\/blog\/wp-content\/uploads\/2010\/01\/Filip-Vujanovic.jpg\" \/>\n<meta name=\"twitter:label1\" content=\"Written by\" \/>\n\t<meta name=\"twitter:data1\" content=\"ulqini\" \/>\n\t<meta name=\"twitter:label2\" content=\"Est. reading time\" \/>\n\t<meta name=\"twitter:data2\" content=\"1 minute\" \/>\n<script type=\"application\/ld+json\" class=\"yoast-schema-graph\">{\"@context\":\"https:\/\/schema.org\",\"@graph\":[{\"@type\":\"WebSite\",\"@id\":\"https:\/\/www.visit-ulcinj.com\/blog\/#website\",\"url\":\"https:\/\/www.visit-ulcinj.com\/blog\/\",\"name\":\"Lajme nga Ulqini\",\"description\":\"Lajme,Vijesti,Ulqini,Ulqin,Crna Gora,Mali i Zi\",\"potentialAction\":[{\"@type\":\"SearchAction\",\"target\":{\"@type\":\"EntryPoint\",\"urlTemplate\":\"https:\/\/www.visit-ulcinj.com\/blog\/?s={search_term_string}\"},\"query-input\":\"required name=search_term_string\"}],\"inLanguage\":\"en-US\"},{\"@type\":\"ImageObject\",\"inLanguage\":\"en-US\",\"@id\":\"https:\/\/www.visit-ulcinj.com\/blog\/2010\/01\/01\/dy-kushte-per-marredhenie-diplomatike-me-kosoven\/#primaryimage\",\"url\":\"https:\/\/www.visit-ulcinj.com\/blog\/wp-content\/uploads\/2010\/01\/Filip-Vujanovic.jpg\",\"contentUrl\":\"https:\/\/www.visit-ulcinj.com\/blog\/wp-content\/uploads\/2010\/01\/Filip-Vujanovic.jpg\",\"width\":\"470\",\"height\":\"282\"},{\"@type\":\"WebPage\",\"@id\":\"https:\/\/www.visit-ulcinj.com\/blog\/2010\/01\/01\/dy-kushte-per-marredhenie-diplomatike-me-kosoven\/#webpage\",\"url\":\"https:\/\/www.visit-ulcinj.com\/blog\/2010\/01\/01\/dy-kushte-per-marredhenie-diplomatike-me-kosoven\/\",\"name\":\"Dy kushte p\u00ebr marr\u00ebdh\u00ebnie diplomatike me Kosov\u00ebn - Lajme nga Ulqini\",\"isPartOf\":{\"@id\":\"https:\/\/www.visit-ulcinj.com\/blog\/#website\"},\"primaryImageOfPage\":{\"@id\":\"https:\/\/www.visit-ulcinj.com\/blog\/2010\/01\/01\/dy-kushte-per-marredhenie-diplomatike-me-kosoven\/#primaryimage\"},\"datePublished\":\"2010-01-01T11:59:19+00:00\",\"dateModified\":\"2010-01-01T12:49:06+00:00\",\"author\":{\"@id\":\"https:\/\/www.visit-ulcinj.com\/blog\/#\/schema\/person\/dcab619c614d3038751c63bc2aadc06d\"},\"description\":\"Presidenti malazez, Filip Vujanovic ka deklaruar se dekretin p\u00ebr em\u00ebrimin e ambasadorit malazez n\u00eb Prishtin\u00eb do ta n\u00ebnshkruaj\u00eb vet\u00ebm kur Kosova t\u00eb njoh\u00eb\",\"breadcrumb\":{\"@id\":\"https:\/\/www.visit-ulcinj.com\/blog\/2010\/01\/01\/dy-kushte-per-marredhenie-diplomatike-me-kosoven\/#breadcrumb\"},\"inLanguage\":\"en-US\",\"potentialAction\":[{\"@type\":\"ReadAction\",\"target\":[\"https:\/\/www.visit-ulcinj.com\/blog\/2010\/01\/01\/dy-kushte-per-marredhenie-diplomatike-me-kosoven\/\"]}]},{\"@type\":\"BreadcrumbList\",\"@id\":\"https:\/\/www.visit-ulcinj.com\/blog\/2010\/01\/01\/dy-kushte-per-marredhenie-diplomatike-me-kosoven\/#breadcrumb\",\"itemListElement\":[{\"@type\":\"ListItem\",\"position\":1,\"name\":\"Dy kushte p\u00ebr marr\u00ebdh\u00ebnie diplomatike me Kosov\u00ebn\"}]},{\"@type\":\"Person\",\"@id\":\"https:\/\/www.visit-ulcinj.com\/blog\/#\/schema\/person\/dcab619c614d3038751c63bc2aadc06d\",\"name\":\"ulqini\",\"sameAs\":[\"http:\/\/www.visit-ulcinj.com\"],\"url\":\"https:\/\/www.visit-ulcinj.com\/blog\/author\/admin\/\"}]}<\/script>\n<!-- \/ Yoast SEO plugin. -->","yoast_head_json":{"title":"Dy kushte p\u00ebr marr\u00ebdh\u00ebnie diplomatike me Kosov\u00ebn - Lajme nga Ulqini","description":"Presidenti malazez, Filip Vujanovic ka deklaruar se dekretin p\u00ebr em\u00ebrimin e ambasadorit malazez n\u00eb Prishtin\u00eb do ta n\u00ebnshkruaj\u00eb vet\u00ebm kur Kosova t\u00eb njoh\u00eb","robots":{"index":"index","follow":"follow","max-snippet":"max-snippet:-1","max-image-preview":"max-image-preview:large","max-video-preview":"max-video-preview:-1"},"canonical":"https:\/\/www.visit-ulcinj.com\/blog\/2010\/01\/01\/dy-kushte-per-marredhenie-diplomatike-me-kosoven\/","og_locale":"en_US","og_type":"article","og_title":"Dy kushte p\u00ebr marr\u00ebdh\u00ebnie diplomatike me Kosov\u00ebn - Lajme nga Ulqini","og_description":"Presidenti malazez, Filip Vujanovic ka deklaruar se dekretin p\u00ebr em\u00ebrimin e ambasadorit malazez n\u00eb Prishtin\u00eb do ta n\u00ebnshkruaj\u00eb vet\u00ebm kur Kosova t\u00eb njoh\u00eb","og_url":"https:\/\/www.visit-ulcinj.com\/blog\/2010\/01\/01\/dy-kushte-per-marredhenie-diplomatike-me-kosoven\/","og_site_name":"Lajme nga Ulqini","article_published_time":"2010-01-01T11:59:19+00:00","article_modified_time":"2010-01-01T12:49:06+00:00","og_image":[{"url":"http:\/\/www.visit-ulcinj.com\/blog\/wp-content\/uploads\/2010\/01\/Filip-Vujanovic.jpg"}],"twitter_misc":{"Written by":"ulqini","Est. reading time":"1 minute"},"schema":{"@context":"https:\/\/schema.org","@graph":[{"@type":"WebSite","@id":"https:\/\/www.visit-ulcinj.com\/blog\/#website","url":"https:\/\/www.visit-ulcinj.com\/blog\/","name":"Lajme nga Ulqini","description":"Lajme,Vijesti,Ulqini,Ulqin,Crna Gora,Mali i Zi","potentialAction":[{"@type":"SearchAction","target":{"@type":"EntryPoint","urlTemplate":"https:\/\/www.visit-ulcinj.com\/blog\/?s={search_term_string}"},"query-input":"required name=search_term_string"}],"inLanguage":"en-US"},{"@type":"ImageObject","inLanguage":"en-US","@id":"https:\/\/www.visit-ulcinj.com\/blog\/2010\/01\/01\/dy-kushte-per-marredhenie-diplomatike-me-kosoven\/#primaryimage","url":"https:\/\/www.visit-ulcinj.com\/blog\/wp-content\/uploads\/2010\/01\/Filip-Vujanovic.jpg","contentUrl":"https:\/\/www.visit-ulcinj.com\/blog\/wp-content\/uploads\/2010\/01\/Filip-Vujanovic.jpg","width":"470","height":"282"},{"@type":"WebPage","@id":"https:\/\/www.visit-ulcinj.com\/blog\/2010\/01\/01\/dy-kushte-per-marredhenie-diplomatike-me-kosoven\/#webpage","url":"https:\/\/www.visit-ulcinj.com\/blog\/2010\/01\/01\/dy-kushte-per-marredhenie-diplomatike-me-kosoven\/","name":"Dy kushte p\u00ebr marr\u00ebdh\u00ebnie diplomatike me Kosov\u00ebn - Lajme nga Ulqini","isPartOf":{"@id":"https:\/\/www.visit-ulcinj.com\/blog\/#website"},"primaryImageOfPage":{"@id":"https:\/\/www.visit-ulcinj.com\/blog\/2010\/01\/01\/dy-kushte-per-marredhenie-diplomatike-me-kosoven\/#primaryimage"},"datePublished":"2010-01-01T11:59:19+00:00","dateModified":"2010-01-01T12:49:06+00:00","author":{"@id":"https:\/\/www.visit-ulcinj.com\/blog\/#\/schema\/person\/dcab619c614d3038751c63bc2aadc06d"},"description":"Presidenti malazez, Filip Vujanovic ka deklaruar se dekretin p\u00ebr em\u00ebrimin e ambasadorit malazez n\u00eb Prishtin\u00eb do ta n\u00ebnshkruaj\u00eb vet\u00ebm kur Kosova t\u00eb njoh\u00eb","breadcrumb":{"@id":"https:\/\/www.visit-ulcinj.com\/blog\/2010\/01\/01\/dy-kushte-per-marredhenie-diplomatike-me-kosoven\/#breadcrumb"},"inLanguage":"en-US","potentialAction":[{"@type":"ReadAction","target":["https:\/\/www.visit-ulcinj.com\/blog\/2010\/01\/01\/dy-kushte-per-marredhenie-diplomatike-me-kosoven\/"]}]},{"@type":"BreadcrumbList","@id":"https:\/\/www.visit-ulcinj.com\/blog\/2010\/01\/01\/dy-kushte-per-marredhenie-diplomatike-me-kosoven\/#breadcrumb","itemListElement":[{"@type":"ListItem","position":1,"name":"Dy kushte p\u00ebr marr\u00ebdh\u00ebnie diplomatike me Kosov\u00ebn"}]},{"@type":"Person","@id":"https:\/\/www.visit-ulcinj.com\/blog\/#\/schema\/person\/dcab619c614d3038751c63bc2aadc06d","name":"ulqini","sameAs":["http:\/\/www.visit-ulcinj.com"],"url":"https:\/\/www.visit-ulcinj.com\/blog\/author\/admin\/"}]}},"jetpack_featured_media_url":"","jetpack_sharing_enabled":true,"jetpack_shortlink":"https:\/\/wp.me\/pe6lTn-7y6","_links":{"self":[{"href":"https:\/\/www.visit-ulcinj.com\/blog\/wp-json\/wp\/v2\/posts\/29022"}],"collection":[{"href":"https:\/\/www.visit-ulcinj.com\/blog\/wp-json\/wp\/v2\/posts"}],"about":[{"href":"https:\/\/www.visit-ulcinj.com\/blog\/wp-json\/wp\/v2\/types\/post"}],"author":[{"embeddable":true,"href":"https:\/\/www.visit-ulcinj.com\/blog\/wp-json\/wp\/v2\/users\/1"}],"replies":[{"embeddable":true,"href":"https:\/\/www.visit-ulcinj.com\/blog\/wp-json\/wp\/v2\/comments?post=29022"}],"version-history":[{"count":0,"href":"https:\/\/www.visit-ulcinj.com\/blog\/wp-json\/wp\/v2\/posts\/29022\/revisions"}],"wp:attachment":[{"href":"https:\/\/www.visit-ulcinj.com\/blog\/wp-json\/wp\/v2\/media?parent=29022"}],"wp:term":[{"taxonomy":"category","embeddable":true,"href":"https:\/\/www.visit-ulcinj.com\/blog\/wp-json\/wp\/v2\/categories?post=29022"},{"taxonomy":"post_tag","embeddable":true,"href":"https:\/\/www.visit-ulcinj.com\/blog\/wp-json\/wp\/v2\/tags?post=29022"}],"curies":[{"name":"wp","href":"https:\/\/api.w.org\/{rel}","templated":true}]}}