{"id":29039,"date":"2010-01-04T19:49:28","date_gmt":"2010-01-04T17:49:28","guid":{"rendered":"http:\/\/www.visit-ulcinj.com\/blog\/?p=29039"},"modified":"2010-01-04T19:49:28","modified_gmt":"2010-01-04T17:49:28","slug":"leonora-jakupi-viti-2010-fillon-me-nje-kenge-dhe-klip-te-ri","status":"publish","type":"post","link":"https:\/\/www.visit-ulcinj.com\/blog\/2010\/01\/04\/leonora-jakupi-viti-2010-fillon-me-nje-kenge-dhe-klip-te-ri\/","title":{"rendered":"Leonora Jakupi: Viti 2010 fillon me nj\u00eb k\u00ebng\u00eb dhe klip t\u00eb ri"},"content":{"rendered":"<p><a href=\"http:\/\/www.visit-ulcinj.com\/blog\/wp-content\/uploads\/2010\/01\/Leonora-Jakupi.jpg\"><img loading=\"lazy\" class=\"alignleft size-full wp-image-29040\" title=\"Leonora Jakupi\" src=\"http:\/\/www.visit-ulcinj.com\/blog\/wp-content\/uploads\/2010\/01\/Leonora-Jakupi.jpg\" alt=\"Leonora Jakupi\" width=\"580\" height=\"366\" \/><\/a>K\u00ebng\u00ebtarja Leonora Jakupi, vitin 2010 do ta festoj\u00eb pran\u00eb familjes s\u00eb saj. Nat\u00ebn e dyt\u00eb t\u00eb k\u00ebsaj feste t\u00eb madhe, Nora do t\u00eb gjendet n\u00eb Gjermani p\u00ebr t\u00eb k\u00ebnduar p\u00ebr bashkatdhetar\u00ebt atje. Nd\u00ebrkaq, nat\u00ebn e tret\u00eb t\u00eb k\u00ebsaj feste, ajo do t\u00eb kthehet dhe t\u00eb festoj\u00eb s\u00ebrish pran\u00eb familjes s\u00eb saj. Ajo, p\u00ebr Ekonomisti tregon se \u00ebsht\u00eb ndar\u00eb tejet e k\u00ebnaqur me sukseset q\u00eb ka patur k\u00ebt\u00eb vit, meq\u00eb k\u00ebt\u00eb vit ajo ka sjellur dy k\u00ebng\u00eb dhe klipe q\u00eb pat\u00ebn shum\u00eb sukses, t\u00eb sh\u00ebndrruara n\u00eb hite. Megjithat\u00eb, vitin q\u00eb lam\u00eb pas, ajo q\u00eb e ka zbukuruar jet\u00ebn e saj gjat\u00eb gjith\u00eb vitit 2009 si shprehet ajo, \u00ebsht\u00eb vajza e motr\u00ebs s\u00eb saj Morea, e cila gjat\u00eb gjith\u00eb k\u00ebtij viti i ka sjellur relaksim me p\u00ebrqafime p\u00ebr tezen Nora. Nd\u00ebrkaq, vitin 2010 Nora do ta filloj me suksese tjera t\u00eb radh\u00ebs. Menj\u00ebher\u00eb pas dy jave ajo do t\u00eb sjell nj\u00eb klip dhe nj\u00eb k\u00ebng\u00eb t\u00eb re, t\u00eb cilat i ka p\u00ebrfunduar krejt\u00ebsisht, t\u00eb zhanrit pop. Nora, patjet\u00ebr se ndjen se sukseset nuk do t\u2019i mungojn\u00eb, meq\u00eb ka realizuar s\u00ebrish di\u00e7ka t\u00eb ve\u00e7ant\u00eb&#8230;<br \/>\n<strong><br \/>\nBota Sot<br \/>\n<\/strong><!--YouTube Error: bad URL entered--><\/p>\n","protected":false},"excerpt":{"rendered":"<p>K\u00ebng\u00ebtarja Leonora Jakupi, vitin 2010 do ta festoj\u00eb pran\u00eb familjes s\u00eb saj. Nat\u00ebn e dyt\u00eb t\u00eb k\u00ebsaj feste t\u00eb madhe, Nora do t\u00eb gjendet n\u00eb Gjermani p\u00ebr t\u00eb k\u00ebnduar p\u00ebr bashkatdhetar\u00ebt atje. Nd\u00ebrkaq, nat\u00ebn e tret\u00eb t\u00eb k\u00ebsaj feste, ajo do t\u00eb kthehet dhe t\u00eb festoj\u00eb s\u00ebrish pran\u00eb familjes s\u00eb saj. Ajo, p\u00ebr Ekonomisti tregon [&hellip;]<\/p>\n","protected":false},"author":1,"featured_media":0,"comment_status":"open","ping_status":"closed","sticky":false,"template":"","format":"standard","meta":{"spay_email":"","jetpack_publicize_message":"","jetpack_is_tweetstorm":false,"jetpack_publicize_feature_enabled":true},"categories":[1],"tags":[5051],"jetpack_publicize_connections":[],"yoast_head":"<!-- This site is optimized with the Yoast SEO plugin v19.1 - https:\/\/yoast.com\/wordpress\/plugins\/seo\/ -->\n<title>Leonora Jakupi: Viti 2010 fillon me nj\u00eb k\u00ebng\u00eb dhe klip t\u00eb ri - Lajme nga Ulqini<\/title>\n<meta name=\"description\" content=\"K\u00ebng\u00ebtarja Leonora Jakupi, vitin 2010 do ta festoj\u00eb pran\u00eb familjes s\u00eb saj. Nat\u00ebn e dyt\u00eb t\u00eb k\u00ebsaj feste t\u00eb madhe, Nora do t\u00eb gjendet n\u00eb Gjermani p\u00ebr t\u00eb\" \/>\n<meta name=\"robots\" content=\"index, follow, max-snippet:-1, max-image-preview:large, max-video-preview:-1\" \/>\n<link rel=\"canonical\" href=\"https:\/\/www.visit-ulcinj.com\/blog\/2010\/01\/04\/leonora-jakupi-viti-2010-fillon-me-nje-kenge-dhe-klip-te-ri\/\" \/>\n<meta property=\"og:locale\" content=\"en_US\" \/>\n<meta property=\"og:type\" content=\"article\" \/>\n<meta property=\"og:title\" content=\"Leonora Jakupi: Viti 2010 fillon me nj\u00eb k\u00ebng\u00eb dhe klip t\u00eb ri - Lajme nga Ulqini\" \/>\n<meta property=\"og:description\" content=\"K\u00ebng\u00ebtarja Leonora Jakupi, vitin 2010 do ta festoj\u00eb pran\u00eb familjes s\u00eb saj. Nat\u00ebn e dyt\u00eb t\u00eb k\u00ebsaj feste t\u00eb madhe, Nora do t\u00eb gjendet n\u00eb Gjermani p\u00ebr t\u00eb\" \/>\n<meta property=\"og:url\" content=\"https:\/\/www.visit-ulcinj.com\/blog\/2010\/01\/04\/leonora-jakupi-viti-2010-fillon-me-nje-kenge-dhe-klip-te-ri\/\" \/>\n<meta property=\"og:site_name\" content=\"Lajme nga Ulqini\" \/>\n<meta property=\"article:published_time\" content=\"2010-01-04T17:49:28+00:00\" \/>\n<meta property=\"og:image\" content=\"http:\/\/www.visit-ulcinj.com\/blog\/wp-content\/uploads\/2010\/01\/Leonora-Jakupi.jpg\" \/>\n<meta name=\"twitter:label1\" content=\"Written by\" \/>\n\t<meta name=\"twitter:data1\" content=\"ulqini\" \/>\n\t<meta name=\"twitter:label2\" content=\"Est. reading time\" \/>\n\t<meta name=\"twitter:data2\" content=\"1 minute\" \/>\n<script type=\"application\/ld+json\" class=\"yoast-schema-graph\">{\"@context\":\"https:\/\/schema.org\",\"@graph\":[{\"@type\":\"WebSite\",\"@id\":\"https:\/\/www.visit-ulcinj.com\/blog\/#website\",\"url\":\"https:\/\/www.visit-ulcinj.com\/blog\/\",\"name\":\"Lajme nga Ulqini\",\"description\":\"Lajme,Vijesti,Ulqini,Ulqin,Crna Gora,Mali i Zi\",\"potentialAction\":[{\"@type\":\"SearchAction\",\"target\":{\"@type\":\"EntryPoint\",\"urlTemplate\":\"https:\/\/www.visit-ulcinj.com\/blog\/?s={search_term_string}\"},\"query-input\":\"required name=search_term_string\"}],\"inLanguage\":\"en-US\"},{\"@type\":\"ImageObject\",\"inLanguage\":\"en-US\",\"@id\":\"https:\/\/www.visit-ulcinj.com\/blog\/2010\/01\/04\/leonora-jakupi-viti-2010-fillon-me-nje-kenge-dhe-klip-te-ri\/#primaryimage\",\"url\":\"http:\/\/www.visit-ulcinj.com\/blog\/wp-content\/uploads\/2010\/01\/Leonora-Jakupi.jpg\",\"contentUrl\":\"http:\/\/www.visit-ulcinj.com\/blog\/wp-content\/uploads\/2010\/01\/Leonora-Jakupi.jpg\"},{\"@type\":\"WebPage\",\"@id\":\"https:\/\/www.visit-ulcinj.com\/blog\/2010\/01\/04\/leonora-jakupi-viti-2010-fillon-me-nje-kenge-dhe-klip-te-ri\/#webpage\",\"url\":\"https:\/\/www.visit-ulcinj.com\/blog\/2010\/01\/04\/leonora-jakupi-viti-2010-fillon-me-nje-kenge-dhe-klip-te-ri\/\",\"name\":\"Leonora Jakupi: Viti 2010 fillon me nj\u00eb k\u00ebng\u00eb dhe klip t\u00eb ri - Lajme nga Ulqini\",\"isPartOf\":{\"@id\":\"https:\/\/www.visit-ulcinj.com\/blog\/#website\"},\"primaryImageOfPage\":{\"@id\":\"https:\/\/www.visit-ulcinj.com\/blog\/2010\/01\/04\/leonora-jakupi-viti-2010-fillon-me-nje-kenge-dhe-klip-te-ri\/#primaryimage\"},\"datePublished\":\"2010-01-04T17:49:28+00:00\",\"dateModified\":\"2010-01-04T17:49:28+00:00\",\"author\":{\"@id\":\"https:\/\/www.visit-ulcinj.com\/blog\/#\/schema\/person\/dcab619c614d3038751c63bc2aadc06d\"},\"description\":\"K\u00ebng\u00ebtarja Leonora Jakupi, vitin 2010 do ta festoj\u00eb pran\u00eb familjes s\u00eb saj. Nat\u00ebn e dyt\u00eb t\u00eb k\u00ebsaj feste t\u00eb madhe, Nora do t\u00eb gjendet n\u00eb Gjermani p\u00ebr t\u00eb\",\"breadcrumb\":{\"@id\":\"https:\/\/www.visit-ulcinj.com\/blog\/2010\/01\/04\/leonora-jakupi-viti-2010-fillon-me-nje-kenge-dhe-klip-te-ri\/#breadcrumb\"},\"inLanguage\":\"en-US\",\"potentialAction\":[{\"@type\":\"ReadAction\",\"target\":[\"https:\/\/www.visit-ulcinj.com\/blog\/2010\/01\/04\/leonora-jakupi-viti-2010-fillon-me-nje-kenge-dhe-klip-te-ri\/\"]}]},{\"@type\":\"BreadcrumbList\",\"@id\":\"https:\/\/www.visit-ulcinj.com\/blog\/2010\/01\/04\/leonora-jakupi-viti-2010-fillon-me-nje-kenge-dhe-klip-te-ri\/#breadcrumb\",\"itemListElement\":[{\"@type\":\"ListItem\",\"position\":1,\"name\":\"Leonora Jakupi: Viti 2010 fillon me nj\u00eb k\u00ebng\u00eb dhe klip t\u00eb ri\"}]},{\"@type\":\"Person\",\"@id\":\"https:\/\/www.visit-ulcinj.com\/blog\/#\/schema\/person\/dcab619c614d3038751c63bc2aadc06d\",\"name\":\"ulqini\",\"sameAs\":[\"http:\/\/www.visit-ulcinj.com\"],\"url\":\"https:\/\/www.visit-ulcinj.com\/blog\/author\/admin\/\"}]}<\/script>\n<!-- \/ Yoast SEO plugin. -->","yoast_head_json":{"title":"Leonora Jakupi: Viti 2010 fillon me nj\u00eb k\u00ebng\u00eb dhe klip t\u00eb ri - Lajme nga Ulqini","description":"K\u00ebng\u00ebtarja Leonora Jakupi, vitin 2010 do ta festoj\u00eb pran\u00eb familjes s\u00eb saj. Nat\u00ebn e dyt\u00eb t\u00eb k\u00ebsaj feste t\u00eb madhe, Nora do t\u00eb gjendet n\u00eb Gjermani p\u00ebr t\u00eb","robots":{"index":"index","follow":"follow","max-snippet":"max-snippet:-1","max-image-preview":"max-image-preview:large","max-video-preview":"max-video-preview:-1"},"canonical":"https:\/\/www.visit-ulcinj.com\/blog\/2010\/01\/04\/leonora-jakupi-viti-2010-fillon-me-nje-kenge-dhe-klip-te-ri\/","og_locale":"en_US","og_type":"article","og_title":"Leonora Jakupi: Viti 2010 fillon me nj\u00eb k\u00ebng\u00eb dhe klip t\u00eb ri - Lajme nga Ulqini","og_description":"K\u00ebng\u00ebtarja Leonora Jakupi, vitin 2010 do ta festoj\u00eb pran\u00eb familjes s\u00eb saj. Nat\u00ebn e dyt\u00eb t\u00eb k\u00ebsaj feste t\u00eb madhe, Nora do t\u00eb gjendet n\u00eb Gjermani p\u00ebr t\u00eb","og_url":"https:\/\/www.visit-ulcinj.com\/blog\/2010\/01\/04\/leonora-jakupi-viti-2010-fillon-me-nje-kenge-dhe-klip-te-ri\/","og_site_name":"Lajme nga Ulqini","article_published_time":"2010-01-04T17:49:28+00:00","og_image":[{"url":"http:\/\/www.visit-ulcinj.com\/blog\/wp-content\/uploads\/2010\/01\/Leonora-Jakupi.jpg"}],"twitter_misc":{"Written by":"ulqini","Est. reading time":"1 minute"},"schema":{"@context":"https:\/\/schema.org","@graph":[{"@type":"WebSite","@id":"https:\/\/www.visit-ulcinj.com\/blog\/#website","url":"https:\/\/www.visit-ulcinj.com\/blog\/","name":"Lajme nga Ulqini","description":"Lajme,Vijesti,Ulqini,Ulqin,Crna Gora,Mali i Zi","potentialAction":[{"@type":"SearchAction","target":{"@type":"EntryPoint","urlTemplate":"https:\/\/www.visit-ulcinj.com\/blog\/?s={search_term_string}"},"query-input":"required name=search_term_string"}],"inLanguage":"en-US"},{"@type":"ImageObject","inLanguage":"en-US","@id":"https:\/\/www.visit-ulcinj.com\/blog\/2010\/01\/04\/leonora-jakupi-viti-2010-fillon-me-nje-kenge-dhe-klip-te-ri\/#primaryimage","url":"http:\/\/www.visit-ulcinj.com\/blog\/wp-content\/uploads\/2010\/01\/Leonora-Jakupi.jpg","contentUrl":"http:\/\/www.visit-ulcinj.com\/blog\/wp-content\/uploads\/2010\/01\/Leonora-Jakupi.jpg"},{"@type":"WebPage","@id":"https:\/\/www.visit-ulcinj.com\/blog\/2010\/01\/04\/leonora-jakupi-viti-2010-fillon-me-nje-kenge-dhe-klip-te-ri\/#webpage","url":"https:\/\/www.visit-ulcinj.com\/blog\/2010\/01\/04\/leonora-jakupi-viti-2010-fillon-me-nje-kenge-dhe-klip-te-ri\/","name":"Leonora Jakupi: Viti 2010 fillon me nj\u00eb k\u00ebng\u00eb dhe klip t\u00eb ri - Lajme nga Ulqini","isPartOf":{"@id":"https:\/\/www.visit-ulcinj.com\/blog\/#website"},"primaryImageOfPage":{"@id":"https:\/\/www.visit-ulcinj.com\/blog\/2010\/01\/04\/leonora-jakupi-viti-2010-fillon-me-nje-kenge-dhe-klip-te-ri\/#primaryimage"},"datePublished":"2010-01-04T17:49:28+00:00","dateModified":"2010-01-04T17:49:28+00:00","author":{"@id":"https:\/\/www.visit-ulcinj.com\/blog\/#\/schema\/person\/dcab619c614d3038751c63bc2aadc06d"},"description":"K\u00ebng\u00ebtarja Leonora Jakupi, vitin 2010 do ta festoj\u00eb pran\u00eb familjes s\u00eb saj. Nat\u00ebn e dyt\u00eb t\u00eb k\u00ebsaj feste t\u00eb madhe, Nora do t\u00eb gjendet n\u00eb Gjermani p\u00ebr t\u00eb","breadcrumb":{"@id":"https:\/\/www.visit-ulcinj.com\/blog\/2010\/01\/04\/leonora-jakupi-viti-2010-fillon-me-nje-kenge-dhe-klip-te-ri\/#breadcrumb"},"inLanguage":"en-US","potentialAction":[{"@type":"ReadAction","target":["https:\/\/www.visit-ulcinj.com\/blog\/2010\/01\/04\/leonora-jakupi-viti-2010-fillon-me-nje-kenge-dhe-klip-te-ri\/"]}]},{"@type":"BreadcrumbList","@id":"https:\/\/www.visit-ulcinj.com\/blog\/2010\/01\/04\/leonora-jakupi-viti-2010-fillon-me-nje-kenge-dhe-klip-te-ri\/#breadcrumb","itemListElement":[{"@type":"ListItem","position":1,"name":"Leonora Jakupi: Viti 2010 fillon me nj\u00eb k\u00ebng\u00eb dhe klip t\u00eb ri"}]},{"@type":"Person","@id":"https:\/\/www.visit-ulcinj.com\/blog\/#\/schema\/person\/dcab619c614d3038751c63bc2aadc06d","name":"ulqini","sameAs":["http:\/\/www.visit-ulcinj.com"],"url":"https:\/\/www.visit-ulcinj.com\/blog\/author\/admin\/"}]}},"jetpack_featured_media_url":"","jetpack_sharing_enabled":true,"jetpack_shortlink":"https:\/\/wp.me\/pe6lTn-7yn","_links":{"self":[{"href":"https:\/\/www.visit-ulcinj.com\/blog\/wp-json\/wp\/v2\/posts\/29039"}],"collection":[{"href":"https:\/\/www.visit-ulcinj.com\/blog\/wp-json\/wp\/v2\/posts"}],"about":[{"href":"https:\/\/www.visit-ulcinj.com\/blog\/wp-json\/wp\/v2\/types\/post"}],"author":[{"embeddable":true,"href":"https:\/\/www.visit-ulcinj.com\/blog\/wp-json\/wp\/v2\/users\/1"}],"replies":[{"embeddable":true,"href":"https:\/\/www.visit-ulcinj.com\/blog\/wp-json\/wp\/v2\/comments?post=29039"}],"version-history":[{"count":0,"href":"https:\/\/www.visit-ulcinj.com\/blog\/wp-json\/wp\/v2\/posts\/29039\/revisions"}],"wp:attachment":[{"href":"https:\/\/www.visit-ulcinj.com\/blog\/wp-json\/wp\/v2\/media?parent=29039"}],"wp:term":[{"taxonomy":"category","embeddable":true,"href":"https:\/\/www.visit-ulcinj.com\/blog\/wp-json\/wp\/v2\/categories?post=29039"},{"taxonomy":"post_tag","embeddable":true,"href":"https:\/\/www.visit-ulcinj.com\/blog\/wp-json\/wp\/v2\/tags?post=29039"}],"curies":[{"name":"wp","href":"https:\/\/api.w.org\/{rel}","templated":true}]}}