{"id":29042,"date":"2010-01-04T20:26:39","date_gmt":"2010-01-04T18:26:39","guid":{"rendered":"http:\/\/www.visit-ulcinj.com\/blog\/?p=29042"},"modified":"2010-01-04T20:26:39","modified_gmt":"2010-01-04T18:26:39","slug":"adrian-gaxha-se-shpejti-do-te-nxjerre-albumin-e-ri","status":"publish","type":"post","link":"https:\/\/www.visit-ulcinj.com\/blog\/2010\/01\/04\/adrian-gaxha-se-shpejti-do-te-nxjerre-albumin-e-ri\/","title":{"rendered":"Adrian Gaxha s\u00eb shpejti do t\u00eb nxjerr\u00eb albumin e ri"},"content":{"rendered":"<p><a href=\"http:\/\/www.visit-ulcinj.com\/blog\/wp-content\/uploads\/2010\/01\/Adrian-Gaxha.jpg\"><img loading=\"lazy\" class=\"alignleft size-full wp-image-29043\" title=\"Adrian Gaxha\" src=\"http:\/\/www.visit-ulcinj.com\/blog\/wp-content\/uploads\/2010\/01\/Adrian-Gaxha.jpg\" alt=\"Adrian Gaxha\" width=\"580\" height=\"400\" \/><\/a>Adrian Gaxha, ka th\u00ebn\u00eb se s\u00eb shpejti do t\u00eb nxjerr\u00eb albumin e ri, i cili do t\u00eb p\u00ebrmbaj\u00eb 17 k\u00ebng\u00eb- kryesisht t\u00eb zhanrit RNB dhe pop.<br \/>\nAjo q\u00eb m\u00eb preokupon t\u00ebr\u00eb koh\u00ebn \u00ebsht\u00eb albumi i ri, q\u00eb posedon 17 k\u00ebng\u00eb dhe kryesisht t\u00eb zhanrit RNB dhe pop.<br \/>\nK\u00ebng\u00ebtari i hitit \u201cM\u00eb mungon\u201d nuk e konsideron muzik\u00ebn e tij komerciale, por thot\u00eb se mundohet q\u00eb t\u00eb krijoj\u00eb nj\u00eb baraspesh\u00eb q\u00eb t\u00eb gjith\u00eb t\u00eb d\u00ebgjojn\u00eb krijimet e tij.<br \/>\nAlbumi im fundit mundem t\u00eb them lirisht se 90 p\u00ebr qind prej k\u00ebng\u00ebve nuk jan\u00eb komerciale, por mundem t\u00eb b\u00ebj balanc\u00eb q\u00eb t\u00eb d\u00ebgjojn\u00eb t\u00eb gjitha moshat, pa marr\u00eb parasysh pleq e t\u00eb rinj.<br \/>\nN\u00eb k\u00ebt\u00eb album kam nj\u00eb duet me Ramadan Krasniqin \u2013 Danin q\u00eb titullohet \u2018Si kjo Raki\u2019 \u00ebsht\u00eb nj\u00eb k\u00ebng\u00eb shum\u00eb e mir\u00eb dhe u prit shum\u00eb mir\u00eb nga publiku. Pra fokusohem n\u00eb k\u00ebng\u00eb q\u00eb d\u00ebgjohen dhe kan\u00eb nj\u00eb vij\u00eb melodike t\u00eb bazuar n\u00eb di\u00e7ka t\u00ebrheq\u00ebse dhe profesionale\u201d, shton k\u00ebng\u00ebtari.<\/p>\n<p><strong>INA<br \/>\n<\/strong><!--YouTube Error: bad URL entered--><\/p>\n","protected":false},"excerpt":{"rendered":"<p>Adrian Gaxha, ka th\u00ebn\u00eb se s\u00eb shpejti do t\u00eb nxjerr\u00eb albumin e ri, i cili do t\u00eb p\u00ebrmbaj\u00eb 17 k\u00ebng\u00eb- kryesisht t\u00eb zhanrit RNB dhe pop. Ajo q\u00eb m\u00eb preokupon t\u00ebr\u00eb koh\u00ebn \u00ebsht\u00eb albumi i ri, q\u00eb posedon 17 k\u00ebng\u00eb dhe kryesisht t\u00eb zhanrit RNB dhe pop. K\u00ebng\u00ebtari i hitit \u201cM\u00eb mungon\u201d nuk e konsideron [&hellip;]<\/p>\n","protected":false},"author":1,"featured_media":0,"comment_status":"open","ping_status":"closed","sticky":false,"template":"","format":"standard","meta":{"spay_email":"","jetpack_publicize_message":"","jetpack_is_tweetstorm":false,"jetpack_publicize_feature_enabled":true},"categories":[1],"tags":[13177],"jetpack_publicize_connections":[],"yoast_head":"<!-- This site is optimized with the Yoast SEO plugin v19.1 - https:\/\/yoast.com\/wordpress\/plugins\/seo\/ -->\n<title>Adrian Gaxha s\u00eb shpejti do t\u00eb nxjerr\u00eb albumin e ri - Lajme nga Ulqini<\/title>\n<meta name=\"description\" content=\"Adrian Gaxha, ka th\u00ebn\u00eb se s\u00eb shpejti do t\u00eb nxjerr\u00eb albumin e ri, i cili do t\u00eb p\u00ebrmbaj\u00eb 17 k\u00ebng\u00eb- kryesisht t\u00eb zhanrit RNB dhe pop. Ajo q\u00eb m\u00eb preokupon\" \/>\n<meta name=\"robots\" content=\"index, follow, max-snippet:-1, max-image-preview:large, max-video-preview:-1\" \/>\n<link rel=\"canonical\" href=\"https:\/\/www.visit-ulcinj.com\/blog\/2010\/01\/04\/adrian-gaxha-se-shpejti-do-te-nxjerre-albumin-e-ri\/\" \/>\n<meta property=\"og:locale\" content=\"en_US\" \/>\n<meta property=\"og:type\" content=\"article\" \/>\n<meta property=\"og:title\" content=\"Adrian Gaxha s\u00eb shpejti do t\u00eb nxjerr\u00eb albumin e ri - Lajme nga Ulqini\" \/>\n<meta property=\"og:description\" content=\"Adrian Gaxha, ka th\u00ebn\u00eb se s\u00eb shpejti do t\u00eb nxjerr\u00eb albumin e ri, i cili do t\u00eb p\u00ebrmbaj\u00eb 17 k\u00ebng\u00eb- kryesisht t\u00eb zhanrit RNB dhe pop. Ajo q\u00eb m\u00eb preokupon\" \/>\n<meta property=\"og:url\" content=\"https:\/\/www.visit-ulcinj.com\/blog\/2010\/01\/04\/adrian-gaxha-se-shpejti-do-te-nxjerre-albumin-e-ri\/\" \/>\n<meta property=\"og:site_name\" content=\"Lajme nga Ulqini\" \/>\n<meta property=\"article:published_time\" content=\"2010-01-04T18:26:39+00:00\" \/>\n<meta property=\"og:image\" content=\"http:\/\/www.visit-ulcinj.com\/blog\/wp-content\/uploads\/2010\/01\/Adrian-Gaxha.jpg\" \/>\n<meta name=\"twitter:label1\" content=\"Written by\" \/>\n\t<meta name=\"twitter:data1\" content=\"ulqini\" \/>\n\t<meta name=\"twitter:label2\" content=\"Est. reading time\" \/>\n\t<meta name=\"twitter:data2\" content=\"1 minute\" \/>\n<script type=\"application\/ld+json\" class=\"yoast-schema-graph\">{\"@context\":\"https:\/\/schema.org\",\"@graph\":[{\"@type\":\"WebSite\",\"@id\":\"https:\/\/www.visit-ulcinj.com\/blog\/#website\",\"url\":\"https:\/\/www.visit-ulcinj.com\/blog\/\",\"name\":\"Lajme nga Ulqini\",\"description\":\"Lajme,Vijesti,Ulqini,Ulqin,Crna Gora,Mali i Zi\",\"potentialAction\":[{\"@type\":\"SearchAction\",\"target\":{\"@type\":\"EntryPoint\",\"urlTemplate\":\"https:\/\/www.visit-ulcinj.com\/blog\/?s={search_term_string}\"},\"query-input\":\"required name=search_term_string\"}],\"inLanguage\":\"en-US\"},{\"@type\":\"ImageObject\",\"inLanguage\":\"en-US\",\"@id\":\"https:\/\/www.visit-ulcinj.com\/blog\/2010\/01\/04\/adrian-gaxha-se-shpejti-do-te-nxjerre-albumin-e-ri\/#primaryimage\",\"url\":\"http:\/\/www.visit-ulcinj.com\/blog\/wp-content\/uploads\/2010\/01\/Adrian-Gaxha.jpg\",\"contentUrl\":\"http:\/\/www.visit-ulcinj.com\/blog\/wp-content\/uploads\/2010\/01\/Adrian-Gaxha.jpg\"},{\"@type\":\"WebPage\",\"@id\":\"https:\/\/www.visit-ulcinj.com\/blog\/2010\/01\/04\/adrian-gaxha-se-shpejti-do-te-nxjerre-albumin-e-ri\/#webpage\",\"url\":\"https:\/\/www.visit-ulcinj.com\/blog\/2010\/01\/04\/adrian-gaxha-se-shpejti-do-te-nxjerre-albumin-e-ri\/\",\"name\":\"Adrian Gaxha s\u00eb shpejti do t\u00eb nxjerr\u00eb albumin e ri - Lajme nga Ulqini\",\"isPartOf\":{\"@id\":\"https:\/\/www.visit-ulcinj.com\/blog\/#website\"},\"primaryImageOfPage\":{\"@id\":\"https:\/\/www.visit-ulcinj.com\/blog\/2010\/01\/04\/adrian-gaxha-se-shpejti-do-te-nxjerre-albumin-e-ri\/#primaryimage\"},\"datePublished\":\"2010-01-04T18:26:39+00:00\",\"dateModified\":\"2010-01-04T18:26:39+00:00\",\"author\":{\"@id\":\"https:\/\/www.visit-ulcinj.com\/blog\/#\/schema\/person\/dcab619c614d3038751c63bc2aadc06d\"},\"description\":\"Adrian Gaxha, ka th\u00ebn\u00eb se s\u00eb shpejti do t\u00eb nxjerr\u00eb albumin e ri, i cili do t\u00eb p\u00ebrmbaj\u00eb 17 k\u00ebng\u00eb- kryesisht t\u00eb zhanrit RNB dhe pop. Ajo q\u00eb m\u00eb preokupon\",\"breadcrumb\":{\"@id\":\"https:\/\/www.visit-ulcinj.com\/blog\/2010\/01\/04\/adrian-gaxha-se-shpejti-do-te-nxjerre-albumin-e-ri\/#breadcrumb\"},\"inLanguage\":\"en-US\",\"potentialAction\":[{\"@type\":\"ReadAction\",\"target\":[\"https:\/\/www.visit-ulcinj.com\/blog\/2010\/01\/04\/adrian-gaxha-se-shpejti-do-te-nxjerre-albumin-e-ri\/\"]}]},{\"@type\":\"BreadcrumbList\",\"@id\":\"https:\/\/www.visit-ulcinj.com\/blog\/2010\/01\/04\/adrian-gaxha-se-shpejti-do-te-nxjerre-albumin-e-ri\/#breadcrumb\",\"itemListElement\":[{\"@type\":\"ListItem\",\"position\":1,\"name\":\"Adrian Gaxha s\u00eb shpejti do t\u00eb nxjerr\u00eb albumin e ri\"}]},{\"@type\":\"Person\",\"@id\":\"https:\/\/www.visit-ulcinj.com\/blog\/#\/schema\/person\/dcab619c614d3038751c63bc2aadc06d\",\"name\":\"ulqini\",\"sameAs\":[\"http:\/\/www.visit-ulcinj.com\"],\"url\":\"https:\/\/www.visit-ulcinj.com\/blog\/author\/admin\/\"}]}<\/script>\n<!-- \/ Yoast SEO plugin. -->","yoast_head_json":{"title":"Adrian Gaxha s\u00eb shpejti do t\u00eb nxjerr\u00eb albumin e ri - Lajme nga Ulqini","description":"Adrian Gaxha, ka th\u00ebn\u00eb se s\u00eb shpejti do t\u00eb nxjerr\u00eb albumin e ri, i cili do t\u00eb p\u00ebrmbaj\u00eb 17 k\u00ebng\u00eb- kryesisht t\u00eb zhanrit RNB dhe pop. Ajo q\u00eb m\u00eb preokupon","robots":{"index":"index","follow":"follow","max-snippet":"max-snippet:-1","max-image-preview":"max-image-preview:large","max-video-preview":"max-video-preview:-1"},"canonical":"https:\/\/www.visit-ulcinj.com\/blog\/2010\/01\/04\/adrian-gaxha-se-shpejti-do-te-nxjerre-albumin-e-ri\/","og_locale":"en_US","og_type":"article","og_title":"Adrian Gaxha s\u00eb shpejti do t\u00eb nxjerr\u00eb albumin e ri - Lajme nga Ulqini","og_description":"Adrian Gaxha, ka th\u00ebn\u00eb se s\u00eb shpejti do t\u00eb nxjerr\u00eb albumin e ri, i cili do t\u00eb p\u00ebrmbaj\u00eb 17 k\u00ebng\u00eb- kryesisht t\u00eb zhanrit RNB dhe pop. Ajo q\u00eb m\u00eb preokupon","og_url":"https:\/\/www.visit-ulcinj.com\/blog\/2010\/01\/04\/adrian-gaxha-se-shpejti-do-te-nxjerre-albumin-e-ri\/","og_site_name":"Lajme nga Ulqini","article_published_time":"2010-01-04T18:26:39+00:00","og_image":[{"url":"http:\/\/www.visit-ulcinj.com\/blog\/wp-content\/uploads\/2010\/01\/Adrian-Gaxha.jpg"}],"twitter_misc":{"Written by":"ulqini","Est. reading time":"1 minute"},"schema":{"@context":"https:\/\/schema.org","@graph":[{"@type":"WebSite","@id":"https:\/\/www.visit-ulcinj.com\/blog\/#website","url":"https:\/\/www.visit-ulcinj.com\/blog\/","name":"Lajme nga Ulqini","description":"Lajme,Vijesti,Ulqini,Ulqin,Crna Gora,Mali i Zi","potentialAction":[{"@type":"SearchAction","target":{"@type":"EntryPoint","urlTemplate":"https:\/\/www.visit-ulcinj.com\/blog\/?s={search_term_string}"},"query-input":"required name=search_term_string"}],"inLanguage":"en-US"},{"@type":"ImageObject","inLanguage":"en-US","@id":"https:\/\/www.visit-ulcinj.com\/blog\/2010\/01\/04\/adrian-gaxha-se-shpejti-do-te-nxjerre-albumin-e-ri\/#primaryimage","url":"http:\/\/www.visit-ulcinj.com\/blog\/wp-content\/uploads\/2010\/01\/Adrian-Gaxha.jpg","contentUrl":"http:\/\/www.visit-ulcinj.com\/blog\/wp-content\/uploads\/2010\/01\/Adrian-Gaxha.jpg"},{"@type":"WebPage","@id":"https:\/\/www.visit-ulcinj.com\/blog\/2010\/01\/04\/adrian-gaxha-se-shpejti-do-te-nxjerre-albumin-e-ri\/#webpage","url":"https:\/\/www.visit-ulcinj.com\/blog\/2010\/01\/04\/adrian-gaxha-se-shpejti-do-te-nxjerre-albumin-e-ri\/","name":"Adrian Gaxha s\u00eb shpejti do t\u00eb nxjerr\u00eb albumin e ri - Lajme nga Ulqini","isPartOf":{"@id":"https:\/\/www.visit-ulcinj.com\/blog\/#website"},"primaryImageOfPage":{"@id":"https:\/\/www.visit-ulcinj.com\/blog\/2010\/01\/04\/adrian-gaxha-se-shpejti-do-te-nxjerre-albumin-e-ri\/#primaryimage"},"datePublished":"2010-01-04T18:26:39+00:00","dateModified":"2010-01-04T18:26:39+00:00","author":{"@id":"https:\/\/www.visit-ulcinj.com\/blog\/#\/schema\/person\/dcab619c614d3038751c63bc2aadc06d"},"description":"Adrian Gaxha, ka th\u00ebn\u00eb se s\u00eb shpejti do t\u00eb nxjerr\u00eb albumin e ri, i cili do t\u00eb p\u00ebrmbaj\u00eb 17 k\u00ebng\u00eb- kryesisht t\u00eb zhanrit RNB dhe pop. Ajo q\u00eb m\u00eb preokupon","breadcrumb":{"@id":"https:\/\/www.visit-ulcinj.com\/blog\/2010\/01\/04\/adrian-gaxha-se-shpejti-do-te-nxjerre-albumin-e-ri\/#breadcrumb"},"inLanguage":"en-US","potentialAction":[{"@type":"ReadAction","target":["https:\/\/www.visit-ulcinj.com\/blog\/2010\/01\/04\/adrian-gaxha-se-shpejti-do-te-nxjerre-albumin-e-ri\/"]}]},{"@type":"BreadcrumbList","@id":"https:\/\/www.visit-ulcinj.com\/blog\/2010\/01\/04\/adrian-gaxha-se-shpejti-do-te-nxjerre-albumin-e-ri\/#breadcrumb","itemListElement":[{"@type":"ListItem","position":1,"name":"Adrian Gaxha s\u00eb shpejti do t\u00eb nxjerr\u00eb albumin e ri"}]},{"@type":"Person","@id":"https:\/\/www.visit-ulcinj.com\/blog\/#\/schema\/person\/dcab619c614d3038751c63bc2aadc06d","name":"ulqini","sameAs":["http:\/\/www.visit-ulcinj.com"],"url":"https:\/\/www.visit-ulcinj.com\/blog\/author\/admin\/"}]}},"jetpack_featured_media_url":"","jetpack_sharing_enabled":true,"jetpack_shortlink":"https:\/\/wp.me\/pe6lTn-7yq","_links":{"self":[{"href":"https:\/\/www.visit-ulcinj.com\/blog\/wp-json\/wp\/v2\/posts\/29042"}],"collection":[{"href":"https:\/\/www.visit-ulcinj.com\/blog\/wp-json\/wp\/v2\/posts"}],"about":[{"href":"https:\/\/www.visit-ulcinj.com\/blog\/wp-json\/wp\/v2\/types\/post"}],"author":[{"embeddable":true,"href":"https:\/\/www.visit-ulcinj.com\/blog\/wp-json\/wp\/v2\/users\/1"}],"replies":[{"embeddable":true,"href":"https:\/\/www.visit-ulcinj.com\/blog\/wp-json\/wp\/v2\/comments?post=29042"}],"version-history":[{"count":0,"href":"https:\/\/www.visit-ulcinj.com\/blog\/wp-json\/wp\/v2\/posts\/29042\/revisions"}],"wp:attachment":[{"href":"https:\/\/www.visit-ulcinj.com\/blog\/wp-json\/wp\/v2\/media?parent=29042"}],"wp:term":[{"taxonomy":"category","embeddable":true,"href":"https:\/\/www.visit-ulcinj.com\/blog\/wp-json\/wp\/v2\/categories?post=29042"},{"taxonomy":"post_tag","embeddable":true,"href":"https:\/\/www.visit-ulcinj.com\/blog\/wp-json\/wp\/v2\/tags?post=29042"}],"curies":[{"name":"wp","href":"https:\/\/api.w.org\/{rel}","templated":true}]}}