{"id":29050,"date":"2010-01-04T21:19:18","date_gmt":"2010-01-04T19:19:18","guid":{"rendered":"http:\/\/www.visit-ulcinj.com\/blog\/?p=29050"},"modified":"2010-02-15T18:37:00","modified_gmt":"2010-02-15T16:37:00","slug":"ada-po-zhduket-situata-ende-e-rende-ada-e-izoluar","status":"publish","type":"post","link":"https:\/\/www.visit-ulcinj.com\/blog\/2010\/01\/04\/ada-po-zhduket-situata-ende-e-rende-ada-e-izoluar\/","title":{"rendered":"Ada po zhduket! Situata ende e r\u00ebnd\u00eb, Ada e izoluar &#8211; New Video"},"content":{"rendered":"<p><img loading=\"lazy\" class=\"alignleft\" title=\"ADA BOJANA E IZOLUAR_ULQIN\" src=\"http:\/\/www.visit-ulcinj.com\/blog\/wp-content\/uploads\/2010\/01\/ada-bojana_poplave.jpg\" alt=\"\" width=\"580\" height=\"336\" \/>Reshje intensive t\u00eb shiut kapluan Bun\u00ebn n\u00eb m\u00ebngjesin e s\u00eb diel\u00ebs.Situata n\u00eb rrethin e Bun\u00ebs vazhdon t\u00eb jet\u00eb e r\u00ebnd\u00eb pasi qindra banesa (vikendica) vazhdojn\u00eb t\u00eb jen\u00eb t\u00eb izoluara nga uj\u00ebrat.Reshjet e dendura i kan\u00eb \u00e7uar n\u00eb 1000 metra kub uj\u00eb n\u00eb sekond\u00eb prurjet n\u00eb kaskad\u00ebn e lumit Buna.<\/p>\n<p><strong>Pak sqarim nga gazetari Mustafa Canka:<br \/>\nLufta kunder natyr\u00ebs<\/strong><br \/>\nBuna gradualisht \u201cpo e g\u00ebrryen\u201d Ad\u00ebn dhe deri n\u00eb fund t\u00eb k\u00ebtij shekulli ajo nuk do t\u00eb ekzistoj\u00eb m\u00eb! Buna (m\u00eb sakt\u00ebsisht Drini) e formoi Ad\u00ebn nga fundi i shekullit XIX, e n\u00eb qoft\u00eb se urgjentisht nuk nd\u00ebrmarrim di\u00e7ka, ajo edhe do ta shkat\u00ebrroj\u00eb!<br \/>\nLegjenda thot\u00eb se n\u00eb vitin 1858 n\u00eb gryk\u00ebderdhjen e Lumit Buna n\u00eb det u fundos anija Merito, pron\u00eb e Anton Alegretit nga Trogiri, t\u00eb cil\u00ebn e drejtonte kapiten Naporeli.<br \/>\nPik\u00ebrisht ky moment ka qen\u00eb vendimtar p\u00ebr formimin e Ad\u00ebs. Sepse, n\u00eb shekullin XIX, n\u00eb k\u00ebt\u00eb vend kan\u00eb ekzistuar dy ishuj m\u00eb t\u00eb vegj\u00ebl. Asohere, rr\u00ebnojat e anijes, s\u00eb bashku me dy ishuj t\u00eb af\u00ebrt i ndal\u00ebn sedimentet e lumit dhe formuan Ad\u00ebn. Ajo filloi t\u00eb dukej n\u00eb vitin 1882. Arkivat e Shkodr\u00ebs tregojn\u00eb se pik\u00ebrisht n\u00eb gjysm\u00ebn e dyt\u00eb t\u00eb shekullit XIX Drini ka nd\u00ebrruar shtratin dhe se prej at\u00ebher\u00eb nj\u00eb deg\u00eb e k\u00ebtij lumi derdhet n\u00eb Bun\u00eb.<br \/>\nKjo zgjati k\u00ebshtu gjithnj\u00eb deri nga mesi i viteve t\u00eb 70-ta t\u00eb shekullit XX kur filluan t\u00eb nd\u00ebrtohen hidrocentrale mbi Drin. Deri tani jan\u00eb nd\u00ebrtuar tri (Komani, Fierza dhe Vau i Dej\u00ebs), e s\u00eb shpejti do t\u00eb fillojn\u00eb edhe punimet p\u00ebr nd\u00ebrtimin e hidrocentralit t\u00eb kat\u00ebrt modern, q\u00eb do t\u00eb quhet \u201cAshta\u201d, dhe nga i cili do t\u00eb furnizohen me rrym\u00eb 100 mij\u00eb familje.<br \/>\nObjekti i ri energjetik mbi Drin do t\u2019i sjell\u00eb Shqip\u00ebris\u00eb energji t\u00eb bollshme, kurse pasojat p\u00ebr ekosistemin e Shkodr\u00ebs dhe t\u00eb Liqenit t\u00eb Shkodr\u00ebs do t\u00eb jen\u00eb t\u00eb pap\u00ebrfillshme, por shkat\u00ebrrimtare p\u00ebr deg\u00ebzimin e lumit t\u00eb Bun\u00ebs.<br \/>\nKjo p\u00ebr arsye se nj\u00eb gj\u00eb e till\u00eb do t\u2019i pak\u00ebsoj\u00eb akoma m\u00eb shum\u00eb sendimentet n\u00eb Bun\u00eb, t\u00eb cil\u00ebt vin\u00eb pik\u00ebrisht nga Drini dhe do t\u00eb p\u00ebrgjysmojn\u00eb shpejt\u00ebsin\u00eb e saj. P\u00ebr k\u00ebt\u00eb arsye plazhi nga viti n\u00eb vit vjen duke u zvog\u00ebluar.<br \/>\n\u201cNd\u00ebrtimi i hidrocentralit t\u00eb ri mbi Drin do t\u00eb reflektohet n\u00eb m\u00ebnyr\u00eb fatale ndaj Ad\u00ebs, e cila edhe k\u00ebshtu tashm\u00eb \u00ebsht\u00eb e rrezikuar. Deri tani kemi humbur t\u00eb pakt\u00ebn 60 metra t\u00eb bregut t\u00eb k\u00ebtij ishulli. Kjo m\u00eb s\u00eb miri shihet n\u00eb fotografin\u00eb krahasuese t\u00eb disa depove n\u00eb plazh, t\u00eb cil\u00ebt para tridhjet\u00eb vitesh kan\u00eb qen\u00eb t\u00eb larguara 60 metra nga deti, e tani ndodhen n\u00eb uj\u00eb\u201d, paralajm\u00ebroi biologu gjerman Martin Shnajder Jakobi. Ai shtoi se Buna deri me nd\u00ebrtimin e hidrocentraleve ka sjellur r\u00ebr\u00eb n\u00eb sasi t\u00eb mjaftueshme dhe k\u00ebsisoji i ka ruajtur konturat e ishullit t\u00eb krijuar para 150 vitesh.<br \/>\n\u201cTani, p\u00ebr shkak t\u00eb prurjes m\u00eb t\u00eb vog\u00ebl t\u00eb ujit, e sjell n\u00eb sasi shum\u00eb m\u00eb t\u00eb vogla, kurse deti merr gjithnj\u00eb e m\u00eb shum\u00eb. P\u00ebr k\u00ebt\u00eb arsye Ada po zhduket pam\u00ebshirsh\u00ebm para syve tan\u00eb dhe frikohemi se do t\u00eb mund t\u00eb p\u00ebrfundonte si nj\u00eb ishull i paem\u00ebr n\u00eb an\u00ebn shqiptare, i cili nuk do t\u00eb ekzistoj\u00eb m\u00eb\u201d, tha ai.<br \/>\nFjal\u00ebt e tij i konfirmon shefi shum\u00ebvje\u00e7ar i plazhit n\u00eb Ad\u00eb, Shyqyri Kahari:<br \/>\n\u201cSht\u00ebpiza ime para tridhjet\u00eb vitesh ka qen\u00eb 80 metra larg detit, e tani ka ardhur n\u00eb tri metra larg\u00ebsi! Edhe nj\u00eb vit tjet\u00ebr dhe nuk do t\u00eb ekzistoj\u00eb m\u00eb! M\u00eb dhemb zemra por kjo \u00ebsht\u00eb k\u00ebshtu\u201d.<br \/>\nSido q\u00eb t\u00eb jet\u00eb, Buna gradualisht \u201cpo e g\u00ebrryen\u201d Ad\u00ebn dhe deri n\u00eb fund t\u00eb k\u00ebtij shekulli ajo nuk do t\u00eb ekzistoj\u00eb m\u00eb! Buna (m\u00eb sakt\u00ebsisht Drini) e formoi Ad\u00ebn nga fundi i shekullit XIX, e n\u00eb qoft\u00eb se urgjentisht nuk nd\u00ebrmarrim di\u00e7ka, ajo edhe do ta shkat\u00ebrroj\u00eb!<br \/>\nNatyrisht, e gjith\u00eb kjo do t\u00eb ket\u00eb pasoja t\u00eb paparashikueshme p\u00ebr t\u00ebr\u00eb ekosistemin e k\u00ebtij rajoni m\u00eb t\u00eb bukur t\u00eb Mesdheut, ku banojn\u00eb grupe t\u00eb t\u00ebra t\u00eb llojeve globalisht t\u00eb rrezikuara t\u00eb zogjve, peshqve dhe shtaz\u00ebve t\u00eb tjera.<br \/>\nDo t\u00eb jet\u00eb kjo prova m\u00eb e mir\u00eb e raportit ton\u00eb ndaj natyr\u00ebs, zhvillimit t\u00eb qendruesh\u00ebm dhe \u201cshtetit ekologjik\u201d. N\u00eb k\u00ebt\u00eb luft\u00eb kund\u00ebr natyr\u00ebs, respektivisht Zotit, ne do t\u00eb jemi t\u00eb deklasuar!<br \/>\nPa Ad\u00ebn Ulqini do t\u00eb mbetet invalid turistik.<br \/>\n\n\t\t<style type=\"text\/css\">\n\t\t\t#gallery-1 {\n\t\t\t\tmargin: auto;\n\t\t\t}\n\t\t\t#gallery-1 .gallery-item {\n\t\t\t\tfloat: left;\n\t\t\t\tmargin-top: 10px;\n\t\t\t\ttext-align: center;\n\t\t\t\twidth: 33%;\n\t\t\t}\n\t\t\t#gallery-1 img {\n\t\t\t\tborder: 2px solid #cfcfcf;\n\t\t\t}\n\t\t\t#gallery-1 .gallery-caption {\n\t\t\t\tmargin-left: 0;\n\t\t\t}\n\t\t\t\/* see gallery_shortcode() in wp-includes\/media.php *\/\n\t\t<\/style>\n\t\t<div id='gallery-1' class='gallery galleryid-29050 gallery-columns-3 gallery-size-thumbnail'><dl class='gallery-item'>\n\t\t\t<dt class='gallery-icon landscape'>\n\t\t\t\t<a href='https:\/\/www.visit-ulcinj.com\/blog\/wp-content\/uploads\/2010\/01\/Ada-Bojana.jpg'><img width=\"150\" height=\"150\" src=\"https:\/\/www.visit-ulcinj.com\/blog\/wp-content\/uploads\/2010\/01\/Ada-Bojana-150x150.jpg\" class=\"attachment-thumbnail size-thumbnail\" alt=\"\" loading=\"lazy\" \/><\/a>\n\t\t\t<\/dt><\/dl><dl class='gallery-item'>\n\t\t\t<dt class='gallery-icon landscape'>\n\t\t\t\t<a href='https:\/\/www.visit-ulcinj.com\/blog\/wp-content\/uploads\/2010\/01\/Ada-Bojana.1.jpg'><img width=\"150\" height=\"150\" src=\"https:\/\/www.visit-ulcinj.com\/blog\/wp-content\/uploads\/2010\/01\/Ada-Bojana.1-150x150.jpg\" class=\"attachment-thumbnail size-thumbnail\" alt=\"\" loading=\"lazy\" \/><\/a>\n\t\t\t<\/dt><\/dl><dl class='gallery-item'>\n\t\t\t<dt class='gallery-icon landscape'>\n\t\t\t\t<a href='https:\/\/www.visit-ulcinj.com\/blog\/wp-content\/uploads\/2010\/01\/Ada-Bojana.2.jpg'><img width=\"150\" height=\"150\" src=\"https:\/\/www.visit-ulcinj.com\/blog\/wp-content\/uploads\/2010\/01\/Ada-Bojana.2-150x150.jpg\" class=\"attachment-thumbnail size-thumbnail\" alt=\"\" loading=\"lazy\" \/><\/a>\n\t\t\t<\/dt><\/dl><br style=\"clear: both\" \/><dl class='gallery-item'>\n\t\t\t<dt class='gallery-icon landscape'>\n\t\t\t\t<a href='https:\/\/www.visit-ulcinj.com\/blog\/wp-content\/uploads\/2010\/01\/Ada-Bojana.3.JPG'><img width=\"150\" height=\"150\" src=\"https:\/\/www.visit-ulcinj.com\/blog\/wp-content\/uploads\/2010\/01\/Ada-Bojana.3-150x150.jpg\" class=\"attachment-thumbnail size-thumbnail\" alt=\"\" loading=\"lazy\" \/><\/a>\n\t\t\t<\/dt><\/dl><dl class='gallery-item'>\n\t\t\t<dt class='gallery-icon landscape'>\n\t\t\t\t<a href='https:\/\/www.visit-ulcinj.com\/blog\/wp-content\/uploads\/2010\/01\/Ada-Bojana.4.jpg'><img width=\"150\" height=\"150\" src=\"https:\/\/www.visit-ulcinj.com\/blog\/wp-content\/uploads\/2010\/01\/Ada-Bojana.4-150x150.jpg\" class=\"attachment-thumbnail size-thumbnail\" alt=\"\" loading=\"lazy\" \/><\/a>\n\t\t\t<\/dt><\/dl><dl class='gallery-item'>\n\t\t\t<dt class='gallery-icon landscape'>\n\t\t\t\t<a href='https:\/\/www.visit-ulcinj.com\/blog\/wp-content\/uploads\/2010\/01\/Ada-Bojana.5.jpg'><img width=\"150\" height=\"150\" src=\"https:\/\/www.visit-ulcinj.com\/blog\/wp-content\/uploads\/2010\/01\/Ada-Bojana.5-150x150.jpg\" class=\"attachment-thumbnail size-thumbnail\" alt=\"\" loading=\"lazy\" \/><\/a>\n\t\t\t<\/dt><\/dl><br style=\"clear: both\" \/>\n\t\t<\/div>\n<br \/>\n<span style=\"color: #cc0000;\"> <\/span><strong>VIDEO <strong><em>EKSKLUZIVE<\/em><\/strong> NGA BUNA SOT<\/strong><br \/>\n<!--YouTube Error: bad URL entered--><\/p>\n","protected":false},"excerpt":{"rendered":"<p>Reshje intensive t\u00eb shiut kapluan Bun\u00ebn n\u00eb m\u00ebngjesin e s\u00eb diel\u00ebs.Situata n\u00eb rrethin e Bun\u00ebs vazhdon t\u00eb jet\u00eb e r\u00ebnd\u00eb pasi qindra banesa (vikendica) vazhdojn\u00eb t\u00eb jen\u00eb t\u00eb izoluara nga uj\u00ebrat.Reshjet e dendura i kan\u00eb \u00e7uar n\u00eb 1000 metra kub uj\u00eb n\u00eb sekond\u00eb prurjet n\u00eb kaskad\u00ebn e lumit Buna. Pak sqarim nga gazetari Mustafa Canka: [&hellip;]<\/p>\n","protected":false},"author":1,"featured_media":0,"comment_status":"open","ping_status":"closed","sticky":false,"template":"","format":"standard","meta":{"spay_email":"","jetpack_publicize_message":"","jetpack_is_tweetstorm":false,"jetpack_publicize_feature_enabled":true},"categories":[11],"tags":[138,2118,13180,11648],"jetpack_publicize_connections":[],"yoast_head":"<!-- This site is optimized with the Yoast SEO plugin v19.1 - https:\/\/yoast.com\/wordpress\/plugins\/seo\/ -->\n<title>Ada po zhduket! Situata ende e r\u00ebnd\u00eb, Ada e izoluar - New Video - Lajme nga Ulqini<\/title>\n<meta name=\"description\" content=\"Reshje intensive t\u00eb shiut kapluan Bun\u00ebn n\u00eb m\u00ebngjesin e s\u00eb diel\u00ebs.Situata n\u00eb rrethin e Bun\u00ebs vazhdon t\u00eb jet\u00eb e r\u00ebnd\u00eb pasi qindra banesa (vikendica)\" \/>\n<meta name=\"robots\" content=\"index, follow, max-snippet:-1, max-image-preview:large, max-video-preview:-1\" \/>\n<link rel=\"canonical\" href=\"https:\/\/www.visit-ulcinj.com\/blog\/2010\/01\/04\/ada-po-zhduket-situata-ende-e-rende-ada-e-izoluar\/\" \/>\n<meta property=\"og:locale\" content=\"en_US\" \/>\n<meta property=\"og:type\" content=\"article\" \/>\n<meta property=\"og:title\" content=\"Ada po zhduket! Situata ende e r\u00ebnd\u00eb, Ada e izoluar - New Video - Lajme nga Ulqini\" \/>\n<meta property=\"og:description\" content=\"Reshje intensive t\u00eb shiut kapluan Bun\u00ebn n\u00eb m\u00ebngjesin e s\u00eb diel\u00ebs.Situata n\u00eb rrethin e Bun\u00ebs vazhdon t\u00eb jet\u00eb e r\u00ebnd\u00eb pasi qindra banesa (vikendica)\" \/>\n<meta property=\"og:url\" content=\"https:\/\/www.visit-ulcinj.com\/blog\/2010\/01\/04\/ada-po-zhduket-situata-ende-e-rende-ada-e-izoluar\/\" \/>\n<meta property=\"og:site_name\" content=\"Lajme nga Ulqini\" \/>\n<meta property=\"article:published_time\" content=\"2010-01-04T19:19:18+00:00\" \/>\n<meta property=\"article:modified_time\" content=\"2010-02-15T16:37:00+00:00\" \/>\n<meta property=\"og:image\" content=\"https:\/\/www.visit-ulcinj.com\/blog\/wp-content\/uploads\/2010\/01\/Ada-Bojana-150x150.jpg\" \/>\n<meta name=\"twitter:label1\" content=\"Written by\" \/>\n\t<meta name=\"twitter:data1\" content=\"ulqini\" \/>\n\t<meta name=\"twitter:label2\" content=\"Est. reading time\" \/>\n\t<meta name=\"twitter:data2\" content=\"4 minutes\" \/>\n<script type=\"application\/ld+json\" class=\"yoast-schema-graph\">{\"@context\":\"https:\/\/schema.org\",\"@graph\":[{\"@type\":\"WebSite\",\"@id\":\"https:\/\/www.visit-ulcinj.com\/blog\/#website\",\"url\":\"https:\/\/www.visit-ulcinj.com\/blog\/\",\"name\":\"Lajme nga Ulqini\",\"description\":\"Lajme,Vijesti,Ulqini,Ulqin,Crna Gora,Mali i Zi\",\"potentialAction\":[{\"@type\":\"SearchAction\",\"target\":{\"@type\":\"EntryPoint\",\"urlTemplate\":\"https:\/\/www.visit-ulcinj.com\/blog\/?s={search_term_string}\"},\"query-input\":\"required name=search_term_string\"}],\"inLanguage\":\"en-US\"},{\"@type\":\"ImageObject\",\"inLanguage\":\"en-US\",\"@id\":\"https:\/\/www.visit-ulcinj.com\/blog\/2010\/01\/04\/ada-po-zhduket-situata-ende-e-rende-ada-e-izoluar\/#primaryimage\",\"url\":\"https:\/\/www.visit-ulcinj.com\/blog\/wp-content\/uploads\/2010\/01\/ada-bojana_poplave.jpg\",\"contentUrl\":\"https:\/\/www.visit-ulcinj.com\/blog\/wp-content\/uploads\/2010\/01\/ada-bojana_poplave.jpg\",\"width\":\"534\",\"height\":\"336\"},{\"@type\":\"WebPage\",\"@id\":\"https:\/\/www.visit-ulcinj.com\/blog\/2010\/01\/04\/ada-po-zhduket-situata-ende-e-rende-ada-e-izoluar\/#webpage\",\"url\":\"https:\/\/www.visit-ulcinj.com\/blog\/2010\/01\/04\/ada-po-zhduket-situata-ende-e-rende-ada-e-izoluar\/\",\"name\":\"Ada po zhduket! Situata ende e r\u00ebnd\u00eb, Ada e izoluar - New Video - Lajme nga Ulqini\",\"isPartOf\":{\"@id\":\"https:\/\/www.visit-ulcinj.com\/blog\/#website\"},\"primaryImageOfPage\":{\"@id\":\"https:\/\/www.visit-ulcinj.com\/blog\/2010\/01\/04\/ada-po-zhduket-situata-ende-e-rende-ada-e-izoluar\/#primaryimage\"},\"datePublished\":\"2010-01-04T19:19:18+00:00\",\"dateModified\":\"2010-02-15T16:37:00+00:00\",\"author\":{\"@id\":\"https:\/\/www.visit-ulcinj.com\/blog\/#\/schema\/person\/dcab619c614d3038751c63bc2aadc06d\"},\"description\":\"Reshje intensive t\u00eb shiut kapluan Bun\u00ebn n\u00eb m\u00ebngjesin e s\u00eb diel\u00ebs.Situata n\u00eb rrethin e Bun\u00ebs vazhdon t\u00eb jet\u00eb e r\u00ebnd\u00eb pasi qindra banesa (vikendica)\",\"breadcrumb\":{\"@id\":\"https:\/\/www.visit-ulcinj.com\/blog\/2010\/01\/04\/ada-po-zhduket-situata-ende-e-rende-ada-e-izoluar\/#breadcrumb\"},\"inLanguage\":\"en-US\",\"potentialAction\":[{\"@type\":\"ReadAction\",\"target\":[\"https:\/\/www.visit-ulcinj.com\/blog\/2010\/01\/04\/ada-po-zhduket-situata-ende-e-rende-ada-e-izoluar\/\"]}]},{\"@type\":\"BreadcrumbList\",\"@id\":\"https:\/\/www.visit-ulcinj.com\/blog\/2010\/01\/04\/ada-po-zhduket-situata-ende-e-rende-ada-e-izoluar\/#breadcrumb\",\"itemListElement\":[{\"@type\":\"ListItem\",\"position\":1,\"name\":\"Ada po zhduket! Situata ende e r\u00ebnd\u00eb, Ada e izoluar &#8211; New Video\"}]},{\"@type\":\"Person\",\"@id\":\"https:\/\/www.visit-ulcinj.com\/blog\/#\/schema\/person\/dcab619c614d3038751c63bc2aadc06d\",\"name\":\"ulqini\",\"sameAs\":[\"http:\/\/www.visit-ulcinj.com\"],\"url\":\"https:\/\/www.visit-ulcinj.com\/blog\/author\/admin\/\"}]}<\/script>\n<!-- \/ Yoast SEO plugin. -->","yoast_head_json":{"title":"Ada po zhduket! Situata ende e r\u00ebnd\u00eb, Ada e izoluar - New Video - Lajme nga Ulqini","description":"Reshje intensive t\u00eb shiut kapluan Bun\u00ebn n\u00eb m\u00ebngjesin e s\u00eb diel\u00ebs.Situata n\u00eb rrethin e Bun\u00ebs vazhdon t\u00eb jet\u00eb e r\u00ebnd\u00eb pasi qindra banesa (vikendica)","robots":{"index":"index","follow":"follow","max-snippet":"max-snippet:-1","max-image-preview":"max-image-preview:large","max-video-preview":"max-video-preview:-1"},"canonical":"https:\/\/www.visit-ulcinj.com\/blog\/2010\/01\/04\/ada-po-zhduket-situata-ende-e-rende-ada-e-izoluar\/","og_locale":"en_US","og_type":"article","og_title":"Ada po zhduket! Situata ende e r\u00ebnd\u00eb, Ada e izoluar - New Video - Lajme nga Ulqini","og_description":"Reshje intensive t\u00eb shiut kapluan Bun\u00ebn n\u00eb m\u00ebngjesin e s\u00eb diel\u00ebs.Situata n\u00eb rrethin e Bun\u00ebs vazhdon t\u00eb jet\u00eb e r\u00ebnd\u00eb pasi qindra banesa (vikendica)","og_url":"https:\/\/www.visit-ulcinj.com\/blog\/2010\/01\/04\/ada-po-zhduket-situata-ende-e-rende-ada-e-izoluar\/","og_site_name":"Lajme nga Ulqini","article_published_time":"2010-01-04T19:19:18+00:00","article_modified_time":"2010-02-15T16:37:00+00:00","og_image":[{"url":"https:\/\/www.visit-ulcinj.com\/blog\/wp-content\/uploads\/2010\/01\/Ada-Bojana-150x150.jpg"}],"twitter_misc":{"Written by":"ulqini","Est. reading time":"4 minutes"},"schema":{"@context":"https:\/\/schema.org","@graph":[{"@type":"WebSite","@id":"https:\/\/www.visit-ulcinj.com\/blog\/#website","url":"https:\/\/www.visit-ulcinj.com\/blog\/","name":"Lajme nga Ulqini","description":"Lajme,Vijesti,Ulqini,Ulqin,Crna Gora,Mali i Zi","potentialAction":[{"@type":"SearchAction","target":{"@type":"EntryPoint","urlTemplate":"https:\/\/www.visit-ulcinj.com\/blog\/?s={search_term_string}"},"query-input":"required name=search_term_string"}],"inLanguage":"en-US"},{"@type":"ImageObject","inLanguage":"en-US","@id":"https:\/\/www.visit-ulcinj.com\/blog\/2010\/01\/04\/ada-po-zhduket-situata-ende-e-rende-ada-e-izoluar\/#primaryimage","url":"https:\/\/www.visit-ulcinj.com\/blog\/wp-content\/uploads\/2010\/01\/ada-bojana_poplave.jpg","contentUrl":"https:\/\/www.visit-ulcinj.com\/blog\/wp-content\/uploads\/2010\/01\/ada-bojana_poplave.jpg","width":"534","height":"336"},{"@type":"WebPage","@id":"https:\/\/www.visit-ulcinj.com\/blog\/2010\/01\/04\/ada-po-zhduket-situata-ende-e-rende-ada-e-izoluar\/#webpage","url":"https:\/\/www.visit-ulcinj.com\/blog\/2010\/01\/04\/ada-po-zhduket-situata-ende-e-rende-ada-e-izoluar\/","name":"Ada po zhduket! Situata ende e r\u00ebnd\u00eb, Ada e izoluar - New Video - Lajme nga Ulqini","isPartOf":{"@id":"https:\/\/www.visit-ulcinj.com\/blog\/#website"},"primaryImageOfPage":{"@id":"https:\/\/www.visit-ulcinj.com\/blog\/2010\/01\/04\/ada-po-zhduket-situata-ende-e-rende-ada-e-izoluar\/#primaryimage"},"datePublished":"2010-01-04T19:19:18+00:00","dateModified":"2010-02-15T16:37:00+00:00","author":{"@id":"https:\/\/www.visit-ulcinj.com\/blog\/#\/schema\/person\/dcab619c614d3038751c63bc2aadc06d"},"description":"Reshje intensive t\u00eb shiut kapluan Bun\u00ebn n\u00eb m\u00ebngjesin e s\u00eb diel\u00ebs.Situata n\u00eb rrethin e Bun\u00ebs vazhdon t\u00eb jet\u00eb e r\u00ebnd\u00eb pasi qindra banesa (vikendica)","breadcrumb":{"@id":"https:\/\/www.visit-ulcinj.com\/blog\/2010\/01\/04\/ada-po-zhduket-situata-ende-e-rende-ada-e-izoluar\/#breadcrumb"},"inLanguage":"en-US","potentialAction":[{"@type":"ReadAction","target":["https:\/\/www.visit-ulcinj.com\/blog\/2010\/01\/04\/ada-po-zhduket-situata-ende-e-rende-ada-e-izoluar\/"]}]},{"@type":"BreadcrumbList","@id":"https:\/\/www.visit-ulcinj.com\/blog\/2010\/01\/04\/ada-po-zhduket-situata-ende-e-rende-ada-e-izoluar\/#breadcrumb","itemListElement":[{"@type":"ListItem","position":1,"name":"Ada po zhduket! Situata ende e r\u00ebnd\u00eb, Ada e izoluar &#8211; New Video"}]},{"@type":"Person","@id":"https:\/\/www.visit-ulcinj.com\/blog\/#\/schema\/person\/dcab619c614d3038751c63bc2aadc06d","name":"ulqini","sameAs":["http:\/\/www.visit-ulcinj.com"],"url":"https:\/\/www.visit-ulcinj.com\/blog\/author\/admin\/"}]}},"jetpack_featured_media_url":"","jetpack_sharing_enabled":true,"jetpack_shortlink":"https:\/\/wp.me\/pe6lTn-7yy","_links":{"self":[{"href":"https:\/\/www.visit-ulcinj.com\/blog\/wp-json\/wp\/v2\/posts\/29050"}],"collection":[{"href":"https:\/\/www.visit-ulcinj.com\/blog\/wp-json\/wp\/v2\/posts"}],"about":[{"href":"https:\/\/www.visit-ulcinj.com\/blog\/wp-json\/wp\/v2\/types\/post"}],"author":[{"embeddable":true,"href":"https:\/\/www.visit-ulcinj.com\/blog\/wp-json\/wp\/v2\/users\/1"}],"replies":[{"embeddable":true,"href":"https:\/\/www.visit-ulcinj.com\/blog\/wp-json\/wp\/v2\/comments?post=29050"}],"version-history":[{"count":0,"href":"https:\/\/www.visit-ulcinj.com\/blog\/wp-json\/wp\/v2\/posts\/29050\/revisions"}],"wp:attachment":[{"href":"https:\/\/www.visit-ulcinj.com\/blog\/wp-json\/wp\/v2\/media?parent=29050"}],"wp:term":[{"taxonomy":"category","embeddable":true,"href":"https:\/\/www.visit-ulcinj.com\/blog\/wp-json\/wp\/v2\/categories?post=29050"},{"taxonomy":"post_tag","embeddable":true,"href":"https:\/\/www.visit-ulcinj.com\/blog\/wp-json\/wp\/v2\/tags?post=29050"}],"curies":[{"name":"wp","href":"https:\/\/api.w.org\/{rel}","templated":true}]}}