{"id":29065,"date":"2010-01-04T21:50:25","date_gmt":"2010-01-04T19:50:25","guid":{"rendered":"http:\/\/www.visit-ulcinj.com\/blog\/?p=29065"},"modified":"2010-01-08T06:16:23","modified_gmt":"2010-01-08T04:16:23","slug":"kryetari-i-komunes-se-ulqinit-gezim-hajdinaga-kryesoi-nje-takim-te-shtabit-per-situata-te-jashtezakonshme","status":"publish","type":"post","link":"https:\/\/www.visit-ulcinj.com\/blog\/2010\/01\/04\/kryetari-i-komunes-se-ulqinit-gezim-hajdinaga-kryesoi-nje-takim-te-shtabit-per-situata-te-jashtezakonshme\/","title":{"rendered":"Kryetari i Komun\u00ebs s\u00eb Ulqinit G\u00ebzim Hajdinaga kryesoi nj\u00eb takim  t\u00eb shtabit p\u00ebr situata t\u00eb jasht\u00ebzakonshme &#8211; Video"},"content":{"rendered":"<p><a href=\"http:\/\/www.visit-ulcinj.com\/blog\/wp-content\/uploads\/2010\/01\/G\u00ebzim-Hajdinaga_ulqin.jpg\"><img loading=\"lazy\" class=\"alignleft size-full wp-image-29066\" title=\"G\u00ebzim Hajdinaga_ulqin\" src=\"http:\/\/www.visit-ulcinj.com\/blog\/wp-content\/uploads\/2010\/01\/G\u00ebzim-Hajdinaga_ulqin.jpg\" alt=\"G\u00ebzim Hajdinaga_ulqin\" width=\"580\" height=\"342\" \/><\/a>Nisur nga situata e krijuar dit\u00ebve t\u00eb fundit n\u00eb Shqip\u00ebrin\u00eb fqinje, ku p\u00ebr shkak t\u00eb rreshjeve t\u00eb m\u00ebdha atmosferike, p\u00ebrmbytjeve dhe\u00a0\u00a0\u00a0 hapjen e portave t\u00eb shkarkimit t\u00eb hidrocentraleve, shtabi u informua detalisht se si paraqitet situata n\u00eb Bun\u00eb dhe fshtarat e prekur \u2013 Shas, Lis\u00ebn Fraskanjel etj.<br \/>\nBazuar nga informatat e grumbulluara nga terreni, vizitat e ekipeve dhe kontakteve t\u00eb vazhdueshme u vendos q\u00eb t\u00eb vihet komunikim zyrtar\u00eb nd\u00ebrministror\u00eb, e t\u00eb merren t\u00eb dh\u00ebna zyrtare nga Shqip\u00ebria\u00a0 dhe konform\u00eb k\u00ebsaj t\u00eb merren masa adekuate.<br \/>\nU la q\u00eb nj\u00eb ekip ekspert\u00ebsh t\u00eb vizitoj\u00eb argjinatur\u00ebn n\u00eb Bun\u00eb\u00a0 dhe\u00a0 ajo t\u00eb jet\u00eb n\u00eb mbikqyrje t\u00eb vazhdueshme.<br \/>\nN\u00eb nd\u00ebrkoh\u00eb do t\u00eb p\u00ebrgatiten t\u00eb dh\u00ebna q\u00eb kan\u00eb t\u00eb b\u00ebjn\u00eb me numrin e fuqis\u00eb pun\u00ebtor\u00eb dhe paisjeve q\u00eb disponon komuna n\u00eb rast t\u00eb p\u00ebrkeq\u00ebsimit t\u00eb situat\u00ebs.<br \/>\nKryetari i Komun\u00ebs G\u00ebzim Hajdinaga, nes\u00ebr me ekipin e tij do t\u00eb dal\u00eb n\u00eb terren dhe do t\u00eb vizitoj\u00eb nga af\u00ebr fshatrat tan\u00eb q\u00eb kan\u00eb p\u00ebsuar d\u00ebme nga p\u00ebrmbytjet. Ai insistoi q\u00eb situata t\u00eb jet\u00eb n\u00ebn kontroll t\u00eb vazhduesh\u00ebm dhe t\u00eb b\u00ebhet evidenca e qytetar\u00ebve t\u00eb cil\u00ebt kan\u00eb p\u00ebsuar d\u00ebme materiale, e t\u00eb insistohet nga organet relevante\u00a0 n\u00eb ndihm\u00ebn e tyre.<\/p>\n<p><strong>Municipality of Ulcinj \/ Ulqin<br \/>\n<\/strong><br \/>\n<!--YouTube Error: bad URL entered--><\/p>\n","protected":false},"excerpt":{"rendered":"<p>Nisur nga situata e krijuar dit\u00ebve t\u00eb fundit n\u00eb Shqip\u00ebrin\u00eb fqinje, ku p\u00ebr shkak t\u00eb rreshjeve t\u00eb m\u00ebdha atmosferike, p\u00ebrmbytjeve dhe\u00a0\u00a0\u00a0 hapjen e portave t\u00eb shkarkimit t\u00eb hidrocentraleve, shtabi u informua detalisht se si paraqitet situata n\u00eb Bun\u00eb dhe fshtarat e prekur \u2013 Shas, Lis\u00ebn Fraskanjel etj. Bazuar nga informatat e grumbulluara nga terreni, vizitat [&hellip;]<\/p>\n","protected":false},"author":1,"featured_media":0,"comment_status":"open","ping_status":"closed","sticky":false,"template":"","format":"standard","meta":{"spay_email":"","jetpack_publicize_message":"","jetpack_is_tweetstorm":false,"jetpack_publicize_feature_enabled":true},"categories":[1],"tags":[6958,13182,11687,13181,2083],"jetpack_publicize_connections":[],"yoast_head":"<!-- This site is optimized with the Yoast SEO plugin v19.1 - https:\/\/yoast.com\/wordpress\/plugins\/seo\/ -->\n<title>Kryetari i Komun\u00ebs s\u00eb Ulqinit G\u00ebzim Hajdinaga kryesoi nj\u00eb takim t\u00eb shtabit p\u00ebr situata t\u00eb jasht\u00ebzakonshme - Video - Lajme nga Ulqini<\/title>\n<meta name=\"description\" content=\"Nisur nga situata e krijuar dit\u00ebve t\u00eb fundit n\u00eb Shqip\u00ebrin\u00eb fqinje, ku p\u00ebr shkak t\u00eb rreshjeve t\u00eb m\u00ebdha atmosferike, p\u00ebrmbytjeve dhe\u00a0\u00a0\u00a0 hapjen e portave t\u00eb\" \/>\n<meta name=\"robots\" content=\"index, follow, max-snippet:-1, max-image-preview:large, max-video-preview:-1\" \/>\n<link rel=\"canonical\" href=\"https:\/\/www.visit-ulcinj.com\/blog\/2010\/01\/04\/kryetari-i-komunes-se-ulqinit-gezim-hajdinaga-kryesoi-nje-takim-te-shtabit-per-situata-te-jashtezakonshme\/\" \/>\n<meta property=\"og:locale\" content=\"en_US\" \/>\n<meta property=\"og:type\" content=\"article\" \/>\n<meta property=\"og:title\" content=\"Kryetari i Komun\u00ebs s\u00eb Ulqinit G\u00ebzim Hajdinaga kryesoi nj\u00eb takim t\u00eb shtabit p\u00ebr situata t\u00eb jasht\u00ebzakonshme - Video - Lajme nga Ulqini\" \/>\n<meta property=\"og:description\" content=\"Nisur nga situata e krijuar dit\u00ebve t\u00eb fundit n\u00eb Shqip\u00ebrin\u00eb fqinje, ku p\u00ebr shkak t\u00eb rreshjeve t\u00eb m\u00ebdha atmosferike, p\u00ebrmbytjeve dhe\u00a0\u00a0\u00a0 hapjen e portave t\u00eb\" \/>\n<meta property=\"og:url\" content=\"https:\/\/www.visit-ulcinj.com\/blog\/2010\/01\/04\/kryetari-i-komunes-se-ulqinit-gezim-hajdinaga-kryesoi-nje-takim-te-shtabit-per-situata-te-jashtezakonshme\/\" \/>\n<meta property=\"og:site_name\" content=\"Lajme nga Ulqini\" \/>\n<meta property=\"article:published_time\" content=\"2010-01-04T19:50:25+00:00\" \/>\n<meta property=\"article:modified_time\" content=\"2010-01-08T04:16:23+00:00\" \/>\n<meta name=\"twitter:label1\" content=\"Written by\" \/>\n\t<meta name=\"twitter:data1\" content=\"ulqini\" \/>\n\t<meta name=\"twitter:label2\" content=\"Est. reading time\" \/>\n\t<meta name=\"twitter:data2\" content=\"1 minute\" \/>\n<script type=\"application\/ld+json\" class=\"yoast-schema-graph\">{\"@context\":\"https:\/\/schema.org\",\"@graph\":[{\"@type\":\"WebSite\",\"@id\":\"https:\/\/www.visit-ulcinj.com\/blog\/#website\",\"url\":\"https:\/\/www.visit-ulcinj.com\/blog\/\",\"name\":\"Lajme nga Ulqini\",\"description\":\"Lajme,Vijesti,Ulqini,Ulqin,Crna Gora,Mali i Zi\",\"potentialAction\":[{\"@type\":\"SearchAction\",\"target\":{\"@type\":\"EntryPoint\",\"urlTemplate\":\"https:\/\/www.visit-ulcinj.com\/blog\/?s={search_term_string}\"},\"query-input\":\"required name=search_term_string\"}],\"inLanguage\":\"en-US\"},{\"@type\":\"WebPage\",\"@id\":\"https:\/\/www.visit-ulcinj.com\/blog\/2010\/01\/04\/kryetari-i-komunes-se-ulqinit-gezim-hajdinaga-kryesoi-nje-takim-te-shtabit-per-situata-te-jashtezakonshme\/#webpage\",\"url\":\"https:\/\/www.visit-ulcinj.com\/blog\/2010\/01\/04\/kryetari-i-komunes-se-ulqinit-gezim-hajdinaga-kryesoi-nje-takim-te-shtabit-per-situata-te-jashtezakonshme\/\",\"name\":\"Kryetari i Komun\u00ebs s\u00eb Ulqinit G\u00ebzim Hajdinaga kryesoi nj\u00eb takim t\u00eb shtabit p\u00ebr situata t\u00eb jasht\u00ebzakonshme - Video - Lajme nga Ulqini\",\"isPartOf\":{\"@id\":\"https:\/\/www.visit-ulcinj.com\/blog\/#website\"},\"datePublished\":\"2010-01-04T19:50:25+00:00\",\"dateModified\":\"2010-01-08T04:16:23+00:00\",\"author\":{\"@id\":\"https:\/\/www.visit-ulcinj.com\/blog\/#\/schema\/person\/dcab619c614d3038751c63bc2aadc06d\"},\"description\":\"Nisur nga situata e krijuar dit\u00ebve t\u00eb fundit n\u00eb Shqip\u00ebrin\u00eb fqinje, ku p\u00ebr shkak t\u00eb rreshjeve t\u00eb m\u00ebdha atmosferike, p\u00ebrmbytjeve dhe\u00a0\u00a0\u00a0 hapjen e portave t\u00eb\",\"breadcrumb\":{\"@id\":\"https:\/\/www.visit-ulcinj.com\/blog\/2010\/01\/04\/kryetari-i-komunes-se-ulqinit-gezim-hajdinaga-kryesoi-nje-takim-te-shtabit-per-situata-te-jashtezakonshme\/#breadcrumb\"},\"inLanguage\":\"en-US\",\"potentialAction\":[{\"@type\":\"ReadAction\",\"target\":[\"https:\/\/www.visit-ulcinj.com\/blog\/2010\/01\/04\/kryetari-i-komunes-se-ulqinit-gezim-hajdinaga-kryesoi-nje-takim-te-shtabit-per-situata-te-jashtezakonshme\/\"]}]},{\"@type\":\"BreadcrumbList\",\"@id\":\"https:\/\/www.visit-ulcinj.com\/blog\/2010\/01\/04\/kryetari-i-komunes-se-ulqinit-gezim-hajdinaga-kryesoi-nje-takim-te-shtabit-per-situata-te-jashtezakonshme\/#breadcrumb\",\"itemListElement\":[{\"@type\":\"ListItem\",\"position\":1,\"name\":\"Kryetari i Komun\u00ebs s\u00eb Ulqinit G\u00ebzim Hajdinaga kryesoi nj\u00eb takim t\u00eb shtabit p\u00ebr situata t\u00eb jasht\u00ebzakonshme &#8211; Video\"}]},{\"@type\":\"Person\",\"@id\":\"https:\/\/www.visit-ulcinj.com\/blog\/#\/schema\/person\/dcab619c614d3038751c63bc2aadc06d\",\"name\":\"ulqini\",\"sameAs\":[\"http:\/\/www.visit-ulcinj.com\"],\"url\":\"https:\/\/www.visit-ulcinj.com\/blog\/author\/admin\/\"}]}<\/script>\n<!-- \/ Yoast SEO plugin. -->","yoast_head_json":{"title":"Kryetari i Komun\u00ebs s\u00eb Ulqinit G\u00ebzim Hajdinaga kryesoi nj\u00eb takim t\u00eb shtabit p\u00ebr situata t\u00eb jasht\u00ebzakonshme - Video - Lajme nga Ulqini","description":"Nisur nga situata e krijuar dit\u00ebve t\u00eb fundit n\u00eb Shqip\u00ebrin\u00eb fqinje, ku p\u00ebr shkak t\u00eb rreshjeve t\u00eb m\u00ebdha atmosferike, p\u00ebrmbytjeve dhe\u00a0\u00a0\u00a0 hapjen e portave t\u00eb","robots":{"index":"index","follow":"follow","max-snippet":"max-snippet:-1","max-image-preview":"max-image-preview:large","max-video-preview":"max-video-preview:-1"},"canonical":"https:\/\/www.visit-ulcinj.com\/blog\/2010\/01\/04\/kryetari-i-komunes-se-ulqinit-gezim-hajdinaga-kryesoi-nje-takim-te-shtabit-per-situata-te-jashtezakonshme\/","og_locale":"en_US","og_type":"article","og_title":"Kryetari i Komun\u00ebs s\u00eb Ulqinit G\u00ebzim Hajdinaga kryesoi nj\u00eb takim t\u00eb shtabit p\u00ebr situata t\u00eb jasht\u00ebzakonshme - Video - Lajme nga Ulqini","og_description":"Nisur nga situata e krijuar dit\u00ebve t\u00eb fundit n\u00eb Shqip\u00ebrin\u00eb fqinje, ku p\u00ebr shkak t\u00eb rreshjeve t\u00eb m\u00ebdha atmosferike, p\u00ebrmbytjeve dhe\u00a0\u00a0\u00a0 hapjen e portave t\u00eb","og_url":"https:\/\/www.visit-ulcinj.com\/blog\/2010\/01\/04\/kryetari-i-komunes-se-ulqinit-gezim-hajdinaga-kryesoi-nje-takim-te-shtabit-per-situata-te-jashtezakonshme\/","og_site_name":"Lajme nga Ulqini","article_published_time":"2010-01-04T19:50:25+00:00","article_modified_time":"2010-01-08T04:16:23+00:00","twitter_misc":{"Written by":"ulqini","Est. reading time":"1 minute"},"schema":{"@context":"https:\/\/schema.org","@graph":[{"@type":"WebSite","@id":"https:\/\/www.visit-ulcinj.com\/blog\/#website","url":"https:\/\/www.visit-ulcinj.com\/blog\/","name":"Lajme nga Ulqini","description":"Lajme,Vijesti,Ulqini,Ulqin,Crna Gora,Mali i Zi","potentialAction":[{"@type":"SearchAction","target":{"@type":"EntryPoint","urlTemplate":"https:\/\/www.visit-ulcinj.com\/blog\/?s={search_term_string}"},"query-input":"required name=search_term_string"}],"inLanguage":"en-US"},{"@type":"WebPage","@id":"https:\/\/www.visit-ulcinj.com\/blog\/2010\/01\/04\/kryetari-i-komunes-se-ulqinit-gezim-hajdinaga-kryesoi-nje-takim-te-shtabit-per-situata-te-jashtezakonshme\/#webpage","url":"https:\/\/www.visit-ulcinj.com\/blog\/2010\/01\/04\/kryetari-i-komunes-se-ulqinit-gezim-hajdinaga-kryesoi-nje-takim-te-shtabit-per-situata-te-jashtezakonshme\/","name":"Kryetari i Komun\u00ebs s\u00eb Ulqinit G\u00ebzim Hajdinaga kryesoi nj\u00eb takim t\u00eb shtabit p\u00ebr situata t\u00eb jasht\u00ebzakonshme - Video - Lajme nga Ulqini","isPartOf":{"@id":"https:\/\/www.visit-ulcinj.com\/blog\/#website"},"datePublished":"2010-01-04T19:50:25+00:00","dateModified":"2010-01-08T04:16:23+00:00","author":{"@id":"https:\/\/www.visit-ulcinj.com\/blog\/#\/schema\/person\/dcab619c614d3038751c63bc2aadc06d"},"description":"Nisur nga situata e krijuar dit\u00ebve t\u00eb fundit n\u00eb Shqip\u00ebrin\u00eb fqinje, ku p\u00ebr shkak t\u00eb rreshjeve t\u00eb m\u00ebdha atmosferike, p\u00ebrmbytjeve dhe\u00a0\u00a0\u00a0 hapjen e portave t\u00eb","breadcrumb":{"@id":"https:\/\/www.visit-ulcinj.com\/blog\/2010\/01\/04\/kryetari-i-komunes-se-ulqinit-gezim-hajdinaga-kryesoi-nje-takim-te-shtabit-per-situata-te-jashtezakonshme\/#breadcrumb"},"inLanguage":"en-US","potentialAction":[{"@type":"ReadAction","target":["https:\/\/www.visit-ulcinj.com\/blog\/2010\/01\/04\/kryetari-i-komunes-se-ulqinit-gezim-hajdinaga-kryesoi-nje-takim-te-shtabit-per-situata-te-jashtezakonshme\/"]}]},{"@type":"BreadcrumbList","@id":"https:\/\/www.visit-ulcinj.com\/blog\/2010\/01\/04\/kryetari-i-komunes-se-ulqinit-gezim-hajdinaga-kryesoi-nje-takim-te-shtabit-per-situata-te-jashtezakonshme\/#breadcrumb","itemListElement":[{"@type":"ListItem","position":1,"name":"Kryetari i Komun\u00ebs s\u00eb Ulqinit G\u00ebzim Hajdinaga kryesoi nj\u00eb takim t\u00eb shtabit p\u00ebr situata t\u00eb jasht\u00ebzakonshme &#8211; Video"}]},{"@type":"Person","@id":"https:\/\/www.visit-ulcinj.com\/blog\/#\/schema\/person\/dcab619c614d3038751c63bc2aadc06d","name":"ulqini","sameAs":["http:\/\/www.visit-ulcinj.com"],"url":"https:\/\/www.visit-ulcinj.com\/blog\/author\/admin\/"}]}},"jetpack_featured_media_url":"","jetpack_sharing_enabled":true,"jetpack_shortlink":"https:\/\/wp.me\/pe6lTn-7yN","_links":{"self":[{"href":"https:\/\/www.visit-ulcinj.com\/blog\/wp-json\/wp\/v2\/posts\/29065"}],"collection":[{"href":"https:\/\/www.visit-ulcinj.com\/blog\/wp-json\/wp\/v2\/posts"}],"about":[{"href":"https:\/\/www.visit-ulcinj.com\/blog\/wp-json\/wp\/v2\/types\/post"}],"author":[{"embeddable":true,"href":"https:\/\/www.visit-ulcinj.com\/blog\/wp-json\/wp\/v2\/users\/1"}],"replies":[{"embeddable":true,"href":"https:\/\/www.visit-ulcinj.com\/blog\/wp-json\/wp\/v2\/comments?post=29065"}],"version-history":[{"count":0,"href":"https:\/\/www.visit-ulcinj.com\/blog\/wp-json\/wp\/v2\/posts\/29065\/revisions"}],"wp:attachment":[{"href":"https:\/\/www.visit-ulcinj.com\/blog\/wp-json\/wp\/v2\/media?parent=29065"}],"wp:term":[{"taxonomy":"category","embeddable":true,"href":"https:\/\/www.visit-ulcinj.com\/blog\/wp-json\/wp\/v2\/categories?post=29065"},{"taxonomy":"post_tag","embeddable":true,"href":"https:\/\/www.visit-ulcinj.com\/blog\/wp-json\/wp\/v2\/tags?post=29065"}],"curies":[{"name":"wp","href":"https:\/\/api.w.org\/{rel}","templated":true}]}}