{"id":29076,"date":"2010-01-05T18:08:04","date_gmt":"2010-01-05T16:08:04","guid":{"rendered":"http:\/\/www.visit-ulcinj.com\/blog\/?p=29076"},"modified":"2010-01-05T18:08:04","modified_gmt":"2010-01-05T16:08:04","slug":"romanca-nga-largesia-e-aferdites-dhe-shpat-kasapit","status":"publish","type":"post","link":"https:\/\/www.visit-ulcinj.com\/blog\/2010\/01\/05\/romanca-nga-largesia-e-aferdites-dhe-shpat-kasapit\/","title":{"rendered":"Romanca nga larg\u00ebsia e Aferdit\u00ebs dhe Shpat Kasapit"},"content":{"rendered":"<p><a href=\"http:\/\/www.visit-ulcinj.com\/blog\/wp-content\/uploads\/2010\/01\/Aferdita-Dreshaj_shpat-kasapi.jpg\"><img loading=\"lazy\" class=\"alignnone size-thumbnail wp-image-29077\" title=\"Aferdita-Dreshaj_shpat-kasapi\" src=\"http:\/\/www.visit-ulcinj.com\/blog\/wp-content\/uploads\/2010\/01\/Aferdita-Dreshaj_shpat-kasapi-150x150.jpg\" alt=\"Aferdita-Dreshaj_shpat-kasapi\" width=\"0\" height=\"0\" \/><\/a><a href=\"http:\/\/www.visit-ulcinj.com\/blog\/wp-content\/uploads\/2010\/01\/Aferdita-Dreshaj_shpat-kasapi.1.jpg\"><img loading=\"lazy\" class=\"alignnone size-thumbnail wp-image-29078\" title=\"Aferdita-Dreshaj_shpat-kasapi.1\" src=\"http:\/\/www.visit-ulcinj.com\/blog\/wp-content\/uploads\/2010\/01\/Aferdita-Dreshaj_shpat-kasapi.1-150x150.jpg\" alt=\"Aferdita-Dreshaj_shpat-kasapi.1\" width=\"0\" height=\"0\" \/><\/a><a href=\"http:\/\/www.visit-ulcinj.com\/blog\/wp-content\/uploads\/2010\/01\/Aferdita-Dreshaj_shpat-kasapi.2.jpg\"><img loading=\"lazy\" class=\"alignnone size-thumbnail wp-image-29079\" title=\"Aferdita-Dreshaj_shpat-kasapi.2\" src=\"http:\/\/www.visit-ulcinj.com\/blog\/wp-content\/uploads\/2010\/01\/Aferdita-Dreshaj_shpat-kasapi.2-150x150.jpg\" alt=\"Aferdita-Dreshaj_shpat-kasapi.2\" width=\"0\" height=\"0\" \/><\/a><a href=\"http:\/\/www.visit-ulcinj.com\/blog\/wp-content\/uploads\/2010\/01\/Aferdita-Dreshaj_shpat-kasapi.3.jpg\"><img loading=\"lazy\" class=\"alignnone size-thumbnail wp-image-29080\" title=\"Aferdita-Dreshaj_shpat-kasapi.3\" src=\"http:\/\/www.visit-ulcinj.com\/blog\/wp-content\/uploads\/2010\/01\/Aferdita-Dreshaj_shpat-kasapi.3-150x150.jpg\" alt=\"Aferdita-Dreshaj_shpat-kasapi.3\" width=\"0\" height=\"0\" \/><\/a><a href=\"http:\/\/www.visit-ulcinj.com\/blog\/wp-content\/uploads\/2010\/01\/Aferdita-Dreshaj_shpat-kasapi.4.jpg\"><img loading=\"lazy\" class=\"alignleft size-full wp-image-29081\" title=\"Aferdita-Dreshaj_shpat-kasapi.4\" src=\"http:\/\/www.visit-ulcinj.com\/blog\/wp-content\/uploads\/2010\/01\/Aferdita-Dreshaj_shpat-kasapi.4.jpg\" alt=\"Aferdita-Dreshaj_shpat-kasapi.4\" width=\"580\" height=\"400\" \/><\/a>Mund t\u00eb quhet nj\u00ebra prej lidhjeve me romantike q\u00eb ka p\u00ebr momentin estrada kosovare.<br \/>\nNj\u00ebri \u00ebsht\u00eb n\u00eb SHBA, nd\u00ebrkaq tjetri \u00ebsht\u00eb n\u00eb Maqedoni. K\u00ebta jan\u00eb \u00e7ifti simpatik, Shpat Kasapi dhe Af\u00ebrdita Dreshaj.<br \/>\nP\u00ebrderisa Shpat m\u00eb shum\u00eb \u00ebsht\u00eb i njohur si k\u00ebng\u00ebtar, Af\u00ebrdita \u00ebsht\u00eb e njohur m\u00eb shum\u00eb n\u00eb fush\u00ebn e modelimit, profesion t\u00eb cilin e ushtron n\u00eb New York. Megjithat\u00eb, kjo duket se nuk i ka penguar \u00e7iftit.<br \/>\nP\u00ebrkundrazi, Af\u00ebrdita gjat\u00eb k\u00ebtij viti e provoi vet\u00ebn edhe n\u00eb k\u00ebndim. Realizoi dy k\u00ebng\u00eb dhe n\u00ebp\u00ebr media u tha q\u00eb e forcoi edhe m\u00eb shum\u00eb lidhjen e saj me Shpatin.<br \/>\n<br \/>\n<!--YouTube Error: bad URL entered--><\/p>\n","protected":false},"excerpt":{"rendered":"<p>Mund t\u00eb quhet nj\u00ebra prej lidhjeve me romantike q\u00eb ka p\u00ebr momentin estrada kosovare. Nj\u00ebri \u00ebsht\u00eb n\u00eb SHBA, nd\u00ebrkaq tjetri \u00ebsht\u00eb n\u00eb Maqedoni. K\u00ebta jan\u00eb \u00e7ifti simpatik, Shpat Kasapi dhe Af\u00ebrdita Dreshaj. P\u00ebrderisa Shpat m\u00eb shum\u00eb \u00ebsht\u00eb i njohur si k\u00ebng\u00ebtar, Af\u00ebrdita \u00ebsht\u00eb e njohur m\u00eb shum\u00eb n\u00eb fush\u00ebn e modelimit, profesion t\u00eb cilin e [&hellip;]<\/p>\n","protected":false},"author":1,"featured_media":0,"comment_status":"open","ping_status":"closed","sticky":false,"template":"","format":"standard","meta":{"spay_email":"","jetpack_publicize_message":"","jetpack_is_tweetstorm":false,"jetpack_publicize_feature_enabled":true},"categories":[1],"tags":[6121,227],"jetpack_publicize_connections":[],"yoast_head":"<!-- This site is optimized with the Yoast SEO plugin v19.1 - https:\/\/yoast.com\/wordpress\/plugins\/seo\/ -->\n<title>Romanca nga larg\u00ebsia e Aferdit\u00ebs dhe Shpat Kasapit - Lajme nga Ulqini<\/title>\n<meta name=\"description\" content=\"Mund t\u00eb quhet nj\u00ebra prej lidhjeve me romantike q\u00eb ka p\u00ebr momentin estrada kosovare. Nj\u00ebri \u00ebsht\u00eb n\u00eb SHBA, nd\u00ebrkaq tjetri \u00ebsht\u00eb n\u00eb Maqedoni. K\u00ebta jan\u00eb \u00e7ifti\" \/>\n<meta name=\"robots\" content=\"index, follow, max-snippet:-1, max-image-preview:large, max-video-preview:-1\" \/>\n<link rel=\"canonical\" href=\"https:\/\/www.visit-ulcinj.com\/blog\/2010\/01\/05\/romanca-nga-largesia-e-aferdites-dhe-shpat-kasapit\/\" \/>\n<meta property=\"og:locale\" content=\"en_US\" \/>\n<meta property=\"og:type\" content=\"article\" \/>\n<meta property=\"og:title\" content=\"Romanca nga larg\u00ebsia e Aferdit\u00ebs dhe Shpat Kasapit - Lajme nga Ulqini\" \/>\n<meta property=\"og:description\" content=\"Mund t\u00eb quhet nj\u00ebra prej lidhjeve me romantike q\u00eb ka p\u00ebr momentin estrada kosovare. Nj\u00ebri \u00ebsht\u00eb n\u00eb SHBA, nd\u00ebrkaq tjetri \u00ebsht\u00eb n\u00eb Maqedoni. K\u00ebta jan\u00eb \u00e7ifti\" \/>\n<meta property=\"og:url\" content=\"https:\/\/www.visit-ulcinj.com\/blog\/2010\/01\/05\/romanca-nga-largesia-e-aferdites-dhe-shpat-kasapit\/\" \/>\n<meta property=\"og:site_name\" content=\"Lajme nga Ulqini\" \/>\n<meta property=\"article:published_time\" content=\"2010-01-05T16:08:04+00:00\" \/>\n<meta property=\"og:image\" content=\"https:\/\/www.visit-ulcinj.com\/blog\/wp-content\/uploads\/2010\/01\/Aferdita-Dreshaj_shpat-kasapi-150x150.jpg\" \/>\n<meta name=\"twitter:label1\" content=\"Written by\" \/>\n\t<meta name=\"twitter:data1\" content=\"ulqini\" \/>\n\t<meta name=\"twitter:label2\" content=\"Est. reading time\" \/>\n\t<meta name=\"twitter:data2\" content=\"1 minute\" \/>\n<script type=\"application\/ld+json\" class=\"yoast-schema-graph\">{\"@context\":\"https:\/\/schema.org\",\"@graph\":[{\"@type\":\"WebSite\",\"@id\":\"https:\/\/www.visit-ulcinj.com\/blog\/#website\",\"url\":\"https:\/\/www.visit-ulcinj.com\/blog\/\",\"name\":\"Lajme nga Ulqini\",\"description\":\"Lajme,Vijesti,Ulqini,Ulqin,Crna Gora,Mali i Zi\",\"potentialAction\":[{\"@type\":\"SearchAction\",\"target\":{\"@type\":\"EntryPoint\",\"urlTemplate\":\"https:\/\/www.visit-ulcinj.com\/blog\/?s={search_term_string}\"},\"query-input\":\"required name=search_term_string\"}],\"inLanguage\":\"en-US\"},{\"@type\":\"ImageObject\",\"inLanguage\":\"en-US\",\"@id\":\"https:\/\/www.visit-ulcinj.com\/blog\/2010\/01\/05\/romanca-nga-largesia-e-aferdites-dhe-shpat-kasapit\/#primaryimage\",\"url\":\"http:\/\/www.visit-ulcinj.com\/blog\/wp-content\/uploads\/2010\/01\/Aferdita-Dreshaj_shpat-kasapi-150x150.jpg\",\"contentUrl\":\"http:\/\/www.visit-ulcinj.com\/blog\/wp-content\/uploads\/2010\/01\/Aferdita-Dreshaj_shpat-kasapi-150x150.jpg\"},{\"@type\":\"WebPage\",\"@id\":\"https:\/\/www.visit-ulcinj.com\/blog\/2010\/01\/05\/romanca-nga-largesia-e-aferdites-dhe-shpat-kasapit\/#webpage\",\"url\":\"https:\/\/www.visit-ulcinj.com\/blog\/2010\/01\/05\/romanca-nga-largesia-e-aferdites-dhe-shpat-kasapit\/\",\"name\":\"Romanca nga larg\u00ebsia e Aferdit\u00ebs dhe Shpat Kasapit - Lajme nga Ulqini\",\"isPartOf\":{\"@id\":\"https:\/\/www.visit-ulcinj.com\/blog\/#website\"},\"primaryImageOfPage\":{\"@id\":\"https:\/\/www.visit-ulcinj.com\/blog\/2010\/01\/05\/romanca-nga-largesia-e-aferdites-dhe-shpat-kasapit\/#primaryimage\"},\"datePublished\":\"2010-01-05T16:08:04+00:00\",\"dateModified\":\"2010-01-05T16:08:04+00:00\",\"author\":{\"@id\":\"https:\/\/www.visit-ulcinj.com\/blog\/#\/schema\/person\/dcab619c614d3038751c63bc2aadc06d\"},\"description\":\"Mund t\u00eb quhet nj\u00ebra prej lidhjeve me romantike q\u00eb ka p\u00ebr momentin estrada kosovare. Nj\u00ebri \u00ebsht\u00eb n\u00eb SHBA, nd\u00ebrkaq tjetri \u00ebsht\u00eb n\u00eb Maqedoni. K\u00ebta jan\u00eb \u00e7ifti\",\"breadcrumb\":{\"@id\":\"https:\/\/www.visit-ulcinj.com\/blog\/2010\/01\/05\/romanca-nga-largesia-e-aferdites-dhe-shpat-kasapit\/#breadcrumb\"},\"inLanguage\":\"en-US\",\"potentialAction\":[{\"@type\":\"ReadAction\",\"target\":[\"https:\/\/www.visit-ulcinj.com\/blog\/2010\/01\/05\/romanca-nga-largesia-e-aferdites-dhe-shpat-kasapit\/\"]}]},{\"@type\":\"BreadcrumbList\",\"@id\":\"https:\/\/www.visit-ulcinj.com\/blog\/2010\/01\/05\/romanca-nga-largesia-e-aferdites-dhe-shpat-kasapit\/#breadcrumb\",\"itemListElement\":[{\"@type\":\"ListItem\",\"position\":1,\"name\":\"Romanca nga larg\u00ebsia e Aferdit\u00ebs dhe Shpat Kasapit\"}]},{\"@type\":\"Person\",\"@id\":\"https:\/\/www.visit-ulcinj.com\/blog\/#\/schema\/person\/dcab619c614d3038751c63bc2aadc06d\",\"name\":\"ulqini\",\"sameAs\":[\"http:\/\/www.visit-ulcinj.com\"],\"url\":\"https:\/\/www.visit-ulcinj.com\/blog\/author\/admin\/\"}]}<\/script>\n<!-- \/ Yoast SEO plugin. -->","yoast_head_json":{"title":"Romanca nga larg\u00ebsia e Aferdit\u00ebs dhe Shpat Kasapit - Lajme nga Ulqini","description":"Mund t\u00eb quhet nj\u00ebra prej lidhjeve me romantike q\u00eb ka p\u00ebr momentin estrada kosovare. Nj\u00ebri \u00ebsht\u00eb n\u00eb SHBA, nd\u00ebrkaq tjetri \u00ebsht\u00eb n\u00eb Maqedoni. K\u00ebta jan\u00eb \u00e7ifti","robots":{"index":"index","follow":"follow","max-snippet":"max-snippet:-1","max-image-preview":"max-image-preview:large","max-video-preview":"max-video-preview:-1"},"canonical":"https:\/\/www.visit-ulcinj.com\/blog\/2010\/01\/05\/romanca-nga-largesia-e-aferdites-dhe-shpat-kasapit\/","og_locale":"en_US","og_type":"article","og_title":"Romanca nga larg\u00ebsia e Aferdit\u00ebs dhe Shpat Kasapit - Lajme nga Ulqini","og_description":"Mund t\u00eb quhet nj\u00ebra prej lidhjeve me romantike q\u00eb ka p\u00ebr momentin estrada kosovare. Nj\u00ebri \u00ebsht\u00eb n\u00eb SHBA, nd\u00ebrkaq tjetri \u00ebsht\u00eb n\u00eb Maqedoni. K\u00ebta jan\u00eb \u00e7ifti","og_url":"https:\/\/www.visit-ulcinj.com\/blog\/2010\/01\/05\/romanca-nga-largesia-e-aferdites-dhe-shpat-kasapit\/","og_site_name":"Lajme nga Ulqini","article_published_time":"2010-01-05T16:08:04+00:00","og_image":[{"url":"https:\/\/www.visit-ulcinj.com\/blog\/wp-content\/uploads\/2010\/01\/Aferdita-Dreshaj_shpat-kasapi-150x150.jpg"}],"twitter_misc":{"Written by":"ulqini","Est. reading time":"1 minute"},"schema":{"@context":"https:\/\/schema.org","@graph":[{"@type":"WebSite","@id":"https:\/\/www.visit-ulcinj.com\/blog\/#website","url":"https:\/\/www.visit-ulcinj.com\/blog\/","name":"Lajme nga Ulqini","description":"Lajme,Vijesti,Ulqini,Ulqin,Crna Gora,Mali i Zi","potentialAction":[{"@type":"SearchAction","target":{"@type":"EntryPoint","urlTemplate":"https:\/\/www.visit-ulcinj.com\/blog\/?s={search_term_string}"},"query-input":"required name=search_term_string"}],"inLanguage":"en-US"},{"@type":"ImageObject","inLanguage":"en-US","@id":"https:\/\/www.visit-ulcinj.com\/blog\/2010\/01\/05\/romanca-nga-largesia-e-aferdites-dhe-shpat-kasapit\/#primaryimage","url":"http:\/\/www.visit-ulcinj.com\/blog\/wp-content\/uploads\/2010\/01\/Aferdita-Dreshaj_shpat-kasapi-150x150.jpg","contentUrl":"http:\/\/www.visit-ulcinj.com\/blog\/wp-content\/uploads\/2010\/01\/Aferdita-Dreshaj_shpat-kasapi-150x150.jpg"},{"@type":"WebPage","@id":"https:\/\/www.visit-ulcinj.com\/blog\/2010\/01\/05\/romanca-nga-largesia-e-aferdites-dhe-shpat-kasapit\/#webpage","url":"https:\/\/www.visit-ulcinj.com\/blog\/2010\/01\/05\/romanca-nga-largesia-e-aferdites-dhe-shpat-kasapit\/","name":"Romanca nga larg\u00ebsia e Aferdit\u00ebs dhe Shpat Kasapit - Lajme nga Ulqini","isPartOf":{"@id":"https:\/\/www.visit-ulcinj.com\/blog\/#website"},"primaryImageOfPage":{"@id":"https:\/\/www.visit-ulcinj.com\/blog\/2010\/01\/05\/romanca-nga-largesia-e-aferdites-dhe-shpat-kasapit\/#primaryimage"},"datePublished":"2010-01-05T16:08:04+00:00","dateModified":"2010-01-05T16:08:04+00:00","author":{"@id":"https:\/\/www.visit-ulcinj.com\/blog\/#\/schema\/person\/dcab619c614d3038751c63bc2aadc06d"},"description":"Mund t\u00eb quhet nj\u00ebra prej lidhjeve me romantike q\u00eb ka p\u00ebr momentin estrada kosovare. Nj\u00ebri \u00ebsht\u00eb n\u00eb SHBA, nd\u00ebrkaq tjetri \u00ebsht\u00eb n\u00eb Maqedoni. K\u00ebta jan\u00eb \u00e7ifti","breadcrumb":{"@id":"https:\/\/www.visit-ulcinj.com\/blog\/2010\/01\/05\/romanca-nga-largesia-e-aferdites-dhe-shpat-kasapit\/#breadcrumb"},"inLanguage":"en-US","potentialAction":[{"@type":"ReadAction","target":["https:\/\/www.visit-ulcinj.com\/blog\/2010\/01\/05\/romanca-nga-largesia-e-aferdites-dhe-shpat-kasapit\/"]}]},{"@type":"BreadcrumbList","@id":"https:\/\/www.visit-ulcinj.com\/blog\/2010\/01\/05\/romanca-nga-largesia-e-aferdites-dhe-shpat-kasapit\/#breadcrumb","itemListElement":[{"@type":"ListItem","position":1,"name":"Romanca nga larg\u00ebsia e Aferdit\u00ebs dhe Shpat Kasapit"}]},{"@type":"Person","@id":"https:\/\/www.visit-ulcinj.com\/blog\/#\/schema\/person\/dcab619c614d3038751c63bc2aadc06d","name":"ulqini","sameAs":["http:\/\/www.visit-ulcinj.com"],"url":"https:\/\/www.visit-ulcinj.com\/blog\/author\/admin\/"}]}},"jetpack_featured_media_url":"","jetpack_sharing_enabled":true,"jetpack_shortlink":"https:\/\/wp.me\/pe6lTn-7yY","_links":{"self":[{"href":"https:\/\/www.visit-ulcinj.com\/blog\/wp-json\/wp\/v2\/posts\/29076"}],"collection":[{"href":"https:\/\/www.visit-ulcinj.com\/blog\/wp-json\/wp\/v2\/posts"}],"about":[{"href":"https:\/\/www.visit-ulcinj.com\/blog\/wp-json\/wp\/v2\/types\/post"}],"author":[{"embeddable":true,"href":"https:\/\/www.visit-ulcinj.com\/blog\/wp-json\/wp\/v2\/users\/1"}],"replies":[{"embeddable":true,"href":"https:\/\/www.visit-ulcinj.com\/blog\/wp-json\/wp\/v2\/comments?post=29076"}],"version-history":[{"count":0,"href":"https:\/\/www.visit-ulcinj.com\/blog\/wp-json\/wp\/v2\/posts\/29076\/revisions"}],"wp:attachment":[{"href":"https:\/\/www.visit-ulcinj.com\/blog\/wp-json\/wp\/v2\/media?parent=29076"}],"wp:term":[{"taxonomy":"category","embeddable":true,"href":"https:\/\/www.visit-ulcinj.com\/blog\/wp-json\/wp\/v2\/categories?post=29076"},{"taxonomy":"post_tag","embeddable":true,"href":"https:\/\/www.visit-ulcinj.com\/blog\/wp-json\/wp\/v2\/tags?post=29076"}],"curies":[{"name":"wp","href":"https:\/\/api.w.org\/{rel}","templated":true}]}}