{"id":29085,"date":"2010-01-05T19:50:20","date_gmt":"2010-01-05T17:50:20","guid":{"rendered":"http:\/\/www.visit-ulcinj.com\/blog\/?p=29085"},"modified":"2010-01-08T17:52:56","modified_gmt":"2010-01-08T15:52:56","slug":"nista-nije-slucajnosaka-nos-valdanos","status":"publish","type":"post","link":"https:\/\/www.visit-ulcinj.com\/blog\/2010\/01\/05\/nista-nije-slucajnosaka-nos-valdanos\/","title":{"rendered":"Ni\u0161ta nije slu?ajno;\u0160aka, nos &#8211; Valdanos"},"content":{"rendered":"<p><a href=\"http:\/\/www.visit-ulcinj.com\/blog\/wp-content\/uploads\/2010\/01\/Mr.-Dritan-Abazovi?.jpg\"><img loading=\"lazy\" class=\"alignleft size-full wp-image-29086\" title=\"Mr. Dritan Abazovi?\" src=\"http:\/\/www.visit-ulcinj.com\/blog\/wp-content\/uploads\/2010\/01\/Mr.-Dritan-Abazovi?.jpg\" alt=\"Mr. Dritan Abazovi?\" width=\"580\" height=\"400\" \/><\/a>Ka\u017eu da kad vas neko o\u0161amari u jedan, treba okrenuti i drugi obraz! To je ljudsko i dostojanstveno promi\u0161ljanje situacije, ali vrijedilo bi vi\u0161e kada bi ?ovjek bio mitolo\u0161ko bi?e i kad bi posjedovao vi\u0161e lica sa po naravno dva obraza. Ali ni dvoglava ili troglava a\u017edaja ne bi bila dovoljna ulcinjskom ?ovjeku koliko \u0161amara mora i treba da pretrpi. Ve? izudarani i sa rumenim obrazima mi gra?ani Ulcinja poku\u0161avamo na mala vrata onako po\u0161teno, tolerantno i donekle kukavi?ki da dobijemo bitku bez objave rata. Ni 30 godina, ni dva re\u017eima, ni ne znam koliko lidera nije pomoglo da se pitanje Valdanosa rije\u0161i i da se gra?anima vrati njihova zemlja. Nedostojanstveno je, a i neljudski, moliti, kuditi i preklinjati za svoje&#8230; nismo prvi koji to radimo, ali mislim da ?emo vjerovatno biti me?u posljednjima, koji to ?ine toliko dugo.<br \/>\nPrvo, stvar se \u017eeli prikazati komplikovanom i slo\u017eenom, ali zapravo nije! Po svim zakonima o deeksproprijaciji, imovina se mora vratiti, ne prethodnim, ve? PRAVIM vlasnicima od kojih je oduzeta i tu je TA?KA! I to je svima jasno. Ako zemlji\u0161te nije privedeno namjeni, a znamo svi da nije, teza biva samo dodatno potvr?ena.<br \/>\nDrugo, propaganda da je neko uzeo novac za imovinu je klasi?an primjer temeljne manipulacije i razvodnjavanja snage zakona, koji je manje vi\u0161e precizan. Ta?no je: neko je uzeo novac, neko je uzeo tri ili pet puta vi\u0161e od drugih, bilo je prisile, bilo je odbijanja, bilo je i pristanka, ali je vi\u0161e od svega TA?NO je da nijedna ispla?ena suma nije odgovarala stvarnoj vrijednosti imovine tako da niko nije obe\u0161te?en i tu je ponovo TA?KA. Tome dodajmo i klasi?ne komunisti?ke metode prisile koje su na\u0161iroko i naduga?ko poznate, i dobi?emo ponovo potvrdu druge teze.<br \/>\nTre?e, plasira se teza da oni koji protestuju nisu za razvoj grada. NETA?NO: takav stav mo\u017ee proiste?i iz neznanja, nedovoljne informisanosti o problemu, ili nemo?i da se zbog ovih ili onih razloga stane na stranu pravde! Svakog dobronamjernog gra?anina poga?a najvi\u0161e kada biva etiketiran da je protiv razvoja svoga grada. Ne postoji niko u Ulcinju ko je protiv razvoja grada, ali postoje oni koji ne znaju kako se do njega dolazi, i koji bivaju upecani na udicu na kojoj je obe?anje jedini mamac! Sve privatizacije do sada su bile proma\u0161aj i one najvi\u0161e daju odgovor na prethodnu tezu. Na kraju krajeva, svaki bruco\u0161 ekonomskog fakulteta ne bi nikad odabrao Cubus Lux kao partnera ve? bi ponovio tender dok se ne javi neko sa stvarnim kvalifikacijama. Mada, ja smatram da ne treba tamo ni\u0161ta graditi.<br \/>\nNajve?i se razvoj posti\u017ee ako se Valdanos sa?uva kao spomenik prirode i ako gra?ani gajenjem maslina sti?u ekonomsku korist i ?uvaju tradiciju, nude?i svoj autenti?ni proizvod na turisti?kom tr\u017ei\u0161tu! Ovo je jedna od alternativa, a gra?ani i vlasnici sami treba da izaberu model, a ne da im on bude nametnut kao i svaki put do sada.<br \/>\nValdanos nije politi?ko pitanje, ve? pitanje ?asti! Tamo je previ\u0161e korijena maslina na kome rastu gran?ice mira da bi \u017ertva bespomo?nog gra?anastva bila svedena na puku milost vlasti. Rje\u0161enje mora biti institucionalno i gra?ani moraju vjerovati u institut Suda u Strazburu. Nije lijepo i?i protiv svoje dr\u017eave kojoj smo, ako ni\u0161ta drugo, dali SVE, ali kako nadle\u017eni ne \u017eele sagledati stvari druga?ije, onda moramo do kraja. Sa politi?kom kulturom koja se u politi?koj teoriji Gabrijela Almonda naziva podani?kom, i sa gra?anstvom koje to nije, ve? se preciznije treba nazivati stanovni\u0161tvom, ishod ?e do kraja biti neizvjestan ali samo vjera u pravdu mo\u017ee biti tas na vagi u borbi dobra i zla. Malo sam istra\u017eivao i uvidio da je tako bilo i u Slova?koj i u Poljskoj i u mnogim biv\u0161im komunisti?kim zemljama, ali je nakon Strazbura sve do\u0161lo na svoje, tako da gra?ani Ulcinja mogu biti bez brige.<br \/>\nDakle, ostavimo svoje palana?ko optu\u017eivanje i politikanske rasprave za budu?nost, ima?emo prilike da se ispucavamo u narednom periodu. Budimo slo\u017eni makar u ne?emu, ali ne bilo ?emu, ve? u onom najljep\u0161em i najvrednijem, u ne?emu \u0161to je ve?e i trajnije od na\u0161eg pukog subjektiviteta. I hod\u017ee i popovi i zakon, sve je uz nas u toj ta?ki koja nas spaja i koja mo\u017ee da bude dobra osnova za izgradnju ve?eg povjerenja izme?u nas samih, jer po\u0161teno govore?i i mi smo odgovorni za sve ovo \u0161to nam se de\u0161ava. Sa ponosom i sa vi\u0161e dostojanstva koje nas je nekada krasilo, izdignemo se i pomognimo jedni drugima i animirajmo crnogorsku javnost da nam u tome pomogne. Svi smo mi potpisivali peticiju za odbranu Tare, a ni Valdanos nije ni\u0161ta manje vrijedan i ni\u0161ta manje zna?ajan za sve u Crnoj Gori.<br \/>\nNa kraju nema se \u0161to re?i osim \u201e\u0161amara?ete nas jo\u0161\u201c! Oni nas \u201e\u0161amarima\u201c, mi njih maslinom, jer ipak dostojanstvo je na prvom mjestu! Sa velikom \u017eeljom da na\u0161e politi?ke i druge podjele budu prevazi?ene makar u jednoj ta?ki koja nas spaja, shvatimo makar i nakratko da samo ZAJEDNO mo\u017eemo stvoriti ljep\u0161u budu?nost o kojoj ve? godinama sanjamo i koju \u017eeljno i\u0161?ekujemo! Ono \u0161to je kod Ibn Halduna \u201easabbiya\u201c kao sinonim za slogu naroda i zajedni\u0161tvo, kod nas je skoro i\u0161?ezlo, ali je Valdanos dovoljno \u201emagi?an\u201c da to povrati, ne samo nama Ulcinjanima ve? i cijeloj Crnoj Gori!<br \/>\n<strong>Autor je magistar politi?kih nauka<\/strong>.<\/p>\n<p><strong>Pi\u0161e: Mr. Dritan Abazovi?<br \/>\n<a href=\"mailto:katakomba@hotmail.com\" target=\"_blank\">katakomba@hotmail.com<\/a><br \/>\n<a href=\"http:\/\/www.vijesti.me\/index.php?id_pre=326602&amp;godina=2009\" target=\"_blank\">Vijesti<br \/>\n\n\t\t<style type=\"text\/css\">\n\t\t\t#gallery-1 {\n\t\t\t\tmargin: auto;\n\t\t\t}\n\t\t\t#gallery-1 .gallery-item {\n\t\t\t\tfloat: left;\n\t\t\t\tmargin-top: 10px;\n\t\t\t\ttext-align: center;\n\t\t\t\twidth: 33%;\n\t\t\t}\n\t\t\t#gallery-1 img {\n\t\t\t\tborder: 2px solid #cfcfcf;\n\t\t\t}\n\t\t\t#gallery-1 .gallery-caption {\n\t\t\t\tmargin-left: 0;\n\t\t\t}\n\t\t\t\/* see gallery_shortcode() in wp-includes\/media.php *\/\n\t\t<\/style>\n\t\t<div id='gallery-1' class='gallery galleryid-29085 gallery-columns-3 gallery-size-thumbnail'><dl class='gallery-item'>\n\t\t\t<dt class='gallery-icon '>\n\t\t\t\t<a href='https:\/\/www.visit-ulcinj.com\/blog\/wp-content\/uploads\/2010\/01\/Mr.-Dritan-Abazovi\u00c4\u2021.jpg'><img width=\"1\" height=\"1\" src=\"https:\/\/www.visit-ulcinj.com\/blog\/wp-content\/uploads\/2010\/01\/Mr.-Dritan-Abazovi\u00c4\u2021.jpg\" class=\"attachment-thumbnail size-thumbnail\" alt=\"\" loading=\"lazy\" \/><\/a>\n\t\t\t<\/dt><\/dl><dl class='gallery-item'>\n\t\t\t<dt class='gallery-icon '>\n\t\t\t\t<a href='https:\/\/www.visit-ulcinj.com\/blog\/wp-content\/uploads\/2010\/01\/Mr.-Dritan-Abazovi\u00c4\u2021.2.jpg'><img width=\"1\" height=\"1\" src=\"https:\/\/www.visit-ulcinj.com\/blog\/wp-content\/uploads\/2010\/01\/Mr.-Dritan-Abazovi\u00c4\u2021.2.jpg\" class=\"attachment-thumbnail size-thumbnail\" alt=\"\" loading=\"lazy\" \/><\/a>\n\t\t\t<\/dt><\/dl><dl class='gallery-item'>\n\t\t\t<dt class='gallery-icon '>\n\t\t\t\t<a href='https:\/\/www.visit-ulcinj.com\/blog\/wp-content\/uploads\/2010\/01\/Mr.-Dritan-Abazovi\u00c4\u2021.1.jpg'><img width=\"1\" height=\"1\" src=\"https:\/\/www.visit-ulcinj.com\/blog\/wp-content\/uploads\/2010\/01\/Mr.-Dritan-Abazovi\u00c4\u2021.1.jpg\" class=\"attachment-thumbnail size-thumbnail\" alt=\"\" loading=\"lazy\" \/><\/a>\n\t\t\t<\/dt><\/dl><br style=\"clear: both\" \/>\n\t\t<\/div>\n<br \/>\n<\/a><a href=\"http:\/\/www.visit-ulcinj.com\/blog\/wp-content\/uploads\/2010\/01\/Mr.-Dritan-Abazovi?.2.jpg\"><img loading=\"lazy\" class=\"alignnone size-thumbnail wp-image-29087\" title=\"Mr. Dritan Abazovi?.2\" src=\"http:\/\/www.visit-ulcinj.com\/blog\/wp-content\/uploads\/2010\/01\/Mr.-Dritan-Abazovi?.2-150x150.jpg\" alt=\"Mr. Dritan Abazovi?.2\" width=\"0\" height=\"0\" \/><\/a><a href=\"http:\/\/www.visit-ulcinj.com\/blog\/wp-content\/uploads\/2010\/01\/Mr.-Dritan-Abazovi?.1.jpg\"><img loading=\"lazy\" class=\"alignnone size-thumbnail wp-image-29088\" title=\"Mr. Dritan Abazovi?.1\" src=\"http:\/\/www.visit-ulcinj.com\/blog\/wp-content\/uploads\/2010\/01\/Mr.-Dritan-Abazovi?.1-150x150.jpg\" alt=\"Mr. Dritan Abazovi?.1\" width=\"0\" height=\"0\" \/><\/a><br \/>\n<\/strong><\/p>\n","protected":false},"excerpt":{"rendered":"<p>Ka\u017eu da kad vas neko o\u0161amari u jedan, treba okrenuti i drugi obraz! To je ljudsko i dostojanstveno promi\u0161ljanje situacije, ali vrijedilo bi vi\u0161e kada bi ?ovjek bio mitolo\u0161ko bi?e i kad bi posjedovao vi\u0161e lica sa po naravno dva obraza. Ali ni dvoglava ili troglava a\u017edaja ne bi bila dovoljna ulcinjskom ?ovjeku koliko \u0161amara [&hellip;]<\/p>\n","protected":false},"author":1,"featured_media":0,"comment_status":"open","ping_status":"closed","sticky":false,"template":"","format":"standard","meta":{"spay_email":"","jetpack_publicize_message":"","jetpack_is_tweetstorm":false,"jetpack_publicize_feature_enabled":true},"categories":[10],"tags":[13184,19,136],"jetpack_publicize_connections":[],"yoast_head":"<!-- This site is optimized with the Yoast SEO plugin v19.1 - https:\/\/yoast.com\/wordpress\/plugins\/seo\/ -->\n<title>Ni\u0161ta nije slu?ajno;\u0160aka, nos - Valdanos - Lajme nga Ulqini<\/title>\n<meta name=\"description\" content=\"Ka\u017eu da kad vas neko o\u0161amari u jedan, treba okrenuti i drugi obraz! To je ljudsko i dostojanstveno promi\u0161ljanje situacije, ali vrijedilo bi vi\u0161e kada bi\" \/>\n<meta name=\"robots\" content=\"index, follow, max-snippet:-1, max-image-preview:large, max-video-preview:-1\" \/>\n<link rel=\"canonical\" href=\"https:\/\/www.visit-ulcinj.com\/blog\/2010\/01\/05\/nista-nije-slucajnosaka-nos-valdanos\/\" \/>\n<meta property=\"og:locale\" content=\"en_US\" \/>\n<meta property=\"og:type\" content=\"article\" \/>\n<meta property=\"og:title\" content=\"Ni\u0161ta nije slu?ajno;\u0160aka, nos - Valdanos - Lajme nga Ulqini\" \/>\n<meta property=\"og:description\" content=\"Ka\u017eu da kad vas neko o\u0161amari u jedan, treba okrenuti i drugi obraz! To je ljudsko i dostojanstveno promi\u0161ljanje situacije, ali vrijedilo bi vi\u0161e kada bi\" \/>\n<meta property=\"og:url\" content=\"https:\/\/www.visit-ulcinj.com\/blog\/2010\/01\/05\/nista-nije-slucajnosaka-nos-valdanos\/\" \/>\n<meta property=\"og:site_name\" content=\"Lajme nga Ulqini\" \/>\n<meta property=\"article:published_time\" content=\"2010-01-05T17:50:20+00:00\" \/>\n<meta property=\"article:modified_time\" content=\"2010-01-08T15:52:56+00:00\" \/>\n<meta property=\"og:image\" content=\"https:\/\/www.visit-ulcinj.com\/blog\/wp-content\/uploads\/2010\/01\/Mr.-Dritan-Abazovi\u00c4\u2021.jpg\" \/>\n<meta name=\"twitter:label1\" content=\"Written by\" \/>\n\t<meta name=\"twitter:data1\" content=\"ulqini\" \/>\n\t<meta name=\"twitter:label2\" content=\"Est. reading time\" \/>\n\t<meta name=\"twitter:data2\" content=\"5 minutes\" \/>\n<script type=\"application\/ld+json\" class=\"yoast-schema-graph\">{\"@context\":\"https:\/\/schema.org\",\"@graph\":[{\"@type\":\"WebSite\",\"@id\":\"https:\/\/www.visit-ulcinj.com\/blog\/#website\",\"url\":\"https:\/\/www.visit-ulcinj.com\/blog\/\",\"name\":\"Lajme nga Ulqini\",\"description\":\"Lajme,Vijesti,Ulqini,Ulqin,Crna Gora,Mali i Zi\",\"potentialAction\":[{\"@type\":\"SearchAction\",\"target\":{\"@type\":\"EntryPoint\",\"urlTemplate\":\"https:\/\/www.visit-ulcinj.com\/blog\/?s={search_term_string}\"},\"query-input\":\"required name=search_term_string\"}],\"inLanguage\":\"en-US\"},{\"@type\":\"ImageObject\",\"inLanguage\":\"en-US\",\"@id\":\"https:\/\/www.visit-ulcinj.com\/blog\/2010\/01\/05\/nista-nije-slucajnosaka-nos-valdanos\/#primaryimage\",\"url\":\"http:\/\/www.visit-ulcinj.com\/blog\/wp-content\/uploads\/2010\/01\/Mr.-Dritan-Abazovi?.jpg\",\"contentUrl\":\"http:\/\/www.visit-ulcinj.com\/blog\/wp-content\/uploads\/2010\/01\/Mr.-Dritan-Abazovi?.jpg\"},{\"@type\":\"WebPage\",\"@id\":\"https:\/\/www.visit-ulcinj.com\/blog\/2010\/01\/05\/nista-nije-slucajnosaka-nos-valdanos\/#webpage\",\"url\":\"https:\/\/www.visit-ulcinj.com\/blog\/2010\/01\/05\/nista-nije-slucajnosaka-nos-valdanos\/\",\"name\":\"Ni\u0161ta nije slu?ajno;\u0160aka, nos - Valdanos - Lajme nga Ulqini\",\"isPartOf\":{\"@id\":\"https:\/\/www.visit-ulcinj.com\/blog\/#website\"},\"primaryImageOfPage\":{\"@id\":\"https:\/\/www.visit-ulcinj.com\/blog\/2010\/01\/05\/nista-nije-slucajnosaka-nos-valdanos\/#primaryimage\"},\"datePublished\":\"2010-01-05T17:50:20+00:00\",\"dateModified\":\"2010-01-08T15:52:56+00:00\",\"author\":{\"@id\":\"https:\/\/www.visit-ulcinj.com\/blog\/#\/schema\/person\/dcab619c614d3038751c63bc2aadc06d\"},\"description\":\"Ka\u017eu da kad vas neko o\u0161amari u jedan, treba okrenuti i drugi obraz! To je ljudsko i dostojanstveno promi\u0161ljanje situacije, ali vrijedilo bi vi\u0161e kada bi\",\"breadcrumb\":{\"@id\":\"https:\/\/www.visit-ulcinj.com\/blog\/2010\/01\/05\/nista-nije-slucajnosaka-nos-valdanos\/#breadcrumb\"},\"inLanguage\":\"en-US\",\"potentialAction\":[{\"@type\":\"ReadAction\",\"target\":[\"https:\/\/www.visit-ulcinj.com\/blog\/2010\/01\/05\/nista-nije-slucajnosaka-nos-valdanos\/\"]}]},{\"@type\":\"BreadcrumbList\",\"@id\":\"https:\/\/www.visit-ulcinj.com\/blog\/2010\/01\/05\/nista-nije-slucajnosaka-nos-valdanos\/#breadcrumb\",\"itemListElement\":[{\"@type\":\"ListItem\",\"position\":1,\"name\":\"Ni\u0161ta nije slu?ajno;\u0160aka, nos &#8211; Valdanos\"}]},{\"@type\":\"Person\",\"@id\":\"https:\/\/www.visit-ulcinj.com\/blog\/#\/schema\/person\/dcab619c614d3038751c63bc2aadc06d\",\"name\":\"ulqini\",\"sameAs\":[\"http:\/\/www.visit-ulcinj.com\"],\"url\":\"https:\/\/www.visit-ulcinj.com\/blog\/author\/admin\/\"}]}<\/script>\n<!-- \/ Yoast SEO plugin. -->","yoast_head_json":{"title":"Ni\u0161ta nije slu?ajno;\u0160aka, nos - Valdanos - Lajme nga Ulqini","description":"Ka\u017eu da kad vas neko o\u0161amari u jedan, treba okrenuti i drugi obraz! To je ljudsko i dostojanstveno promi\u0161ljanje situacije, ali vrijedilo bi vi\u0161e kada bi","robots":{"index":"index","follow":"follow","max-snippet":"max-snippet:-1","max-image-preview":"max-image-preview:large","max-video-preview":"max-video-preview:-1"},"canonical":"https:\/\/www.visit-ulcinj.com\/blog\/2010\/01\/05\/nista-nije-slucajnosaka-nos-valdanos\/","og_locale":"en_US","og_type":"article","og_title":"Ni\u0161ta nije slu?ajno;\u0160aka, nos - Valdanos - Lajme nga Ulqini","og_description":"Ka\u017eu da kad vas neko o\u0161amari u jedan, treba okrenuti i drugi obraz! To je ljudsko i dostojanstveno promi\u0161ljanje situacije, ali vrijedilo bi vi\u0161e kada bi","og_url":"https:\/\/www.visit-ulcinj.com\/blog\/2010\/01\/05\/nista-nije-slucajnosaka-nos-valdanos\/","og_site_name":"Lajme nga Ulqini","article_published_time":"2010-01-05T17:50:20+00:00","article_modified_time":"2010-01-08T15:52:56+00:00","og_image":[{"url":"https:\/\/www.visit-ulcinj.com\/blog\/wp-content\/uploads\/2010\/01\/Mr.-Dritan-Abazovi\u00c4\u2021.jpg"}],"twitter_misc":{"Written by":"ulqini","Est. reading time":"5 minutes"},"schema":{"@context":"https:\/\/schema.org","@graph":[{"@type":"WebSite","@id":"https:\/\/www.visit-ulcinj.com\/blog\/#website","url":"https:\/\/www.visit-ulcinj.com\/blog\/","name":"Lajme nga Ulqini","description":"Lajme,Vijesti,Ulqini,Ulqin,Crna Gora,Mali i Zi","potentialAction":[{"@type":"SearchAction","target":{"@type":"EntryPoint","urlTemplate":"https:\/\/www.visit-ulcinj.com\/blog\/?s={search_term_string}"},"query-input":"required name=search_term_string"}],"inLanguage":"en-US"},{"@type":"ImageObject","inLanguage":"en-US","@id":"https:\/\/www.visit-ulcinj.com\/blog\/2010\/01\/05\/nista-nije-slucajnosaka-nos-valdanos\/#primaryimage","url":"http:\/\/www.visit-ulcinj.com\/blog\/wp-content\/uploads\/2010\/01\/Mr.-Dritan-Abazovi?.jpg","contentUrl":"http:\/\/www.visit-ulcinj.com\/blog\/wp-content\/uploads\/2010\/01\/Mr.-Dritan-Abazovi?.jpg"},{"@type":"WebPage","@id":"https:\/\/www.visit-ulcinj.com\/blog\/2010\/01\/05\/nista-nije-slucajnosaka-nos-valdanos\/#webpage","url":"https:\/\/www.visit-ulcinj.com\/blog\/2010\/01\/05\/nista-nije-slucajnosaka-nos-valdanos\/","name":"Ni\u0161ta nije slu?ajno;\u0160aka, nos - Valdanos - Lajme nga Ulqini","isPartOf":{"@id":"https:\/\/www.visit-ulcinj.com\/blog\/#website"},"primaryImageOfPage":{"@id":"https:\/\/www.visit-ulcinj.com\/blog\/2010\/01\/05\/nista-nije-slucajnosaka-nos-valdanos\/#primaryimage"},"datePublished":"2010-01-05T17:50:20+00:00","dateModified":"2010-01-08T15:52:56+00:00","author":{"@id":"https:\/\/www.visit-ulcinj.com\/blog\/#\/schema\/person\/dcab619c614d3038751c63bc2aadc06d"},"description":"Ka\u017eu da kad vas neko o\u0161amari u jedan, treba okrenuti i drugi obraz! To je ljudsko i dostojanstveno promi\u0161ljanje situacije, ali vrijedilo bi vi\u0161e kada bi","breadcrumb":{"@id":"https:\/\/www.visit-ulcinj.com\/blog\/2010\/01\/05\/nista-nije-slucajnosaka-nos-valdanos\/#breadcrumb"},"inLanguage":"en-US","potentialAction":[{"@type":"ReadAction","target":["https:\/\/www.visit-ulcinj.com\/blog\/2010\/01\/05\/nista-nije-slucajnosaka-nos-valdanos\/"]}]},{"@type":"BreadcrumbList","@id":"https:\/\/www.visit-ulcinj.com\/blog\/2010\/01\/05\/nista-nije-slucajnosaka-nos-valdanos\/#breadcrumb","itemListElement":[{"@type":"ListItem","position":1,"name":"Ni\u0161ta nije slu?ajno;\u0160aka, nos &#8211; Valdanos"}]},{"@type":"Person","@id":"https:\/\/www.visit-ulcinj.com\/blog\/#\/schema\/person\/dcab619c614d3038751c63bc2aadc06d","name":"ulqini","sameAs":["http:\/\/www.visit-ulcinj.com"],"url":"https:\/\/www.visit-ulcinj.com\/blog\/author\/admin\/"}]}},"jetpack_featured_media_url":"","jetpack_sharing_enabled":true,"jetpack_shortlink":"https:\/\/wp.me\/pe6lTn-7z7","_links":{"self":[{"href":"https:\/\/www.visit-ulcinj.com\/blog\/wp-json\/wp\/v2\/posts\/29085"}],"collection":[{"href":"https:\/\/www.visit-ulcinj.com\/blog\/wp-json\/wp\/v2\/posts"}],"about":[{"href":"https:\/\/www.visit-ulcinj.com\/blog\/wp-json\/wp\/v2\/types\/post"}],"author":[{"embeddable":true,"href":"https:\/\/www.visit-ulcinj.com\/blog\/wp-json\/wp\/v2\/users\/1"}],"replies":[{"embeddable":true,"href":"https:\/\/www.visit-ulcinj.com\/blog\/wp-json\/wp\/v2\/comments?post=29085"}],"version-history":[{"count":0,"href":"https:\/\/www.visit-ulcinj.com\/blog\/wp-json\/wp\/v2\/posts\/29085\/revisions"}],"wp:attachment":[{"href":"https:\/\/www.visit-ulcinj.com\/blog\/wp-json\/wp\/v2\/media?parent=29085"}],"wp:term":[{"taxonomy":"category","embeddable":true,"href":"https:\/\/www.visit-ulcinj.com\/blog\/wp-json\/wp\/v2\/categories?post=29085"},{"taxonomy":"post_tag","embeddable":true,"href":"https:\/\/www.visit-ulcinj.com\/blog\/wp-json\/wp\/v2\/tags?post=29085"}],"curies":[{"name":"wp","href":"https:\/\/api.w.org\/{rel}","templated":true}]}}