{"id":29094,"date":"2010-01-05T21:02:45","date_gmt":"2010-01-05T19:02:45","guid":{"rendered":"http:\/\/www.visit-ulcinj.com\/blog\/?p=29094"},"modified":"2010-01-05T21:02:45","modified_gmt":"2010-01-05T19:02:45","slug":"ulcinjski-opstinski-stab-planira-mjere","status":"publish","type":"post","link":"https:\/\/www.visit-ulcinj.com\/blog\/2010\/01\/05\/ulcinjski-opstinski-stab-planira-mjere\/","title":{"rendered":"Ulcinjski op\u0161tinski \u0161tab planira mjere"},"content":{"rendered":"<p><strong><a href=\"http:\/\/www.visit-ulcinj.com\/blog\/wp-content\/uploads\/2010\/01\/poplava-u-okolinu-ulcinja.1.jpg\"><img loading=\"lazy\" class=\"alignleft size-full wp-image-29096\" title=\"poplava u okolinu ulcinja.1\" src=\"http:\/\/www.visit-ulcinj.com\/blog\/wp-content\/uploads\/2010\/01\/poplava-u-okolinu-ulcinja.1.jpg\" alt=\"poplava u okolinu ulcinja.1\" width=\"580\" height=\"329\" \/><\/a>O?ekuju se nove poplave na jugu<\/strong><br \/>\nPodgorica \u2013 Ulcinjski op\u0161tinski tim za upravljanje u vanrednom stanju odlu?io je ju?e da se uspostavi komunikacija na ministarskom noviou izme?u Crne Gore i Albanije i iskoordinira ispu\u0161tanje vode iz hidrocentrala u Albaniji da bi se stekli uslovi da Ulcinj sa okolinom spremno do?eka nove koli?ine vode.<br \/>\n\u201cTreba izvr\u0161itii popis ljudstva, ma\u0161ina i opreme koja je na raspolaganju u slu?aju vanrednog stanja. Sjutra ?e ekipa iza?i na teren i obi?i nasip Bojane i provjeriti koliku bi koli?inu vode eventualno izdr\u017eao. Tim na ?elu sa predsjednikom obi?i ?e najte\u017ee pogo?ena sela\u201d, saop\u0161teno je nakon sastanka.<br \/>\nNarednih dana, prema prognozama iz Hidrometeorolo\u0161kog saveza, u Crnoj Gori ?e padati ki\u0161a. Danas, sjutra i u petak o?ekuje se ki\u0161a sa jakim ju\u017enim vjetrom i osjetnim porastom temperature vazduha, koji ?e usloviti da u vi\u0161im planinskim predjelima, umjesto snijega, pada ki\u0161a.<br \/>\n\u201cKi\u0161a ?e i sjutra ujutro biti jakog intenziteta, posebno u centralnim i ju\u017enim predjelima. Na sjeveru dr\u017eave o?ekuje se snijeg, koji ?e sjutra pre?i u susnje\u017eicu i ki\u0161u\u201d, kazao je na?elnik odsjeka za prognozu i analizu vremena u Hidrometeorolo\u0161kom zavodu Branko Micev.<br \/>\nPrema njegovima rije?ima, na dan Bo\u017ei?a, u ?etvrtak, bi?e obla?no, sa vrlo slabom ki\u0161om na cijeloj teritoriji Crne Gore.<br \/>\n\u201cU petak se o?ekuje ponovo jaka ciklonska aktivnost u Jadranskom moru, pa ?e podru?je Crne Gore biti zahva?eno padavinama jakog inteziteta, a takvo vrijeme zadr\u017ea?e se i u subotu u jutarnjim ?asovima\u201d, istakao je Micev.<br \/>\nNepovoljna meteorolo\u0161ka situacija zahvati?e podru?je rijeke Bojane, gdje se o?ekuje da ?e zbog obilnih padavina na slivnom podru?ju Drima u Albaniji, Bojane i Skadarskoj jezera u petak i subotu na podru?ju te rijeke biti alarmantno stanje.<br \/>\nOn dalje obja\u0161njava da ?e sna\u017ena ciklonska aktivnost u Ju\u017enom Jadranu, i jak ju\u017eni vjetar, dovesti do pove?anja nivoa mora i njegove nemogu?nosti za normalan prihvat vode iz Bojane.<br \/>\n\u201cPove?ani dotok vode u Bojani uslovi?e da voda iza?e iz rije?nog koria i najvjerovatnije nanese nevolje lokalnom stanovni\u0161tvu\u201d, istakao je Micev najavljuju?i da se povoljnija meteorolo\u0161ka situacija o?ekuje u popodnevnim ?asovima u subotu, kada ?e prestati padavine.<\/p>\n<p><strong>D.?.<br \/>\n<a href=\"http:\/\/www.vijesti.me\/index.php?id_pre=326589&amp;godina=2009\" target=\"_blank\">Vijesti<br \/>\n\n\t\t<style type=\"text\/css\">\n\t\t\t#gallery-1 {\n\t\t\t\tmargin: auto;\n\t\t\t}\n\t\t\t#gallery-1 .gallery-item {\n\t\t\t\tfloat: left;\n\t\t\t\tmargin-top: 10px;\n\t\t\t\ttext-align: center;\n\t\t\t\twidth: 33%;\n\t\t\t}\n\t\t\t#gallery-1 img {\n\t\t\t\tborder: 2px solid #cfcfcf;\n\t\t\t}\n\t\t\t#gallery-1 .gallery-caption {\n\t\t\t\tmargin-left: 0;\n\t\t\t}\n\t\t\t\/* see gallery_shortcode() in wp-includes\/media.php *\/\n\t\t<\/style>\n\t\t<div id='gallery-1' class='gallery galleryid-29094 gallery-columns-3 gallery-size-thumbnail'><dl class='gallery-item'>\n\t\t\t<dt class='gallery-icon landscape'>\n\t\t\t\t<a href='https:\/\/www.visit-ulcinj.com\/blog\/wp-content\/uploads\/2010\/01\/poplava-u-okolinu-ulcinja.jpg'><img width=\"150\" height=\"150\" src=\"https:\/\/www.visit-ulcinj.com\/blog\/wp-content\/uploads\/2010\/01\/poplava-u-okolinu-ulcinja-150x150.jpg\" class=\"attachment-thumbnail size-thumbnail\" alt=\"\" loading=\"lazy\" \/><\/a>\n\t\t\t<\/dt><\/dl><dl class='gallery-item'>\n\t\t\t<dt class='gallery-icon landscape'>\n\t\t\t\t<a href='https:\/\/www.visit-ulcinj.com\/blog\/wp-content\/uploads\/2010\/01\/poplava-u-okolinu-ulcinja.1.jpg'><img width=\"150\" height=\"150\" src=\"https:\/\/www.visit-ulcinj.com\/blog\/wp-content\/uploads\/2010\/01\/poplava-u-okolinu-ulcinja.1-150x150.jpg\" class=\"attachment-thumbnail size-thumbnail\" alt=\"\" loading=\"lazy\" \/><\/a>\n\t\t\t<\/dt><\/dl><dl class='gallery-item'>\n\t\t\t<dt class='gallery-icon landscape'>\n\t\t\t\t<a href='https:\/\/www.visit-ulcinj.com\/blog\/wp-content\/uploads\/2010\/01\/poplava-u-okolinu-ulcinja.2.jpg'><img width=\"150\" height=\"150\" src=\"https:\/\/www.visit-ulcinj.com\/blog\/wp-content\/uploads\/2010\/01\/poplava-u-okolinu-ulcinja.2-150x150.jpg\" class=\"attachment-thumbnail size-thumbnail\" alt=\"\" loading=\"lazy\" \/><\/a>\n\t\t\t<\/dt><\/dl><br style=\"clear: both\" \/><dl class='gallery-item'>\n\t\t\t<dt class='gallery-icon landscape'>\n\t\t\t\t<a href='https:\/\/www.visit-ulcinj.com\/blog\/wp-content\/uploads\/2010\/01\/poplava-u-okolinu-ulcinja.3.jpg'><img width=\"150\" height=\"150\" src=\"https:\/\/www.visit-ulcinj.com\/blog\/wp-content\/uploads\/2010\/01\/poplava-u-okolinu-ulcinja.3-150x150.jpg\" class=\"attachment-thumbnail size-thumbnail\" alt=\"\" loading=\"lazy\" \/><\/a>\n\t\t\t<\/dt><\/dl><dl class='gallery-item'>\n\t\t\t<dt class='gallery-icon landscape'>\n\t\t\t\t<a href='https:\/\/www.visit-ulcinj.com\/blog\/wp-content\/uploads\/2010\/01\/hidrocentrala_drin.jpg'><img width=\"150\" height=\"150\" src=\"https:\/\/www.visit-ulcinj.com\/blog\/wp-content\/uploads\/2010\/01\/hidrocentrala_drin-150x150.jpg\" class=\"attachment-thumbnail size-thumbnail\" alt=\"\" loading=\"lazy\" \/><\/a>\n\t\t\t<\/dt><\/dl><dl class='gallery-item'>\n\t\t\t<dt class='gallery-icon landscape'>\n\t\t\t\t<a href='https:\/\/www.visit-ulcinj.com\/blog\/wp-content\/uploads\/2010\/01\/hidrocentrala_drin.1.jpg'><img width=\"150\" height=\"150\" src=\"https:\/\/www.visit-ulcinj.com\/blog\/wp-content\/uploads\/2010\/01\/hidrocentrala_drin.1-150x150.jpg\" class=\"attachment-thumbnail size-thumbnail\" alt=\"\" loading=\"lazy\" \/><\/a>\n\t\t\t<\/dt><\/dl><br style=\"clear: both\" \/><dl class='gallery-item'>\n\t\t\t<dt class='gallery-icon landscape'>\n\t\t\t\t<a href='https:\/\/www.visit-ulcinj.com\/blog\/wp-content\/uploads\/2010\/01\/hidrocentrala_drin.11.jpg'><img width=\"150\" height=\"150\" src=\"https:\/\/www.visit-ulcinj.com\/blog\/wp-content\/uploads\/2010\/01\/hidrocentrala_drin.11-150x150.jpg\" class=\"attachment-thumbnail size-thumbnail\" alt=\"\" loading=\"lazy\" \/><\/a>\n\t\t\t<\/dt><\/dl><dl class='gallery-item'>\n\t\t\t<dt class='gallery-icon landscape'>\n\t\t\t\t<a href='https:\/\/www.visit-ulcinj.com\/blog\/wp-content\/uploads\/2010\/01\/hidrocentrala_drin.2.jpg'><img width=\"150\" height=\"150\" src=\"https:\/\/www.visit-ulcinj.com\/blog\/wp-content\/uploads\/2010\/01\/hidrocentrala_drin.2-150x150.jpg\" class=\"attachment-thumbnail size-thumbnail\" alt=\"\" loading=\"lazy\" \/><\/a>\n\t\t\t<\/dt><\/dl><dl class='gallery-item'>\n\t\t\t<dt class='gallery-icon landscape'>\n\t\t\t\t<a href='https:\/\/www.visit-ulcinj.com\/blog\/wp-content\/uploads\/2010\/01\/hidrocentrala_drin.4.jpg'><img width=\"150\" height=\"150\" src=\"https:\/\/www.visit-ulcinj.com\/blog\/wp-content\/uploads\/2010\/01\/hidrocentrala_drin.4-150x150.jpg\" class=\"attachment-thumbnail size-thumbnail\" alt=\"\" loading=\"lazy\" \/><\/a>\n\t\t\t<\/dt><\/dl><br style=\"clear: both\" \/>\n\t\t<\/div>\n<br \/>\n<\/a><\/strong>[flv width=&#8221;580&#8243; height=&#8221;400&#8243;]http:\/\/www.shekulli.com.al\/2010\/01\/04\/per.flv.flv[\/flv]<\/p>\n","protected":false},"excerpt":{"rendered":"<p>O?ekuju se nove poplave na jugu Podgorica \u2013 Ulcinjski op\u0161tinski tim za upravljanje u vanrednom stanju odlu?io je ju?e da se uspostavi komunikacija na ministarskom noviou izme?u Crne Gore i Albanije i iskoordinira ispu\u0161tanje vode iz hidrocentrala u Albaniji da bi se stekli uslovi da Ulcinj sa okolinom spremno do?eka nove koli?ine vode. \u201cTreba izvr\u0161itii [&hellip;]<\/p>\n","protected":false},"author":1,"featured_media":0,"comment_status":"open","ping_status":"closed","sticky":false,"template":"","format":"standard","meta":{"spay_email":"","jetpack_publicize_message":"","jetpack_is_tweetstorm":false,"jetpack_publicize_feature_enabled":true},"categories":[8337],"tags":[13186,13185],"jetpack_publicize_connections":[],"yoast_head":"<!-- This site is optimized with the Yoast SEO plugin v19.1 - https:\/\/yoast.com\/wordpress\/plugins\/seo\/ -->\n<title>Ulcinjski op\u0161tinski \u0161tab planira mjere - Lajme nga Ulqini<\/title>\n<meta name=\"description\" content=\"O?ekuju se nove poplave na jugu Podgorica \u2013 Ulcinjski op\u0161tinski tim za upravljanje u vanrednom stanju odlu?io je ju?e da se uspostavi komunikacija na\" \/>\n<meta name=\"robots\" content=\"index, follow, max-snippet:-1, max-image-preview:large, max-video-preview:-1\" \/>\n<link rel=\"canonical\" href=\"https:\/\/www.visit-ulcinj.com\/blog\/2010\/01\/05\/ulcinjski-opstinski-stab-planira-mjere\/\" \/>\n<meta property=\"og:locale\" content=\"en_US\" \/>\n<meta property=\"og:type\" content=\"article\" \/>\n<meta property=\"og:title\" content=\"Ulcinjski op\u0161tinski \u0161tab planira mjere - Lajme nga Ulqini\" \/>\n<meta property=\"og:description\" content=\"O?ekuju se nove poplave na jugu Podgorica \u2013 Ulcinjski op\u0161tinski tim za upravljanje u vanrednom stanju odlu?io je ju?e da se uspostavi komunikacija na\" \/>\n<meta property=\"og:url\" content=\"https:\/\/www.visit-ulcinj.com\/blog\/2010\/01\/05\/ulcinjski-opstinski-stab-planira-mjere\/\" \/>\n<meta property=\"og:site_name\" content=\"Lajme nga Ulqini\" \/>\n<meta property=\"article:published_time\" content=\"2010-01-05T19:02:45+00:00\" \/>\n<meta property=\"og:image\" content=\"https:\/\/www.visit-ulcinj.com\/blog\/wp-content\/uploads\/2010\/01\/poplava-u-okolinu-ulcinja-150x150.jpg\" \/>\n<meta name=\"twitter:label1\" content=\"Written by\" \/>\n\t<meta name=\"twitter:data1\" content=\"ulqini\" \/>\n\t<meta name=\"twitter:label2\" content=\"Est. reading time\" \/>\n\t<meta name=\"twitter:data2\" content=\"2 minutes\" \/>\n<script type=\"application\/ld+json\" class=\"yoast-schema-graph\">{\"@context\":\"https:\/\/schema.org\",\"@graph\":[{\"@type\":\"WebSite\",\"@id\":\"https:\/\/www.visit-ulcinj.com\/blog\/#website\",\"url\":\"https:\/\/www.visit-ulcinj.com\/blog\/\",\"name\":\"Lajme nga Ulqini\",\"description\":\"Lajme,Vijesti,Ulqini,Ulqin,Crna Gora,Mali i Zi\",\"potentialAction\":[{\"@type\":\"SearchAction\",\"target\":{\"@type\":\"EntryPoint\",\"urlTemplate\":\"https:\/\/www.visit-ulcinj.com\/blog\/?s={search_term_string}\"},\"query-input\":\"required name=search_term_string\"}],\"inLanguage\":\"en-US\"},{\"@type\":\"ImageObject\",\"inLanguage\":\"en-US\",\"@id\":\"https:\/\/www.visit-ulcinj.com\/blog\/2010\/01\/05\/ulcinjski-opstinski-stab-planira-mjere\/#primaryimage\",\"url\":\"https:\/\/www.visit-ulcinj.com\/blog\/wp-content\/uploads\/2010\/01\/poplava-u-okolinu-ulcinja.1.jpg\",\"contentUrl\":\"https:\/\/www.visit-ulcinj.com\/blog\/wp-content\/uploads\/2010\/01\/poplava-u-okolinu-ulcinja.1.jpg\",\"width\":\"450\",\"height\":\"329\"},{\"@type\":\"WebPage\",\"@id\":\"https:\/\/www.visit-ulcinj.com\/blog\/2010\/01\/05\/ulcinjski-opstinski-stab-planira-mjere\/#webpage\",\"url\":\"https:\/\/www.visit-ulcinj.com\/blog\/2010\/01\/05\/ulcinjski-opstinski-stab-planira-mjere\/\",\"name\":\"Ulcinjski op\u0161tinski \u0161tab planira mjere - Lajme nga Ulqini\",\"isPartOf\":{\"@id\":\"https:\/\/www.visit-ulcinj.com\/blog\/#website\"},\"primaryImageOfPage\":{\"@id\":\"https:\/\/www.visit-ulcinj.com\/blog\/2010\/01\/05\/ulcinjski-opstinski-stab-planira-mjere\/#primaryimage\"},\"datePublished\":\"2010-01-05T19:02:45+00:00\",\"dateModified\":\"2010-01-05T19:02:45+00:00\",\"author\":{\"@id\":\"https:\/\/www.visit-ulcinj.com\/blog\/#\/schema\/person\/dcab619c614d3038751c63bc2aadc06d\"},\"description\":\"O?ekuju se nove poplave na jugu Podgorica \u2013 Ulcinjski op\u0161tinski tim za upravljanje u vanrednom stanju odlu?io je ju?e da se uspostavi komunikacija na\",\"breadcrumb\":{\"@id\":\"https:\/\/www.visit-ulcinj.com\/blog\/2010\/01\/05\/ulcinjski-opstinski-stab-planira-mjere\/#breadcrumb\"},\"inLanguage\":\"en-US\",\"potentialAction\":[{\"@type\":\"ReadAction\",\"target\":[\"https:\/\/www.visit-ulcinj.com\/blog\/2010\/01\/05\/ulcinjski-opstinski-stab-planira-mjere\/\"]}]},{\"@type\":\"BreadcrumbList\",\"@id\":\"https:\/\/www.visit-ulcinj.com\/blog\/2010\/01\/05\/ulcinjski-opstinski-stab-planira-mjere\/#breadcrumb\",\"itemListElement\":[{\"@type\":\"ListItem\",\"position\":1,\"name\":\"Ulcinjski op\u0161tinski \u0161tab planira mjere\"}]},{\"@type\":\"Person\",\"@id\":\"https:\/\/www.visit-ulcinj.com\/blog\/#\/schema\/person\/dcab619c614d3038751c63bc2aadc06d\",\"name\":\"ulqini\",\"sameAs\":[\"http:\/\/www.visit-ulcinj.com\"],\"url\":\"https:\/\/www.visit-ulcinj.com\/blog\/author\/admin\/\"}]}<\/script>\n<!-- \/ Yoast SEO plugin. -->","yoast_head_json":{"title":"Ulcinjski op\u0161tinski \u0161tab planira mjere - Lajme nga Ulqini","description":"O?ekuju se nove poplave na jugu Podgorica \u2013 Ulcinjski op\u0161tinski tim za upravljanje u vanrednom stanju odlu?io je ju?e da se uspostavi komunikacija na","robots":{"index":"index","follow":"follow","max-snippet":"max-snippet:-1","max-image-preview":"max-image-preview:large","max-video-preview":"max-video-preview:-1"},"canonical":"https:\/\/www.visit-ulcinj.com\/blog\/2010\/01\/05\/ulcinjski-opstinski-stab-planira-mjere\/","og_locale":"en_US","og_type":"article","og_title":"Ulcinjski op\u0161tinski \u0161tab planira mjere - Lajme nga Ulqini","og_description":"O?ekuju se nove poplave na jugu Podgorica \u2013 Ulcinjski op\u0161tinski tim za upravljanje u vanrednom stanju odlu?io je ju?e da se uspostavi komunikacija na","og_url":"https:\/\/www.visit-ulcinj.com\/blog\/2010\/01\/05\/ulcinjski-opstinski-stab-planira-mjere\/","og_site_name":"Lajme nga Ulqini","article_published_time":"2010-01-05T19:02:45+00:00","og_image":[{"url":"https:\/\/www.visit-ulcinj.com\/blog\/wp-content\/uploads\/2010\/01\/poplava-u-okolinu-ulcinja-150x150.jpg"}],"twitter_misc":{"Written by":"ulqini","Est. reading time":"2 minutes"},"schema":{"@context":"https:\/\/schema.org","@graph":[{"@type":"WebSite","@id":"https:\/\/www.visit-ulcinj.com\/blog\/#website","url":"https:\/\/www.visit-ulcinj.com\/blog\/","name":"Lajme nga Ulqini","description":"Lajme,Vijesti,Ulqini,Ulqin,Crna Gora,Mali i Zi","potentialAction":[{"@type":"SearchAction","target":{"@type":"EntryPoint","urlTemplate":"https:\/\/www.visit-ulcinj.com\/blog\/?s={search_term_string}"},"query-input":"required name=search_term_string"}],"inLanguage":"en-US"},{"@type":"ImageObject","inLanguage":"en-US","@id":"https:\/\/www.visit-ulcinj.com\/blog\/2010\/01\/05\/ulcinjski-opstinski-stab-planira-mjere\/#primaryimage","url":"https:\/\/www.visit-ulcinj.com\/blog\/wp-content\/uploads\/2010\/01\/poplava-u-okolinu-ulcinja.1.jpg","contentUrl":"https:\/\/www.visit-ulcinj.com\/blog\/wp-content\/uploads\/2010\/01\/poplava-u-okolinu-ulcinja.1.jpg","width":"450","height":"329"},{"@type":"WebPage","@id":"https:\/\/www.visit-ulcinj.com\/blog\/2010\/01\/05\/ulcinjski-opstinski-stab-planira-mjere\/#webpage","url":"https:\/\/www.visit-ulcinj.com\/blog\/2010\/01\/05\/ulcinjski-opstinski-stab-planira-mjere\/","name":"Ulcinjski op\u0161tinski \u0161tab planira mjere - Lajme nga Ulqini","isPartOf":{"@id":"https:\/\/www.visit-ulcinj.com\/blog\/#website"},"primaryImageOfPage":{"@id":"https:\/\/www.visit-ulcinj.com\/blog\/2010\/01\/05\/ulcinjski-opstinski-stab-planira-mjere\/#primaryimage"},"datePublished":"2010-01-05T19:02:45+00:00","dateModified":"2010-01-05T19:02:45+00:00","author":{"@id":"https:\/\/www.visit-ulcinj.com\/blog\/#\/schema\/person\/dcab619c614d3038751c63bc2aadc06d"},"description":"O?ekuju se nove poplave na jugu Podgorica \u2013 Ulcinjski op\u0161tinski tim za upravljanje u vanrednom stanju odlu?io je ju?e da se uspostavi komunikacija na","breadcrumb":{"@id":"https:\/\/www.visit-ulcinj.com\/blog\/2010\/01\/05\/ulcinjski-opstinski-stab-planira-mjere\/#breadcrumb"},"inLanguage":"en-US","potentialAction":[{"@type":"ReadAction","target":["https:\/\/www.visit-ulcinj.com\/blog\/2010\/01\/05\/ulcinjski-opstinski-stab-planira-mjere\/"]}]},{"@type":"BreadcrumbList","@id":"https:\/\/www.visit-ulcinj.com\/blog\/2010\/01\/05\/ulcinjski-opstinski-stab-planira-mjere\/#breadcrumb","itemListElement":[{"@type":"ListItem","position":1,"name":"Ulcinjski op\u0161tinski \u0161tab planira mjere"}]},{"@type":"Person","@id":"https:\/\/www.visit-ulcinj.com\/blog\/#\/schema\/person\/dcab619c614d3038751c63bc2aadc06d","name":"ulqini","sameAs":["http:\/\/www.visit-ulcinj.com"],"url":"https:\/\/www.visit-ulcinj.com\/blog\/author\/admin\/"}]}},"jetpack_featured_media_url":"","jetpack_sharing_enabled":true,"jetpack_shortlink":"https:\/\/wp.me\/pe6lTn-7zg","_links":{"self":[{"href":"https:\/\/www.visit-ulcinj.com\/blog\/wp-json\/wp\/v2\/posts\/29094"}],"collection":[{"href":"https:\/\/www.visit-ulcinj.com\/blog\/wp-json\/wp\/v2\/posts"}],"about":[{"href":"https:\/\/www.visit-ulcinj.com\/blog\/wp-json\/wp\/v2\/types\/post"}],"author":[{"embeddable":true,"href":"https:\/\/www.visit-ulcinj.com\/blog\/wp-json\/wp\/v2\/users\/1"}],"replies":[{"embeddable":true,"href":"https:\/\/www.visit-ulcinj.com\/blog\/wp-json\/wp\/v2\/comments?post=29094"}],"version-history":[{"count":0,"href":"https:\/\/www.visit-ulcinj.com\/blog\/wp-json\/wp\/v2\/posts\/29094\/revisions"}],"wp:attachment":[{"href":"https:\/\/www.visit-ulcinj.com\/blog\/wp-json\/wp\/v2\/media?parent=29094"}],"wp:term":[{"taxonomy":"category","embeddable":true,"href":"https:\/\/www.visit-ulcinj.com\/blog\/wp-json\/wp\/v2\/categories?post=29094"},{"taxonomy":"post_tag","embeddable":true,"href":"https:\/\/www.visit-ulcinj.com\/blog\/wp-json\/wp\/v2\/tags?post=29094"}],"curies":[{"name":"wp","href":"https:\/\/api.w.org\/{rel}","templated":true}]}}