{"id":291,"date":"2008-01-26T12:26:41","date_gmt":"2008-01-26T17:26:41","guid":{"rendered":"http:\/\/www.visit-ulcinj.com\/blog\/2008\/01\/26\/dinosa-dua-nece-u-taj-cirkus\/"},"modified":"2008-02-12T19:51:50","modified_gmt":"2008-02-13T00:51:50","slug":"dinosa-dua-nece-u-taj-cirkus","status":"publish","type":"post","link":"https:\/\/www.visit-ulcinj.com\/blog\/2008\/01\/26\/dinosa-dua-nece-u-taj-cirkus\/","title":{"rendered":"Dino\u0161a: DUA ne?e u taj cirkus"},"content":{"rendered":"<p align=\"justify\"><a href=\"http:\/\/www.visit-ulcinj.com\/blog\/2008\/01\/07\/shqiptaret-kerkojne-mandate-te-garantuara-ne-parlamentin-malazez\/77\/\" rel=\"attachment wp-att-77\" title=\"bardhi-dinosha.jpg\"><img loading=\"lazy\" src=\"http:\/\/www.visit-ulcinj.com\/blog\/wp-content\/uploads\/2008\/01\/bardhi-dinosha.jpg\" alt=\"bardhi-dinosha.jpg\" align=\"left\" height=\"128\" hspace=\"2\" vspace=\"2\" width=\"167\" \/><\/a><font style=\"font-size: 8pt; font-family: Verdana\">Podgorica  &#8211; Predstavnici albanskih partija nijesu ?uli za inicijativu da albanske partije  imaju zajedni?kog predsjedni?kog kandidata, kako je najavilo rukovodstvo Nove  demokratske snage Forca.<br \/>\nPoslanik Albanske alternative Vaselj Sini\u0161taj  naglasio je da ne u?estvuje ni u kakvim pregovorima oko albanskog kandidata,  niti to namjerava.<br \/>\n&#8220;Koja god manjina krene sa svojim kandidatom, bila to  albanska,<\/font><!--more--><font style=\"font-size: 8pt; font-family: Verdana\"> bo\u0161nja?ka ili hrvatska, to je samo pomo? nekome drugome, nikakva  korist oko toga&#8221;, rekao je Sini\u0161taj.<br \/>\nPredsjednik Demokratske unije Albanaca  Ferhat Dino\u0161a rekao je da njegova partija ne?e u?estvovati u &#8220;cirkusu oko  albanskog kandidata&#8221;.<br \/>\n&#8220;Taj cirkus prepu\u0161tamo drugima. Mi nijesmo dosad bili,  niti ?emo biti dio takvih pri?a. To je neozbiljno, govoriti o albanskom  kandidatu. Svjesni smo \u0161to treba da bude mjera, ali ?emo se i te kako boriti da  budu?i mandat predsjednika pripadne ?ovjeku koji ima sluha za procese u Crnoj  Gori u regionu i prema onome \u0161to su evropski dometi po pitanju polo\u017eaja  nacionalnih manjina&#8221;, rekao je Dino\u0161a.<br \/>\nNi lider Demokratskog saveza Mehmet  Bardhi ne zna ni\u0161ta o inicijativi i pregovorima koje najavljuje Forca, najja?a  ulcinjska partija. On je ocijenio da je prerano govoriti o predsjedniku Albancu,  kada je albansko pitanje jo\u0161 otvoreno, a vlast propustila priliku da od Crne  Gore napravi dr\u017eavu ravnopravnih gra?ana.<\/font><a href=\"http:\/\/www.visit-ulcinj.com\/blog\/wp-content\/uploads\/2008\/01\/vasel-sinishtaj.jpg\" title=\"Vasel Sinishtaj\"><img src=\"http:\/\/www.visit-ulcinj.com\/blog\/wp-content\/uploads\/2008\/01\/vasel-sinishtaj.thumbnail.jpg\" alt=\"Vasel Sinishtaj\" align=\"right\" \/><\/a><br \/>\n<font style=\"font-size: 8pt; font-family: Verdana\">&#8220;Ne mislim da je i teoretski mogu?e  da predsjednik bude neki Albanac ne samo sada, nego i dugoro?no, ako znamo kakvi  su odnosi u Crnoj Gori i koji je polo\u017eaj Albanaca&#8221;, rekao je Bardhi, koji ne  odbacuje mogu?nost razgovora sa albanskim kolegama i o predsjedni?kim izborima.<br \/>\nOn je rekao da o svemu tek treba da odlu?e organi stranke i da se jedino zna  da DS ne?e imati svog kandidata.<br \/>\nSini\u0161taj je ranije najavio podr\u0161ku kandidatu  PzP-a Neboj\u0161i Medojevi?u.<br \/>\nMedojevi? je preksino? u Ulcinju na sastanku sa  rukovodstvom Force razgovarao i mogu?oj podr\u0161ci njegovoj  kandidaturi.<\/font><\/p>\n<p align=\"justify\">www.vijesti.cg.yu<\/p>\n<p><font style=\"font-size: 8pt; font-family: Verdana\"><br \/>\n<\/font><\/p>\n<p align=\"right\"><font style=\"font-size: 8pt; font-family: Verdana\"><em>Br.M.<\/em><\/font><\/p>\n","protected":false},"excerpt":{"rendered":"<p><img loading=\"lazy\" src=\"http:\/\/www.visit-ulcinj.com\/blog\/wp-content\/uploads\/2008\/01\/bardhi-dinosha.jpg\" alt=\"bardhi-dinosha.jpg\" height=\"140\" width=\"140\" \/><\/p>\n","protected":false},"author":1,"featured_media":0,"comment_status":"open","ping_status":"closed","sticky":false,"template":"","format":"standard","meta":{"spay_email":"","jetpack_publicize_message":"","jetpack_is_tweetstorm":false,"jetpack_publicize_feature_enabled":true},"categories":[1],"tags":[1249,20,117,817,815,814,816,19],"jetpack_publicize_connections":[],"yoast_head":"<!-- This site is optimized with the Yoast SEO plugin v19.1 - https:\/\/yoast.com\/wordpress\/plugins\/seo\/ -->\n<title>Dino\u0161a: DUA ne?e u taj cirkus - Lajme nga Ulqini<\/title>\n<meta name=\"robots\" content=\"index, follow, max-snippet:-1, max-image-preview:large, max-video-preview:-1\" \/>\n<link rel=\"canonical\" href=\"https:\/\/www.visit-ulcinj.com\/blog\/2008\/01\/26\/dinosa-dua-nece-u-taj-cirkus\/\" \/>\n<meta property=\"og:locale\" content=\"en_US\" \/>\n<meta property=\"og:type\" content=\"article\" \/>\n<meta property=\"og:title\" content=\"Dino\u0161a: DUA ne?e u taj cirkus - Lajme nga Ulqini\" \/>\n<meta property=\"og:url\" content=\"https:\/\/www.visit-ulcinj.com\/blog\/2008\/01\/26\/dinosa-dua-nece-u-taj-cirkus\/\" \/>\n<meta property=\"og:site_name\" content=\"Lajme nga Ulqini\" \/>\n<meta property=\"article:published_time\" content=\"2008-01-26T17:26:41+00:00\" \/>\n<meta property=\"article:modified_time\" content=\"2008-02-13T00:51:50+00:00\" \/>\n<meta property=\"og:image\" content=\"http:\/\/www.visit-ulcinj.com\/blog\/wp-content\/uploads\/2008\/01\/bardhi-dinosha.jpg\" \/>\n<meta name=\"twitter:label1\" content=\"Written by\" \/>\n\t<meta name=\"twitter:data1\" content=\"ulqini\" \/>\n\t<meta name=\"twitter:label2\" content=\"Est. reading time\" \/>\n\t<meta name=\"twitter:data2\" content=\"2 minutes\" \/>\n<script type=\"application\/ld+json\" class=\"yoast-schema-graph\">{\"@context\":\"https:\/\/schema.org\",\"@graph\":[{\"@type\":\"WebSite\",\"@id\":\"https:\/\/www.visit-ulcinj.com\/blog\/#website\",\"url\":\"https:\/\/www.visit-ulcinj.com\/blog\/\",\"name\":\"Lajme nga Ulqini\",\"description\":\"Lajme,Vijesti,Ulqini,Ulqin,Crna Gora,Mali i Zi\",\"potentialAction\":[{\"@type\":\"SearchAction\",\"target\":{\"@type\":\"EntryPoint\",\"urlTemplate\":\"https:\/\/www.visit-ulcinj.com\/blog\/?s={search_term_string}\"},\"query-input\":\"required name=search_term_string\"}],\"inLanguage\":\"en-US\"},{\"@type\":\"ImageObject\",\"inLanguage\":\"en-US\",\"@id\":\"https:\/\/www.visit-ulcinj.com\/blog\/2008\/01\/26\/dinosa-dua-nece-u-taj-cirkus\/#primaryimage\",\"url\":\"http:\/\/www.visit-ulcinj.com\/blog\/wp-content\/uploads\/2008\/01\/bardhi-dinosha.jpg\",\"contentUrl\":\"http:\/\/www.visit-ulcinj.com\/blog\/wp-content\/uploads\/2008\/01\/bardhi-dinosha.jpg\"},{\"@type\":\"WebPage\",\"@id\":\"https:\/\/www.visit-ulcinj.com\/blog\/2008\/01\/26\/dinosa-dua-nece-u-taj-cirkus\/#webpage\",\"url\":\"https:\/\/www.visit-ulcinj.com\/blog\/2008\/01\/26\/dinosa-dua-nece-u-taj-cirkus\/\",\"name\":\"Dino\u0161a: DUA ne?e u taj cirkus - Lajme nga Ulqini\",\"isPartOf\":{\"@id\":\"https:\/\/www.visit-ulcinj.com\/blog\/#website\"},\"primaryImageOfPage\":{\"@id\":\"https:\/\/www.visit-ulcinj.com\/blog\/2008\/01\/26\/dinosa-dua-nece-u-taj-cirkus\/#primaryimage\"},\"datePublished\":\"2008-01-26T17:26:41+00:00\",\"dateModified\":\"2008-02-13T00:51:50+00:00\",\"author\":{\"@id\":\"https:\/\/www.visit-ulcinj.com\/blog\/#\/schema\/person\/dcab619c614d3038751c63bc2aadc06d\"},\"breadcrumb\":{\"@id\":\"https:\/\/www.visit-ulcinj.com\/blog\/2008\/01\/26\/dinosa-dua-nece-u-taj-cirkus\/#breadcrumb\"},\"inLanguage\":\"en-US\",\"potentialAction\":[{\"@type\":\"ReadAction\",\"target\":[\"https:\/\/www.visit-ulcinj.com\/blog\/2008\/01\/26\/dinosa-dua-nece-u-taj-cirkus\/\"]}]},{\"@type\":\"BreadcrumbList\",\"@id\":\"https:\/\/www.visit-ulcinj.com\/blog\/2008\/01\/26\/dinosa-dua-nece-u-taj-cirkus\/#breadcrumb\",\"itemListElement\":[{\"@type\":\"ListItem\",\"position\":1,\"name\":\"Dino\u0161a: DUA ne?e u taj cirkus\"}]},{\"@type\":\"Person\",\"@id\":\"https:\/\/www.visit-ulcinj.com\/blog\/#\/schema\/person\/dcab619c614d3038751c63bc2aadc06d\",\"name\":\"ulqini\",\"sameAs\":[\"http:\/\/www.visit-ulcinj.com\"],\"url\":\"https:\/\/www.visit-ulcinj.com\/blog\/author\/admin\/\"}]}<\/script>\n<!-- \/ Yoast SEO plugin. -->","yoast_head_json":{"title":"Dino\u0161a: DUA ne?e u taj cirkus - Lajme nga Ulqini","robots":{"index":"index","follow":"follow","max-snippet":"max-snippet:-1","max-image-preview":"max-image-preview:large","max-video-preview":"max-video-preview:-1"},"canonical":"https:\/\/www.visit-ulcinj.com\/blog\/2008\/01\/26\/dinosa-dua-nece-u-taj-cirkus\/","og_locale":"en_US","og_type":"article","og_title":"Dino\u0161a: DUA ne?e u taj cirkus - Lajme nga Ulqini","og_url":"https:\/\/www.visit-ulcinj.com\/blog\/2008\/01\/26\/dinosa-dua-nece-u-taj-cirkus\/","og_site_name":"Lajme nga Ulqini","article_published_time":"2008-01-26T17:26:41+00:00","article_modified_time":"2008-02-13T00:51:50+00:00","og_image":[{"url":"http:\/\/www.visit-ulcinj.com\/blog\/wp-content\/uploads\/2008\/01\/bardhi-dinosha.jpg"}],"twitter_misc":{"Written by":"ulqini","Est. reading time":"2 minutes"},"schema":{"@context":"https:\/\/schema.org","@graph":[{"@type":"WebSite","@id":"https:\/\/www.visit-ulcinj.com\/blog\/#website","url":"https:\/\/www.visit-ulcinj.com\/blog\/","name":"Lajme nga Ulqini","description":"Lajme,Vijesti,Ulqini,Ulqin,Crna Gora,Mali i Zi","potentialAction":[{"@type":"SearchAction","target":{"@type":"EntryPoint","urlTemplate":"https:\/\/www.visit-ulcinj.com\/blog\/?s={search_term_string}"},"query-input":"required name=search_term_string"}],"inLanguage":"en-US"},{"@type":"ImageObject","inLanguage":"en-US","@id":"https:\/\/www.visit-ulcinj.com\/blog\/2008\/01\/26\/dinosa-dua-nece-u-taj-cirkus\/#primaryimage","url":"http:\/\/www.visit-ulcinj.com\/blog\/wp-content\/uploads\/2008\/01\/bardhi-dinosha.jpg","contentUrl":"http:\/\/www.visit-ulcinj.com\/blog\/wp-content\/uploads\/2008\/01\/bardhi-dinosha.jpg"},{"@type":"WebPage","@id":"https:\/\/www.visit-ulcinj.com\/blog\/2008\/01\/26\/dinosa-dua-nece-u-taj-cirkus\/#webpage","url":"https:\/\/www.visit-ulcinj.com\/blog\/2008\/01\/26\/dinosa-dua-nece-u-taj-cirkus\/","name":"Dino\u0161a: DUA ne?e u taj cirkus - Lajme nga Ulqini","isPartOf":{"@id":"https:\/\/www.visit-ulcinj.com\/blog\/#website"},"primaryImageOfPage":{"@id":"https:\/\/www.visit-ulcinj.com\/blog\/2008\/01\/26\/dinosa-dua-nece-u-taj-cirkus\/#primaryimage"},"datePublished":"2008-01-26T17:26:41+00:00","dateModified":"2008-02-13T00:51:50+00:00","author":{"@id":"https:\/\/www.visit-ulcinj.com\/blog\/#\/schema\/person\/dcab619c614d3038751c63bc2aadc06d"},"breadcrumb":{"@id":"https:\/\/www.visit-ulcinj.com\/blog\/2008\/01\/26\/dinosa-dua-nece-u-taj-cirkus\/#breadcrumb"},"inLanguage":"en-US","potentialAction":[{"@type":"ReadAction","target":["https:\/\/www.visit-ulcinj.com\/blog\/2008\/01\/26\/dinosa-dua-nece-u-taj-cirkus\/"]}]},{"@type":"BreadcrumbList","@id":"https:\/\/www.visit-ulcinj.com\/blog\/2008\/01\/26\/dinosa-dua-nece-u-taj-cirkus\/#breadcrumb","itemListElement":[{"@type":"ListItem","position":1,"name":"Dino\u0161a: DUA ne?e u taj cirkus"}]},{"@type":"Person","@id":"https:\/\/www.visit-ulcinj.com\/blog\/#\/schema\/person\/dcab619c614d3038751c63bc2aadc06d","name":"ulqini","sameAs":["http:\/\/www.visit-ulcinj.com"],"url":"https:\/\/www.visit-ulcinj.com\/blog\/author\/admin\/"}]}},"jetpack_featured_media_url":"","jetpack_sharing_enabled":true,"jetpack_shortlink":"https:\/\/wp.me\/pe6lTn-4H","_links":{"self":[{"href":"https:\/\/www.visit-ulcinj.com\/blog\/wp-json\/wp\/v2\/posts\/291"}],"collection":[{"href":"https:\/\/www.visit-ulcinj.com\/blog\/wp-json\/wp\/v2\/posts"}],"about":[{"href":"https:\/\/www.visit-ulcinj.com\/blog\/wp-json\/wp\/v2\/types\/post"}],"author":[{"embeddable":true,"href":"https:\/\/www.visit-ulcinj.com\/blog\/wp-json\/wp\/v2\/users\/1"}],"replies":[{"embeddable":true,"href":"https:\/\/www.visit-ulcinj.com\/blog\/wp-json\/wp\/v2\/comments?post=291"}],"version-history":[{"count":0,"href":"https:\/\/www.visit-ulcinj.com\/blog\/wp-json\/wp\/v2\/posts\/291\/revisions"}],"wp:attachment":[{"href":"https:\/\/www.visit-ulcinj.com\/blog\/wp-json\/wp\/v2\/media?parent=291"}],"wp:term":[{"taxonomy":"category","embeddable":true,"href":"https:\/\/www.visit-ulcinj.com\/blog\/wp-json\/wp\/v2\/categories?post=291"},{"taxonomy":"post_tag","embeddable":true,"href":"https:\/\/www.visit-ulcinj.com\/blog\/wp-json\/wp\/v2\/tags?post=291"}],"curies":[{"name":"wp","href":"https:\/\/api.w.org\/{rel}","templated":true}]}}