{"id":29114,"date":"2010-01-06T20:24:59","date_gmt":"2010-01-06T18:24:59","guid":{"rendered":"http:\/\/www.visit-ulcinj.com\/blog\/?p=29114"},"modified":"2010-01-06T20:24:59","modified_gmt":"2010-01-06T18:24:59","slug":"vesa-luma-u-nda-me-gencin","status":"publish","type":"post","link":"https:\/\/www.visit-ulcinj.com\/blog\/2010\/01\/06\/vesa-luma-u-nda-me-gencin\/","title":{"rendered":"Vesa Luma u nda me Gencin"},"content":{"rendered":"<p><img loading=\"lazy\" class=\"alignleft\" title=\"Vesa Luma ndahet nga Genc Dobroshi\" src=\"http:\/\/www.visit-ulcinj.com\/blog\/wp-content\/uploads\/2009\/04\/vesa-luma_genc-dobroshi.jpg\" alt=\"\" width=\"580\" height=\"347\" \/>K\u00ebng\u00ebtarja Vesa Luma dhe regjisori Genc Dobroshi, pas nj\u00eb lidhjeje t\u00eb gjat\u00eb, i kishin dh\u00ebn\u00eb fund t\u00eb qenit bashk\u00eb. \u00c7ifti ishin par\u00eb s\u00eb bashku me nj\u00ebri -tjetrin n\u00ebp\u00ebr ndeja t\u00eb ndryshme dhe ndarja e tyre ka qen\u00eb nj\u00eb befasi p\u00ebr t\u00eb gjith\u00eb ata q\u00eb kan\u00eb qen\u00eb miq t\u00eb \u00e7iftit. Vesa kishte reaguar n\u00eb lidhje m\u00eb k\u00ebt\u00eb ndarje, pasi q\u00eb kishte konsideruar se gazetat nuk b\u00ebn t\u00eb shkruajn\u00eb p\u00ebr jet\u00ebn e saj private. Pas k\u00ebsaj Vesa kishte pauzuar p\u00ebr nj\u00eb koh\u00eb p\u00ebr t\u2019u kthyer p\u00ebrs\u00ebri n\u00eb sken\u00eb p\u00ebr k\u00ebt\u00eb fundvit, ku thuhet se k\u00ebng\u00ebtarja do t\u00eb jet\u00eb aktive gjat\u00eb dit\u00ebve festive. Ajo ka realizuar nj\u00eb k\u00ebng\u00eb t\u00eb re, e cila \u00ebsht\u00eb e zhanrit t\u00eb leht\u00eb t\u00eb cil\u00ebs ia ka realizuar edhe videospotin e saj.<\/p>\n<p><strong>Gazeta Express<\/strong><\/p>\n<!--YouTube Error: bad URL entered-->\n","protected":false},"excerpt":{"rendered":"<p>K\u00ebng\u00ebtarja Vesa Luma dhe regjisori Genc Dobroshi, pas nj\u00eb lidhjeje t\u00eb gjat\u00eb, i kishin dh\u00ebn\u00eb fund t\u00eb qenit bashk\u00eb. \u00c7ifti ishin par\u00eb s\u00eb bashku me nj\u00ebri -tjetrin n\u00ebp\u00ebr ndeja t\u00eb ndryshme dhe ndarja e tyre ka qen\u00eb nj\u00eb befasi p\u00ebr t\u00eb gjith\u00eb ata q\u00eb kan\u00eb qen\u00eb miq t\u00eb \u00e7iftit. Vesa kishte reaguar n\u00eb lidhje m\u00eb [&hellip;]<\/p>\n","protected":false},"author":1,"featured_media":0,"comment_status":"open","ping_status":"closed","sticky":false,"template":"","format":"standard","meta":{"spay_email":"","jetpack_publicize_message":"","jetpack_is_tweetstorm":false,"jetpack_publicize_feature_enabled":true},"categories":[1],"tags":[9525,5017],"jetpack_publicize_connections":[],"yoast_head":"<!-- This site is optimized with the Yoast SEO plugin v19.1 - https:\/\/yoast.com\/wordpress\/plugins\/seo\/ -->\n<title>Vesa Luma u nda me Gencin - Lajme nga Ulqini<\/title>\n<meta name=\"description\" content=\"K\u00ebng\u00ebtarja Vesa Luma dhe regjisori Genc Dobroshi, pas nj\u00eb lidhjeje t\u00eb gjat\u00eb, i kishin dh\u00ebn\u00eb fund t\u00eb qenit bashk\u00eb. \u00c7ifti ishin par\u00eb s\u00eb bashku me nj\u00ebri\" \/>\n<meta name=\"robots\" content=\"index, follow, max-snippet:-1, max-image-preview:large, max-video-preview:-1\" \/>\n<link rel=\"canonical\" href=\"https:\/\/www.visit-ulcinj.com\/blog\/2010\/01\/06\/vesa-luma-u-nda-me-gencin\/\" \/>\n<meta property=\"og:locale\" content=\"en_US\" \/>\n<meta property=\"og:type\" content=\"article\" \/>\n<meta property=\"og:title\" content=\"Vesa Luma u nda me Gencin - Lajme nga Ulqini\" \/>\n<meta property=\"og:description\" content=\"K\u00ebng\u00ebtarja Vesa Luma dhe regjisori Genc Dobroshi, pas nj\u00eb lidhjeje t\u00eb gjat\u00eb, i kishin dh\u00ebn\u00eb fund t\u00eb qenit bashk\u00eb. \u00c7ifti ishin par\u00eb s\u00eb bashku me nj\u00ebri\" \/>\n<meta property=\"og:url\" content=\"https:\/\/www.visit-ulcinj.com\/blog\/2010\/01\/06\/vesa-luma-u-nda-me-gencin\/\" \/>\n<meta property=\"og:site_name\" content=\"Lajme nga Ulqini\" \/>\n<meta property=\"article:published_time\" content=\"2010-01-06T18:24:59+00:00\" \/>\n<meta property=\"og:image\" content=\"http:\/\/www.visit-ulcinj.com\/blog\/wp-content\/uploads\/2009\/04\/vesa-luma_genc-dobroshi.jpg\" \/>\n<meta name=\"twitter:label1\" content=\"Written by\" \/>\n\t<meta name=\"twitter:data1\" content=\"ulqini\" \/>\n\t<meta name=\"twitter:label2\" content=\"Est. reading time\" \/>\n\t<meta name=\"twitter:data2\" content=\"1 minute\" \/>\n<script type=\"application\/ld+json\" class=\"yoast-schema-graph\">{\"@context\":\"https:\/\/schema.org\",\"@graph\":[{\"@type\":\"WebSite\",\"@id\":\"https:\/\/www.visit-ulcinj.com\/blog\/#website\",\"url\":\"https:\/\/www.visit-ulcinj.com\/blog\/\",\"name\":\"Lajme nga Ulqini\",\"description\":\"Lajme,Vijesti,Ulqini,Ulqin,Crna Gora,Mali i Zi\",\"potentialAction\":[{\"@type\":\"SearchAction\",\"target\":{\"@type\":\"EntryPoint\",\"urlTemplate\":\"https:\/\/www.visit-ulcinj.com\/blog\/?s={search_term_string}\"},\"query-input\":\"required name=search_term_string\"}],\"inLanguage\":\"en-US\"},{\"@type\":\"ImageObject\",\"inLanguage\":\"en-US\",\"@id\":\"https:\/\/www.visit-ulcinj.com\/blog\/2010\/01\/06\/vesa-luma-u-nda-me-gencin\/#primaryimage\",\"url\":\"http:\/\/www.visit-ulcinj.com\/blog\/wp-content\/uploads\/2009\/04\/vesa-luma_genc-dobroshi.jpg\",\"contentUrl\":\"http:\/\/www.visit-ulcinj.com\/blog\/wp-content\/uploads\/2009\/04\/vesa-luma_genc-dobroshi.jpg\"},{\"@type\":\"WebPage\",\"@id\":\"https:\/\/www.visit-ulcinj.com\/blog\/2010\/01\/06\/vesa-luma-u-nda-me-gencin\/#webpage\",\"url\":\"https:\/\/www.visit-ulcinj.com\/blog\/2010\/01\/06\/vesa-luma-u-nda-me-gencin\/\",\"name\":\"Vesa Luma u nda me Gencin - Lajme nga Ulqini\",\"isPartOf\":{\"@id\":\"https:\/\/www.visit-ulcinj.com\/blog\/#website\"},\"primaryImageOfPage\":{\"@id\":\"https:\/\/www.visit-ulcinj.com\/blog\/2010\/01\/06\/vesa-luma-u-nda-me-gencin\/#primaryimage\"},\"datePublished\":\"2010-01-06T18:24:59+00:00\",\"dateModified\":\"2010-01-06T18:24:59+00:00\",\"author\":{\"@id\":\"https:\/\/www.visit-ulcinj.com\/blog\/#\/schema\/person\/dcab619c614d3038751c63bc2aadc06d\"},\"description\":\"K\u00ebng\u00ebtarja Vesa Luma dhe regjisori Genc Dobroshi, pas nj\u00eb lidhjeje t\u00eb gjat\u00eb, i kishin dh\u00ebn\u00eb fund t\u00eb qenit bashk\u00eb. \u00c7ifti ishin par\u00eb s\u00eb bashku me nj\u00ebri\",\"breadcrumb\":{\"@id\":\"https:\/\/www.visit-ulcinj.com\/blog\/2010\/01\/06\/vesa-luma-u-nda-me-gencin\/#breadcrumb\"},\"inLanguage\":\"en-US\",\"potentialAction\":[{\"@type\":\"ReadAction\",\"target\":[\"https:\/\/www.visit-ulcinj.com\/blog\/2010\/01\/06\/vesa-luma-u-nda-me-gencin\/\"]}]},{\"@type\":\"BreadcrumbList\",\"@id\":\"https:\/\/www.visit-ulcinj.com\/blog\/2010\/01\/06\/vesa-luma-u-nda-me-gencin\/#breadcrumb\",\"itemListElement\":[{\"@type\":\"ListItem\",\"position\":1,\"name\":\"Vesa Luma u nda me Gencin\"}]},{\"@type\":\"Person\",\"@id\":\"https:\/\/www.visit-ulcinj.com\/blog\/#\/schema\/person\/dcab619c614d3038751c63bc2aadc06d\",\"name\":\"ulqini\",\"sameAs\":[\"http:\/\/www.visit-ulcinj.com\"],\"url\":\"https:\/\/www.visit-ulcinj.com\/blog\/author\/admin\/\"}]}<\/script>\n<!-- \/ Yoast SEO plugin. -->","yoast_head_json":{"title":"Vesa Luma u nda me Gencin - Lajme nga Ulqini","description":"K\u00ebng\u00ebtarja Vesa Luma dhe regjisori Genc Dobroshi, pas nj\u00eb lidhjeje t\u00eb gjat\u00eb, i kishin dh\u00ebn\u00eb fund t\u00eb qenit bashk\u00eb. \u00c7ifti ishin par\u00eb s\u00eb bashku me nj\u00ebri","robots":{"index":"index","follow":"follow","max-snippet":"max-snippet:-1","max-image-preview":"max-image-preview:large","max-video-preview":"max-video-preview:-1"},"canonical":"https:\/\/www.visit-ulcinj.com\/blog\/2010\/01\/06\/vesa-luma-u-nda-me-gencin\/","og_locale":"en_US","og_type":"article","og_title":"Vesa Luma u nda me Gencin - Lajme nga Ulqini","og_description":"K\u00ebng\u00ebtarja Vesa Luma dhe regjisori Genc Dobroshi, pas nj\u00eb lidhjeje t\u00eb gjat\u00eb, i kishin dh\u00ebn\u00eb fund t\u00eb qenit bashk\u00eb. \u00c7ifti ishin par\u00eb s\u00eb bashku me nj\u00ebri","og_url":"https:\/\/www.visit-ulcinj.com\/blog\/2010\/01\/06\/vesa-luma-u-nda-me-gencin\/","og_site_name":"Lajme nga Ulqini","article_published_time":"2010-01-06T18:24:59+00:00","og_image":[{"url":"http:\/\/www.visit-ulcinj.com\/blog\/wp-content\/uploads\/2009\/04\/vesa-luma_genc-dobroshi.jpg"}],"twitter_misc":{"Written by":"ulqini","Est. reading time":"1 minute"},"schema":{"@context":"https:\/\/schema.org","@graph":[{"@type":"WebSite","@id":"https:\/\/www.visit-ulcinj.com\/blog\/#website","url":"https:\/\/www.visit-ulcinj.com\/blog\/","name":"Lajme nga Ulqini","description":"Lajme,Vijesti,Ulqini,Ulqin,Crna Gora,Mali i Zi","potentialAction":[{"@type":"SearchAction","target":{"@type":"EntryPoint","urlTemplate":"https:\/\/www.visit-ulcinj.com\/blog\/?s={search_term_string}"},"query-input":"required name=search_term_string"}],"inLanguage":"en-US"},{"@type":"ImageObject","inLanguage":"en-US","@id":"https:\/\/www.visit-ulcinj.com\/blog\/2010\/01\/06\/vesa-luma-u-nda-me-gencin\/#primaryimage","url":"http:\/\/www.visit-ulcinj.com\/blog\/wp-content\/uploads\/2009\/04\/vesa-luma_genc-dobroshi.jpg","contentUrl":"http:\/\/www.visit-ulcinj.com\/blog\/wp-content\/uploads\/2009\/04\/vesa-luma_genc-dobroshi.jpg"},{"@type":"WebPage","@id":"https:\/\/www.visit-ulcinj.com\/blog\/2010\/01\/06\/vesa-luma-u-nda-me-gencin\/#webpage","url":"https:\/\/www.visit-ulcinj.com\/blog\/2010\/01\/06\/vesa-luma-u-nda-me-gencin\/","name":"Vesa Luma u nda me Gencin - Lajme nga Ulqini","isPartOf":{"@id":"https:\/\/www.visit-ulcinj.com\/blog\/#website"},"primaryImageOfPage":{"@id":"https:\/\/www.visit-ulcinj.com\/blog\/2010\/01\/06\/vesa-luma-u-nda-me-gencin\/#primaryimage"},"datePublished":"2010-01-06T18:24:59+00:00","dateModified":"2010-01-06T18:24:59+00:00","author":{"@id":"https:\/\/www.visit-ulcinj.com\/blog\/#\/schema\/person\/dcab619c614d3038751c63bc2aadc06d"},"description":"K\u00ebng\u00ebtarja Vesa Luma dhe regjisori Genc Dobroshi, pas nj\u00eb lidhjeje t\u00eb gjat\u00eb, i kishin dh\u00ebn\u00eb fund t\u00eb qenit bashk\u00eb. \u00c7ifti ishin par\u00eb s\u00eb bashku me nj\u00ebri","breadcrumb":{"@id":"https:\/\/www.visit-ulcinj.com\/blog\/2010\/01\/06\/vesa-luma-u-nda-me-gencin\/#breadcrumb"},"inLanguage":"en-US","potentialAction":[{"@type":"ReadAction","target":["https:\/\/www.visit-ulcinj.com\/blog\/2010\/01\/06\/vesa-luma-u-nda-me-gencin\/"]}]},{"@type":"BreadcrumbList","@id":"https:\/\/www.visit-ulcinj.com\/blog\/2010\/01\/06\/vesa-luma-u-nda-me-gencin\/#breadcrumb","itemListElement":[{"@type":"ListItem","position":1,"name":"Vesa Luma u nda me Gencin"}]},{"@type":"Person","@id":"https:\/\/www.visit-ulcinj.com\/blog\/#\/schema\/person\/dcab619c614d3038751c63bc2aadc06d","name":"ulqini","sameAs":["http:\/\/www.visit-ulcinj.com"],"url":"https:\/\/www.visit-ulcinj.com\/blog\/author\/admin\/"}]}},"jetpack_featured_media_url":"","jetpack_sharing_enabled":true,"jetpack_shortlink":"https:\/\/wp.me\/pe6lTn-7zA","_links":{"self":[{"href":"https:\/\/www.visit-ulcinj.com\/blog\/wp-json\/wp\/v2\/posts\/29114"}],"collection":[{"href":"https:\/\/www.visit-ulcinj.com\/blog\/wp-json\/wp\/v2\/posts"}],"about":[{"href":"https:\/\/www.visit-ulcinj.com\/blog\/wp-json\/wp\/v2\/types\/post"}],"author":[{"embeddable":true,"href":"https:\/\/www.visit-ulcinj.com\/blog\/wp-json\/wp\/v2\/users\/1"}],"replies":[{"embeddable":true,"href":"https:\/\/www.visit-ulcinj.com\/blog\/wp-json\/wp\/v2\/comments?post=29114"}],"version-history":[{"count":0,"href":"https:\/\/www.visit-ulcinj.com\/blog\/wp-json\/wp\/v2\/posts\/29114\/revisions"}],"wp:attachment":[{"href":"https:\/\/www.visit-ulcinj.com\/blog\/wp-json\/wp\/v2\/media?parent=29114"}],"wp:term":[{"taxonomy":"category","embeddable":true,"href":"https:\/\/www.visit-ulcinj.com\/blog\/wp-json\/wp\/v2\/categories?post=29114"},{"taxonomy":"post_tag","embeddable":true,"href":"https:\/\/www.visit-ulcinj.com\/blog\/wp-json\/wp\/v2\/tags?post=29114"}],"curies":[{"name":"wp","href":"https:\/\/api.w.org\/{rel}","templated":true}]}}