{"id":29117,"date":"2010-01-06T21:18:49","date_gmt":"2010-01-06T19:18:49","guid":{"rendered":"http:\/\/www.visit-ulcinj.com\/blog\/?p=29117"},"modified":"2010-01-06T21:23:37","modified_gmt":"2010-01-06T19:23:37","slug":"albani-mirami-nuk-jemi-gati-per-martese-me-ceremoni","status":"publish","type":"post","link":"https:\/\/www.visit-ulcinj.com\/blog\/2010\/01\/06\/albani-mirami-nuk-jemi-gati-per-martese-me-ceremoni\/","title":{"rendered":"Albani &#038; Mirami: Nuk jemi gati per martese me ceremoni"},"content":{"rendered":"<p><a href=\"http:\/\/www.visit-ulcinj.com\/blog\/wp-content\/uploads\/2010\/01\/Alban-skenderaj-dhe-Mirjam-Cami.2.jpg\"><img loading=\"lazy\" class=\"alignleft size-full wp-image-29118\" title=\"Alban skenderaj  dhe Mirjam Cami.2\" src=\"http:\/\/www.visit-ulcinj.com\/blog\/wp-content\/uploads\/2010\/01\/Alban-skenderaj-dhe-Mirjam-Cami.2.jpg\" alt=\"Alban skenderaj  dhe Mirjam Cami.2\" width=\"580\" height=\"400\" \/><\/a>Etaloni i bised\u00ebs s\u00eb tyre \u00ebsht\u00eb fjala \u201czem\u00ebr\u201d. Nuk e kan\u00eb braktsisur k\u00ebt\u00eb m\u00ebnyr\u00eb p\u00ebrk\u00ebdheljeje as net\u00ebve t\u00eb Festivalit t\u00eb 48-t\u00eb t\u00eb RTSH-s\u00eb, ku kane provuar eksperienc\u00ebn e tyre t\u00eb par\u00eb si prezantues n\u00eb nj\u00eb sken\u00eb t\u00eb madhe. Po \u00e7far\u00eb fshihet pas k\u00ebtij \u00e7ifti, jeta q\u00eb b\u00ebjn\u00eb n\u00eb apartamentin e tyre n\u00eb Gjermani, z\u00ebnkat e m\u00ebrit\u00eb dhe sa gjat\u00eb e shohin bashk\u00ebjetes\u00ebn e tyre. Alban Sk\u00ebnderaj dhe Miriam Cani i zbulojn\u00eb n\u00eb k\u00ebt\u00eb intervist\u00eb:<\/p>\n<p><a href=\"http:\/\/www.visit-ulcinj.com\/blog\/wp-content\/uploads\/2010\/01\/Alban-skenderaj-dhe-Mirjam-Cami.1.jpg\"><img loading=\"lazy\" class=\"alignleft size-medium wp-image-29119\" title=\"Alban skenderaj  dhe Mirjam Cami.1\" src=\"http:\/\/www.visit-ulcinj.com\/blog\/wp-content\/uploads\/2010\/01\/Alban-skenderaj-dhe-Mirjam-Cami.1-300x218.jpg\" alt=\"Alban skenderaj  dhe Mirjam Cami.1\" width=\"300\" height=\"218\" \/><\/a>Alban \u00e7far\u00eb lidhjeje ka mes \u00e7iftit Alban-Miriam, q\u00eb po shohim k\u00ebto dit\u00eb n\u00eb sken\u00eb dhe \u00e7iftit n\u00eb jet\u00ebn e p\u00ebrditshme?<br \/>\nN\u00eb fakt ndihet dhe n\u00eb sken\u00eb fakti q\u00eb jemi \u00e7ift. D\u00ebshira q\u00eb ne kemi n\u00eb p\u00ebrditshm\u00ebri p\u00ebr nj\u00eb prekje dore, p\u00ebrk\u00ebdhelje me fjal\u00ebn \u201czem\u00ebr\u201d po na ndodh dhe n\u00eb sken\u00eb. Pastaj n\u00eb p\u00ebrditsh\u00ebri kemi dhe z\u00ebnka, mbajm\u00eb dhe m\u00ebri\u2026<br \/>\nMiriam \u00e7far\u00eb modeli t\u00eb dashuruarish jeni?<br \/>\nNe hyjm\u00eb tek \u00e7iftet normale, q\u00eb kan\u00eb pak nga gjith\u00e7ka. Jemi t\u00eb ngjash\u00ebm p\u00ebrsa u p\u00ebrket pasioneve, d\u00ebshirave e vizioneve p\u00ebr jet\u00ebn. Pra, t\u00eb p\u00ebrbashk\u00ebta kemi m\u00eb shum\u00eb\u2026.<br \/>\nTi vjen si prezantues Alban n\u00eb k\u00ebt\u00eb Festival, pasi ke kaluar nj\u00eb eksperienc\u00eb jo t\u00eb mir\u00eb tre vite m\u00eb par\u00eb si an\u00ebtar jurie. Si e kujton?<br \/>\nEksperienc\u00eb jo e k\u00ebndshme dhe q\u00eb nuk do ta p\u00ebrs\u00ebrisja kurr\u00eb m\u00eb, pasi \u00ebsht\u00eb e v\u00ebshtir\u00eb t\u00eb jap\u00ebsh vler\u00ebsim p\u00ebr t\u00eb tjer\u00ebt. Megjithat\u00eb kjo pjes\u00ebmarrje \u00ebsht\u00eb n\u00eb tjet\u00ebr kontekst, pasi si prezantues je ikon\u00eb, q\u00eb vler\u00ebsohesh p\u00ebr at\u00eb q\u00eb je. Gjithsesi, nga pozicioni i prezantuesit k\u00ebt\u00eb her\u00eb do ta kuptoj m\u00eb mir\u00eb jurin\u00eb dhe ndaj do b\u00ebjm\u00eb edhe pak humor me an\u00ebtar\u00ebt.<br \/>\nMiriam keni nj\u00eb eksperinc\u00eb prezantimi n\u00eb televizionet gjermane, si po ju duket Albani?<br \/>\nPo m\u00eb duket mir\u00eb, i lirsh\u00ebm. Kemi ndihmuar nj\u00ebri-tjetrin, kemi b\u00ebr\u00eb p\u00ebrshtatjet tona n\u00eb skenar. Besoj se do ia dalim deri n\u00eb finale, edhe pse emocionet b\u00ebjn\u00eb gjera t\u00eb \u00e7uditshme. Festivali \u00ebsht\u00eb \u201clive\u201d, ndaj duhet t\u00eb jemi t\u00eb aft\u00eb p\u00ebr improvizime.<br \/>\nEdhe ju Alban keni emocione, cilat jan\u00eb frik\u00ebrat e nat\u00ebs finale?<br \/>\nUn\u00eb zakonisht ushqehem me emocionet pozitive, b\u00ebj lojra me emocionet. Por n\u00eb t\u00eb v\u00ebrtet\u00eb t\u00eb dy jemi tipa emotiv\u00eb, q\u00eb dridhemi n\u00eb sken\u00eb. Frik\u00eb kemi n\u00ebse do e mbajm\u00eb mend tekstin, apo n\u00ebse ndodhin gj\u00ebra t\u00eb papritura.<br \/>\nPas mbylljes s\u00eb festivalit, ku do pushoni Miriam?<br \/>\nDo t\u00eb nisim me koncertet p\u00ebr Vitin e ri, m\u00ebnyra m\u00eb e mir\u00eb p\u00ebr t\u00eb qen\u00eb bashk\u00eb. Diku n\u00eb fillim t\u00eb janarit do t\u00eb nisim xhirimet e klipit t\u00eb ri dhe pastaj kemi menduar t\u00eb pushojm\u00eb, dhe q\u00eb na duhet t\u00eb zgjedhim ose n\u00eb Kub\u00eb, ose n\u00eb ndonj\u00eb hotel t\u00eb mir\u00eb n\u00eb malet e Austris\u00eb.<br \/>\nPo k\u00ebt\u00eb vit ju mor\u00ebt apartamentin tuaj t\u00eb ri, ku bashk\u00ebjetoni n\u00eb Gjermani. Do t\u00eb martoheni n\u00eb 2010-\u00ebn Alban?<a href=\"http:\/\/www.visit-ulcinj.com\/blog\/wp-content\/uploads\/2010\/01\/Alban-skenderaj-dhe-Mirjam-Cami.jpg\"><img loading=\"lazy\" class=\"alignright size-medium wp-image-29120\" title=\"Alban skenderaj  dhe Mirjam Cami\" src=\"http:\/\/www.visit-ulcinj.com\/blog\/wp-content\/uploads\/2010\/01\/Alban-skenderaj-dhe-Mirjam-Cami-300x218.jpg\" alt=\"Alban skenderaj  dhe Mirjam Cami\" width=\"300\" height=\"218\" \/><\/a><br \/>\n\u00cbsht\u00eb shpejt p\u00ebr martes\u00ebn, pasi un\u00eb e shoh si kuror\u00ebzim t\u00eb lumturis\u00eb, kur i ke t\u00eb gjitha gj\u00ebrat n\u00eb rregull dhe vendos t\u00eb realizosh dhe nj\u00eb ceremoni.<br \/>\nMiriam jeni dakord?<br \/>\nPo \u00e7far\u00eb ka m\u00eb shum\u00eb martesa se kjo q\u00eb po jetojm\u00eb, ne kemi gati dy vite q\u00eb mbarojm\u00eb pun\u00eb dhe kthehemi n\u00eb sht\u00ebpi me diskutimet dhe ato z\u00ebnkat tona, se kush do gatuaj\u00eb, kush do merret me pastrimin e sht\u00ebpis\u00eb, etj. (qesh)<br \/>\nMbani inat? Kush \u00ebsht\u00eb ai q\u00eb k\u00ebrkon falje i pari, Miriam?<br \/>\nN\u00eb fakt Albani (qesh).<br \/>\nAlban nuk dini t\u00eb mbani inat?<br \/>\nUn\u00eb kaloj shpejt nga nj\u00eb gjendje n\u00eb tjetr\u00ebn. Por z\u00ebnkat i shoh si shenj\u00eb e mir\u00eb pasi tregon q\u00eb kemi karakter, nuk pajtohemi me gjith\u00e7ka.<br \/>\nSa vite larg e shihni bashk\u00ebjetes\u00ebn tuaj si \u00e7ift Alban?<br \/>\nPo tani mund t\u00eb themi 10 vite e m\u00eb shum\u00eb, ndoshta gjith\u00eb jet\u00ebn.<br \/>\nPse kaq t\u00eb sigurt?<br \/>\nPo sepse ne duhemi dhe t\u00eb dy bashk\u00eb kemi b\u00ebr\u00eb gj\u00ebra p\u00ebr her\u00eb t\u00eb par\u00eb. Pretendohet q\u00eb dashuria e v\u00ebrtet\u00eb t\u00eb quhet ajo kur merr vendime t\u00eb r\u00ebnd\u00ebsishme n\u00eb jet\u00eb me nj\u00ebri-tjetrin dhe ne e kemi marr\u00eb, pasi as un\u00eb e as Miriami nuk kishim bashk\u00ebjetuar ndonj\u00ebher\u00eb m\u00eb par\u00eb.<br \/>\nI b\u00ebni dhurata nj\u00ebri- tjetrit, k\u00ebt\u00eb vit \u00e7far\u00eb keni menduar Alban?<br \/>\nMiriami \u00ebsht\u00eb m\u00eb e zonja. Un\u00eb do p\u00ebrmir\u00ebsohem, dhe p\u00ebr k\u00ebt\u00eb vit ende nuk ia kemi dh\u00ebn\u00eb nj\u00ebri-tjetrit dhuratat, ndaj s\u2019mund ta zbuloj.<br \/>\nKeni b\u00ebr\u00eb nj\u00eb plan p\u00ebr 2010, si do jet\u00eb?<br \/>\nKemi d\u00ebshir\u00eb t\u00eb ecim me vizione. Nj\u00eb nga planet \u00ebsht\u00eb nxjerrja e albumit t\u00eb tret\u00eb q\u00eb pritet t\u00eb dal\u00eb n\u00eb ver\u00eb, si dhe disa koncerte ku jemi ftuar t\u00eb dy n\u00ebp\u00ebr bot\u00eb.<\/p>\n<p><strong>Panorama Plus<br \/>\n<\/p>\n<p><\/strong><\/p>\n<p><strong> <\/strong><\/p>\n<!--YouTube Error: bad URL entered-->\n","protected":false},"excerpt":{"rendered":"<p>Etaloni i bised\u00ebs s\u00eb tyre \u00ebsht\u00eb fjala \u201czem\u00ebr\u201d. Nuk e kan\u00eb braktsisur k\u00ebt\u00eb m\u00ebnyr\u00eb p\u00ebrk\u00ebdheljeje as net\u00ebve t\u00eb Festivalit t\u00eb 48-t\u00eb t\u00eb RTSH-s\u00eb, ku kane provuar eksperienc\u00ebn e tyre t\u00eb par\u00eb si prezantues n\u00eb nj\u00eb sken\u00eb t\u00eb madhe. Po \u00e7far\u00eb fshihet pas k\u00ebtij \u00e7ifti, jeta q\u00eb b\u00ebjn\u00eb n\u00eb apartamentin e tyre n\u00eb Gjermani, z\u00ebnkat e [&hellip;]<\/p>\n","protected":false},"author":1,"featured_media":0,"comment_status":"open","ping_status":"closed","sticky":false,"template":"","format":"standard","meta":{"spay_email":"","jetpack_publicize_message":"","jetpack_is_tweetstorm":false,"jetpack_publicize_feature_enabled":true},"categories":[1],"tags":[4019,13187],"jetpack_publicize_connections":[],"yoast_head":"<!-- This site is optimized with the Yoast SEO plugin v19.1 - https:\/\/yoast.com\/wordpress\/plugins\/seo\/ -->\n<title>Albani &amp; Mirami: Nuk jemi gati per martese me ceremoni - Lajme nga Ulqini<\/title>\n<meta name=\"description\" content=\"Etaloni i bised\u00ebs s\u00eb tyre \u00ebsht\u00eb fjala \u201czem\u00ebr\u201d. Nuk e kan\u00eb braktsisur k\u00ebt\u00eb m\u00ebnyr\u00eb p\u00ebrk\u00ebdheljeje as net\u00ebve t\u00eb Festivalit t\u00eb 48-t\u00eb t\u00eb RTSH-s\u00eb, ku kane\" \/>\n<meta name=\"robots\" content=\"index, follow, max-snippet:-1, max-image-preview:large, max-video-preview:-1\" \/>\n<link rel=\"canonical\" href=\"https:\/\/www.visit-ulcinj.com\/blog\/2010\/01\/06\/albani-mirami-nuk-jemi-gati-per-martese-me-ceremoni\/\" \/>\n<meta property=\"og:locale\" content=\"en_US\" \/>\n<meta property=\"og:type\" content=\"article\" \/>\n<meta property=\"og:title\" content=\"Albani &amp; Mirami: Nuk jemi gati per martese me ceremoni - Lajme nga Ulqini\" \/>\n<meta property=\"og:description\" content=\"Etaloni i bised\u00ebs s\u00eb tyre \u00ebsht\u00eb fjala \u201czem\u00ebr\u201d. Nuk e kan\u00eb braktsisur k\u00ebt\u00eb m\u00ebnyr\u00eb p\u00ebrk\u00ebdheljeje as net\u00ebve t\u00eb Festivalit t\u00eb 48-t\u00eb t\u00eb RTSH-s\u00eb, ku kane\" \/>\n<meta property=\"og:url\" content=\"https:\/\/www.visit-ulcinj.com\/blog\/2010\/01\/06\/albani-mirami-nuk-jemi-gati-per-martese-me-ceremoni\/\" \/>\n<meta property=\"og:site_name\" content=\"Lajme nga Ulqini\" \/>\n<meta property=\"article:published_time\" content=\"2010-01-06T19:18:49+00:00\" \/>\n<meta property=\"article:modified_time\" content=\"2010-01-06T19:23:37+00:00\" \/>\n<meta property=\"og:image\" content=\"https:\/\/www.visit-ulcinj.com\/blog\/wp-content\/uploads\/2010\/01\/Alban-skenderaj-dhe-Mirjam-Cami.2-150x150.jpg\" \/>\n<meta name=\"twitter:label1\" content=\"Written by\" \/>\n\t<meta name=\"twitter:data1\" content=\"ulqini\" \/>\n\t<meta name=\"twitter:label2\" content=\"Est. reading time\" \/>\n\t<meta name=\"twitter:data2\" content=\"4 minutes\" \/>\n<script type=\"application\/ld+json\" class=\"yoast-schema-graph\">{\"@context\":\"https:\/\/schema.org\",\"@graph\":[{\"@type\":\"WebSite\",\"@id\":\"https:\/\/www.visit-ulcinj.com\/blog\/#website\",\"url\":\"https:\/\/www.visit-ulcinj.com\/blog\/\",\"name\":\"Lajme nga Ulqini\",\"description\":\"Lajme,Vijesti,Ulqini,Ulqin,Crna Gora,Mali i Zi\",\"potentialAction\":[{\"@type\":\"SearchAction\",\"target\":{\"@type\":\"EntryPoint\",\"urlTemplate\":\"https:\/\/www.visit-ulcinj.com\/blog\/?s={search_term_string}\"},\"query-input\":\"required name=search_term_string\"}],\"inLanguage\":\"en-US\"},{\"@type\":\"ImageObject\",\"inLanguage\":\"en-US\",\"@id\":\"https:\/\/www.visit-ulcinj.com\/blog\/2010\/01\/06\/albani-mirami-nuk-jemi-gati-per-martese-me-ceremoni\/#primaryimage\",\"url\":\"http:\/\/www.visit-ulcinj.com\/blog\/wp-content\/uploads\/2010\/01\/Alban-skenderaj-dhe-Mirjam-Cami.2.jpg\",\"contentUrl\":\"http:\/\/www.visit-ulcinj.com\/blog\/wp-content\/uploads\/2010\/01\/Alban-skenderaj-dhe-Mirjam-Cami.2.jpg\"},{\"@type\":\"WebPage\",\"@id\":\"https:\/\/www.visit-ulcinj.com\/blog\/2010\/01\/06\/albani-mirami-nuk-jemi-gati-per-martese-me-ceremoni\/#webpage\",\"url\":\"https:\/\/www.visit-ulcinj.com\/blog\/2010\/01\/06\/albani-mirami-nuk-jemi-gati-per-martese-me-ceremoni\/\",\"name\":\"Albani & Mirami: Nuk jemi gati per martese me ceremoni - Lajme nga Ulqini\",\"isPartOf\":{\"@id\":\"https:\/\/www.visit-ulcinj.com\/blog\/#website\"},\"primaryImageOfPage\":{\"@id\":\"https:\/\/www.visit-ulcinj.com\/blog\/2010\/01\/06\/albani-mirami-nuk-jemi-gati-per-martese-me-ceremoni\/#primaryimage\"},\"datePublished\":\"2010-01-06T19:18:49+00:00\",\"dateModified\":\"2010-01-06T19:23:37+00:00\",\"author\":{\"@id\":\"https:\/\/www.visit-ulcinj.com\/blog\/#\/schema\/person\/dcab619c614d3038751c63bc2aadc06d\"},\"description\":\"Etaloni i bised\u00ebs s\u00eb tyre \u00ebsht\u00eb fjala \u201czem\u00ebr\u201d. Nuk e kan\u00eb braktsisur k\u00ebt\u00eb m\u00ebnyr\u00eb p\u00ebrk\u00ebdheljeje as net\u00ebve t\u00eb Festivalit t\u00eb 48-t\u00eb t\u00eb RTSH-s\u00eb, ku kane\",\"breadcrumb\":{\"@id\":\"https:\/\/www.visit-ulcinj.com\/blog\/2010\/01\/06\/albani-mirami-nuk-jemi-gati-per-martese-me-ceremoni\/#breadcrumb\"},\"inLanguage\":\"en-US\",\"potentialAction\":[{\"@type\":\"ReadAction\",\"target\":[\"https:\/\/www.visit-ulcinj.com\/blog\/2010\/01\/06\/albani-mirami-nuk-jemi-gati-per-martese-me-ceremoni\/\"]}]},{\"@type\":\"BreadcrumbList\",\"@id\":\"https:\/\/www.visit-ulcinj.com\/blog\/2010\/01\/06\/albani-mirami-nuk-jemi-gati-per-martese-me-ceremoni\/#breadcrumb\",\"itemListElement\":[{\"@type\":\"ListItem\",\"position\":1,\"name\":\"Albani &#038; Mirami: Nuk jemi gati per martese me ceremoni\"}]},{\"@type\":\"Person\",\"@id\":\"https:\/\/www.visit-ulcinj.com\/blog\/#\/schema\/person\/dcab619c614d3038751c63bc2aadc06d\",\"name\":\"ulqini\",\"sameAs\":[\"http:\/\/www.visit-ulcinj.com\"],\"url\":\"https:\/\/www.visit-ulcinj.com\/blog\/author\/admin\/\"}]}<\/script>\n<!-- \/ Yoast SEO plugin. -->","yoast_head_json":{"title":"Albani & Mirami: Nuk jemi gati per martese me ceremoni - Lajme nga Ulqini","description":"Etaloni i bised\u00ebs s\u00eb tyre \u00ebsht\u00eb fjala \u201czem\u00ebr\u201d. Nuk e kan\u00eb braktsisur k\u00ebt\u00eb m\u00ebnyr\u00eb p\u00ebrk\u00ebdheljeje as net\u00ebve t\u00eb Festivalit t\u00eb 48-t\u00eb t\u00eb RTSH-s\u00eb, ku kane","robots":{"index":"index","follow":"follow","max-snippet":"max-snippet:-1","max-image-preview":"max-image-preview:large","max-video-preview":"max-video-preview:-1"},"canonical":"https:\/\/www.visit-ulcinj.com\/blog\/2010\/01\/06\/albani-mirami-nuk-jemi-gati-per-martese-me-ceremoni\/","og_locale":"en_US","og_type":"article","og_title":"Albani & Mirami: Nuk jemi gati per martese me ceremoni - Lajme nga Ulqini","og_description":"Etaloni i bised\u00ebs s\u00eb tyre \u00ebsht\u00eb fjala \u201czem\u00ebr\u201d. Nuk e kan\u00eb braktsisur k\u00ebt\u00eb m\u00ebnyr\u00eb p\u00ebrk\u00ebdheljeje as net\u00ebve t\u00eb Festivalit t\u00eb 48-t\u00eb t\u00eb RTSH-s\u00eb, ku kane","og_url":"https:\/\/www.visit-ulcinj.com\/blog\/2010\/01\/06\/albani-mirami-nuk-jemi-gati-per-martese-me-ceremoni\/","og_site_name":"Lajme nga Ulqini","article_published_time":"2010-01-06T19:18:49+00:00","article_modified_time":"2010-01-06T19:23:37+00:00","og_image":[{"url":"https:\/\/www.visit-ulcinj.com\/blog\/wp-content\/uploads\/2010\/01\/Alban-skenderaj-dhe-Mirjam-Cami.2-150x150.jpg"}],"twitter_misc":{"Written by":"ulqini","Est. reading time":"4 minutes"},"schema":{"@context":"https:\/\/schema.org","@graph":[{"@type":"WebSite","@id":"https:\/\/www.visit-ulcinj.com\/blog\/#website","url":"https:\/\/www.visit-ulcinj.com\/blog\/","name":"Lajme nga Ulqini","description":"Lajme,Vijesti,Ulqini,Ulqin,Crna Gora,Mali i Zi","potentialAction":[{"@type":"SearchAction","target":{"@type":"EntryPoint","urlTemplate":"https:\/\/www.visit-ulcinj.com\/blog\/?s={search_term_string}"},"query-input":"required name=search_term_string"}],"inLanguage":"en-US"},{"@type":"ImageObject","inLanguage":"en-US","@id":"https:\/\/www.visit-ulcinj.com\/blog\/2010\/01\/06\/albani-mirami-nuk-jemi-gati-per-martese-me-ceremoni\/#primaryimage","url":"http:\/\/www.visit-ulcinj.com\/blog\/wp-content\/uploads\/2010\/01\/Alban-skenderaj-dhe-Mirjam-Cami.2.jpg","contentUrl":"http:\/\/www.visit-ulcinj.com\/blog\/wp-content\/uploads\/2010\/01\/Alban-skenderaj-dhe-Mirjam-Cami.2.jpg"},{"@type":"WebPage","@id":"https:\/\/www.visit-ulcinj.com\/blog\/2010\/01\/06\/albani-mirami-nuk-jemi-gati-per-martese-me-ceremoni\/#webpage","url":"https:\/\/www.visit-ulcinj.com\/blog\/2010\/01\/06\/albani-mirami-nuk-jemi-gati-per-martese-me-ceremoni\/","name":"Albani & Mirami: Nuk jemi gati per martese me ceremoni - Lajme nga Ulqini","isPartOf":{"@id":"https:\/\/www.visit-ulcinj.com\/blog\/#website"},"primaryImageOfPage":{"@id":"https:\/\/www.visit-ulcinj.com\/blog\/2010\/01\/06\/albani-mirami-nuk-jemi-gati-per-martese-me-ceremoni\/#primaryimage"},"datePublished":"2010-01-06T19:18:49+00:00","dateModified":"2010-01-06T19:23:37+00:00","author":{"@id":"https:\/\/www.visit-ulcinj.com\/blog\/#\/schema\/person\/dcab619c614d3038751c63bc2aadc06d"},"description":"Etaloni i bised\u00ebs s\u00eb tyre \u00ebsht\u00eb fjala \u201czem\u00ebr\u201d. Nuk e kan\u00eb braktsisur k\u00ebt\u00eb m\u00ebnyr\u00eb p\u00ebrk\u00ebdheljeje as net\u00ebve t\u00eb Festivalit t\u00eb 48-t\u00eb t\u00eb RTSH-s\u00eb, ku kane","breadcrumb":{"@id":"https:\/\/www.visit-ulcinj.com\/blog\/2010\/01\/06\/albani-mirami-nuk-jemi-gati-per-martese-me-ceremoni\/#breadcrumb"},"inLanguage":"en-US","potentialAction":[{"@type":"ReadAction","target":["https:\/\/www.visit-ulcinj.com\/blog\/2010\/01\/06\/albani-mirami-nuk-jemi-gati-per-martese-me-ceremoni\/"]}]},{"@type":"BreadcrumbList","@id":"https:\/\/www.visit-ulcinj.com\/blog\/2010\/01\/06\/albani-mirami-nuk-jemi-gati-per-martese-me-ceremoni\/#breadcrumb","itemListElement":[{"@type":"ListItem","position":1,"name":"Albani &#038; Mirami: Nuk jemi gati per martese me ceremoni"}]},{"@type":"Person","@id":"https:\/\/www.visit-ulcinj.com\/blog\/#\/schema\/person\/dcab619c614d3038751c63bc2aadc06d","name":"ulqini","sameAs":["http:\/\/www.visit-ulcinj.com"],"url":"https:\/\/www.visit-ulcinj.com\/blog\/author\/admin\/"}]}},"jetpack_featured_media_url":"","jetpack_sharing_enabled":true,"jetpack_shortlink":"https:\/\/wp.me\/pe6lTn-7zD","_links":{"self":[{"href":"https:\/\/www.visit-ulcinj.com\/blog\/wp-json\/wp\/v2\/posts\/29117"}],"collection":[{"href":"https:\/\/www.visit-ulcinj.com\/blog\/wp-json\/wp\/v2\/posts"}],"about":[{"href":"https:\/\/www.visit-ulcinj.com\/blog\/wp-json\/wp\/v2\/types\/post"}],"author":[{"embeddable":true,"href":"https:\/\/www.visit-ulcinj.com\/blog\/wp-json\/wp\/v2\/users\/1"}],"replies":[{"embeddable":true,"href":"https:\/\/www.visit-ulcinj.com\/blog\/wp-json\/wp\/v2\/comments?post=29117"}],"version-history":[{"count":0,"href":"https:\/\/www.visit-ulcinj.com\/blog\/wp-json\/wp\/v2\/posts\/29117\/revisions"}],"wp:attachment":[{"href":"https:\/\/www.visit-ulcinj.com\/blog\/wp-json\/wp\/v2\/media?parent=29117"}],"wp:term":[{"taxonomy":"category","embeddable":true,"href":"https:\/\/www.visit-ulcinj.com\/blog\/wp-json\/wp\/v2\/categories?post=29117"},{"taxonomy":"post_tag","embeddable":true,"href":"https:\/\/www.visit-ulcinj.com\/blog\/wp-json\/wp\/v2\/tags?post=29117"}],"curies":[{"name":"wp","href":"https:\/\/api.w.org\/{rel}","templated":true}]}}