{"id":29124,"date":"2010-01-07T17:31:32","date_gmt":"2010-01-07T15:31:32","guid":{"rendered":"http:\/\/www.visit-ulcinj.com\/blog\/?p=29124"},"modified":"2010-01-08T17:54:12","modified_gmt":"2010-01-08T15:54:12","slug":"predsjednik-gzim-hajdinaga-posjetio-pravoslavnu-crkvu-u-ulcinju","status":"publish","type":"post","link":"https:\/\/www.visit-ulcinj.com\/blog\/2010\/01\/07\/predsjednik-gzim-hajdinaga-posjetio-pravoslavnu-crkvu-u-ulcinju\/","title":{"rendered":"Predsjednik Gzim Hajdinaga posjetio pravoslavnu crkvu u Ulcinju"},"content":{"rendered":"<p><a href=\"http:\/\/www.visit-ulcinj.com\/blog\/wp-content\/uploads\/2010\/01\/Predsjednik-Gzim-Hajdinaga-i-Prota-Radojica-Bozovic.jpg\"><img loading=\"lazy\" class=\"alignnone size-thumbnail wp-image-29125\" title=\"Predsjednik Gzim Hajdinaga i Prota Radojica Bozovic\" src=\"http:\/\/www.visit-ulcinj.com\/blog\/wp-content\/uploads\/2010\/01\/Predsjednik-Gzim-Hajdinaga-i-Prota-Radojica-Bozovic-150x150.jpg\" alt=\"Predsjednik Gzim Hajdinaga i Prota Radojica Bozovic\" width=\"0\" height=\"0\" \/><\/a><a href=\"http:\/\/www.visit-ulcinj.com\/blog\/wp-content\/uploads\/2010\/01\/Predsjednik-Gzim-Hajdinaga-i-Prota-Radojica-Bozovic.jpg\"><img loading=\"lazy\" class=\"alignleft size-full wp-image-29125\" title=\"Predsjednik Gzim Hajdinaga i Prota Radojica Bozovic\" src=\"http:\/\/www.visit-ulcinj.com\/blog\/wp-content\/uploads\/2010\/01\/Predsjednik-Gzim-Hajdinaga-i-Prota-Radojica-Bozovic.jpg\" alt=\"Predsjednik Gzim Hajdinaga i Prota Radojica Bozovic\" width=\"580\" height=\"400\" \/><\/a>Predsjednik Ulcinja Gzim Hajdinaga\u00a0 posjetio pravoslavnu crkvu u Ulcinju.<br \/>\nTokom susreta predsjednika Ulcinja Gzima Hajdinage i prota Radojica Bozovi? istaknuta je va\u017enost da se odr\u017eavaju dobri odnosi te da se poja?a i pro\u0161iri suradnja u budu?nosti.<br \/>\n\n\t\t<style type=\"text\/css\">\n\t\t\t#gallery-1 {\n\t\t\t\tmargin: auto;\n\t\t\t}\n\t\t\t#gallery-1 .gallery-item {\n\t\t\t\tfloat: left;\n\t\t\t\tmargin-top: 10px;\n\t\t\t\ttext-align: center;\n\t\t\t\twidth: 33%;\n\t\t\t}\n\t\t\t#gallery-1 img {\n\t\t\t\tborder: 2px solid #cfcfcf;\n\t\t\t}\n\t\t\t#gallery-1 .gallery-caption {\n\t\t\t\tmargin-left: 0;\n\t\t\t}\n\t\t\t\/* see gallery_shortcode() in wp-includes\/media.php *\/\n\t\t<\/style>\n\t\t<div id='gallery-1' class='gallery galleryid-29124 gallery-columns-3 gallery-size-thumbnail'><dl class='gallery-item'>\n\t\t\t<dt class='gallery-icon landscape'>\n\t\t\t\t<a href='https:\/\/www.visit-ulcinj.com\/blog\/wp-content\/uploads\/2010\/01\/Predsjednik-Gzim-Hajdinaga-i-Prota-Radojica-Bozovic.jpg'><img width=\"150\" height=\"150\" src=\"https:\/\/www.visit-ulcinj.com\/blog\/wp-content\/uploads\/2010\/01\/Predsjednik-Gzim-Hajdinaga-i-Prota-Radojica-Bozovic-150x150.jpg\" class=\"attachment-thumbnail size-thumbnail\" alt=\"\" loading=\"lazy\" \/><\/a>\n\t\t\t<\/dt><\/dl><dl class='gallery-item'>\n\t\t\t<dt class='gallery-icon landscape'>\n\t\t\t\t<a href='https:\/\/www.visit-ulcinj.com\/blog\/wp-content\/uploads\/2010\/01\/Predsjednik-Gzim-Hajdinaga-i-Prota-Radojica-Bozovic.1.jpg'><img width=\"150\" height=\"150\" src=\"https:\/\/www.visit-ulcinj.com\/blog\/wp-content\/uploads\/2010\/01\/Predsjednik-Gzim-Hajdinaga-i-Prota-Radojica-Bozovic.1-150x150.jpg\" class=\"attachment-thumbnail size-thumbnail\" alt=\"\" loading=\"lazy\" \/><\/a>\n\t\t\t<\/dt><\/dl><dl class='gallery-item'>\n\t\t\t<dt class='gallery-icon landscape'>\n\t\t\t\t<a href='https:\/\/www.visit-ulcinj.com\/blog\/wp-content\/uploads\/2010\/01\/Predsjednik-Gzim-Hajdinaga-i-Prota-Radojica-Bozovic.2.jpg'><img width=\"150\" height=\"150\" src=\"https:\/\/www.visit-ulcinj.com\/blog\/wp-content\/uploads\/2010\/01\/Predsjednik-Gzim-Hajdinaga-i-Prota-Radojica-Bozovic.2-150x150.jpg\" class=\"attachment-thumbnail size-thumbnail\" alt=\"\" loading=\"lazy\" \/><\/a>\n\t\t\t<\/dt><\/dl><br style=\"clear: both\" \/><dl class='gallery-item'>\n\t\t\t<dt class='gallery-icon landscape'>\n\t\t\t\t<a href='https:\/\/www.visit-ulcinj.com\/blog\/wp-content\/uploads\/2010\/01\/Predsjednik-Gzim-Hajdinaga-i-Prota-Radojica-Bozovic.3.jpg'><img width=\"150\" height=\"150\" src=\"https:\/\/www.visit-ulcinj.com\/blog\/wp-content\/uploads\/2010\/01\/Predsjednik-Gzim-Hajdinaga-i-Prota-Radojica-Bozovic.3-150x150.jpg\" class=\"attachment-thumbnail size-thumbnail\" alt=\"\" loading=\"lazy\" \/><\/a>\n\t\t\t<\/dt><\/dl>\n\t\t\t<br style='clear: both' \/>\n\t\t<\/div>\n<\/p>\n<p><a href=\"http:\/\/www.visit-ulcinj.com\/blog\/wp-content\/uploads\/2010\/01\/Predsjednik-Gzim-Hajdinaga-i-Prota-Radojica-Bozovic.1.jpg\"><img loading=\"lazy\" class=\"alignnone size-thumbnail wp-image-29126\" title=\"Predsjednik Gzim Hajdinaga i Prota Radojica Bozovic.1\" src=\"http:\/\/www.visit-ulcinj.com\/blog\/wp-content\/uploads\/2010\/01\/Predsjednik-Gzim-Hajdinaga-i-Prota-Radojica-Bozovic.1-150x150.jpg\" alt=\"Predsjednik Gzim Hajdinaga i Prota Radojica Bozovic.1\" width=\"0\" height=\"0\" \/><\/a><a href=\"http:\/\/www.visit-ulcinj.com\/blog\/wp-content\/uploads\/2010\/01\/Predsjednik-Gzim-Hajdinaga-i-Prota-Radojica-Bozovic.2.jpg\"><img loading=\"lazy\" class=\"alignnone size-thumbnail wp-image-29127\" title=\"Predsjednik Gzim Hajdinaga i Prota Radojica Bozovic.2\" src=\"http:\/\/www.visit-ulcinj.com\/blog\/wp-content\/uploads\/2010\/01\/Predsjednik-Gzim-Hajdinaga-i-Prota-Radojica-Bozovic.2-150x150.jpg\" alt=\"Predsjednik Gzim Hajdinaga i Prota Radojica Bozovic.2\" width=\"0\" height=\"0\" \/><\/a><a href=\"http:\/\/www.visit-ulcinj.com\/blog\/wp-content\/uploads\/2010\/01\/Predsjednik-Gzim-Hajdinaga-i-Prota-Radojica-Bozovic.3.jpg\"><img loading=\"lazy\" class=\"alignnone size-thumbnail wp-image-29128\" title=\"Predsjednik Gzim Hajdinaga i Prota Radojica Bozovic.3\" src=\"http:\/\/www.visit-ulcinj.com\/blog\/wp-content\/uploads\/2010\/01\/Predsjednik-Gzim-Hajdinaga-i-Prota-Radojica-Bozovic.3-150x150.jpg\" alt=\"Predsjednik Gzim Hajdinaga i Prota Radojica Bozovic.3\" width=\"0\" height=\"0\" \/><\/a><\/p>\n","protected":false},"excerpt":{"rendered":"<p>Predsjednik Ulcinja Gzim Hajdinaga\u00a0 posjetio pravoslavnu crkvu u Ulcinju. Tokom susreta predsjednika Ulcinja Gzima Hajdinage i prota Radojica Bozovi? istaknuta je va\u017enost da se odr\u017eavaju dobri odnosi te da se poja?a i pro\u0161iri suradnja u budu?nosti.<\/p>\n","protected":false},"author":1,"featured_media":0,"comment_status":"open","ping_status":"closed","sticky":false,"template":"","format":"standard","meta":{"spay_email":"","jetpack_publicize_message":"","jetpack_is_tweetstorm":false,"jetpack_publicize_feature_enabled":true},"categories":[11],"tags":[13191,13188,13190,13189],"jetpack_publicize_connections":[],"yoast_head":"<!-- This site is optimized with the Yoast SEO plugin v19.1 - https:\/\/yoast.com\/wordpress\/plugins\/seo\/ -->\n<title>Predsjednik Gzim Hajdinaga posjetio pravoslavnu crkvu u Ulcinju - Lajme nga Ulqini<\/title>\n<meta name=\"description\" content=\"Predsjednik Ulcinja Gzim Hajdinaga\u00a0 posjetio pravoslavnu crkvu u Ulcinju. Tokom susreta predsjednika Ulcinja Gzima Hajdinage i prota Radojica Bozovi?\" \/>\n<meta name=\"robots\" content=\"index, follow, max-snippet:-1, max-image-preview:large, max-video-preview:-1\" \/>\n<link rel=\"canonical\" href=\"https:\/\/www.visit-ulcinj.com\/blog\/2010\/01\/07\/predsjednik-gzim-hajdinaga-posjetio-pravoslavnu-crkvu-u-ulcinju\/\" \/>\n<meta property=\"og:locale\" content=\"en_US\" \/>\n<meta property=\"og:type\" content=\"article\" \/>\n<meta property=\"og:title\" content=\"Predsjednik Gzim Hajdinaga posjetio pravoslavnu crkvu u Ulcinju - Lajme nga Ulqini\" \/>\n<meta property=\"og:description\" content=\"Predsjednik Ulcinja Gzim Hajdinaga\u00a0 posjetio pravoslavnu crkvu u Ulcinju. Tokom susreta predsjednika Ulcinja Gzima Hajdinage i prota Radojica Bozovi?\" \/>\n<meta property=\"og:url\" content=\"https:\/\/www.visit-ulcinj.com\/blog\/2010\/01\/07\/predsjednik-gzim-hajdinaga-posjetio-pravoslavnu-crkvu-u-ulcinju\/\" \/>\n<meta property=\"og:site_name\" content=\"Lajme nga Ulqini\" \/>\n<meta property=\"article:published_time\" content=\"2010-01-07T15:31:32+00:00\" \/>\n<meta property=\"article:modified_time\" content=\"2010-01-08T15:54:12+00:00\" \/>\n<meta property=\"og:image\" content=\"https:\/\/www.visit-ulcinj.com\/blog\/wp-content\/uploads\/2010\/01\/Predsjednik-Gzim-Hajdinaga-i-Prota-Radojica-Bozovic-150x150.jpg\" \/>\n<meta name=\"twitter:label1\" content=\"Written by\" \/>\n\t<meta name=\"twitter:data1\" content=\"ulqini\" \/>\n<script type=\"application\/ld+json\" class=\"yoast-schema-graph\">{\"@context\":\"https:\/\/schema.org\",\"@graph\":[{\"@type\":\"WebSite\",\"@id\":\"https:\/\/www.visit-ulcinj.com\/blog\/#website\",\"url\":\"https:\/\/www.visit-ulcinj.com\/blog\/\",\"name\":\"Lajme nga Ulqini\",\"description\":\"Lajme,Vijesti,Ulqini,Ulqin,Crna Gora,Mali i Zi\",\"potentialAction\":[{\"@type\":\"SearchAction\",\"target\":{\"@type\":\"EntryPoint\",\"urlTemplate\":\"https:\/\/www.visit-ulcinj.com\/blog\/?s={search_term_string}\"},\"query-input\":\"required name=search_term_string\"}],\"inLanguage\":\"en-US\"},{\"@type\":\"ImageObject\",\"inLanguage\":\"en-US\",\"@id\":\"https:\/\/www.visit-ulcinj.com\/blog\/2010\/01\/07\/predsjednik-gzim-hajdinaga-posjetio-pravoslavnu-crkvu-u-ulcinju\/#primaryimage\",\"url\":\"https:\/\/www.visit-ulcinj.com\/blog\/wp-content\/uploads\/2010\/01\/Predsjednik-Gzim-Hajdinaga-i-Prota-Radojica-Bozovic.jpg\",\"contentUrl\":\"https:\/\/www.visit-ulcinj.com\/blog\/wp-content\/uploads\/2010\/01\/Predsjednik-Gzim-Hajdinaga-i-Prota-Radojica-Bozovic.jpg\",\"width\":\"1024\",\"height\":\"768\"},{\"@type\":\"WebPage\",\"@id\":\"https:\/\/www.visit-ulcinj.com\/blog\/2010\/01\/07\/predsjednik-gzim-hajdinaga-posjetio-pravoslavnu-crkvu-u-ulcinju\/#webpage\",\"url\":\"https:\/\/www.visit-ulcinj.com\/blog\/2010\/01\/07\/predsjednik-gzim-hajdinaga-posjetio-pravoslavnu-crkvu-u-ulcinju\/\",\"name\":\"Predsjednik Gzim Hajdinaga posjetio pravoslavnu crkvu u Ulcinju - Lajme nga Ulqini\",\"isPartOf\":{\"@id\":\"https:\/\/www.visit-ulcinj.com\/blog\/#website\"},\"primaryImageOfPage\":{\"@id\":\"https:\/\/www.visit-ulcinj.com\/blog\/2010\/01\/07\/predsjednik-gzim-hajdinaga-posjetio-pravoslavnu-crkvu-u-ulcinju\/#primaryimage\"},\"datePublished\":\"2010-01-07T15:31:32+00:00\",\"dateModified\":\"2010-01-08T15:54:12+00:00\",\"author\":{\"@id\":\"https:\/\/www.visit-ulcinj.com\/blog\/#\/schema\/person\/dcab619c614d3038751c63bc2aadc06d\"},\"description\":\"Predsjednik Ulcinja Gzim Hajdinaga\u00a0 posjetio pravoslavnu crkvu u Ulcinju. Tokom susreta predsjednika Ulcinja Gzima Hajdinage i prota Radojica Bozovi?\",\"breadcrumb\":{\"@id\":\"https:\/\/www.visit-ulcinj.com\/blog\/2010\/01\/07\/predsjednik-gzim-hajdinaga-posjetio-pravoslavnu-crkvu-u-ulcinju\/#breadcrumb\"},\"inLanguage\":\"en-US\",\"potentialAction\":[{\"@type\":\"ReadAction\",\"target\":[\"https:\/\/www.visit-ulcinj.com\/blog\/2010\/01\/07\/predsjednik-gzim-hajdinaga-posjetio-pravoslavnu-crkvu-u-ulcinju\/\"]}]},{\"@type\":\"BreadcrumbList\",\"@id\":\"https:\/\/www.visit-ulcinj.com\/blog\/2010\/01\/07\/predsjednik-gzim-hajdinaga-posjetio-pravoslavnu-crkvu-u-ulcinju\/#breadcrumb\",\"itemListElement\":[{\"@type\":\"ListItem\",\"position\":1,\"name\":\"Predsjednik Gzim Hajdinaga posjetio pravoslavnu crkvu u Ulcinju\"}]},{\"@type\":\"Person\",\"@id\":\"https:\/\/www.visit-ulcinj.com\/blog\/#\/schema\/person\/dcab619c614d3038751c63bc2aadc06d\",\"name\":\"ulqini\",\"sameAs\":[\"http:\/\/www.visit-ulcinj.com\"],\"url\":\"https:\/\/www.visit-ulcinj.com\/blog\/author\/admin\/\"}]}<\/script>\n<!-- \/ Yoast SEO plugin. -->","yoast_head_json":{"title":"Predsjednik Gzim Hajdinaga posjetio pravoslavnu crkvu u Ulcinju - Lajme nga Ulqini","description":"Predsjednik Ulcinja Gzim Hajdinaga\u00a0 posjetio pravoslavnu crkvu u Ulcinju. Tokom susreta predsjednika Ulcinja Gzima Hajdinage i prota Radojica Bozovi?","robots":{"index":"index","follow":"follow","max-snippet":"max-snippet:-1","max-image-preview":"max-image-preview:large","max-video-preview":"max-video-preview:-1"},"canonical":"https:\/\/www.visit-ulcinj.com\/blog\/2010\/01\/07\/predsjednik-gzim-hajdinaga-posjetio-pravoslavnu-crkvu-u-ulcinju\/","og_locale":"en_US","og_type":"article","og_title":"Predsjednik Gzim Hajdinaga posjetio pravoslavnu crkvu u Ulcinju - Lajme nga Ulqini","og_description":"Predsjednik Ulcinja Gzim Hajdinaga\u00a0 posjetio pravoslavnu crkvu u Ulcinju. Tokom susreta predsjednika Ulcinja Gzima Hajdinage i prota Radojica Bozovi?","og_url":"https:\/\/www.visit-ulcinj.com\/blog\/2010\/01\/07\/predsjednik-gzim-hajdinaga-posjetio-pravoslavnu-crkvu-u-ulcinju\/","og_site_name":"Lajme nga Ulqini","article_published_time":"2010-01-07T15:31:32+00:00","article_modified_time":"2010-01-08T15:54:12+00:00","og_image":[{"url":"https:\/\/www.visit-ulcinj.com\/blog\/wp-content\/uploads\/2010\/01\/Predsjednik-Gzim-Hajdinaga-i-Prota-Radojica-Bozovic-150x150.jpg"}],"twitter_misc":{"Written by":"ulqini"},"schema":{"@context":"https:\/\/schema.org","@graph":[{"@type":"WebSite","@id":"https:\/\/www.visit-ulcinj.com\/blog\/#website","url":"https:\/\/www.visit-ulcinj.com\/blog\/","name":"Lajme nga Ulqini","description":"Lajme,Vijesti,Ulqini,Ulqin,Crna Gora,Mali i Zi","potentialAction":[{"@type":"SearchAction","target":{"@type":"EntryPoint","urlTemplate":"https:\/\/www.visit-ulcinj.com\/blog\/?s={search_term_string}"},"query-input":"required name=search_term_string"}],"inLanguage":"en-US"},{"@type":"ImageObject","inLanguage":"en-US","@id":"https:\/\/www.visit-ulcinj.com\/blog\/2010\/01\/07\/predsjednik-gzim-hajdinaga-posjetio-pravoslavnu-crkvu-u-ulcinju\/#primaryimage","url":"https:\/\/www.visit-ulcinj.com\/blog\/wp-content\/uploads\/2010\/01\/Predsjednik-Gzim-Hajdinaga-i-Prota-Radojica-Bozovic.jpg","contentUrl":"https:\/\/www.visit-ulcinj.com\/blog\/wp-content\/uploads\/2010\/01\/Predsjednik-Gzim-Hajdinaga-i-Prota-Radojica-Bozovic.jpg","width":"1024","height":"768"},{"@type":"WebPage","@id":"https:\/\/www.visit-ulcinj.com\/blog\/2010\/01\/07\/predsjednik-gzim-hajdinaga-posjetio-pravoslavnu-crkvu-u-ulcinju\/#webpage","url":"https:\/\/www.visit-ulcinj.com\/blog\/2010\/01\/07\/predsjednik-gzim-hajdinaga-posjetio-pravoslavnu-crkvu-u-ulcinju\/","name":"Predsjednik Gzim Hajdinaga posjetio pravoslavnu crkvu u Ulcinju - Lajme nga Ulqini","isPartOf":{"@id":"https:\/\/www.visit-ulcinj.com\/blog\/#website"},"primaryImageOfPage":{"@id":"https:\/\/www.visit-ulcinj.com\/blog\/2010\/01\/07\/predsjednik-gzim-hajdinaga-posjetio-pravoslavnu-crkvu-u-ulcinju\/#primaryimage"},"datePublished":"2010-01-07T15:31:32+00:00","dateModified":"2010-01-08T15:54:12+00:00","author":{"@id":"https:\/\/www.visit-ulcinj.com\/blog\/#\/schema\/person\/dcab619c614d3038751c63bc2aadc06d"},"description":"Predsjednik Ulcinja Gzim Hajdinaga\u00a0 posjetio pravoslavnu crkvu u Ulcinju. Tokom susreta predsjednika Ulcinja Gzima Hajdinage i prota Radojica Bozovi?","breadcrumb":{"@id":"https:\/\/www.visit-ulcinj.com\/blog\/2010\/01\/07\/predsjednik-gzim-hajdinaga-posjetio-pravoslavnu-crkvu-u-ulcinju\/#breadcrumb"},"inLanguage":"en-US","potentialAction":[{"@type":"ReadAction","target":["https:\/\/www.visit-ulcinj.com\/blog\/2010\/01\/07\/predsjednik-gzim-hajdinaga-posjetio-pravoslavnu-crkvu-u-ulcinju\/"]}]},{"@type":"BreadcrumbList","@id":"https:\/\/www.visit-ulcinj.com\/blog\/2010\/01\/07\/predsjednik-gzim-hajdinaga-posjetio-pravoslavnu-crkvu-u-ulcinju\/#breadcrumb","itemListElement":[{"@type":"ListItem","position":1,"name":"Predsjednik Gzim Hajdinaga posjetio pravoslavnu crkvu u Ulcinju"}]},{"@type":"Person","@id":"https:\/\/www.visit-ulcinj.com\/blog\/#\/schema\/person\/dcab619c614d3038751c63bc2aadc06d","name":"ulqini","sameAs":["http:\/\/www.visit-ulcinj.com"],"url":"https:\/\/www.visit-ulcinj.com\/blog\/author\/admin\/"}]}},"jetpack_featured_media_url":"","jetpack_sharing_enabled":true,"jetpack_shortlink":"https:\/\/wp.me\/pe6lTn-7zK","_links":{"self":[{"href":"https:\/\/www.visit-ulcinj.com\/blog\/wp-json\/wp\/v2\/posts\/29124"}],"collection":[{"href":"https:\/\/www.visit-ulcinj.com\/blog\/wp-json\/wp\/v2\/posts"}],"about":[{"href":"https:\/\/www.visit-ulcinj.com\/blog\/wp-json\/wp\/v2\/types\/post"}],"author":[{"embeddable":true,"href":"https:\/\/www.visit-ulcinj.com\/blog\/wp-json\/wp\/v2\/users\/1"}],"replies":[{"embeddable":true,"href":"https:\/\/www.visit-ulcinj.com\/blog\/wp-json\/wp\/v2\/comments?post=29124"}],"version-history":[{"count":0,"href":"https:\/\/www.visit-ulcinj.com\/blog\/wp-json\/wp\/v2\/posts\/29124\/revisions"}],"wp:attachment":[{"href":"https:\/\/www.visit-ulcinj.com\/blog\/wp-json\/wp\/v2\/media?parent=29124"}],"wp:term":[{"taxonomy":"category","embeddable":true,"href":"https:\/\/www.visit-ulcinj.com\/blog\/wp-json\/wp\/v2\/categories?post=29124"},{"taxonomy":"post_tag","embeddable":true,"href":"https:\/\/www.visit-ulcinj.com\/blog\/wp-json\/wp\/v2\/tags?post=29124"}],"curies":[{"name":"wp","href":"https:\/\/api.w.org\/{rel}","templated":true}]}}