{"id":29143,"date":"2010-01-07T19:26:23","date_gmt":"2010-01-07T17:26:23","guid":{"rendered":"http:\/\/www.visit-ulcinj.com\/blog\/?p=29143"},"modified":"2010-01-17T21:46:08","modified_gmt":"2010-01-17T19:46:08","slug":"permbytjet-ne-rrethine-te-ulqinitsituata-eshte-ne-kontroll-pohon-kryetari-i-komunes-gzim-hajdinaga","status":"publish","type":"post","link":"https:\/\/www.visit-ulcinj.com\/blog\/2010\/01\/07\/permbytjet-ne-rrethine-te-ulqinitsituata-eshte-ne-kontroll-pohon-kryetari-i-komunes-gzim-hajdinaga\/","title":{"rendered":"Permbytjet ne rrethine te Ulqinit,situata \u00ebsht\u00eb n\u00eb kontroll pohon kryetari i Komun\u00ebs Gzim Hajdinaga"},"content":{"rendered":"<p><a href=\"http:\/\/www.visit-ulcinj.com\/blog\/wp-content\/uploads\/2010\/01\/Lidhja-Buna_Drini.jpg\"><img loading=\"lazy\" class=\"alignleft size-full wp-image-29144\" title=\"Lidhja Buna_Drini\" src=\"http:\/\/www.visit-ulcinj.com\/blog\/wp-content\/uploads\/2010\/01\/Lidhja-Buna_Drini.jpg\" alt=\"Lidhja Buna_Drini\" width=\"580\" height=\"400\" \/><\/a><\/p>\n<p>Gjendje e r\u00ebnduar n\u00eb fshatrat n\u00eb kufi me Shqip\u00ebrin\u00eb n\u00eb Mal t\u00eb Zi<\/p>\n<p>P\u00ebrmbytjet n\u00eb rrethin e Shkodr\u00ebs dhe hapja e portave t\u00eb hidrocentrale kan\u00eb r\u00ebnduar situat\u00ebn n\u00eb fshatrat kufitar\u00eb n\u00eb Mal t\u00eb Zi. P\u00ebrfaq\u00ebsuesit e pushtetit lokal t\u00eb Ulqinit kan\u00eb k\u00ebrkuar vendosjen e kontakteve nd\u00ebrministrore<\/p>\n<p>Reshje t\u00eb shumta\u00a0 dhe hapja e portave t\u00eb hidrocentraleve n\u00eb Shqip\u00ebri kan\u00eb r\u00ebnduar situat\u00ebn edhe n\u00eb disa fshatra kufirate me Malin e Zi e ve\u00e7mas ato n\u00eb bregun e lumit Buna. Kryetari i Ulqinit, G\u00ebzim Hajdinaga ka ngritur shtabin e emergjenc\u00ebs p\u00ebr situata t\u00eb jasht\u00ebzakonshme, p\u00ebr t&#8217;u ardhur n\u00eb ndihm\u00eb banor\u00ebve t\u00eb prekur nga kjo fatkeq\u00ebsi natyrore. Sipas tij n\u00eb disa fshatra situata \u00ebsht\u00eb e r\u00ebnd\u00eb:<\/p>\n<p>\u201c\u00cbsht\u00eb mjaft situat\u00eb e v\u00ebshtir\u00eb, pa ndonj\u00eb alarmim q\u00eb \u00ebsht\u00eb gjendja\u00a0 tep\u00ebr tep\u00ebr e rrezikshme, por\u00a0 v\u00ebrtet\u00a0 ka p\u00ebrmbytje t\u00eb m\u00ebdha n\u00eb disa sht\u00ebpi . Tani\u00a0 menj\u00ebher\u00eb nga k\u00ebtu do t\u00eb shkoj n\u00eb Lisna Bor\u00eb, ku kemi informacion se n\u00eb disa vende uji ka kap\u00ebrcyer edhe bendin. T\u00eb shohim n\u00eb terren se si \u00ebsht\u00eb situata konkrete\u00a0 n\u00eb p\u00ebrgjith\u00ebsi . \u201c<\/p>\n<p>Zoti Hajdinaga\u00a0 thot\u00eb se \u00ebsht\u00eb n\u00eb kontakt t\u00eb\u00a0 vazhduesh\u00ebm\u00a0 me koleg\u00ebt e tij n\u00eb Shkod\u00ebr :<\/p>\n<p>\u201c Presim q\u00eb t\u00eb na informojn\u00eb se n\u00eb cilat momente dhe n\u00eb cilat kapacitete jan\u00eb t\u00eb detyruar q\u00eb t\u00eb lirojn\u00eb akumulimet e veta q\u00eb kan\u00eb.\u201d<\/p>\n<p>P\u00ebr shkak t\u00eb situat\u00ebs s\u00eb krijuar zoti Hajidnaga\u00a0 thot\u00eb se ka ftuar\u00a0 p\u00ebr nj\u00eb vizit\u00eb pune z\u00ebv\u00ebnd\u00ebsministrin\u00a0 e brendsh\u00ebm t\u00eb Malit t\u00eb Zi,\u00a0 q\u00eb n\u00eb terren t\u00eb p\u00ebrcjell situat\u00ebn m\u00eb p\u00ebr s\u00eb af\u00ebrmi. N\u00eb terren sot ka\u00a0 dal\u00eb edhe\u00a0 sh\u00ebrbimimi i mbrojtjes . Udh\u00ebheq\u00ebsi I k\u00ebtij sh\u00ebrbimi,\u00a0 Flamur Sella\u00a0 thot\u00eb per Deutsche Welle-n se n\u00eb disa vende\u00a0 lumi\u00a0 Buna ka dal\u00eb nga shtrati.<\/p>\n<p>\u201cKemi ngritje t\u00eb lumit\u00a0 Buna. Pjesa e Sh\u00ebn Gjergjit diku\u00a0 prej m\u00ebngjesit e deri tani minimum \u00ebsht\u00eb ngritur\u00a0 deri ne 10 cm. Buna ka nj\u00eb shpejt\u00ebsi jasht\u00ebzakonisht t\u00eb madhe\u00a0 dhe ka dal\u00eb nga shtrati \u201d.<\/p>\n<p>E t\u00ebr\u00eb kjo situat\u00eb e krijuar\u00a0 nga reshjet e dendura n\u00eb k\u00ebt\u00eb rajon ka nd\u00ebrprer\u00eb edhe komunikimin\u00a0 nd\u00ebrjmejt dy\u00a0 shteteve\u00a0 respektivisht\u00a0 Ulqinit dhe Shkodr\u00ebs . Nj\u00eb num\u00ebr i madh i student\u00ebve nga Mali I Zi\u00a0 q\u00eb studiojn\u00eb n\u00eb Universitetin \u201c Luigj Gurakuqi \u201c t\u00eb Shkodr\u00ebs jan\u00eb n\u00eb pushim te detyruar dhe po p\u00ebrcjellin situat\u00ebn p\u00ebr t&#8217;u kthyer s\u00ebrish n\u00eb m\u00ebsim. Ja se \u00e7far\u00eb thot\u00eb nj\u00eb studente :<\/p>\n<p>\u201c Ne student\u00ebt nga Mali i Zi\u00a0 q\u00eb studjojm\u00eb n\u00eb Shkod\u00ebr\u00a0 jemi n\u00eb kontakt me koleg\u00ebt tan\u00eb n\u00eb\u00a0 Shqip\u00ebri . Ata na kan\u00eb njoftuar se p\u00ebr shkak t\u00eb situat\u00ebs s\u00eb krijuar\u00a0 m\u00ebsimi n\u00eb Universitet\u00a0 \u00ebsht\u00eb shtyr\u00eb deri nga mesi i Janarit . Presim q\u00eb situata t\u00eb stabilizohet dhe m\u00ebsimi\u00a0 t\u00eb vazhdoj\u00eb i rregullt , pasi jemi n\u00eb prag t\u00eb provimeve \u201c.<\/p>\n<p>Dit\u00ebt e fundit n\u00eb sheshet e Ulqinit po\u00a0 v\u00ebrehet\u00a0 nje r\u00ebnie e dukshme e pun\u00ebtor\u00ebve sezonal\u00eb,\u00a0 t\u00eb cil\u00ebt\u00a0 nga qyteti i Shkodr\u00ebs\u00a0 jo rrall\u00eb her\u00eb angazhohen p\u00ebr pun\u00eb t\u00eb ndryshme n\u00eb Ulqin.<\/p>\n<p>Autor: Vera Katana\/ Ulqin<br \/>\nDeutsche Welle<\/p>\n<p>***********************<\/p>\n<p><a href=\"http:\/\/www.visit-ulcinj.com\/blog\/wp-content\/uploads\/2010\/01\/Evakuacija-restauranta-Ade-Bojane_ulcinj1.JPG\"><img loading=\"lazy\" class=\"alignleft size-full wp-image-29537\" title=\"Evakuacija restauranta Ade Bojane_ulcinj\" src=\"http:\/\/www.visit-ulcinj.com\/blog\/wp-content\/uploads\/2010\/01\/Evakuacija-restauranta-Ade-Bojane_ulcinj1.JPG\" alt=\"Evakuacija restauranta Ade Bojane_ulcinj\" width=\"285\" height=\"400\" srcset=\"https:\/\/www.visit-ulcinj.com\/blog\/wp-content\/uploads\/2010\/01\/Evakuacija-restauranta-Ade-Bojane_ulcinj1.JPG 285w, https:\/\/www.visit-ulcinj.com\/blog\/wp-content\/uploads\/2010\/01\/Evakuacija-restauranta-Ade-Bojane_ulcinj1-213x300.jpg 213w\" sizes=\"(max-width: 285px) 100vw, 285px\" \/><\/a>Intensiteti i t\u00eb reshurave n\u00eb perimetrin Ulqin\u00a0 &#8211; Shkoder sot \u00ebsht\u00eb di\u00e7ka m\u00eb i dob\u00ebt , megjithat\u00eb banor\u00ebt\u00a0 n\u00eb Shtoj, Fraskanjel , Lisna dhe Sh\u00ebn Gjergj e zonat tjera ende jan\u00eb t\u00eb rrezikuar ,sepse niveli i ujit prej mbr\u00ebm\u00eb \u00ebsht\u00eb ngritur edhe p\u00ebr 13 cm.<br \/>\nPermbytjet ne rrethine te Ulqinit po vazhdojn.Prurjet e reja t\u00eb lumit Buna mbr\u00ebm\u00eb dhe sot kan\u00eb p\u00ebrmbytur edhe m\u00eb shum\u00eb sip\u00ebrfaqe t\u00eb tok\u00ebs, oborre t\u00eb shpive, restoranteve dhe objekteve banimi.<\/p>\n<p>Shtabi i emergjenc\u00ebs kryesuar nga kryetari i Komun\u00ebs s\u00eb Ulqinit Gzim Hajdinaga po shqyrton masat edhe p\u00ebr evakuimin eventual t\u00eb popullat\u00ebs lokale.<\/p>\n<p>P\u00ebrmbytjet e medha n\u00eb Shkod\u00ebr n\u00eb rrethin\u00eb si pasoj e reshjeve t\u00eb dendura kan\u00eb shqet\u00ebsuar duksh\u00ebm edhe banor\u00ebt p\u00ebrgjat\u00eb lumit Buna n\u00eb Komun\u00ebn e Ulqinit, t\u00eb cil\u00ebt gjat\u00eb dit\u00ebve t\u00eb kaluara kaluan dit\u00ebn dhe nat\u00ebn n\u00eb ankth mes ujit e balt\u00ebs.<br \/>\nNiveli i ujit sot ka sh\u00ebnuar ulje dhe situata \u00ebsht\u00eb n\u00eb kontroll pohon kryetari i Komun\u00ebs Gzim Hajdinaga<\/p>\n<p>Niveli i ujit n\u00eb lumin Buna po rritet me intensitet t\u00eb vog\u00ebl.N\u00eb k\u00ebt\u00eb po shtohet edhe ankthi i banor\u00ebve t\u00eb prekur nga p\u00ebrmbytjet n\u00eb Shtoj, Fraskanjel , Lisna dhe Sh\u00ebn Gjergj e zonat tjera.<\/p>\n<p>Shtabi i emergjenc\u00ebs i kryesuar nga kryetari i Komun\u00ebs s\u00eb Ulqinit G\u00ebzim Hajdinaga ka vizituar lokalitetet e prekura nga p\u00ebrmbytjet dhe ka marr masa p\u00ebr evakuimin e popullat\u00ebs lokale.<\/p>\n<p>P\u00ebrfaq\u00ebsuesit e pushtetit lokal kan\u00eb vizituar rajonin e rrezikuar, kurse\u00a0 kryetari i Komun\u00ebs s\u00eb Ulqinit\u00a0 Gzim Hajdinaga p\u00ebr RTCG\u00a0 thot\u00eb se edhe disa fshatrave tjera u jan\u00eb p\u00ebrmbytur tokat bujq\u00ebsore.M\u00eb n\u00eb rrezik jan\u00eb fshatrat n\u00eb brigjet e Lumit Buna, si fshati Fraskanjel , Lisna dhe Sh\u00ebn Gjergj\u00a0 , n\u00eb t\u00eb cilin uji vet\u00ebm sa ka mb\u00ebrritur n\u00ebp\u00ebr bodrumet e disa sht\u00ebpive, stalla dhe ahure t\u00eb bag\u00ebtive.<\/p>\n<p><strong>Lajme nga Ulqini<\/strong><\/p>\n<p><strong>*********************************************<br \/>\nPermbytet Shkodra, mijera hektare nen uje<\/strong><\/p>\n<p>Komiteti Nderministror i Emergjencave ka bere publike bilancin e pare te demeve te shkaktuara nga permbytjet ne zonat veriperendimore te vendit. (UPDATE)<\/p>\n<p>Sipas te dhenave zyrtare, ne qarkun e Shkodres, uji ka permbytur deri tani mbi 4786 hektare toke dhe 870 shtepi. Komiteti njofton se deri tani jane evakuar nga keto zona rreth 527 familje, nderkohe qe pritet te evakuohen edhe 3 mije persona te tjere nga komunat e Dajcit, Berdices, bushatit dhe Ana e Malit.<\/p>\n<p>Situata ne Shkoder mbetet alarmante, ku argjinaturat ne shume zona jane demtuar dhe nuk funksionojne. Komiteti njofton se dje jane riparuar ne komunen e Dajcit 140 meter linear argjinature dhe pritet qe sot te riparohet edhe pjesa e mbetur prej 400 metra linear qe eshte demtuar nga permbytjet. Oret e paradites eshte rritur ndjeshem niveli ne zonen e Dajcit dhe te Shirqit ku banoret po kerkojne qe te evakuohen.<\/p>\n<p>Siperfaqja e permbytur eshte rritur ndjeshem edhe ne zonen e bashkise se Shkodres, ndersa uji po krijon probleme ne rruget nacionale per shkak te veshrimit siper tyre. Situata paraqitet e renduar ne aksin nacional Tirane-Shkoder, ku ne vendin e quajtur harku i Berdices eshte bllokuar levizja e automjeteve per shkak se niveli i ujit eshte shume i larte.<\/p>\n<p>Komiteti nderministror njofton se ne Lezhe dhe zonen e permbytur nga batica detare disa dite me pare nuk ka me uje dhe jane riparuar pjesa me e madhe e argjinaturave te demtuara ne breg te detit.<\/p>\n<p><strong>Top Channel<\/strong><\/p>\n<p><strong>\n\t\t<style type=\"text\/css\">\n\t\t\t#gallery-1 {\n\t\t\t\tmargin: auto;\n\t\t\t}\n\t\t\t#gallery-1 .gallery-item {\n\t\t\t\tfloat: left;\n\t\t\t\tmargin-top: 10px;\n\t\t\t\ttext-align: center;\n\t\t\t\twidth: 33%;\n\t\t\t}\n\t\t\t#gallery-1 img {\n\t\t\t\tborder: 2px solid #cfcfcf;\n\t\t\t}\n\t\t\t#gallery-1 .gallery-caption {\n\t\t\t\tmargin-left: 0;\n\t\t\t}\n\t\t\t\/* see gallery_shortcode() in wp-includes\/media.php *\/\n\t\t<\/style>\n\t\t<div id='gallery-1' class='gallery galleryid-29143 gallery-columns-3 gallery-size-thumbnail'><dl class='gallery-item'>\n\t\t\t<dt class='gallery-icon landscape'>\n\t\t\t\t<a href='https:\/\/www.visit-ulcinj.com\/blog\/wp-content\/uploads\/2010\/01\/Lidhja-Buna_Drini.jpg'><img width=\"150\" height=\"150\" src=\"https:\/\/www.visit-ulcinj.com\/blog\/wp-content\/uploads\/2010\/01\/Lidhja-Buna_Drini-150x150.jpg\" class=\"attachment-thumbnail size-thumbnail\" alt=\"\" loading=\"lazy\" \/><\/a>\n\t\t\t<\/dt><\/dl><dl class='gallery-item'>\n\t\t\t<dt class='gallery-icon landscape'>\n\t\t\t\t<a href='https:\/\/www.visit-ulcinj.com\/blog\/wp-content\/uploads\/2010\/01\/poplava-u-adi-bojani-2.jpg'><img width=\"150\" height=\"150\" src=\"https:\/\/www.visit-ulcinj.com\/blog\/wp-content\/uploads\/2010\/01\/poplava-u-adi-bojani-2-150x150.jpg\" class=\"attachment-thumbnail size-thumbnail\" alt=\"\" loading=\"lazy\" \/><\/a>\n\t\t\t<\/dt><\/dl><dl class='gallery-item'>\n\t\t\t<dt class='gallery-icon landscape'>\n\t\t\t\t<a href='https:\/\/www.visit-ulcinj.com\/blog\/wp-content\/uploads\/2010\/01\/poplava-u-adi-bojani.1-2.jpg'><img width=\"150\" height=\"150\" src=\"https:\/\/www.visit-ulcinj.com\/blog\/wp-content\/uploads\/2010\/01\/poplava-u-adi-bojani.1-2-150x150.jpg\" class=\"attachment-thumbnail size-thumbnail\" alt=\"\" loading=\"lazy\" \/><\/a>\n\t\t\t<\/dt><\/dl><br style=\"clear: both\" \/><dl class='gallery-item'>\n\t\t\t<dt class='gallery-icon landscape'>\n\t\t\t\t<a href='https:\/\/www.visit-ulcinj.com\/blog\/wp-content\/uploads\/2010\/01\/poplavva-ulcinj-2.jpg'><img width=\"150\" height=\"150\" src=\"https:\/\/www.visit-ulcinj.com\/blog\/wp-content\/uploads\/2010\/01\/poplavva-ulcinj-2-150x150.jpg\" class=\"attachment-thumbnail size-thumbnail\" alt=\"\" loading=\"lazy\" \/><\/a>\n\t\t\t<\/dt><\/dl><dl class='gallery-item'>\n\t\t\t<dt class='gallery-icon landscape'>\n\t\t\t\t<a href='https:\/\/www.visit-ulcinj.com\/blog\/wp-content\/uploads\/2010\/01\/popllava-ulcinj.1-2.jpg'><img width=\"150\" height=\"150\" src=\"https:\/\/www.visit-ulcinj.com\/blog\/wp-content\/uploads\/2010\/01\/popllava-ulcinj.1-2-150x150.jpg\" class=\"attachment-thumbnail size-thumbnail\" alt=\"\" loading=\"lazy\" \/><\/a>\n\t\t\t<\/dt><\/dl><dl class='gallery-item'>\n\t\t\t<dt class='gallery-icon landscape'>\n\t\t\t\t<a href='https:\/\/www.visit-ulcinj.com\/blog\/wp-content\/uploads\/2010\/01\/popllava-ulcinj.2-2.jpg'><img width=\"150\" height=\"150\" src=\"https:\/\/www.visit-ulcinj.com\/blog\/wp-content\/uploads\/2010\/01\/popllava-ulcinj.2-2-150x150.jpg\" class=\"attachment-thumbnail size-thumbnail\" alt=\"\" loading=\"lazy\" \/><\/a>\n\t\t\t<\/dt><\/dl><br style=\"clear: both\" \/><dl class='gallery-item'>\n\t\t\t<dt class='gallery-icon landscape'>\n\t\t\t\t<a href='https:\/\/www.visit-ulcinj.com\/blog\/wp-content\/uploads\/2010\/01\/popllave-ulcinj.3-2.jpg'><img width=\"150\" height=\"150\" src=\"https:\/\/www.visit-ulcinj.com\/blog\/wp-content\/uploads\/2010\/01\/popllave-ulcinj.3-2-150x150.jpg\" class=\"attachment-thumbnail size-thumbnail\" alt=\"\" loading=\"lazy\" \/><\/a>\n\t\t\t<\/dt><\/dl><dl class='gallery-item'>\n\t\t\t<dt class='gallery-icon landscape'>\n\t\t\t\t<a href='https:\/\/www.visit-ulcinj.com\/blog\/wp-content\/uploads\/2010\/01\/popllave-ulcinj.4-2.jpg'><img width=\"150\" height=\"150\" src=\"https:\/\/www.visit-ulcinj.com\/blog\/wp-content\/uploads\/2010\/01\/popllave-ulcinj.4-2-150x150.jpg\" class=\"attachment-thumbnail size-thumbnail\" alt=\"\" loading=\"lazy\" \/><\/a>\n\t\t\t<\/dt><\/dl><dl class='gallery-item'>\n\t\t\t<dt class='gallery-icon landscape'>\n\t\t\t\t<a href='https:\/\/www.visit-ulcinj.com\/blog\/wp-content\/uploads\/2010\/01\/popllave-ulcinj.6-2.jpg'><img width=\"150\" height=\"150\" src=\"https:\/\/www.visit-ulcinj.com\/blog\/wp-content\/uploads\/2010\/01\/popllave-ulcinj.6-2-150x150.jpg\" class=\"attachment-thumbnail size-thumbnail\" alt=\"\" loading=\"lazy\" \/><\/a>\n\t\t\t<\/dt><\/dl><br style=\"clear: both\" \/><dl class='gallery-item'>\n\t\t\t<dt class='gallery-icon landscape'>\n\t\t\t\t<a href='https:\/\/www.visit-ulcinj.com\/blog\/wp-content\/uploads\/2010\/01\/popllave-ulcinj.7-2.jpg'><img width=\"150\" height=\"150\" src=\"https:\/\/www.visit-ulcinj.com\/blog\/wp-content\/uploads\/2010\/01\/popllave-ulcinj.7-2-150x150.jpg\" class=\"attachment-thumbnail size-thumbnail\" alt=\"\" loading=\"lazy\" \/><\/a>\n\t\t\t<\/dt><\/dl><dl class='gallery-item'>\n\t\t\t<dt class='gallery-icon landscape'>\n\t\t\t\t<a href='https:\/\/www.visit-ulcinj.com\/blog\/wp-content\/uploads\/2010\/01\/popllave-ulcinj.8-2.jpg'><img width=\"150\" height=\"150\" src=\"https:\/\/www.visit-ulcinj.com\/blog\/wp-content\/uploads\/2010\/01\/popllave-ulcinj.8-2-150x150.jpg\" class=\"attachment-thumbnail size-thumbnail\" alt=\"\" loading=\"lazy\" \/><\/a>\n\t\t\t<\/dt><\/dl><dl class='gallery-item'>\n\t\t\t<dt class='gallery-icon landscape'>\n\t\t\t\t<a href='https:\/\/www.visit-ulcinj.com\/blog\/wp-content\/uploads\/2010\/01\/popllave-ulcinj.9-2.jpg'><img width=\"150\" height=\"150\" src=\"https:\/\/www.visit-ulcinj.com\/blog\/wp-content\/uploads\/2010\/01\/popllave-ulcinj.9-2-150x150.jpg\" class=\"attachment-thumbnail size-thumbnail\" alt=\"\" loading=\"lazy\" \/><\/a>\n\t\t\t<\/dt><\/dl><br style=\"clear: both\" \/><dl class='gallery-item'>\n\t\t\t<dt class='gallery-icon portrait'>\n\t\t\t\t<a href='https:\/\/www.visit-ulcinj.com\/blog\/wp-content\/uploads\/2010\/01\/Evakuacija-restauranta-Ade-Bojane_ulcinj1.JPG'><img width=\"150\" height=\"150\" src=\"https:\/\/www.visit-ulcinj.com\/blog\/wp-content\/uploads\/2010\/01\/Evakuacija-restauranta-Ade-Bojane_ulcinj1-150x150.jpg\" class=\"attachment-thumbnail size-thumbnail\" alt=\"\" loading=\"lazy\" \/><\/a>\n\t\t\t<\/dt><\/dl>\n\t\t\t<br style='clear: both' \/>\n\t\t<\/div>\n<br \/>\n<\/strong><\/p>\n<p><strong>TV KLAN<\/strong><br \/>\n[flv width=&#8221;580&#8243; height=&#8221;400&#8243;]http:\/\/www.tvklan.tv\/klanlajme\/klanlajme.flv[\/flv]<\/p>\n<p><strong>TV VIJESTI<\/strong><br \/>\n[flv width=&#8221;580&#8243; height=&#8221;400&#8243;]http:\/\/a2.video2.blip.tv\/6430003067148\/Rtvvijesti-dnevnik060110601.flv[\/flv]<\/p>\n","protected":false},"excerpt":{"rendered":"<p>Gjendje e r\u00ebnduar n\u00eb fshatrat n\u00eb kufi me Shqip\u00ebrin\u00eb n\u00eb Mal t\u00eb Zi P\u00ebrmbytjet n\u00eb rrethin e Shkodr\u00ebs dhe hapja e portave t\u00eb hidrocentrale kan\u00eb r\u00ebnduar situat\u00ebn n\u00eb fshatrat kufitar\u00eb n\u00eb Mal t\u00eb Zi. P\u00ebrfaq\u00ebsuesit e pushtetit lokal t\u00eb Ulqinit kan\u00eb k\u00ebrkuar vendosjen e kontakteve nd\u00ebrministrore Reshje t\u00eb shumta\u00a0 dhe hapja e portave t\u00eb hidrocentraleve [&hellip;]<\/p>\n","protected":false},"author":1,"featured_media":0,"comment_status":"open","ping_status":"closed","sticky":false,"template":"","format":"standard","meta":{"spay_email":"","jetpack_publicize_message":"","jetpack_is_tweetstorm":false,"jetpack_publicize_feature_enabled":true},"categories":[1],"tags":[10203,13198,13197,13193,13195,95,13194,50,200,13196],"jetpack_publicize_connections":[],"yoast_head":"<!-- This site is optimized with the Yoast SEO plugin v19.1 - https:\/\/yoast.com\/wordpress\/plugins\/seo\/ -->\n<title>Permbytjet ne rrethine te Ulqinit,situata \u00ebsht\u00eb n\u00eb kontroll pohon kryetari i Komun\u00ebs Gzim Hajdinaga - Lajme nga Ulqini<\/title>\n<meta name=\"description\" content=\"Gjendje e r\u00ebnduar n\u00eb fshatrat n\u00eb kufi me Shqip\u00ebrin\u00eb n\u00eb Mal t\u00eb Zi P\u00ebrmbytjet n\u00eb rrethin e Shkodr\u00ebs dhe hapja e portave t\u00eb hidrocentrale kan\u00eb r\u00ebnduar\" \/>\n<meta name=\"robots\" content=\"index, follow, max-snippet:-1, max-image-preview:large, max-video-preview:-1\" \/>\n<link rel=\"canonical\" href=\"https:\/\/www.visit-ulcinj.com\/blog\/2010\/01\/07\/permbytjet-ne-rrethine-te-ulqinitsituata-eshte-ne-kontroll-pohon-kryetari-i-komunes-gzim-hajdinaga\/\" \/>\n<meta property=\"og:locale\" content=\"en_US\" \/>\n<meta property=\"og:type\" content=\"article\" \/>\n<meta property=\"og:title\" content=\"Permbytjet ne rrethine te Ulqinit,situata \u00ebsht\u00eb n\u00eb kontroll pohon kryetari i Komun\u00ebs Gzim Hajdinaga - Lajme nga Ulqini\" \/>\n<meta property=\"og:description\" content=\"Gjendje e r\u00ebnduar n\u00eb fshatrat n\u00eb kufi me Shqip\u00ebrin\u00eb n\u00eb Mal t\u00eb Zi P\u00ebrmbytjet n\u00eb rrethin e Shkodr\u00ebs dhe hapja e portave t\u00eb hidrocentrale kan\u00eb r\u00ebnduar\" \/>\n<meta property=\"og:url\" content=\"https:\/\/www.visit-ulcinj.com\/blog\/2010\/01\/07\/permbytjet-ne-rrethine-te-ulqinitsituata-eshte-ne-kontroll-pohon-kryetari-i-komunes-gzim-hajdinaga\/\" \/>\n<meta property=\"og:site_name\" content=\"Lajme nga Ulqini\" \/>\n<meta property=\"article:published_time\" content=\"2010-01-07T17:26:23+00:00\" \/>\n<meta property=\"article:modified_time\" content=\"2010-01-17T19:46:08+00:00\" \/>\n<meta property=\"og:image\" content=\"https:\/\/www.visit-ulcinj.com\/blog\/wp-content\/uploads\/2010\/01\/Lidhja-Buna_Drini-150x150.jpg\" \/>\n<meta name=\"twitter:label1\" content=\"Written by\" \/>\n\t<meta name=\"twitter:data1\" content=\"ulqini\" \/>\n\t<meta name=\"twitter:label2\" content=\"Est. reading time\" \/>\n\t<meta name=\"twitter:data2\" content=\"6 minutes\" \/>\n<script type=\"application\/ld+json\" class=\"yoast-schema-graph\">{\"@context\":\"https:\/\/schema.org\",\"@graph\":[{\"@type\":\"WebSite\",\"@id\":\"https:\/\/www.visit-ulcinj.com\/blog\/#website\",\"url\":\"https:\/\/www.visit-ulcinj.com\/blog\/\",\"name\":\"Lajme nga Ulqini\",\"description\":\"Lajme,Vijesti,Ulqini,Ulqin,Crna Gora,Mali i Zi\",\"potentialAction\":[{\"@type\":\"SearchAction\",\"target\":{\"@type\":\"EntryPoint\",\"urlTemplate\":\"https:\/\/www.visit-ulcinj.com\/blog\/?s={search_term_string}\"},\"query-input\":\"required name=search_term_string\"}],\"inLanguage\":\"en-US\"},{\"@type\":\"ImageObject\",\"inLanguage\":\"en-US\",\"@id\":\"https:\/\/www.visit-ulcinj.com\/blog\/2010\/01\/07\/permbytjet-ne-rrethine-te-ulqinitsituata-eshte-ne-kontroll-pohon-kryetari-i-komunes-gzim-hajdinaga\/#primaryimage\",\"url\":\"https:\/\/www.visit-ulcinj.com\/blog\/wp-content\/uploads\/2010\/01\/Lidhja-Buna_Drini.jpg\",\"contentUrl\":\"https:\/\/www.visit-ulcinj.com\/blog\/wp-content\/uploads\/2010\/01\/Lidhja-Buna_Drini.jpg\",\"width\":\"800\",\"height\":\"534\"},{\"@type\":\"WebPage\",\"@id\":\"https:\/\/www.visit-ulcinj.com\/blog\/2010\/01\/07\/permbytjet-ne-rrethine-te-ulqinitsituata-eshte-ne-kontroll-pohon-kryetari-i-komunes-gzim-hajdinaga\/#webpage\",\"url\":\"https:\/\/www.visit-ulcinj.com\/blog\/2010\/01\/07\/permbytjet-ne-rrethine-te-ulqinitsituata-eshte-ne-kontroll-pohon-kryetari-i-komunes-gzim-hajdinaga\/\",\"name\":\"Permbytjet ne rrethine te Ulqinit,situata \u00ebsht\u00eb n\u00eb kontroll pohon kryetari i Komun\u00ebs Gzim Hajdinaga - Lajme nga Ulqini\",\"isPartOf\":{\"@id\":\"https:\/\/www.visit-ulcinj.com\/blog\/#website\"},\"primaryImageOfPage\":{\"@id\":\"https:\/\/www.visit-ulcinj.com\/blog\/2010\/01\/07\/permbytjet-ne-rrethine-te-ulqinitsituata-eshte-ne-kontroll-pohon-kryetari-i-komunes-gzim-hajdinaga\/#primaryimage\"},\"datePublished\":\"2010-01-07T17:26:23+00:00\",\"dateModified\":\"2010-01-17T19:46:08+00:00\",\"author\":{\"@id\":\"https:\/\/www.visit-ulcinj.com\/blog\/#\/schema\/person\/dcab619c614d3038751c63bc2aadc06d\"},\"description\":\"Gjendje e r\u00ebnduar n\u00eb fshatrat n\u00eb kufi me Shqip\u00ebrin\u00eb n\u00eb Mal t\u00eb Zi P\u00ebrmbytjet n\u00eb rrethin e Shkodr\u00ebs dhe hapja e portave t\u00eb hidrocentrale kan\u00eb r\u00ebnduar\",\"breadcrumb\":{\"@id\":\"https:\/\/www.visit-ulcinj.com\/blog\/2010\/01\/07\/permbytjet-ne-rrethine-te-ulqinitsituata-eshte-ne-kontroll-pohon-kryetari-i-komunes-gzim-hajdinaga\/#breadcrumb\"},\"inLanguage\":\"en-US\",\"potentialAction\":[{\"@type\":\"ReadAction\",\"target\":[\"https:\/\/www.visit-ulcinj.com\/blog\/2010\/01\/07\/permbytjet-ne-rrethine-te-ulqinitsituata-eshte-ne-kontroll-pohon-kryetari-i-komunes-gzim-hajdinaga\/\"]}]},{\"@type\":\"BreadcrumbList\",\"@id\":\"https:\/\/www.visit-ulcinj.com\/blog\/2010\/01\/07\/permbytjet-ne-rrethine-te-ulqinitsituata-eshte-ne-kontroll-pohon-kryetari-i-komunes-gzim-hajdinaga\/#breadcrumb\",\"itemListElement\":[{\"@type\":\"ListItem\",\"position\":1,\"name\":\"Permbytjet ne rrethine te Ulqinit,situata \u00ebsht\u00eb n\u00eb kontroll pohon kryetari i Komun\u00ebs Gzim Hajdinaga\"}]},{\"@type\":\"Person\",\"@id\":\"https:\/\/www.visit-ulcinj.com\/blog\/#\/schema\/person\/dcab619c614d3038751c63bc2aadc06d\",\"name\":\"ulqini\",\"sameAs\":[\"http:\/\/www.visit-ulcinj.com\"],\"url\":\"https:\/\/www.visit-ulcinj.com\/blog\/author\/admin\/\"}]}<\/script>\n<!-- \/ Yoast SEO plugin. -->","yoast_head_json":{"title":"Permbytjet ne rrethine te Ulqinit,situata \u00ebsht\u00eb n\u00eb kontroll pohon kryetari i Komun\u00ebs Gzim Hajdinaga - Lajme nga Ulqini","description":"Gjendje e r\u00ebnduar n\u00eb fshatrat n\u00eb kufi me Shqip\u00ebrin\u00eb n\u00eb Mal t\u00eb Zi P\u00ebrmbytjet n\u00eb rrethin e Shkodr\u00ebs dhe hapja e portave t\u00eb hidrocentrale kan\u00eb r\u00ebnduar","robots":{"index":"index","follow":"follow","max-snippet":"max-snippet:-1","max-image-preview":"max-image-preview:large","max-video-preview":"max-video-preview:-1"},"canonical":"https:\/\/www.visit-ulcinj.com\/blog\/2010\/01\/07\/permbytjet-ne-rrethine-te-ulqinitsituata-eshte-ne-kontroll-pohon-kryetari-i-komunes-gzim-hajdinaga\/","og_locale":"en_US","og_type":"article","og_title":"Permbytjet ne rrethine te Ulqinit,situata \u00ebsht\u00eb n\u00eb kontroll pohon kryetari i Komun\u00ebs Gzim Hajdinaga - Lajme nga Ulqini","og_description":"Gjendje e r\u00ebnduar n\u00eb fshatrat n\u00eb kufi me Shqip\u00ebrin\u00eb n\u00eb Mal t\u00eb Zi P\u00ebrmbytjet n\u00eb rrethin e Shkodr\u00ebs dhe hapja e portave t\u00eb hidrocentrale kan\u00eb r\u00ebnduar","og_url":"https:\/\/www.visit-ulcinj.com\/blog\/2010\/01\/07\/permbytjet-ne-rrethine-te-ulqinitsituata-eshte-ne-kontroll-pohon-kryetari-i-komunes-gzim-hajdinaga\/","og_site_name":"Lajme nga Ulqini","article_published_time":"2010-01-07T17:26:23+00:00","article_modified_time":"2010-01-17T19:46:08+00:00","og_image":[{"url":"https:\/\/www.visit-ulcinj.com\/blog\/wp-content\/uploads\/2010\/01\/Lidhja-Buna_Drini-150x150.jpg"}],"twitter_misc":{"Written by":"ulqini","Est. reading time":"6 minutes"},"schema":{"@context":"https:\/\/schema.org","@graph":[{"@type":"WebSite","@id":"https:\/\/www.visit-ulcinj.com\/blog\/#website","url":"https:\/\/www.visit-ulcinj.com\/blog\/","name":"Lajme nga Ulqini","description":"Lajme,Vijesti,Ulqini,Ulqin,Crna Gora,Mali i Zi","potentialAction":[{"@type":"SearchAction","target":{"@type":"EntryPoint","urlTemplate":"https:\/\/www.visit-ulcinj.com\/blog\/?s={search_term_string}"},"query-input":"required name=search_term_string"}],"inLanguage":"en-US"},{"@type":"ImageObject","inLanguage":"en-US","@id":"https:\/\/www.visit-ulcinj.com\/blog\/2010\/01\/07\/permbytjet-ne-rrethine-te-ulqinitsituata-eshte-ne-kontroll-pohon-kryetari-i-komunes-gzim-hajdinaga\/#primaryimage","url":"https:\/\/www.visit-ulcinj.com\/blog\/wp-content\/uploads\/2010\/01\/Lidhja-Buna_Drini.jpg","contentUrl":"https:\/\/www.visit-ulcinj.com\/blog\/wp-content\/uploads\/2010\/01\/Lidhja-Buna_Drini.jpg","width":"800","height":"534"},{"@type":"WebPage","@id":"https:\/\/www.visit-ulcinj.com\/blog\/2010\/01\/07\/permbytjet-ne-rrethine-te-ulqinitsituata-eshte-ne-kontroll-pohon-kryetari-i-komunes-gzim-hajdinaga\/#webpage","url":"https:\/\/www.visit-ulcinj.com\/blog\/2010\/01\/07\/permbytjet-ne-rrethine-te-ulqinitsituata-eshte-ne-kontroll-pohon-kryetari-i-komunes-gzim-hajdinaga\/","name":"Permbytjet ne rrethine te Ulqinit,situata \u00ebsht\u00eb n\u00eb kontroll pohon kryetari i Komun\u00ebs Gzim Hajdinaga - Lajme nga Ulqini","isPartOf":{"@id":"https:\/\/www.visit-ulcinj.com\/blog\/#website"},"primaryImageOfPage":{"@id":"https:\/\/www.visit-ulcinj.com\/blog\/2010\/01\/07\/permbytjet-ne-rrethine-te-ulqinitsituata-eshte-ne-kontroll-pohon-kryetari-i-komunes-gzim-hajdinaga\/#primaryimage"},"datePublished":"2010-01-07T17:26:23+00:00","dateModified":"2010-01-17T19:46:08+00:00","author":{"@id":"https:\/\/www.visit-ulcinj.com\/blog\/#\/schema\/person\/dcab619c614d3038751c63bc2aadc06d"},"description":"Gjendje e r\u00ebnduar n\u00eb fshatrat n\u00eb kufi me Shqip\u00ebrin\u00eb n\u00eb Mal t\u00eb Zi P\u00ebrmbytjet n\u00eb rrethin e Shkodr\u00ebs dhe hapja e portave t\u00eb hidrocentrale kan\u00eb r\u00ebnduar","breadcrumb":{"@id":"https:\/\/www.visit-ulcinj.com\/blog\/2010\/01\/07\/permbytjet-ne-rrethine-te-ulqinitsituata-eshte-ne-kontroll-pohon-kryetari-i-komunes-gzim-hajdinaga\/#breadcrumb"},"inLanguage":"en-US","potentialAction":[{"@type":"ReadAction","target":["https:\/\/www.visit-ulcinj.com\/blog\/2010\/01\/07\/permbytjet-ne-rrethine-te-ulqinitsituata-eshte-ne-kontroll-pohon-kryetari-i-komunes-gzim-hajdinaga\/"]}]},{"@type":"BreadcrumbList","@id":"https:\/\/www.visit-ulcinj.com\/blog\/2010\/01\/07\/permbytjet-ne-rrethine-te-ulqinitsituata-eshte-ne-kontroll-pohon-kryetari-i-komunes-gzim-hajdinaga\/#breadcrumb","itemListElement":[{"@type":"ListItem","position":1,"name":"Permbytjet ne rrethine te Ulqinit,situata \u00ebsht\u00eb n\u00eb kontroll pohon kryetari i Komun\u00ebs Gzim Hajdinaga"}]},{"@type":"Person","@id":"https:\/\/www.visit-ulcinj.com\/blog\/#\/schema\/person\/dcab619c614d3038751c63bc2aadc06d","name":"ulqini","sameAs":["http:\/\/www.visit-ulcinj.com"],"url":"https:\/\/www.visit-ulcinj.com\/blog\/author\/admin\/"}]}},"jetpack_featured_media_url":"","jetpack_sharing_enabled":true,"jetpack_shortlink":"https:\/\/wp.me\/pe6lTn-7A3","_links":{"self":[{"href":"https:\/\/www.visit-ulcinj.com\/blog\/wp-json\/wp\/v2\/posts\/29143"}],"collection":[{"href":"https:\/\/www.visit-ulcinj.com\/blog\/wp-json\/wp\/v2\/posts"}],"about":[{"href":"https:\/\/www.visit-ulcinj.com\/blog\/wp-json\/wp\/v2\/types\/post"}],"author":[{"embeddable":true,"href":"https:\/\/www.visit-ulcinj.com\/blog\/wp-json\/wp\/v2\/users\/1"}],"replies":[{"embeddable":true,"href":"https:\/\/www.visit-ulcinj.com\/blog\/wp-json\/wp\/v2\/comments?post=29143"}],"version-history":[{"count":0,"href":"https:\/\/www.visit-ulcinj.com\/blog\/wp-json\/wp\/v2\/posts\/29143\/revisions"}],"wp:attachment":[{"href":"https:\/\/www.visit-ulcinj.com\/blog\/wp-json\/wp\/v2\/media?parent=29143"}],"wp:term":[{"taxonomy":"category","embeddable":true,"href":"https:\/\/www.visit-ulcinj.com\/blog\/wp-json\/wp\/v2\/categories?post=29143"},{"taxonomy":"post_tag","embeddable":true,"href":"https:\/\/www.visit-ulcinj.com\/blog\/wp-json\/wp\/v2\/tags?post=29143"}],"curies":[{"name":"wp","href":"https:\/\/api.w.org\/{rel}","templated":true}]}}