{"id":29148,"date":"2010-01-07T19:38:53","date_gmt":"2010-01-07T17:38:53","guid":{"rendered":"http:\/\/www.visit-ulcinj.com\/blog\/?p=29148"},"modified":"2010-01-08T04:50:33","modified_gmt":"2010-01-08T02:50:33","slug":"vazhdim-i-mashtrimeve-ordinere-te-hajdinges","status":"publish","type":"post","link":"https:\/\/www.visit-ulcinj.com\/blog\/2010\/01\/07\/vazhdim-i-mashtrimeve-ordinere-te-hajdinges\/","title":{"rendered":"Vazhdim i mashtrimeve Ordinere te Hajdinges"},"content":{"rendered":"<p><img loading=\"lazy\" class=\"alignleft\" title=\"Genci Nimanbegu_N\u00ebnkryetar dhe Deputet i Forc\u00ebs\" src=\"http:\/\/www.visit-ulcinj.com\/blog\/wp-content\/uploads\/2009\/12\/Genci-Nimanbegu-_Predsjednik-kluba-odbornika-Force.jpg\" alt=\"\" width=\"580\" height=\"400\" \/>Pas dites se djeshme \u00ebsht\u00eb shume e qarte qe kryetari I komun\u00ebs se Ulqinit , Hajdinaga \u00ebsht\u00eb kund\u00ebr kthimit te pron\u00ebs se Valdanosit dhe u bashk\u00ebngjit ekipit te Cubus Luxit qe te b\u00ebjn\u00eb pla\u00e7kitjen e pron\u00ebs se qytetar\u00ebve te Komun\u00ebs se Ulqinit.<\/p>\n<p>Q\u00ebndrimi i tij haptas u pa qe ai \u00ebsht\u00eb llobisti kryesor i Cub\u00ebs Lux-it qe ulishta e Valdanosit te jepet kompanive te huaja e jo ti kthehet pronareve. Me ket\u00eb \u00ebsht\u00eb e qarte kush e ndal zbatimin e Vendimit te Kuvendit te Komun\u00ebs nga viti 2007 qe kjo prone ti kthehet pronar\u00ebve legjitim. Kush ndalon qe Kuvendit te shqyrtoj realizimin e deritash\u00ebm te ketij vendim si dhe kush ndalon iniciativat qytetare qe te futen ne rend te dit\u00ebs se Kuvendit.<\/p>\n<p>E pyesim Hajdinagen se sa kushton ky lobim a \u00ebsht\u00eb detyre e marr nga Kryetari i Komisionit p\u00ebr Tender z. Vujica Lazoviq apo Hajdinaga e kryen Vullnetarisht?<\/p>\n<p>Tan kan\u00eb kaluar mbi 3 vite qe kur Hajdinaga e dha mashtrimin e tij me te madh, Qe qytetaret te p\u00ebrgatisin ka\u00e7ilet p\u00ebr Ullij\u00a0 pasi ai ka arrit te miqt\u00eb e tij qe ata ta kthejn\u00eb Valdanosin. Pas tre vitesh, jo qe nuk ehte kthyer Valdanosi por ne Valdanos as nuk mund te hyjn\u00eb me pronar\u00ebt dhe as qytetaret dhe e kan\u00eb p\u00ebrgatit qe t\u2019ja dor\u00ebzojn\u00eb investitor\u00ebve anonim.<\/p>\n<p>Mashtrimet tjet\u00ebr qe Hajdinaga vazhdon te jap \u00ebsht\u00eb ajo e nd\u00ebrtimit te shkoll\u00ebs ne vitin e ardhsh\u00ebm. Si duket at\u00eb nuk e kan\u00eb informuar qe ne buxhet te MZ nuk ka mjete te parapam\u00eb p\u00ebr nd\u00ebrtimin e shkoll\u00ebs ne Komun\u00ebn e Ulqinit, dhe mjetet qe dedikohen prej vet\u00ebm 100,000 eurosh jan\u00eb p\u00ebr Dokumentacion Projektin dhe leje nd\u00ebrtimi edhe k\u00ebto jan\u00eb me kusht qe Komuna te aprovoj planet Urbanistike.<\/p>\n<p>Shkolla ne 2010 mund te nd\u00ebrtohet vet\u00ebm n\u00ebse Hajdinga ka mjete nga llobistet qe nuk jan\u00eb ne buxhet por vet\u00ebm n\u00ebse Cubus Luxi nuk e nd\u00ebrton vete at\u00eb shkolle si d\u00ebmshp\u00ebrblim Ulqinit p\u00ebr Valdanos.<\/p>\n<p>K\u00ebto mashtrime jan\u00eb vet\u00ebm dy nga lista e shumte te premtimeve te parealizuara deri me tani; Po ju p\u00ebrkujtojm\u00eb disa:<\/p>\n<p>Ndryshimi i kufirit te Mirave detare, nd\u00ebrtimi i Marin\u00ebs, nd\u00ebrtimi i Ur\u00ebs, qendr\u00ebs Katerkoll\u00ebs, Bazenit ne Brajsh\u00eb, kaldermimi i Kalas\u00eb, Nga 9 milion euro investime ne 2009 te gjitha jan\u00eb te parealizuara.<\/p>\n<p>Populli p\u00ebr at\u00eb q\u00eb mashtron ka nj\u00eb fjale tjet\u00ebr.\u00a0 Boll m\u00eb me rrena z. Hajdinaga.<\/p>\n<p><strong>N\u00ebnkryetar dhe Deputet i Forc\u00ebs<br \/>\nGenci Nimenbegu<\/strong><\/p>\n<!--YouTube Error: bad URL entered-->\n","protected":false},"excerpt":{"rendered":"<p>Pas dites se djeshme \u00ebsht\u00eb shume e qarte qe kryetari I komun\u00ebs se Ulqinit , Hajdinaga \u00ebsht\u00eb kund\u00ebr kthimit te pron\u00ebs se Valdanosit dhe u bashk\u00ebngjit ekipit te Cubus Luxit qe te b\u00ebjn\u00eb pla\u00e7kitjen e pron\u00ebs se qytetar\u00ebve te Komun\u00ebs se Ulqinit. Q\u00ebndrimi i tij haptas u pa qe ai \u00ebsht\u00eb llobisti kryesor i Cub\u00ebs [&hellip;]<\/p>\n","protected":false},"author":1,"featured_media":0,"comment_status":"open","ping_status":"closed","sticky":false,"template":"","format":"standard","meta":{"spay_email":"","jetpack_publicize_message":"","jetpack_is_tweetstorm":false,"jetpack_publicize_feature_enabled":true},"categories":[10],"tags":[672,1073,13199],"jetpack_publicize_connections":[],"yoast_head":"<!-- This site is optimized with the Yoast SEO plugin v19.1 - https:\/\/yoast.com\/wordpress\/plugins\/seo\/ -->\n<title>Vazhdim i mashtrimeve Ordinere te Hajdinges - Lajme nga Ulqini<\/title>\n<meta name=\"description\" content=\"Pas dites se djeshme \u00ebsht\u00eb shume e qarte qe kryetari I komun\u00ebs se Ulqinit , Hajdinaga \u00ebsht\u00eb kund\u00ebr kthimit te pron\u00ebs se Valdanosit dhe u bashk\u00ebngjit\" \/>\n<meta name=\"robots\" content=\"index, follow, max-snippet:-1, max-image-preview:large, max-video-preview:-1\" \/>\n<link rel=\"canonical\" href=\"https:\/\/www.visit-ulcinj.com\/blog\/2010\/01\/07\/vazhdim-i-mashtrimeve-ordinere-te-hajdinges\/\" \/>\n<meta property=\"og:locale\" content=\"en_US\" \/>\n<meta property=\"og:type\" content=\"article\" \/>\n<meta property=\"og:title\" content=\"Vazhdim i mashtrimeve Ordinere te Hajdinges - Lajme nga Ulqini\" \/>\n<meta property=\"og:description\" content=\"Pas dites se djeshme \u00ebsht\u00eb shume e qarte qe kryetari I komun\u00ebs se Ulqinit , Hajdinaga \u00ebsht\u00eb kund\u00ebr kthimit te pron\u00ebs se Valdanosit dhe u bashk\u00ebngjit\" \/>\n<meta property=\"og:url\" content=\"https:\/\/www.visit-ulcinj.com\/blog\/2010\/01\/07\/vazhdim-i-mashtrimeve-ordinere-te-hajdinges\/\" \/>\n<meta property=\"og:site_name\" content=\"Lajme nga Ulqini\" \/>\n<meta property=\"article:published_time\" content=\"2010-01-07T17:38:53+00:00\" \/>\n<meta property=\"article:modified_time\" content=\"2010-01-08T02:50:33+00:00\" \/>\n<meta property=\"og:image\" content=\"http:\/\/www.visit-ulcinj.com\/blog\/wp-content\/uploads\/2009\/12\/Genci-Nimanbegu-_Predsjednik-kluba-odbornika-Force.jpg\" \/>\n<meta name=\"twitter:label1\" content=\"Written by\" \/>\n\t<meta name=\"twitter:data1\" content=\"ulqini\" \/>\n\t<meta name=\"twitter:label2\" content=\"Est. reading time\" \/>\n\t<meta name=\"twitter:data2\" content=\"2 minutes\" \/>\n<script type=\"application\/ld+json\" class=\"yoast-schema-graph\">{\"@context\":\"https:\/\/schema.org\",\"@graph\":[{\"@type\":\"WebSite\",\"@id\":\"https:\/\/www.visit-ulcinj.com\/blog\/#website\",\"url\":\"https:\/\/www.visit-ulcinj.com\/blog\/\",\"name\":\"Lajme nga Ulqini\",\"description\":\"Lajme,Vijesti,Ulqini,Ulqin,Crna Gora,Mali i Zi\",\"potentialAction\":[{\"@type\":\"SearchAction\",\"target\":{\"@type\":\"EntryPoint\",\"urlTemplate\":\"https:\/\/www.visit-ulcinj.com\/blog\/?s={search_term_string}\"},\"query-input\":\"required name=search_term_string\"}],\"inLanguage\":\"en-US\"},{\"@type\":\"ImageObject\",\"inLanguage\":\"en-US\",\"@id\":\"https:\/\/www.visit-ulcinj.com\/blog\/2010\/01\/07\/vazhdim-i-mashtrimeve-ordinere-te-hajdinges\/#primaryimage\",\"url\":\"https:\/\/www.visit-ulcinj.com\/blog\/wp-content\/uploads\/2009\/12\/Genci-Nimanbegu-_Predsjednik-kluba-odbornika-Force.jpg\",\"contentUrl\":\"https:\/\/www.visit-ulcinj.com\/blog\/wp-content\/uploads\/2009\/12\/Genci-Nimanbegu-_Predsjednik-kluba-odbornika-Force.jpg\",\"width\":\"573\",\"height\":\"461\"},{\"@type\":\"WebPage\",\"@id\":\"https:\/\/www.visit-ulcinj.com\/blog\/2010\/01\/07\/vazhdim-i-mashtrimeve-ordinere-te-hajdinges\/#webpage\",\"url\":\"https:\/\/www.visit-ulcinj.com\/blog\/2010\/01\/07\/vazhdim-i-mashtrimeve-ordinere-te-hajdinges\/\",\"name\":\"Vazhdim i mashtrimeve Ordinere te Hajdinges - Lajme nga Ulqini\",\"isPartOf\":{\"@id\":\"https:\/\/www.visit-ulcinj.com\/blog\/#website\"},\"primaryImageOfPage\":{\"@id\":\"https:\/\/www.visit-ulcinj.com\/blog\/2010\/01\/07\/vazhdim-i-mashtrimeve-ordinere-te-hajdinges\/#primaryimage\"},\"datePublished\":\"2010-01-07T17:38:53+00:00\",\"dateModified\":\"2010-01-08T02:50:33+00:00\",\"author\":{\"@id\":\"https:\/\/www.visit-ulcinj.com\/blog\/#\/schema\/person\/dcab619c614d3038751c63bc2aadc06d\"},\"description\":\"Pas dites se djeshme \u00ebsht\u00eb shume e qarte qe kryetari I komun\u00ebs se Ulqinit , Hajdinaga \u00ebsht\u00eb kund\u00ebr kthimit te pron\u00ebs se Valdanosit dhe u bashk\u00ebngjit\",\"breadcrumb\":{\"@id\":\"https:\/\/www.visit-ulcinj.com\/blog\/2010\/01\/07\/vazhdim-i-mashtrimeve-ordinere-te-hajdinges\/#breadcrumb\"},\"inLanguage\":\"en-US\",\"potentialAction\":[{\"@type\":\"ReadAction\",\"target\":[\"https:\/\/www.visit-ulcinj.com\/blog\/2010\/01\/07\/vazhdim-i-mashtrimeve-ordinere-te-hajdinges\/\"]}]},{\"@type\":\"BreadcrumbList\",\"@id\":\"https:\/\/www.visit-ulcinj.com\/blog\/2010\/01\/07\/vazhdim-i-mashtrimeve-ordinere-te-hajdinges\/#breadcrumb\",\"itemListElement\":[{\"@type\":\"ListItem\",\"position\":1,\"name\":\"Vazhdim i mashtrimeve Ordinere te Hajdinges\"}]},{\"@type\":\"Person\",\"@id\":\"https:\/\/www.visit-ulcinj.com\/blog\/#\/schema\/person\/dcab619c614d3038751c63bc2aadc06d\",\"name\":\"ulqini\",\"sameAs\":[\"http:\/\/www.visit-ulcinj.com\"],\"url\":\"https:\/\/www.visit-ulcinj.com\/blog\/author\/admin\/\"}]}<\/script>\n<!-- \/ Yoast SEO plugin. -->","yoast_head_json":{"title":"Vazhdim i mashtrimeve Ordinere te Hajdinges - Lajme nga Ulqini","description":"Pas dites se djeshme \u00ebsht\u00eb shume e qarte qe kryetari I komun\u00ebs se Ulqinit , Hajdinaga \u00ebsht\u00eb kund\u00ebr kthimit te pron\u00ebs se Valdanosit dhe u bashk\u00ebngjit","robots":{"index":"index","follow":"follow","max-snippet":"max-snippet:-1","max-image-preview":"max-image-preview:large","max-video-preview":"max-video-preview:-1"},"canonical":"https:\/\/www.visit-ulcinj.com\/blog\/2010\/01\/07\/vazhdim-i-mashtrimeve-ordinere-te-hajdinges\/","og_locale":"en_US","og_type":"article","og_title":"Vazhdim i mashtrimeve Ordinere te Hajdinges - Lajme nga Ulqini","og_description":"Pas dites se djeshme \u00ebsht\u00eb shume e qarte qe kryetari I komun\u00ebs se Ulqinit , Hajdinaga \u00ebsht\u00eb kund\u00ebr kthimit te pron\u00ebs se Valdanosit dhe u bashk\u00ebngjit","og_url":"https:\/\/www.visit-ulcinj.com\/blog\/2010\/01\/07\/vazhdim-i-mashtrimeve-ordinere-te-hajdinges\/","og_site_name":"Lajme nga Ulqini","article_published_time":"2010-01-07T17:38:53+00:00","article_modified_time":"2010-01-08T02:50:33+00:00","og_image":[{"url":"http:\/\/www.visit-ulcinj.com\/blog\/wp-content\/uploads\/2009\/12\/Genci-Nimanbegu-_Predsjednik-kluba-odbornika-Force.jpg"}],"twitter_misc":{"Written by":"ulqini","Est. reading time":"2 minutes"},"schema":{"@context":"https:\/\/schema.org","@graph":[{"@type":"WebSite","@id":"https:\/\/www.visit-ulcinj.com\/blog\/#website","url":"https:\/\/www.visit-ulcinj.com\/blog\/","name":"Lajme nga Ulqini","description":"Lajme,Vijesti,Ulqini,Ulqin,Crna Gora,Mali i Zi","potentialAction":[{"@type":"SearchAction","target":{"@type":"EntryPoint","urlTemplate":"https:\/\/www.visit-ulcinj.com\/blog\/?s={search_term_string}"},"query-input":"required name=search_term_string"}],"inLanguage":"en-US"},{"@type":"ImageObject","inLanguage":"en-US","@id":"https:\/\/www.visit-ulcinj.com\/blog\/2010\/01\/07\/vazhdim-i-mashtrimeve-ordinere-te-hajdinges\/#primaryimage","url":"https:\/\/www.visit-ulcinj.com\/blog\/wp-content\/uploads\/2009\/12\/Genci-Nimanbegu-_Predsjednik-kluba-odbornika-Force.jpg","contentUrl":"https:\/\/www.visit-ulcinj.com\/blog\/wp-content\/uploads\/2009\/12\/Genci-Nimanbegu-_Predsjednik-kluba-odbornika-Force.jpg","width":"573","height":"461"},{"@type":"WebPage","@id":"https:\/\/www.visit-ulcinj.com\/blog\/2010\/01\/07\/vazhdim-i-mashtrimeve-ordinere-te-hajdinges\/#webpage","url":"https:\/\/www.visit-ulcinj.com\/blog\/2010\/01\/07\/vazhdim-i-mashtrimeve-ordinere-te-hajdinges\/","name":"Vazhdim i mashtrimeve Ordinere te Hajdinges - Lajme nga Ulqini","isPartOf":{"@id":"https:\/\/www.visit-ulcinj.com\/blog\/#website"},"primaryImageOfPage":{"@id":"https:\/\/www.visit-ulcinj.com\/blog\/2010\/01\/07\/vazhdim-i-mashtrimeve-ordinere-te-hajdinges\/#primaryimage"},"datePublished":"2010-01-07T17:38:53+00:00","dateModified":"2010-01-08T02:50:33+00:00","author":{"@id":"https:\/\/www.visit-ulcinj.com\/blog\/#\/schema\/person\/dcab619c614d3038751c63bc2aadc06d"},"description":"Pas dites se djeshme \u00ebsht\u00eb shume e qarte qe kryetari I komun\u00ebs se Ulqinit , Hajdinaga \u00ebsht\u00eb kund\u00ebr kthimit te pron\u00ebs se Valdanosit dhe u bashk\u00ebngjit","breadcrumb":{"@id":"https:\/\/www.visit-ulcinj.com\/blog\/2010\/01\/07\/vazhdim-i-mashtrimeve-ordinere-te-hajdinges\/#breadcrumb"},"inLanguage":"en-US","potentialAction":[{"@type":"ReadAction","target":["https:\/\/www.visit-ulcinj.com\/blog\/2010\/01\/07\/vazhdim-i-mashtrimeve-ordinere-te-hajdinges\/"]}]},{"@type":"BreadcrumbList","@id":"https:\/\/www.visit-ulcinj.com\/blog\/2010\/01\/07\/vazhdim-i-mashtrimeve-ordinere-te-hajdinges\/#breadcrumb","itemListElement":[{"@type":"ListItem","position":1,"name":"Vazhdim i mashtrimeve Ordinere te Hajdinges"}]},{"@type":"Person","@id":"https:\/\/www.visit-ulcinj.com\/blog\/#\/schema\/person\/dcab619c614d3038751c63bc2aadc06d","name":"ulqini","sameAs":["http:\/\/www.visit-ulcinj.com"],"url":"https:\/\/www.visit-ulcinj.com\/blog\/author\/admin\/"}]}},"jetpack_featured_media_url":"","jetpack_sharing_enabled":true,"jetpack_shortlink":"https:\/\/wp.me\/pe6lTn-7A8","_links":{"self":[{"href":"https:\/\/www.visit-ulcinj.com\/blog\/wp-json\/wp\/v2\/posts\/29148"}],"collection":[{"href":"https:\/\/www.visit-ulcinj.com\/blog\/wp-json\/wp\/v2\/posts"}],"about":[{"href":"https:\/\/www.visit-ulcinj.com\/blog\/wp-json\/wp\/v2\/types\/post"}],"author":[{"embeddable":true,"href":"https:\/\/www.visit-ulcinj.com\/blog\/wp-json\/wp\/v2\/users\/1"}],"replies":[{"embeddable":true,"href":"https:\/\/www.visit-ulcinj.com\/blog\/wp-json\/wp\/v2\/comments?post=29148"}],"version-history":[{"count":0,"href":"https:\/\/www.visit-ulcinj.com\/blog\/wp-json\/wp\/v2\/posts\/29148\/revisions"}],"wp:attachment":[{"href":"https:\/\/www.visit-ulcinj.com\/blog\/wp-json\/wp\/v2\/media?parent=29148"}],"wp:term":[{"taxonomy":"category","embeddable":true,"href":"https:\/\/www.visit-ulcinj.com\/blog\/wp-json\/wp\/v2\/categories?post=29148"},{"taxonomy":"post_tag","embeddable":true,"href":"https:\/\/www.visit-ulcinj.com\/blog\/wp-json\/wp\/v2\/tags?post=29148"}],"curies":[{"name":"wp","href":"https:\/\/api.w.org\/{rel}","templated":true}]}}