{"id":29185,"date":"2010-01-08T03:51:14","date_gmt":"2010-01-08T01:51:14","guid":{"rendered":"http:\/\/www.visit-ulcinj.com\/blog\/?p=29185"},"modified":"2010-01-09T07:11:00","modified_gmt":"2010-01-09T05:11:00","slug":"interviste-me-nikolle-camaj-kryetar-i-kuvendit-te-ku-te-tuzit","status":"publish","type":"post","link":"https:\/\/www.visit-ulcinj.com\/blog\/2010\/01\/08\/interviste-me-nikolle-camaj-kryetar-i-kuvendit-te-ku-te-tuzit\/","title":{"rendered":"Intervist\u00eb me Nikoll\u00eb Camaj, Kryetar i Kuvendit t\u00eb KU t\u00eb Tuzit &#8211; Video"},"content":{"rendered":"<p><strong><a href=\"http:\/\/www.visit-ulcinj.com\/blog\/wp-content\/uploads\/2010\/01\/Nikoll\u00eb-Camaj.jpg\"><img loading=\"lazy\" class=\"alignleft size-full wp-image-29186\" title=\"Nikoll\u00eb Camaj\" src=\"http:\/\/www.visit-ulcinj.com\/blog\/wp-content\/uploads\/2010\/01\/Nikoll\u00eb-Camaj.jpg\" alt=\"Nikoll\u00eb Camaj\" width=\"316\" height=\"429\" \/><\/a><\/strong>Koha javore:Z. Camaj, redaksia jon\u00eb ka hapur tem\u00ebn, n\u00eb lidhje me pjes\u00ebmarrjen e pakicave n\u00eb jet\u00ebn publike n\u00eb Mal t\u00eb Zi. Na tregoni i cili \u00ebsht\u00eb q\u00ebndrimi i juaj n\u00eb lidhje me k\u00ebt\u00eb \u00e7\u00ebshtje?<br \/>\nCamaj: Q\u00ebndrimi im \u00ebsht\u00eb po ai q\u00eb ka subjekti politik t\u00eb cilit i takoj. Ai ka t\u00eb b\u00ebj\u00eb me nj\u00eb pak\u00ebnaq\u00ebsi totale, s\u00eb pari nga vet fakti se pjes\u00ebmarrja jon\u00eb n\u00eb jet\u00ebn publike \u00ebsht\u00eb e pak\u00ebt, jo nga mosdashja jon\u00eb por nga fakti se ligjet jan\u00eb diskriminuese, e s\u00eb dyti se ajo, edhe si e pak\u00ebt, kusht\u00ebzohet me lojalitet ndaj partis\u00eb-partive n\u00eb pushtet! P\u00ebr fat t\u00eb keq, ky kusht\u00ebzim haset n\u00eb \u00e7do pore t\u00eb jet\u00ebs dhe i jepet p\u00ebrpar\u00ebsi n\u00eb raport me p\u00ebrmbushjen e standardeve dhe k\u00ebrkesave q\u00eb vijn\u00eb nga faktori nd\u00ebrkomb\u00ebtar.<\/p>\n<p>Koha Javore: Pasi q\u00eb e drejta p\u00ebr vet\u00ebqeverisje lokale \u00ebsht\u00eb e drejt\u00eb e garantuar me dokumente nderkomb\u00ebtare, sa ka arritur Mali i Zi t\u00eb ralizoj\u00eb konceptin e decentralizimit t\u00eb pushteti lokal, si standart q\u00eb duhet arritur \u00e7do shoq\u00ebri, e cila synon t\u00eb integrohet ne Europ\u00eb?<br \/>\nCamaj:Jo vet\u00ebm aq. E drejta n\u00eb vetqeverisje lokale \u00ebsht\u00eb pjes\u00eb e korpusit t\u00eb t\u00eb drejtave elementare q\u00eb nuk mund t\u00eb cenohen, kurse me akte t\u00eb ndryshme ato vet\u00ebm sigurohen. Pushteti i Malit t\u00eb Zi, plot\u00ebsimin e standardeve nuk e kupton, as si t\u00eb drejt\u00eb themelore, as si obligim q\u00eb del nga aktet e ratifikuara, por si \u201cl\u00ebshim p\u00ebni\u201d ndaj atyre q\u00eb do t\u00eb duhej t\u2019i g\u00ebzonin ato t\u00eb drejta. K\u00ebt\u00eb q\u00ebndrim ka edhe n\u00eb raport me decentralizimin. Edhe kur flitet p\u00ebr komun\u00ebn e Mal\u00ebsis\u00eb, flitet si p\u00ebr nj\u00eb dhurat\u00eb t\u00eb pushtetit (po t\u00eb nodh\u00ebte), e jo p\u00ebr relizimin e nj\u00eb t\u00eb drejte themelore q\u00eb e siguron edhe Kushtetuta dhe Karta europian mbi vetqeverisjen lokale. Nga ky lloj i t\u00eb logjikuarit, lindin kusht\u00ebzimet dhe mbajtja peng e atyre q\u00eb do t\u00eb duhej t\u00eb p\u00ebrfitonin nga k\u00ebto t\u00eb drejta, por t\u00eb cil\u00ebt \u201cnd\u00ebshkohen\u201d p\u00ebr shkak se nuk jan\u00eb mjaft lojal!? Standardet do t\u00eb duhej plot\u00ebsuar, pa marr\u00eb parsyshe lojalitetin partiak, gj\u00eb q\u00eb Mali i Zi pretendon t\u2019a arrij vetem n\u00eb aspektin formal, me adaptim t\u00eb ligjeve proeuropiane, por jo edhe me zbatimin e tyre.<\/p>\n<p>Koha javore: Cilat jan\u00eb v\u00ebrejtjet tuaja n\u00eb \u201cPropozim Ligjin p\u00ebr organizimin teritorial t\u00eb Malit t\u00eb Zi\u201d dhe \u201cPropozimin p\u00ebr ndryshimin dhe plot\u00ebsimin e Ligjit p\u00ebr vet\u00ebqeverisje lokale\u201d?<br \/>\nCamaj: K\u00ebto jan\u00eb dy projekt-ligje t\u00eb cil\u00ebt, fatkeq\u00ebsisht Qeveria i b\u00ebri propozim-ligje dhe i vuri n\u00eb rend t\u00eb dit\u00ebs, me procedur\u00eb t\u00eb shpejtuar, me t\u00eb cilat vazhdohet me centralizimin e pushtetit dhe ato, as nga aspekti formal, nuk aspirojn\u00eb t\u00eb p\u00ebrmbushin standardet q\u00eb sigurojn\u00eb vetqeverisje t\u00eb plot\u00eb lokale, edhe pse thirren n\u00eb to. Andaj, posa jemi njoftuar me to, kemi angazhuar t\u00eb gjith\u00eb potencialin ekzistues n\u00eb KU, p\u00ebr t\u00eb demaskuar q\u00ebllimin e propozuesit t\u00eb k\u00ebtyre ligjeve. Se p\u00ebr \u00e7far\u00eb hilesh t\u00eb pushtetit \u00ebsht\u00eb fjala d\u00ebshmon edhe fakti se nuk organizuan shqyrtime publike n\u00ebp\u00ebr komuna, andaj as n\u00eb Tuz, por ne megjithat\u00eb nuk ndej\u00ebm duarkryq. Debatuam dhe fol\u00ebm, shkruam dhe reaguam, kontaktuam p\u00ebrfaq\u00ebsi t\u00eb huaja dhe t\u00eb shtetit am\u00eb e t\u00eb Kosov\u00ebs, organizuam tribuna, konferenca e takime, muar\u00ebm pjes\u00eb aktive n\u00eb debatin qendror n\u00eb Cetin\u00eb&#8230; M\u00eb n\u00eb fund, v\u00ebrejtjet konkrete ia p\u00ebrcoll\u00ebm propozuesit, por ato, fatkeq\u00ebsisht, nuk po hasin n\u00eb mir\u00ebkuptim. P\u00ebrndryshe, v\u00ebrejtjet kryesore kan\u00eb t\u00eb b\u00ebjn\u00eb me faktin se me to nuk parashihet vetqeverisje e plot\u00eb lokale p\u00ebr banor\u00ebt e Mal\u00ebsis\u00eb dhe se kushtet q\u00eb i parashohin, p\u00ebr themelimin e komunave t\u00eb reja, p\u00ebr ne, jan\u00eb t\u00eb paparanueshme, madje t\u00eb paarritshme.<\/p>\n<p>Koha Javore: Ju keni fituar besimin e votues\u00ebve mal\u00ebsor\u00eb duke promovuar komun\u00ebn e plot\u00eb. Ku q\u00ebndron shkaku pse nuk u realizua kjo aspirat\u00eb e proklamuar dhe e premtuar nga mazhoranca qeveris\u00ebse e KU t\u00eb Tuzit?<br \/>\nCamaj: Ne kemi premtuar se do t\u00eb b\u00ebjm\u00eb \u00e7mosin q\u00eb t\u00eb realizojm\u00eb, sa m\u00eb par\u00eb, k\u00ebt\u00eb nevoj\u00eb jetike, k\u00ebt\u00eb t\u00eb drejt\u00eb t\u00eb natyrshme, t\u00eb banor\u00ebve t\u00eb Mal\u00ebsis\u00eb. N\u00eb realitet, ne e kemi lidhur fatin ton\u00eb politik me t\u00eb. Duke i pasur t\u00eb njohura q\u00ebndrimet tona, pushteti qendror gjithnj\u00eb injoroi struktur\u00ebn udh\u00ebheq\u00ebse t\u00eb KU, e p\u00ebrmes tyre edhe vullnetin e votues\u00ebve t\u00eb Mal\u00ebsis\u00eb, t\u00eb shprehur n\u00eb zgjedhjet e vitit 2006. Mir\u00ebpo edhe krahas k\u00ebsaj, ne, jo qe nuk jemi zbrapsur, por jemi edhe m\u00eb t\u00eb vendosur n\u00eb q\u00ebllimet tona, t\u00eb bindur se faktet dhe argumentet tona, jan\u00eb m\u00eb t\u00eb forta dhe m\u00eb bind\u00ebse se disponimi dhe vullneti politik anti-komun\u00eb n\u00eb Podgoric\u00eb, e p\u00ebr fat t\u00eb keq, edhe n\u00eb disa qarqe n\u00eb Mal\u00ebsi. Duhet pasur para syshe se, p\u00ebrderisa ke nj\u00eb qeveri q\u00eb nuk ka gatishm\u00ebri t\u00eb njoh\u00eb vullnetin e shumic\u00ebs, nuk ka gatishm\u00ebri t\u00eb respektoj\u00eb aktet e veta, as aktet nd\u00ebrkomb\u00ebtare, nuk respekton at\u00eb q\u00eb \u00ebsht\u00eb parim, e n\u00eb an\u00ebn tjet\u00ebr, ne kemi nj\u00eb status q\u00eb nuk mund\u00ebson hapa konkret n\u00eb k\u00ebt\u00eb drejtim, \u00ebsht\u00eb e qart\u00eb pse nuk u realizuan ato q\u00eb ishin pik\u00ebsynimet tona, do t\u00eb thoja, m\u00eb par\u00eb se premtime.<br \/>\nN\u00eb fakt, ne ishim t\u00eb bindur se dikush do ta detyronte k\u00ebt\u00eb qeveri q\u00eb t\u00eb p\u00ebrmbush\u00eb standardet, por qeverit\u00eb q\u00eb n\u00eb esenc\u00eb nuk jan\u00eb demokratike, nuk din\u00eb \u00e7\u2019do t\u00eb thot\u00eb plot\u00ebsimi i k\u00ebrkesave q\u00eb vijn\u00eb si t\u00eb detyrueshme. Qeverit\u00eb e tilla mendojn\u00eb se \u00e7do gj\u00eb duhet t\u00eb varet vet\u00ebm nga vullneti i tyre. Tash p\u00ebr tash, k\u00ebshtu \u00ebsht\u00eb n\u00eb parktik\u00ebn malazeze, por deri kur?! Andaj ne edhe flasim p\u00ebr munges\u00ebn e vullnetit politik, si p\u00ebnges\u00eb kryesore drejt realizimit t\u00eb komun\u00ebs s\u00eb plot\u00eb p\u00ebr Mal\u00ebsin\u00eb.<\/p>\n<p>Koha Javore: \u00c7far\u00eb do t\u00eb nd\u00ebrmerrni, n\u00eb k\u00ebta muajt\u00eb q\u00eb ju kan\u00eb mbetur n\u00eb funkcionin e kryetarit t\u00eb Kuvendit, q\u00eb Tuzi ta fitoj statusin e komun\u00ebs s\u00eb barabart\u00eb me komunat e tjera n\u00eb Mal t\u00eb Zi?<br \/>\nCamaj:Brenda Malit t\u00eb Zi nuk na ka mbetur gj\u00eb nga hapat institucional pa nd\u00ebrmarr\u00eb, por t\u00eb vet\u00ebdish\u00ebm se \u201c\u00e7atia ndereqet nga jasht\u00eb\u201d jemi hedhur n\u00eb nj\u00eb mision diplomatik tek shteti am\u00eb e n\u00eb Kosov\u00eb, e p\u00ebrmes tyre edhe tek instancat nd\u00ebrkomb\u00ebtare, n\u00eb m\u00ebnyr\u00eb q\u00eb ata t\u2019i t\u00ebrheqin v\u00ebrejtjen Malit t\u00eb Zi p\u00ebr obligimet q\u00eb kan\u00eb, n\u00eb sfer\u00ebn e decentralizmit t\u00eb pushtetit, shtetet q\u00eb pretendojn\u00eb integrimet europiane. Sidoqoft\u00eb, Kuvendi i KU, e edhe strukturat e tjera t\u00eb Komun\u00ebs urban, do t\u00eb vazhdojn\u00eb aktivitetet e veta n\u00eb k\u00ebt\u00eb drejtim, madje duke mos hezituar edhe t\u00eb eksperimentojn\u00eb variante e metoda t\u00eb tjera q\u00eb mund t\u00eb vler\u00ebsohen si t\u00eb frytshme.<\/p>\n<p>Koha Javore: P\u00ebr ju si politikan, a \u00ebsht\u00eb e pr\u00ebnueshme nj\u00eb zgjidhje e mesme, apo jeni t\u00eb v\u00ebndosur q\u00eb k\u00ebrkesa t\u00eb jet\u00eb vet\u00ebm komun\u00eb e plot\u00eb.<br \/>\nCamaj:Zgjidhje t\u00eb mesme nuk ka, p\u00ebrderisa Mali i Zi njeh vet\u00ebm dyshkallshm\u00ebrin\u00eb e psuhtetit. Andaj, jam m\u00eb se i vendosur se vet\u00ebm komuna, si t\u00eb gjitha t\u00eb tjerat n\u00eb Malin e Zi, si zgjidhje, do t\u00eb kishte p\u00eblqimin ton\u00eb. Pa p\u00eblqimin ton\u00eb mund t\u00eb sjellen zgjidhje tjera, si\u00e7 u b\u00eb edhe me komun\u00ebn urbane. Por, n\u00ebse nuk pajtohesh me realitetin, nuk do t\u00eb thot\u00eb se duhet te injorosh at\u00eb. T\u00eb jesh\u00eb racional do t\u00eb thot\u00eb t\u00eb angazhohesh p\u00ebr m\u00eb t\u00eb mir\u00ebn, por t\u00eb vazhdosh t\u00eb jetosh, t\u00eb mbledhish forca p\u00ebr koh\u00ebt q\u00eb vijn\u00eb, deri n\u00eb realizim.<\/p>\n<p>Koha Javore:A mund t\u00eb t\u00ebrheqni nj\u00eb paralele midis asaj q\u00eb ju konsideroni sukses dhe asaj q\u00eb konsideroni d\u00ebshtim n\u00eb administrimin e KU t\u00eb Tuzit?<br \/>\nCamaj: Themelimi i nj\u00eb adminsitrate dhe dokumentacioni baz\u00eb n\u00eb gjuh\u00ebn shqipe, mund\u00ebsia e artikulimit zyrtar t\u00eb k\u00ebrkesave tona, aprovimi i shum\u00eb akteve n\u00eb Kuvend, disa prej t\u00eb cilave, me konsenzus, q\u00eb ven\u00eb baz\u00eb t\u00eb nj\u00eb pune m\u00eb t\u00eb mir\u00eb n\u00eb t\u00eb ardhmen, binjakizimi me Rochester Hills rtj., padyshim paraqesin disa nga sukseset e k\u00ebsaj administrate. Si d\u00ebshtim do ta konsideroja, n\u00ebse l\u00ebm anash \u00e7\u00ebshtjen e statusit mbi t\u00eb cilin nuk ka pasur mund\u00ebsi ligjore q\u00eb kjo administrat\u00eb t\u00eb vendos\u00eb, pamund\u00ebsin\u00eb p\u00ebr t\u00eb shpenzuar milionat e parapar\u00eb e t\u00eb p\u00ebrfolur dhe problemin e pun\u00ebsimit. T\u00eb jam i sinqert\u00eb deri n\u00eb fund, si d\u00ebshtim do t\u2019i p\u00ebrmendsha edhe krizat brenda shumic\u00ebs q\u00eb, fal\u00eb munges\u00ebs\u00eb s\u00eb pervoj\u00ebs dhe pagjeturis\u00eb, i pat\u00ebm.<\/p>\n<p>Koha Javore:Fillimisht ishin parapar\u00eb edhe nj\u00ebzet v\u00ebnde pune p\u00ebr plot\u00ebsimin e administrat\u00ebs s\u00eb KU. Ku q\u00ebndron p\u00ebngesa q\u00eb nuk u realizua kjo?<br \/>\nCamaj: Pun\u00ebsimi i sa m\u00eb shum\u00eb njer\u00ebzve nga kjo trev\u00eb, ka qen\u00eb nj\u00ebri prej motiveve kryesore p\u00ebr t\u00eb pranuar dhe p\u00ebr t\u00eb organizuar funksionimin e k\u00ebtij lloj surogat pushteti. N\u00eb fillim ne kishim plan q\u00eb t\u00eb pun\u00ebsonim afro 30 persona. Faz\u00ebn e par\u00eb e kryem me sukses. N\u00eb faz\u00ebn e dyt\u00eb pat\u00ebm disa v\u00ebshtir\u00ebsi, si pasoj\u00eb e munges\u00ebs s\u00eb p\u00ebrvoj\u00ebs dhe e kuptimit t\u00eb kompetencave, andaj edhe mbet\u00ebm pa plot\u00ebsuar vendet e parapara, madje as vendin vakant p\u00ebr k\u00ebshilltar t\u00eb kultur\u00ebs. Me paraqitjen e kriz\u00ebs globale, fituam dekret nga Podgorica p\u00ebr ndalim t\u00eb pun\u00ebsimeve, don\u00ebse jam i mendimit se nj\u00eb dekret i till\u00eb nuk do t\u00eb guxonte t\u2019i efektonte institucionet n\u00eb themelim pasiq\u00eb, nj\u00eb kufizim i till\u00eb, do t\u00eb binte n\u00eb pyetje funkcionimin. P\u00ebrndryshe flitet se mu n\u00eb k\u00ebt\u00eb koh\u00eb, Kryeqyteti pun\u00ebson me dhjet\u00ebra t\u00eb rinj. A thua ne duhet t\u00eb rrim\u00eb e t\u00eb presim?!<\/p>\n<p>Koha Javore: Opozita juaj flet p\u00ebr m\u00eb se 3 milion eura buxhet t\u00eb KU, q\u00eb ju nuk arrit\u00eb t\u2019i shfryt\u00ebzoni. A jan\u00eb aq, dhe n\u00ebse po, pse nuk u shpenzuan?<br \/>\nCamaj: Llogaria p\u00ebrfundimtare p\u00ebr vitin 2008 d\u00ebshmon se me t\u00eb cilat mjete ne, realisht dipsonojm\u00eb. Ne kemi pasur n\u00eb disponim vet\u00ebm afro 280.000,00 dhe p\u00ebr ato qendron d\u00ebshmia se ku jan\u00eb shpenzuar. T\u00eb tjerat i menaxhon drejtp\u00ebrs\u00ebdrejti Kryeqyteti dhe ne nuk kemi qasje dhe as mund\u00ebsi q\u00eb t\u2019i shpenzojm\u00eb e madje as t\u00eb p\u00ebrcaktojm\u00eb prioritetet. K\u00ebt\u00eb mund\u00ebsi e jep \u201cligji famoz\u201d me t\u00eb cilin u themeluan komunat urbane. Pothuaj t\u00eb gjitha propozimet tona jan\u00eb lan\u00eb anash, pasiq\u00eb Kryeqyteti ka pasur hallin t\u00eb k\u00ebnaq\u00eb t\u00eb d\u00ebgjueshmit e vet, e jo nevojat e qytetar\u00ebve, t\u00eb paraqitura p\u00ebrmes p\u00ebrfaq\u00ebsuesve legjitim. K\u00ebshtu pra, kur \u201cp\u00ebrsheshat presin kosin e huaj\u201d(un\u00eb do t\u00eb thoja, \u201ckosin t\u00ebnd q\u00eb e mban\u00eb tjetri!), mbeten that\u00eb. Pyetja \u00ebsht\u00eb se deri kur mal\u00ebsor\u00ebt, e sidomos ata mal\u00ebsor\u00eb q\u00eb na p\u00ebrfaq\u00ebsojn\u00eb n\u00eb parti qytetare, do ta tolerojn\u00eb dhe promovojn\u00eb k\u00ebt\u00eb zgjedhje.<\/p>\n<p>Koha Javore: Z. Camaj na tregoni p\u00ebr versionin tuaj n\u00eb lidhje me shpekulimet e shumta q\u00eb kan\u00eb t\u00eb b\u00ebjn\u00eb shpalljen e referendumit p\u00ebr Komun\u00eb t\u00eb plot\u00eb?<br \/>\nCamaj:P\u00ebr ne, referndumi p\u00ebr statusin e Mal\u00ebsis\u00eb ka ngjar\u00eb me 10 shtator 2006, kur pala pro-komun\u00eb fitoi shumic\u00ebn absolute, andaj ska fare nevoj\u00eb p\u00ebr nj\u00eb testim t\u00eb ri, t\u00eb vullnetit t\u00eb qytetar\u00ebve t\u00eb Mal\u00ebsis\u00eb. P\u00ebrpos asaj, Lidhja demokratike, parimisht ka kund\u00ebrshtuar ato veprime q\u00eb, gjoja do t\u00eb \u00e7onin deri te komuna, e q\u00eb nuk ishin praktik\u00eb e fomimit t\u00eb komunave t\u00eb tjera n\u00eb Mal t\u00eb Zi, apo q\u00eb do t\u00eb ishin t\u00eb kund\u00ebrta me ato veprime q\u00eb jan\u00eb nd\u00ebrmarr\u00eb kur \u00ebsht\u00eb suprimuar komuna e Tuzit. Edhe zgjedhjet e 2006-t\u00ebs, edhe praktika malazeze p\u00ebr formimin e komunave t\u00eb reja, edhe suprimimi arbitrar q\u00eb i \u00ebsht\u00eb b\u00ebr\u00eb komun\u00ebs s\u00eb Tuzit m\u00eb 1957, p\u00ebrjashtojn\u00eb nevoj\u00ebn e organizmit t\u00eb referedumit. Megjithat\u00eb, LD ka pasur qendrim q\u00eb, n\u00ebse partner\u00ebt ton\u00eb isnistojn\u00eb n\u00eb referendum, ta p\u00ebrkrahin vendimin p\u00ebr t\u00eb. Por, si\u00e7 dihet, deri tek ai nuk erdhi dhe, shikuar nga ky k\u00ebnd, ai nuk do t\u00eb ishte i vlefsh\u00ebm dhe as meritor p\u00ebr t\u00eb nd\u00ebrruar statusin, e mbi t\u00eb gjitha e \u00e7moj se nj\u00eb refederendum q\u00eb do t\u00eb thedhonte edhe m\u00ebndej h\u00ebndekun midis konfesioneve, do t\u00eb ishte i d\u00ebmsh\u00ebm p\u00ebr Mal\u00ebsin\u00eb e rrethanave t\u00eb krijuara pas 9 shtatorit. Mal\u00ebsia do komun\u00eb, por jo komum\u00eb relizimi i t\u00eb s\u00eb cil\u00ebs do t\u00eb arrihej me majorizim, por me dakordim e harmoni, sidomos t\u00eb asaj pjese q\u00eb flet e q\u00eb mendon shqip. Andaj, me bashk\u00ebpunim t\u00eb detyrojm\u00eb Malin e Zi t\u00eb p\u00ebrmbush\u00eb standradet. E pastaj pakica t\u00eb respektoj\u00eb shumic\u00ebn, si mekaniz\u00ebm i njohur i demokracis\u00eb.<\/p>\n<p>Koha Javore: Shpesh \u00ebsht\u00eb p\u00ebrfolur, se pun\u00ebt gjith\u00ebher\u00eb nuk kan\u00eb hecur n\u00eb drejtim t\u00eb duhur b\u00ebrnda mazhoranc\u00ebs. Si e komentoni?<br \/>\nCamaj: Duhet cekur se LD, fillimisht te parter\u00ebt e vet nuk ka gjetur alet\u00eb t\u00eb v\u00ebrtet\u00eb, por rival\u00eb, pasiq\u00eb nj\u00eb pjes\u00eb e madhe e tyre, gjat\u00eb t\u00eb gjitha viteve, kishin vepruar nga pozicionet anti-Lidhje, k\u00ebshtuq\u00eb nuk ishte e leht\u00eb t\u00eb nd\u00ebrtohej nj\u00eb partneritet i mir\u00ebfillt\u00eb. Pastaj, duke pasur para sysh\u00eb se ne nuk kishim ndonj\u00eb pervoj\u00eb t\u00eb gjat\u00eb n\u00eb ushtrimin e pushtetit n\u00eb nivele lokale, aq m\u00eb pak n\u00eb k\u00ebt\u00eb lloj pushteti, mund t\u00eb pritej edhe t\u00eb kishte ngecje. K\u00ebshtu, pati disa momente kur jemi gjetur n\u00eb rrug\u00eb qorre. Pra, fillimisht, papajtimet kishin t\u00eb b\u00ebnin me disa rivalitete, jo edhe aq t\u00eb r\u00ebnd\u00ebsishme p\u00ebr funkcionimin e pushtetit vendor, e q\u00eb kishin burimin nga e kaluara. N\u00eb vazhd\u00ebn e k\u00ebsaj trash\u00ebgime, moll\u00eb sherri b\u00ebhen shkrimet lidhur me emrin e Titos n\u00eb De\u00e7iq, e pastaj (pa)pun\u00ebsimet dhe Plani financiar, si \u00e7\u00ebshtje parimore, p\u00ebr t\u00eb cilat nuk ndanim t\u00eb nj\u00ebjtin mendim. Mar\u00ebdh\u00ebniet do t\u00eb ftoh\u00ebn sidomos gjat\u00eb fushat\u00ebs parazgjedhore, t\u00eb prillit t\u00eb k\u00ebtij viti, por duke pasur gjithnj\u00eb para sysh se em\u00ebrues t\u00eb p\u00ebrbashk\u00ebt kishim dhe kemi angazhimin p\u00ebr komun\u00eb t\u00eb plot\u00eb, t\u00eb gjitha ato sot jan\u00eb tejkaluar. Nj\u00eb th\u00ebnie amerikane thot\u00eb: \u201cKur humb di\u00e7ka, mos humb m\u00ebsimin!\u201d. Besoj se, t\u00eb gjith\u00eb s\u00eb bashku, kemi m\u00ebsuar di\u00e7ka nga k\u00ebto situata.<\/p>\n<p>Koha Javore:Meqen\u00ebse \u00ebsht\u00eb intervista e fundit p\u00ebr k\u00ebt\u00eb vit dhe hyjm\u00eb n\u00eb vitin e zgjedhjeve p\u00ebr KU t\u00eb Tuzit, si e shihni, apo si e d\u00ebshironi, ju p\u00ebrb\u00ebrjen e kuv\u00ebndit t\u00eb ardhsh\u00ebm t\u00eb Tuzit.<br \/>\nCamaj: Dallon ajo si e shoh prej asaj si e d\u00ebshiroj. Do t\u00eb d\u00ebshiroja nj\u00eb kuvend me komeptenca t\u00eb plota, ku shumic\u00ebn do ta p\u00ebrb\u00ebnin subjektet politike nacionale shqiptare, ku opozita nuk do t\u00eb ndihej keq, por do t\u00eb ishte pjes\u00eb konstruktive opozitare e fort\u00eb. Por druej se do t\u00eb jet ndryshe. Nj\u00eb pozit\u00eb t\u00eb brisht\u00eb, kushdo qoft\u00eb, me nj\u00eb opozit\u00eb joefektive, k\u00ebshtu si kjo jona, e cila p\u00ebr m\u00eb se tri vite nuk ka propozuar asnj\u00eb akt. Do t\u00eb ishte mir\u00eb q\u00eb t\u00eb tentohet t\u00eb gjindet nj\u00eb gjuh\u00eb e p\u00ebrbashk\u00ebt e forcave pro-komun\u00eb, t\u00eb cilave do t\u2019u bashk\u00ebngjitej edhe subjekti tjet\u00ebr shqiptar, tashp\u00ebrtash n\u00eb opozit\u00eb, dhe ky bllok t\u00eb kishte shumic\u00ebn absolute. Dalja ndaras rrezikon frontin e p\u00ebrbashk\u00ebt p\u00ebr komun\u00eb, por n\u00eb an\u00ebn tjet\u00ebr, i ka p\u00ebrpar\u00ebsit\u00eb e veta. Sidoqoft\u00eb shresoj se n\u00eb zgjedhjet e ardhshme, fushata parazgjedhore do t\u00eb jet\u00eb m\u00eb n\u00eb nivel se ato dy t\u00eb fundit, n\u00eb m\u00ebnyr\u00eb q\u00eb pastaj t\u00eb kemi nj\u00eb klim\u00eb m\u00eb t\u00eb p\u00ebrshtatshme bashk\u00ebpunimi. Ne, gjith\u00ebsesi do t\u00eb jemi n\u00eb sh\u00ebrbim t\u00eb k\u00ebsaj klime.<br \/>\nShfrytozoj rastin q\u00eb t\u00eb gjith\u00eb lexes\u00ebve t\u00eb Koh\u00ebs javore t\u2019u uroj festat e fundvitit, Krishtlindjet dhe Vitin e Ri, si n\u00eb emrin tim, ashtu edhe n\u00eb emrin e Lidhjes demokratike, q\u00eb po hyn n\u00eb 20 vjetorin e veprimtaris\u00eb s\u00eb vet, poashtu edhe n\u00eb em\u00ebr t\u00eb Kuvendit t\u00eb Komun\u00ebs urbane t\u00eb Tuzit.<\/p>\n<p>Intervistoi Muhamed Gjokaj<br \/>\nKoha Javore -24. 12. 2009<br \/>\n<!--YouTube Error: bad URL entered--><\/p>\n","protected":false},"excerpt":{"rendered":"<p>Koha javore:Z. Camaj, redaksia jon\u00eb ka hapur tem\u00ebn, n\u00eb lidhje me pjes\u00ebmarrjen e pakicave n\u00eb jet\u00ebn publike n\u00eb Mal t\u00eb Zi. Na tregoni i cili \u00ebsht\u00eb q\u00ebndrimi i juaj n\u00eb lidhje me k\u00ebt\u00eb \u00e7\u00ebshtje? Camaj: Q\u00ebndrimi im \u00ebsht\u00eb po ai q\u00eb ka subjekti politik t\u00eb cilit i takoj. Ai ka t\u00eb b\u00ebj\u00eb me nj\u00eb pak\u00ebnaq\u00ebsi [&hellip;]<\/p>\n","protected":false},"author":1,"featured_media":0,"comment_status":"open","ping_status":"closed","sticky":false,"template":"","format":"standard","meta":{"spay_email":"","jetpack_publicize_message":"","jetpack_is_tweetstorm":false,"jetpack_publicize_feature_enabled":true},"categories":[5],"tags":[194,95,189],"jetpack_publicize_connections":[],"yoast_head":"<!-- This site is optimized with the Yoast SEO plugin v19.1 - https:\/\/yoast.com\/wordpress\/plugins\/seo\/ -->\n<title>Intervist\u00eb me Nikoll\u00eb Camaj, Kryetar i Kuvendit t\u00eb KU t\u00eb Tuzit - Video - Lajme nga Ulqini<\/title>\n<meta name=\"description\" content=\"Koha javore:Z. Camaj, redaksia jon\u00eb ka hapur tem\u00ebn, n\u00eb lidhje me pjes\u00ebmarrjen e pakicave n\u00eb jet\u00ebn publike n\u00eb Mal t\u00eb Zi. Na tregoni i cili \u00ebsht\u00eb q\u00ebndrimi i\" \/>\n<meta name=\"robots\" content=\"index, follow, max-snippet:-1, max-image-preview:large, max-video-preview:-1\" \/>\n<link rel=\"canonical\" href=\"https:\/\/www.visit-ulcinj.com\/blog\/2010\/01\/08\/interviste-me-nikolle-camaj-kryetar-i-kuvendit-te-ku-te-tuzit\/\" \/>\n<meta property=\"og:locale\" content=\"en_US\" \/>\n<meta property=\"og:type\" content=\"article\" \/>\n<meta property=\"og:title\" content=\"Intervist\u00eb me Nikoll\u00eb Camaj, Kryetar i Kuvendit t\u00eb KU t\u00eb Tuzit - Video - Lajme nga Ulqini\" \/>\n<meta property=\"og:description\" content=\"Koha javore:Z. Camaj, redaksia jon\u00eb ka hapur tem\u00ebn, n\u00eb lidhje me pjes\u00ebmarrjen e pakicave n\u00eb jet\u00ebn publike n\u00eb Mal t\u00eb Zi. Na tregoni i cili \u00ebsht\u00eb q\u00ebndrimi i\" \/>\n<meta property=\"og:url\" content=\"https:\/\/www.visit-ulcinj.com\/blog\/2010\/01\/08\/interviste-me-nikolle-camaj-kryetar-i-kuvendit-te-ku-te-tuzit\/\" \/>\n<meta property=\"og:site_name\" content=\"Lajme nga Ulqini\" \/>\n<meta property=\"article:published_time\" content=\"2010-01-08T01:51:14+00:00\" \/>\n<meta property=\"article:modified_time\" content=\"2010-01-09T05:11:00+00:00\" \/>\n<meta name=\"twitter:label1\" content=\"Written by\" \/>\n\t<meta name=\"twitter:data1\" content=\"ulqini\" \/>\n\t<meta name=\"twitter:label2\" content=\"Est. reading time\" \/>\n\t<meta name=\"twitter:data2\" content=\"14 minutes\" \/>\n<script type=\"application\/ld+json\" class=\"yoast-schema-graph\">{\"@context\":\"https:\/\/schema.org\",\"@graph\":[{\"@type\":\"WebSite\",\"@id\":\"https:\/\/www.visit-ulcinj.com\/blog\/#website\",\"url\":\"https:\/\/www.visit-ulcinj.com\/blog\/\",\"name\":\"Lajme nga Ulqini\",\"description\":\"Lajme,Vijesti,Ulqini,Ulqin,Crna Gora,Mali i Zi\",\"potentialAction\":[{\"@type\":\"SearchAction\",\"target\":{\"@type\":\"EntryPoint\",\"urlTemplate\":\"https:\/\/www.visit-ulcinj.com\/blog\/?s={search_term_string}\"},\"query-input\":\"required name=search_term_string\"}],\"inLanguage\":\"en-US\"},{\"@type\":\"WebPage\",\"@id\":\"https:\/\/www.visit-ulcinj.com\/blog\/2010\/01\/08\/interviste-me-nikolle-camaj-kryetar-i-kuvendit-te-ku-te-tuzit\/#webpage\",\"url\":\"https:\/\/www.visit-ulcinj.com\/blog\/2010\/01\/08\/interviste-me-nikolle-camaj-kryetar-i-kuvendit-te-ku-te-tuzit\/\",\"name\":\"Intervist\u00eb me Nikoll\u00eb Camaj, Kryetar i Kuvendit t\u00eb KU t\u00eb Tuzit - Video - Lajme nga Ulqini\",\"isPartOf\":{\"@id\":\"https:\/\/www.visit-ulcinj.com\/blog\/#website\"},\"datePublished\":\"2010-01-08T01:51:14+00:00\",\"dateModified\":\"2010-01-09T05:11:00+00:00\",\"author\":{\"@id\":\"https:\/\/www.visit-ulcinj.com\/blog\/#\/schema\/person\/dcab619c614d3038751c63bc2aadc06d\"},\"description\":\"Koha javore:Z. Camaj, redaksia jon\u00eb ka hapur tem\u00ebn, n\u00eb lidhje me pjes\u00ebmarrjen e pakicave n\u00eb jet\u00ebn publike n\u00eb Mal t\u00eb Zi. Na tregoni i cili \u00ebsht\u00eb q\u00ebndrimi i\",\"breadcrumb\":{\"@id\":\"https:\/\/www.visit-ulcinj.com\/blog\/2010\/01\/08\/interviste-me-nikolle-camaj-kryetar-i-kuvendit-te-ku-te-tuzit\/#breadcrumb\"},\"inLanguage\":\"en-US\",\"potentialAction\":[{\"@type\":\"ReadAction\",\"target\":[\"https:\/\/www.visit-ulcinj.com\/blog\/2010\/01\/08\/interviste-me-nikolle-camaj-kryetar-i-kuvendit-te-ku-te-tuzit\/\"]}]},{\"@type\":\"BreadcrumbList\",\"@id\":\"https:\/\/www.visit-ulcinj.com\/blog\/2010\/01\/08\/interviste-me-nikolle-camaj-kryetar-i-kuvendit-te-ku-te-tuzit\/#breadcrumb\",\"itemListElement\":[{\"@type\":\"ListItem\",\"position\":1,\"name\":\"Intervist\u00eb me Nikoll\u00eb Camaj, Kryetar i Kuvendit t\u00eb KU t\u00eb Tuzit &#8211; Video\"}]},{\"@type\":\"Person\",\"@id\":\"https:\/\/www.visit-ulcinj.com\/blog\/#\/schema\/person\/dcab619c614d3038751c63bc2aadc06d\",\"name\":\"ulqini\",\"sameAs\":[\"http:\/\/www.visit-ulcinj.com\"],\"url\":\"https:\/\/www.visit-ulcinj.com\/blog\/author\/admin\/\"}]}<\/script>\n<!-- \/ Yoast SEO plugin. -->","yoast_head_json":{"title":"Intervist\u00eb me Nikoll\u00eb Camaj, Kryetar i Kuvendit t\u00eb KU t\u00eb Tuzit - Video - Lajme nga Ulqini","description":"Koha javore:Z. Camaj, redaksia jon\u00eb ka hapur tem\u00ebn, n\u00eb lidhje me pjes\u00ebmarrjen e pakicave n\u00eb jet\u00ebn publike n\u00eb Mal t\u00eb Zi. Na tregoni i cili \u00ebsht\u00eb q\u00ebndrimi i","robots":{"index":"index","follow":"follow","max-snippet":"max-snippet:-1","max-image-preview":"max-image-preview:large","max-video-preview":"max-video-preview:-1"},"canonical":"https:\/\/www.visit-ulcinj.com\/blog\/2010\/01\/08\/interviste-me-nikolle-camaj-kryetar-i-kuvendit-te-ku-te-tuzit\/","og_locale":"en_US","og_type":"article","og_title":"Intervist\u00eb me Nikoll\u00eb Camaj, Kryetar i Kuvendit t\u00eb KU t\u00eb Tuzit - Video - Lajme nga Ulqini","og_description":"Koha javore:Z. Camaj, redaksia jon\u00eb ka hapur tem\u00ebn, n\u00eb lidhje me pjes\u00ebmarrjen e pakicave n\u00eb jet\u00ebn publike n\u00eb Mal t\u00eb Zi. Na tregoni i cili \u00ebsht\u00eb q\u00ebndrimi i","og_url":"https:\/\/www.visit-ulcinj.com\/blog\/2010\/01\/08\/interviste-me-nikolle-camaj-kryetar-i-kuvendit-te-ku-te-tuzit\/","og_site_name":"Lajme nga Ulqini","article_published_time":"2010-01-08T01:51:14+00:00","article_modified_time":"2010-01-09T05:11:00+00:00","twitter_misc":{"Written by":"ulqini","Est. reading time":"14 minutes"},"schema":{"@context":"https:\/\/schema.org","@graph":[{"@type":"WebSite","@id":"https:\/\/www.visit-ulcinj.com\/blog\/#website","url":"https:\/\/www.visit-ulcinj.com\/blog\/","name":"Lajme nga Ulqini","description":"Lajme,Vijesti,Ulqini,Ulqin,Crna Gora,Mali i Zi","potentialAction":[{"@type":"SearchAction","target":{"@type":"EntryPoint","urlTemplate":"https:\/\/www.visit-ulcinj.com\/blog\/?s={search_term_string}"},"query-input":"required name=search_term_string"}],"inLanguage":"en-US"},{"@type":"WebPage","@id":"https:\/\/www.visit-ulcinj.com\/blog\/2010\/01\/08\/interviste-me-nikolle-camaj-kryetar-i-kuvendit-te-ku-te-tuzit\/#webpage","url":"https:\/\/www.visit-ulcinj.com\/blog\/2010\/01\/08\/interviste-me-nikolle-camaj-kryetar-i-kuvendit-te-ku-te-tuzit\/","name":"Intervist\u00eb me Nikoll\u00eb Camaj, Kryetar i Kuvendit t\u00eb KU t\u00eb Tuzit - Video - Lajme nga Ulqini","isPartOf":{"@id":"https:\/\/www.visit-ulcinj.com\/blog\/#website"},"datePublished":"2010-01-08T01:51:14+00:00","dateModified":"2010-01-09T05:11:00+00:00","author":{"@id":"https:\/\/www.visit-ulcinj.com\/blog\/#\/schema\/person\/dcab619c614d3038751c63bc2aadc06d"},"description":"Koha javore:Z. Camaj, redaksia jon\u00eb ka hapur tem\u00ebn, n\u00eb lidhje me pjes\u00ebmarrjen e pakicave n\u00eb jet\u00ebn publike n\u00eb Mal t\u00eb Zi. Na tregoni i cili \u00ebsht\u00eb q\u00ebndrimi i","breadcrumb":{"@id":"https:\/\/www.visit-ulcinj.com\/blog\/2010\/01\/08\/interviste-me-nikolle-camaj-kryetar-i-kuvendit-te-ku-te-tuzit\/#breadcrumb"},"inLanguage":"en-US","potentialAction":[{"@type":"ReadAction","target":["https:\/\/www.visit-ulcinj.com\/blog\/2010\/01\/08\/interviste-me-nikolle-camaj-kryetar-i-kuvendit-te-ku-te-tuzit\/"]}]},{"@type":"BreadcrumbList","@id":"https:\/\/www.visit-ulcinj.com\/blog\/2010\/01\/08\/interviste-me-nikolle-camaj-kryetar-i-kuvendit-te-ku-te-tuzit\/#breadcrumb","itemListElement":[{"@type":"ListItem","position":1,"name":"Intervist\u00eb me Nikoll\u00eb Camaj, Kryetar i Kuvendit t\u00eb KU t\u00eb Tuzit &#8211; Video"}]},{"@type":"Person","@id":"https:\/\/www.visit-ulcinj.com\/blog\/#\/schema\/person\/dcab619c614d3038751c63bc2aadc06d","name":"ulqini","sameAs":["http:\/\/www.visit-ulcinj.com"],"url":"https:\/\/www.visit-ulcinj.com\/blog\/author\/admin\/"}]}},"jetpack_featured_media_url":"","jetpack_sharing_enabled":true,"jetpack_shortlink":"https:\/\/wp.me\/pe6lTn-7AJ","_links":{"self":[{"href":"https:\/\/www.visit-ulcinj.com\/blog\/wp-json\/wp\/v2\/posts\/29185"}],"collection":[{"href":"https:\/\/www.visit-ulcinj.com\/blog\/wp-json\/wp\/v2\/posts"}],"about":[{"href":"https:\/\/www.visit-ulcinj.com\/blog\/wp-json\/wp\/v2\/types\/post"}],"author":[{"embeddable":true,"href":"https:\/\/www.visit-ulcinj.com\/blog\/wp-json\/wp\/v2\/users\/1"}],"replies":[{"embeddable":true,"href":"https:\/\/www.visit-ulcinj.com\/blog\/wp-json\/wp\/v2\/comments?post=29185"}],"version-history":[{"count":0,"href":"https:\/\/www.visit-ulcinj.com\/blog\/wp-json\/wp\/v2\/posts\/29185\/revisions"}],"wp:attachment":[{"href":"https:\/\/www.visit-ulcinj.com\/blog\/wp-json\/wp\/v2\/media?parent=29185"}],"wp:term":[{"taxonomy":"category","embeddable":true,"href":"https:\/\/www.visit-ulcinj.com\/blog\/wp-json\/wp\/v2\/categories?post=29185"},{"taxonomy":"post_tag","embeddable":true,"href":"https:\/\/www.visit-ulcinj.com\/blog\/wp-json\/wp\/v2\/tags?post=29185"}],"curies":[{"name":"wp","href":"https:\/\/api.w.org\/{rel}","templated":true}]}}