{"id":29189,"date":"2010-01-08T04:48:30","date_gmt":"2010-01-08T02:48:30","guid":{"rendered":"http:\/\/www.visit-ulcinj.com\/blog\/?p=29189"},"modified":"2010-01-08T06:20:04","modified_gmt":"2010-01-08T04:20:04","slug":"apel-dramatik-i-berishes-per-evakuim-te-popullsise","status":"publish","type":"post","link":"https:\/\/www.visit-ulcinj.com\/blog\/2010\/01\/08\/apel-dramatik-i-berishes-per-evakuim-te-popullsise\/","title":{"rendered":"Apel dramatik i Berish\u00ebs p\u00ebr evakuim t\u00eb popullsis\u00eb"},"content":{"rendered":"<p><a href=\"http:\/\/www.visit-ulcinj.com\/blog\/wp-content\/uploads\/2010\/01\/evakuim-t\u00eb-popullsis\u00eb-ne-shkoder.jpg\"><img loading=\"lazy\" class=\"alignleft size-full wp-image-29190\" title=\"evakuim t\u00eb popullsis\u00eb ne shkoder\" src=\"http:\/\/www.visit-ulcinj.com\/blog\/wp-content\/uploads\/2010\/01\/evakuim-t\u00eb-popullsis\u00eb-ne-shkoder.jpg\" alt=\"evakuim t\u00eb popullsis\u00eb ne shkoder\" width=\"580\" height=\"370\" \/><\/a>Tiran\u00eb, 7 janar &#8211; Tejmbujsha e hidrocentraleve k\u00ebrc\u00ebnon gjysm\u00ebn e Shqip\u00ebris\u00eb, \u00ebsht\u00eb shprehur kryeministri i Shqip\u00ebris\u00eb, Sali Berisha, duke p\u00ebrs\u00ebritur apelin p\u00ebr banor\u00ebt e zon\u00ebs s\u00eb N\u00ebnshkodr\u00ebs q\u00eb t\u00eb evakuohen sa m\u00eb par\u00eb. \u201cLargohuni nga zona e p\u00ebrmbytjes. Nuk mund t\u00eb shmangim shkarkimin e liqeneve. Evakuohuni, dilni jasht\u00eb zon\u00ebs s\u00eb rrezikut. Argjinatura e Dajtit funksionon, por nuk mund t\u00eb rrihet kurr\u00eb bazuar n\u00eb funksionim e saj\u201d- \u00ebsht\u00eb apeli q\u00eb kryeministri Berisha i b\u00ebri t\u00eb gjith\u00eb banor\u00ebve t\u00eb Komun\u00ebs s\u00eb Dajcit, Bushatit dhe Ana e Malit.<br \/>\n<strong><br \/>\n\u201cJu b\u00ebj thirrje qytetar\u00ebve t\u00eb tre komunave, ve\u00e7ant\u00ebrisht t\u00eb Bushatit, q\u00eb ende nuk kan\u00eb p\u00ebrmbytje, e gjith\u00eb zona e ult\u00eb t\u00eb evakuohen\u201d<\/strong><\/p>\n<p>Berisha informoi se po dyfishohet prania e ushtris\u00eb, policis\u00eb n\u00eb mb\u00ebshtetje t\u00eb popullat\u00ebs. Nga komunikimi i vazhduesh\u00ebm q\u00eb ka me Komisionin e Emergjencave civile t\u00eb gjith\u00eb jan\u00eb n\u00eb mobilizim total p\u00ebr p\u00ebrballimin e situat\u00ebs e cila do t\u00eb menaxhohet- \u201cDo menaxhohet , por njer\u00ebzit duhet t\u00eb largohen nga zonat n\u00eb rrezik, Bushati, Dajti dhe Ana e Malit.\u201d- rithekson kreu i Qeveris\u00eb.<\/p>\n<p>Kryeministri e quajti situat\u00ebn nj\u00eb fatkeq\u00ebsi natyrore, nd\u00ebrsa hapjen e portave t\u00eb domosdoshme p\u00ebr sigurin\u00eb komb\u00ebtare, pasi tejmbujsha e hidrocentraleve mund t\u00eb k\u00ebrc\u00ebnoj\u00eb gjysm\u00ebn e Shqip\u00ebris\u00eb.<\/p>\n<p>\u201cCilado q\u00eb t\u00eb jet\u00eb fatkeq\u00ebsia natyrore, qeveria \u00ebsht\u00eb dhe do t\u00eb jet\u00eb pran\u00eb tyre. Do i kompensojm\u00eb nj\u00eb nga nj\u00eb. Kjo \u00ebsht\u00eb v\u00ebrtet nj\u00eb fatkeq\u00ebsi natyrore. Ky l\u00ebshim \u00ebsht\u00eb p\u00ebr shkak t\u00eb siguris\u00eb komb\u00ebtare. Sa her\u00eb q\u00eb do detyrohemi t\u00eb hapim portat ata do t\u00eb kompensohen qindark\u00eb m\u00eb qindark\u00eb. Sikur asnj\u00eb lek\u00eb t\u00eb mos kishim t\u00eb gjitha parat\u00eb q\u00eb do shisnim energjin\u00eb do ia kalojm\u00eb atyre p\u00ebr kompensim. \u00cbsht\u00eb e v\u00ebrtet\u00eb q\u00eb Kesh po jep urdh\u00ebr p\u00ebr hapjen e portave, por \u00ebsht\u00eb n\u00eb interes t\u00eb mir\u00eb t\u00eb t\u00eb gjith\u00eb shqiptar\u00ebve. Nuk mund t\u00eb pranohet t\u00eb k\u00ebrc\u00ebnohet gjysma e Shqip\u00ebris\u00eb n\u00eb tejmbushje t\u00eb hidrocentraleve.<\/p>\n<p>Kryeministri tha se k\u00ebshilltari kryesor i digave i kryeministrit italian Berluskoni po udh\u00ebton drejt Tiran\u00ebs, nd\u00ebrsa sot pasdite do t\u00eb zhvilloj\u00eb nj\u00eb takim me t\u00eb p\u00ebr situat\u00ebn. T\u00eb gatsh\u00ebm p\u00ebr t\u00eb ndihmuar jan\u00eb shfaqur edhe qeveria e Kosov\u00ebs, Maqedonia, dhe Austria.<\/p>\n<p>\u201cKjo \u00ebsht\u00eb nj\u00eb siuat\u00eb q\u00eb do ta kap\u00ebrcejm\u00eb. Nuk ka vend p\u00ebr panik por p\u00ebr q\u00ebndrime t\u00eb vendosura\u201d- ka deklaruar Berisha i cili deklaroi se n\u00eb mbledhjen e Komisionit t\u00eb Emergjences Civile n\u00eb Shkod\u00ebr do t\u00eb vendoset n\u00ebse do shpallet apo jo gjendje e jasht\u00ebzakonshme.<\/p>\n<p><strong>Koha net<br \/>\n<\/strong><!--YouTube Error: bad URL entered--><\/p>\n<!--YouTube Error: bad URL entered-->\n","protected":false},"excerpt":{"rendered":"<p>Tiran\u00eb, 7 janar &#8211; Tejmbujsha e hidrocentraleve k\u00ebrc\u00ebnon gjysm\u00ebn e Shqip\u00ebris\u00eb, \u00ebsht\u00eb shprehur kryeministri i Shqip\u00ebris\u00eb, Sali Berisha, duke p\u00ebrs\u00ebritur apelin p\u00ebr banor\u00ebt e zon\u00ebs s\u00eb N\u00ebnshkodr\u00ebs q\u00eb t\u00eb evakuohen sa m\u00eb par\u00eb. \u201cLargohuni nga zona e p\u00ebrmbytjes. Nuk mund t\u00eb shmangim shkarkimin e liqeneve. Evakuohuni, dilni jasht\u00eb zon\u00ebs s\u00eb rrezikut. Argjinatura e Dajtit funksionon, [&hellip;]<\/p>\n","protected":false},"author":1,"featured_media":0,"comment_status":"open","ping_status":"closed","sticky":false,"template":"","format":"standard","meta":{"spay_email":"","jetpack_publicize_message":"","jetpack_is_tweetstorm":false,"jetpack_publicize_feature_enabled":true},"categories":[6],"tags":[13207,13208,2224,5589],"jetpack_publicize_connections":[],"yoast_head":"<!-- This site is optimized with the Yoast SEO plugin v19.1 - https:\/\/yoast.com\/wordpress\/plugins\/seo\/ -->\n<title>Apel dramatik i Berish\u00ebs p\u00ebr evakuim t\u00eb popullsis\u00eb - Lajme nga Ulqini<\/title>\n<meta name=\"description\" content=\"Tiran\u00eb, 7 janar - Tejmbujsha e hidrocentraleve k\u00ebrc\u00ebnon gjysm\u00ebn e Shqip\u00ebris\u00eb, \u00ebsht\u00eb shprehur kryeministri i Shqip\u00ebris\u00eb, Sali Berisha, duke p\u00ebrs\u00ebritur\" \/>\n<meta name=\"robots\" content=\"index, follow, max-snippet:-1, max-image-preview:large, max-video-preview:-1\" \/>\n<link rel=\"canonical\" href=\"https:\/\/www.visit-ulcinj.com\/blog\/2010\/01\/08\/apel-dramatik-i-berishes-per-evakuim-te-popullsise\/\" \/>\n<meta property=\"og:locale\" content=\"en_US\" \/>\n<meta property=\"og:type\" content=\"article\" \/>\n<meta property=\"og:title\" content=\"Apel dramatik i Berish\u00ebs p\u00ebr evakuim t\u00eb popullsis\u00eb - Lajme nga Ulqini\" \/>\n<meta property=\"og:description\" content=\"Tiran\u00eb, 7 janar - Tejmbujsha e hidrocentraleve k\u00ebrc\u00ebnon gjysm\u00ebn e Shqip\u00ebris\u00eb, \u00ebsht\u00eb shprehur kryeministri i Shqip\u00ebris\u00eb, Sali Berisha, duke p\u00ebrs\u00ebritur\" \/>\n<meta property=\"og:url\" content=\"https:\/\/www.visit-ulcinj.com\/blog\/2010\/01\/08\/apel-dramatik-i-berishes-per-evakuim-te-popullsise\/\" \/>\n<meta property=\"og:site_name\" content=\"Lajme nga Ulqini\" \/>\n<meta property=\"article:published_time\" content=\"2010-01-08T02:48:30+00:00\" \/>\n<meta property=\"article:modified_time\" content=\"2010-01-08T04:20:04+00:00\" \/>\n<meta name=\"twitter:label1\" content=\"Written by\" \/>\n\t<meta name=\"twitter:data1\" content=\"ulqini\" \/>\n\t<meta name=\"twitter:label2\" content=\"Est. reading time\" \/>\n\t<meta name=\"twitter:data2\" content=\"2 minutes\" \/>\n<script type=\"application\/ld+json\" class=\"yoast-schema-graph\">{\"@context\":\"https:\/\/schema.org\",\"@graph\":[{\"@type\":\"WebSite\",\"@id\":\"https:\/\/www.visit-ulcinj.com\/blog\/#website\",\"url\":\"https:\/\/www.visit-ulcinj.com\/blog\/\",\"name\":\"Lajme nga Ulqini\",\"description\":\"Lajme,Vijesti,Ulqini,Ulqin,Crna Gora,Mali i Zi\",\"potentialAction\":[{\"@type\":\"SearchAction\",\"target\":{\"@type\":\"EntryPoint\",\"urlTemplate\":\"https:\/\/www.visit-ulcinj.com\/blog\/?s={search_term_string}\"},\"query-input\":\"required name=search_term_string\"}],\"inLanguage\":\"en-US\"},{\"@type\":\"WebPage\",\"@id\":\"https:\/\/www.visit-ulcinj.com\/blog\/2010\/01\/08\/apel-dramatik-i-berishes-per-evakuim-te-popullsise\/#webpage\",\"url\":\"https:\/\/www.visit-ulcinj.com\/blog\/2010\/01\/08\/apel-dramatik-i-berishes-per-evakuim-te-popullsise\/\",\"name\":\"Apel dramatik i Berish\u00ebs p\u00ebr evakuim t\u00eb popullsis\u00eb - Lajme nga Ulqini\",\"isPartOf\":{\"@id\":\"https:\/\/www.visit-ulcinj.com\/blog\/#website\"},\"datePublished\":\"2010-01-08T02:48:30+00:00\",\"dateModified\":\"2010-01-08T04:20:04+00:00\",\"author\":{\"@id\":\"https:\/\/www.visit-ulcinj.com\/blog\/#\/schema\/person\/dcab619c614d3038751c63bc2aadc06d\"},\"description\":\"Tiran\u00eb, 7 janar - Tejmbujsha e hidrocentraleve k\u00ebrc\u00ebnon gjysm\u00ebn e Shqip\u00ebris\u00eb, \u00ebsht\u00eb shprehur kryeministri i Shqip\u00ebris\u00eb, Sali Berisha, duke p\u00ebrs\u00ebritur\",\"breadcrumb\":{\"@id\":\"https:\/\/www.visit-ulcinj.com\/blog\/2010\/01\/08\/apel-dramatik-i-berishes-per-evakuim-te-popullsise\/#breadcrumb\"},\"inLanguage\":\"en-US\",\"potentialAction\":[{\"@type\":\"ReadAction\",\"target\":[\"https:\/\/www.visit-ulcinj.com\/blog\/2010\/01\/08\/apel-dramatik-i-berishes-per-evakuim-te-popullsise\/\"]}]},{\"@type\":\"BreadcrumbList\",\"@id\":\"https:\/\/www.visit-ulcinj.com\/blog\/2010\/01\/08\/apel-dramatik-i-berishes-per-evakuim-te-popullsise\/#breadcrumb\",\"itemListElement\":[{\"@type\":\"ListItem\",\"position\":1,\"name\":\"Apel dramatik i Berish\u00ebs p\u00ebr evakuim t\u00eb popullsis\u00eb\"}]},{\"@type\":\"Person\",\"@id\":\"https:\/\/www.visit-ulcinj.com\/blog\/#\/schema\/person\/dcab619c614d3038751c63bc2aadc06d\",\"name\":\"ulqini\",\"sameAs\":[\"http:\/\/www.visit-ulcinj.com\"],\"url\":\"https:\/\/www.visit-ulcinj.com\/blog\/author\/admin\/\"}]}<\/script>\n<!-- \/ Yoast SEO plugin. -->","yoast_head_json":{"title":"Apel dramatik i Berish\u00ebs p\u00ebr evakuim t\u00eb popullsis\u00eb - Lajme nga Ulqini","description":"Tiran\u00eb, 7 janar - Tejmbujsha e hidrocentraleve k\u00ebrc\u00ebnon gjysm\u00ebn e Shqip\u00ebris\u00eb, \u00ebsht\u00eb shprehur kryeministri i Shqip\u00ebris\u00eb, Sali Berisha, duke p\u00ebrs\u00ebritur","robots":{"index":"index","follow":"follow","max-snippet":"max-snippet:-1","max-image-preview":"max-image-preview:large","max-video-preview":"max-video-preview:-1"},"canonical":"https:\/\/www.visit-ulcinj.com\/blog\/2010\/01\/08\/apel-dramatik-i-berishes-per-evakuim-te-popullsise\/","og_locale":"en_US","og_type":"article","og_title":"Apel dramatik i Berish\u00ebs p\u00ebr evakuim t\u00eb popullsis\u00eb - Lajme nga Ulqini","og_description":"Tiran\u00eb, 7 janar - Tejmbujsha e hidrocentraleve k\u00ebrc\u00ebnon gjysm\u00ebn e Shqip\u00ebris\u00eb, \u00ebsht\u00eb shprehur kryeministri i Shqip\u00ebris\u00eb, Sali Berisha, duke p\u00ebrs\u00ebritur","og_url":"https:\/\/www.visit-ulcinj.com\/blog\/2010\/01\/08\/apel-dramatik-i-berishes-per-evakuim-te-popullsise\/","og_site_name":"Lajme nga Ulqini","article_published_time":"2010-01-08T02:48:30+00:00","article_modified_time":"2010-01-08T04:20:04+00:00","twitter_misc":{"Written by":"ulqini","Est. reading time":"2 minutes"},"schema":{"@context":"https:\/\/schema.org","@graph":[{"@type":"WebSite","@id":"https:\/\/www.visit-ulcinj.com\/blog\/#website","url":"https:\/\/www.visit-ulcinj.com\/blog\/","name":"Lajme nga Ulqini","description":"Lajme,Vijesti,Ulqini,Ulqin,Crna Gora,Mali i Zi","potentialAction":[{"@type":"SearchAction","target":{"@type":"EntryPoint","urlTemplate":"https:\/\/www.visit-ulcinj.com\/blog\/?s={search_term_string}"},"query-input":"required name=search_term_string"}],"inLanguage":"en-US"},{"@type":"WebPage","@id":"https:\/\/www.visit-ulcinj.com\/blog\/2010\/01\/08\/apel-dramatik-i-berishes-per-evakuim-te-popullsise\/#webpage","url":"https:\/\/www.visit-ulcinj.com\/blog\/2010\/01\/08\/apel-dramatik-i-berishes-per-evakuim-te-popullsise\/","name":"Apel dramatik i Berish\u00ebs p\u00ebr evakuim t\u00eb popullsis\u00eb - Lajme nga Ulqini","isPartOf":{"@id":"https:\/\/www.visit-ulcinj.com\/blog\/#website"},"datePublished":"2010-01-08T02:48:30+00:00","dateModified":"2010-01-08T04:20:04+00:00","author":{"@id":"https:\/\/www.visit-ulcinj.com\/blog\/#\/schema\/person\/dcab619c614d3038751c63bc2aadc06d"},"description":"Tiran\u00eb, 7 janar - Tejmbujsha e hidrocentraleve k\u00ebrc\u00ebnon gjysm\u00ebn e Shqip\u00ebris\u00eb, \u00ebsht\u00eb shprehur kryeministri i Shqip\u00ebris\u00eb, Sali Berisha, duke p\u00ebrs\u00ebritur","breadcrumb":{"@id":"https:\/\/www.visit-ulcinj.com\/blog\/2010\/01\/08\/apel-dramatik-i-berishes-per-evakuim-te-popullsise\/#breadcrumb"},"inLanguage":"en-US","potentialAction":[{"@type":"ReadAction","target":["https:\/\/www.visit-ulcinj.com\/blog\/2010\/01\/08\/apel-dramatik-i-berishes-per-evakuim-te-popullsise\/"]}]},{"@type":"BreadcrumbList","@id":"https:\/\/www.visit-ulcinj.com\/blog\/2010\/01\/08\/apel-dramatik-i-berishes-per-evakuim-te-popullsise\/#breadcrumb","itemListElement":[{"@type":"ListItem","position":1,"name":"Apel dramatik i Berish\u00ebs p\u00ebr evakuim t\u00eb popullsis\u00eb"}]},{"@type":"Person","@id":"https:\/\/www.visit-ulcinj.com\/blog\/#\/schema\/person\/dcab619c614d3038751c63bc2aadc06d","name":"ulqini","sameAs":["http:\/\/www.visit-ulcinj.com"],"url":"https:\/\/www.visit-ulcinj.com\/blog\/author\/admin\/"}]}},"jetpack_featured_media_url":"","jetpack_sharing_enabled":true,"jetpack_shortlink":"https:\/\/wp.me\/pe6lTn-7AN","_links":{"self":[{"href":"https:\/\/www.visit-ulcinj.com\/blog\/wp-json\/wp\/v2\/posts\/29189"}],"collection":[{"href":"https:\/\/www.visit-ulcinj.com\/blog\/wp-json\/wp\/v2\/posts"}],"about":[{"href":"https:\/\/www.visit-ulcinj.com\/blog\/wp-json\/wp\/v2\/types\/post"}],"author":[{"embeddable":true,"href":"https:\/\/www.visit-ulcinj.com\/blog\/wp-json\/wp\/v2\/users\/1"}],"replies":[{"embeddable":true,"href":"https:\/\/www.visit-ulcinj.com\/blog\/wp-json\/wp\/v2\/comments?post=29189"}],"version-history":[{"count":0,"href":"https:\/\/www.visit-ulcinj.com\/blog\/wp-json\/wp\/v2\/posts\/29189\/revisions"}],"wp:attachment":[{"href":"https:\/\/www.visit-ulcinj.com\/blog\/wp-json\/wp\/v2\/media?parent=29189"}],"wp:term":[{"taxonomy":"category","embeddable":true,"href":"https:\/\/www.visit-ulcinj.com\/blog\/wp-json\/wp\/v2\/categories?post=29189"},{"taxonomy":"post_tag","embeddable":true,"href":"https:\/\/www.visit-ulcinj.com\/blog\/wp-json\/wp\/v2\/tags?post=29189"}],"curies":[{"name":"wp","href":"https:\/\/api.w.org\/{rel}","templated":true}]}}