{"id":29197,"date":"2010-01-08T05:28:21","date_gmt":"2010-01-08T03:28:21","guid":{"rendered":"http:\/\/www.visit-ulcinj.com\/blog\/?p=29197"},"modified":"2010-01-08T05:28:21","modified_gmt":"2010-01-08T03:28:21","slug":"mardheniet-me-kosoven-serbia-kercenon-malin-e-zi","status":"publish","type":"post","link":"https:\/\/www.visit-ulcinj.com\/blog\/2010\/01\/08\/mardheniet-me-kosoven-serbia-kercenon-malin-e-zi\/","title":{"rendered":"Mardh\u00ebniet me Kosoven, Serbia k\u00ebrc\u00ebnon Malin e Zi"},"content":{"rendered":"<p><a href=\"http:\/\/www.visit-ulcinj.com\/blog\/wp-content\/uploads\/2010\/01\/Oliver-Ivanovic.jpg\"><img loading=\"lazy\" class=\"alignleft size-full wp-image-29198\" title=\"IMG_5083\" src=\"http:\/\/www.visit-ulcinj.com\/blog\/wp-content\/uploads\/2010\/01\/Oliver-Ivanovic.jpg\" alt=\"IMG_5083\" width=\"580\" height=\"400\" \/><\/a>BEOGRAD- Serbia kerc\u00ebnon Malin e Zi q\u00eb t\u00eb mendohet mire para se t\u00eb vendos marr\u00ebdheniet diplomatike me Kosoven.<br \/>\nMali i Zi e ka njohur Kosoven q\u00eb n\u00eb Tetor 2008-\u00ebs bashk\u00eb me Maqedonin\u00eb por nuk kane vendosur marr\u00ebdhenie diplomatike dhe gjithashtu nuk kane ngritur ambasadat respektive, gjithashtu nuk kane vendosur kufirin midis dy vendeve.Sekretari i shtetit ne Ministerine e Kosov\u00ebs n\u00eb Serbi, Oliver Ivanovic paralajm\u00ebroi se Podgorica duhet ta kuptoj\u00eb se p\u00ebrpjekja p\u00ebr t\u00b4u afruar me fuqit\u00eb e m\u00ebdha duke njohur Kosov\u00ebn nuk do ti sjell\u00eb asgje t\u00eb mir\u00eb Malit t\u00eb Zi ndr\u00ebsa do t\u00eb tensionohet marr\u00ebdh\u00ebniet e brishta me Serbin\u00eb.<br \/>\nN\u00eb Mal te Zi te pakten 30% e polullsis\u00eb jan\u00eb serb\u00eb dhe ata jan\u00eb kund\u00ebr nj\u00eb hapje t\u00eb till\u00eb me Kosov\u00ebn.Nuk \u00ebsht\u00eb mir\u00eb q\u00eb t\u00eb kesh nj\u00ebr\u00ebz t\u00eb pa k\u00ebnaqur n\u00eb territorin t\u00ebnd dhe lider\u00ebt duhet ta konsiderojne k\u00ebt\u00eb para se t\u00eb marrin nje vendim ka th\u00ebn\u00eb Ivanovic.<br \/>\nAi u pyet nga mediat serbe se a do te ket\u00eb probleme me kufirin e Kosov\u00ebs dhe Malit te Zi, pasi pala shqiptare k\u00ebrkon qe nje pjse\u00eb e cila u \u00ebsht\u00eb marr\u00eb ti kthehet Kosoves.<br \/>\nP\u00ebr k\u00ebt\u00eb ceshtje Ivanovic tha me bindje se nd\u00ebrkomb\u00ebtar\u00ebt nuk do te lejojne nje gj\u00eb t\u00eb till\u00eb, pra q\u00eb t\u00eb cehet ndonje territor.<br \/>\nshum\u00eb c\u00ebshtje t\u00eb kontestueshme n\u00eb kufirin midis Kosov\u00ebs dhe Malit t\u00eb Zi po asgj\u00eb nuk do t\u00eb preket tha Ivanovic, pasi faktori nderkomb\u00ebtar nuk do t\u00eb lejoj\u00eb hapjen e c\u00ebshtjes s\u00eb territorit.<br \/>\nPritet shum\u00eb shpejt q\u00eb Podgorica dhe Prishtina t\u00eb finalizojn\u00eb marr\u00ebveshjen e kufirit midis tyre, cka do t\u00eb sjell\u00eb m\u00eb pas dhe vendosjen e marr\u00ebdhenieve diplomatike dy paleshe.<br \/>\n<strong><br \/>\n(e.\u00e7\/news24\/BalkanWeb)<\/strong><\/p>\n","protected":false},"excerpt":{"rendered":"<p>BEOGRAD- Serbia kerc\u00ebnon Malin e Zi q\u00eb t\u00eb mendohet mire para se t\u00eb vendos marr\u00ebdheniet diplomatike me Kosoven. Mali i Zi e ka njohur Kosoven q\u00eb n\u00eb Tetor 2008-\u00ebs bashk\u00eb me Maqedonin\u00eb por nuk kane vendosur marr\u00ebdhenie diplomatike dhe gjithashtu nuk kane ngritur ambasadat respektive, gjithashtu nuk kane vendosur kufirin midis dy vendeve.Sekretari i shtetit [&hellip;]<\/p>\n","protected":false},"author":1,"featured_media":0,"comment_status":"open","ping_status":"closed","sticky":false,"template":"","format":"standard","meta":{"spay_email":"","jetpack_publicize_message":"","jetpack_is_tweetstorm":false,"jetpack_publicize_feature_enabled":true},"categories":[14],"tags":[13210,13209],"jetpack_publicize_connections":[],"yoast_head":"<!-- This site is optimized with the Yoast SEO plugin v19.1 - https:\/\/yoast.com\/wordpress\/plugins\/seo\/ -->\n<title>Mardh\u00ebniet me Kosoven, Serbia k\u00ebrc\u00ebnon Malin e Zi - Lajme nga Ulqini<\/title>\n<meta name=\"description\" content=\"BEOGRAD- Serbia kerc\u00ebnon Malin e Zi q\u00eb t\u00eb mendohet mire para se t\u00eb vendos marr\u00ebdheniet diplomatike me Kosoven. Mali i Zi e ka njohur Kosoven q\u00eb n\u00eb Tetor\" \/>\n<meta name=\"robots\" content=\"index, follow, max-snippet:-1, max-image-preview:large, max-video-preview:-1\" \/>\n<link rel=\"canonical\" href=\"https:\/\/www.visit-ulcinj.com\/blog\/2010\/01\/08\/mardheniet-me-kosoven-serbia-kercenon-malin-e-zi\/\" \/>\n<meta property=\"og:locale\" content=\"en_US\" \/>\n<meta property=\"og:type\" content=\"article\" \/>\n<meta property=\"og:title\" content=\"Mardh\u00ebniet me Kosoven, Serbia k\u00ebrc\u00ebnon Malin e Zi - Lajme nga Ulqini\" \/>\n<meta property=\"og:description\" content=\"BEOGRAD- Serbia kerc\u00ebnon Malin e Zi q\u00eb t\u00eb mendohet mire para se t\u00eb vendos marr\u00ebdheniet diplomatike me Kosoven. Mali i Zi e ka njohur Kosoven q\u00eb n\u00eb Tetor\" \/>\n<meta property=\"og:url\" content=\"https:\/\/www.visit-ulcinj.com\/blog\/2010\/01\/08\/mardheniet-me-kosoven-serbia-kercenon-malin-e-zi\/\" \/>\n<meta property=\"og:site_name\" content=\"Lajme nga Ulqini\" \/>\n<meta property=\"article:published_time\" content=\"2010-01-08T03:28:21+00:00\" \/>\n<meta property=\"og:image\" content=\"http:\/\/www.visit-ulcinj.com\/blog\/wp-content\/uploads\/2010\/01\/Oliver-Ivanovic.jpg\" \/>\n<meta name=\"twitter:label1\" content=\"Written by\" \/>\n\t<meta name=\"twitter:data1\" content=\"ulqini\" \/>\n\t<meta name=\"twitter:label2\" content=\"Est. reading time\" \/>\n\t<meta name=\"twitter:data2\" content=\"2 minutes\" \/>\n<script type=\"application\/ld+json\" class=\"yoast-schema-graph\">{\"@context\":\"https:\/\/schema.org\",\"@graph\":[{\"@type\":\"WebSite\",\"@id\":\"https:\/\/www.visit-ulcinj.com\/blog\/#website\",\"url\":\"https:\/\/www.visit-ulcinj.com\/blog\/\",\"name\":\"Lajme nga Ulqini\",\"description\":\"Lajme,Vijesti,Ulqini,Ulqin,Crna Gora,Mali i Zi\",\"potentialAction\":[{\"@type\":\"SearchAction\",\"target\":{\"@type\":\"EntryPoint\",\"urlTemplate\":\"https:\/\/www.visit-ulcinj.com\/blog\/?s={search_term_string}\"},\"query-input\":\"required name=search_term_string\"}],\"inLanguage\":\"en-US\"},{\"@type\":\"ImageObject\",\"inLanguage\":\"en-US\",\"@id\":\"https:\/\/www.visit-ulcinj.com\/blog\/2010\/01\/08\/mardheniet-me-kosoven-serbia-kercenon-malin-e-zi\/#primaryimage\",\"url\":\"https:\/\/www.visit-ulcinj.com\/blog\/wp-content\/uploads\/2010\/01\/Oliver-Ivanovic.jpg\",\"contentUrl\":\"https:\/\/www.visit-ulcinj.com\/blog\/wp-content\/uploads\/2010\/01\/Oliver-Ivanovic.jpg\",\"width\":\"1024\",\"height\":\"683\"},{\"@type\":\"WebPage\",\"@id\":\"https:\/\/www.visit-ulcinj.com\/blog\/2010\/01\/08\/mardheniet-me-kosoven-serbia-kercenon-malin-e-zi\/#webpage\",\"url\":\"https:\/\/www.visit-ulcinj.com\/blog\/2010\/01\/08\/mardheniet-me-kosoven-serbia-kercenon-malin-e-zi\/\",\"name\":\"Mardh\u00ebniet me Kosoven, Serbia k\u00ebrc\u00ebnon Malin e Zi - Lajme nga Ulqini\",\"isPartOf\":{\"@id\":\"https:\/\/www.visit-ulcinj.com\/blog\/#website\"},\"primaryImageOfPage\":{\"@id\":\"https:\/\/www.visit-ulcinj.com\/blog\/2010\/01\/08\/mardheniet-me-kosoven-serbia-kercenon-malin-e-zi\/#primaryimage\"},\"datePublished\":\"2010-01-08T03:28:21+00:00\",\"dateModified\":\"2010-01-08T03:28:21+00:00\",\"author\":{\"@id\":\"https:\/\/www.visit-ulcinj.com\/blog\/#\/schema\/person\/dcab619c614d3038751c63bc2aadc06d\"},\"description\":\"BEOGRAD- Serbia kerc\u00ebnon Malin e Zi q\u00eb t\u00eb mendohet mire para se t\u00eb vendos marr\u00ebdheniet diplomatike me Kosoven. Mali i Zi e ka njohur Kosoven q\u00eb n\u00eb Tetor\",\"breadcrumb\":{\"@id\":\"https:\/\/www.visit-ulcinj.com\/blog\/2010\/01\/08\/mardheniet-me-kosoven-serbia-kercenon-malin-e-zi\/#breadcrumb\"},\"inLanguage\":\"en-US\",\"potentialAction\":[{\"@type\":\"ReadAction\",\"target\":[\"https:\/\/www.visit-ulcinj.com\/blog\/2010\/01\/08\/mardheniet-me-kosoven-serbia-kercenon-malin-e-zi\/\"]}]},{\"@type\":\"BreadcrumbList\",\"@id\":\"https:\/\/www.visit-ulcinj.com\/blog\/2010\/01\/08\/mardheniet-me-kosoven-serbia-kercenon-malin-e-zi\/#breadcrumb\",\"itemListElement\":[{\"@type\":\"ListItem\",\"position\":1,\"name\":\"Mardh\u00ebniet me Kosoven, Serbia k\u00ebrc\u00ebnon Malin e Zi\"}]},{\"@type\":\"Person\",\"@id\":\"https:\/\/www.visit-ulcinj.com\/blog\/#\/schema\/person\/dcab619c614d3038751c63bc2aadc06d\",\"name\":\"ulqini\",\"sameAs\":[\"http:\/\/www.visit-ulcinj.com\"],\"url\":\"https:\/\/www.visit-ulcinj.com\/blog\/author\/admin\/\"}]}<\/script>\n<!-- \/ Yoast SEO plugin. -->","yoast_head_json":{"title":"Mardh\u00ebniet me Kosoven, Serbia k\u00ebrc\u00ebnon Malin e Zi - Lajme nga Ulqini","description":"BEOGRAD- Serbia kerc\u00ebnon Malin e Zi q\u00eb t\u00eb mendohet mire para se t\u00eb vendos marr\u00ebdheniet diplomatike me Kosoven. Mali i Zi e ka njohur Kosoven q\u00eb n\u00eb Tetor","robots":{"index":"index","follow":"follow","max-snippet":"max-snippet:-1","max-image-preview":"max-image-preview:large","max-video-preview":"max-video-preview:-1"},"canonical":"https:\/\/www.visit-ulcinj.com\/blog\/2010\/01\/08\/mardheniet-me-kosoven-serbia-kercenon-malin-e-zi\/","og_locale":"en_US","og_type":"article","og_title":"Mardh\u00ebniet me Kosoven, Serbia k\u00ebrc\u00ebnon Malin e Zi - Lajme nga Ulqini","og_description":"BEOGRAD- Serbia kerc\u00ebnon Malin e Zi q\u00eb t\u00eb mendohet mire para se t\u00eb vendos marr\u00ebdheniet diplomatike me Kosoven. Mali i Zi e ka njohur Kosoven q\u00eb n\u00eb Tetor","og_url":"https:\/\/www.visit-ulcinj.com\/blog\/2010\/01\/08\/mardheniet-me-kosoven-serbia-kercenon-malin-e-zi\/","og_site_name":"Lajme nga Ulqini","article_published_time":"2010-01-08T03:28:21+00:00","og_image":[{"url":"http:\/\/www.visit-ulcinj.com\/blog\/wp-content\/uploads\/2010\/01\/Oliver-Ivanovic.jpg"}],"twitter_misc":{"Written by":"ulqini","Est. reading time":"2 minutes"},"schema":{"@context":"https:\/\/schema.org","@graph":[{"@type":"WebSite","@id":"https:\/\/www.visit-ulcinj.com\/blog\/#website","url":"https:\/\/www.visit-ulcinj.com\/blog\/","name":"Lajme nga Ulqini","description":"Lajme,Vijesti,Ulqini,Ulqin,Crna Gora,Mali i Zi","potentialAction":[{"@type":"SearchAction","target":{"@type":"EntryPoint","urlTemplate":"https:\/\/www.visit-ulcinj.com\/blog\/?s={search_term_string}"},"query-input":"required name=search_term_string"}],"inLanguage":"en-US"},{"@type":"ImageObject","inLanguage":"en-US","@id":"https:\/\/www.visit-ulcinj.com\/blog\/2010\/01\/08\/mardheniet-me-kosoven-serbia-kercenon-malin-e-zi\/#primaryimage","url":"https:\/\/www.visit-ulcinj.com\/blog\/wp-content\/uploads\/2010\/01\/Oliver-Ivanovic.jpg","contentUrl":"https:\/\/www.visit-ulcinj.com\/blog\/wp-content\/uploads\/2010\/01\/Oliver-Ivanovic.jpg","width":"1024","height":"683"},{"@type":"WebPage","@id":"https:\/\/www.visit-ulcinj.com\/blog\/2010\/01\/08\/mardheniet-me-kosoven-serbia-kercenon-malin-e-zi\/#webpage","url":"https:\/\/www.visit-ulcinj.com\/blog\/2010\/01\/08\/mardheniet-me-kosoven-serbia-kercenon-malin-e-zi\/","name":"Mardh\u00ebniet me Kosoven, Serbia k\u00ebrc\u00ebnon Malin e Zi - Lajme nga Ulqini","isPartOf":{"@id":"https:\/\/www.visit-ulcinj.com\/blog\/#website"},"primaryImageOfPage":{"@id":"https:\/\/www.visit-ulcinj.com\/blog\/2010\/01\/08\/mardheniet-me-kosoven-serbia-kercenon-malin-e-zi\/#primaryimage"},"datePublished":"2010-01-08T03:28:21+00:00","dateModified":"2010-01-08T03:28:21+00:00","author":{"@id":"https:\/\/www.visit-ulcinj.com\/blog\/#\/schema\/person\/dcab619c614d3038751c63bc2aadc06d"},"description":"BEOGRAD- Serbia kerc\u00ebnon Malin e Zi q\u00eb t\u00eb mendohet mire para se t\u00eb vendos marr\u00ebdheniet diplomatike me Kosoven. Mali i Zi e ka njohur Kosoven q\u00eb n\u00eb Tetor","breadcrumb":{"@id":"https:\/\/www.visit-ulcinj.com\/blog\/2010\/01\/08\/mardheniet-me-kosoven-serbia-kercenon-malin-e-zi\/#breadcrumb"},"inLanguage":"en-US","potentialAction":[{"@type":"ReadAction","target":["https:\/\/www.visit-ulcinj.com\/blog\/2010\/01\/08\/mardheniet-me-kosoven-serbia-kercenon-malin-e-zi\/"]}]},{"@type":"BreadcrumbList","@id":"https:\/\/www.visit-ulcinj.com\/blog\/2010\/01\/08\/mardheniet-me-kosoven-serbia-kercenon-malin-e-zi\/#breadcrumb","itemListElement":[{"@type":"ListItem","position":1,"name":"Mardh\u00ebniet me Kosoven, Serbia k\u00ebrc\u00ebnon Malin e Zi"}]},{"@type":"Person","@id":"https:\/\/www.visit-ulcinj.com\/blog\/#\/schema\/person\/dcab619c614d3038751c63bc2aadc06d","name":"ulqini","sameAs":["http:\/\/www.visit-ulcinj.com"],"url":"https:\/\/www.visit-ulcinj.com\/blog\/author\/admin\/"}]}},"jetpack_featured_media_url":"","jetpack_sharing_enabled":true,"jetpack_shortlink":"https:\/\/wp.me\/pe6lTn-7AV","_links":{"self":[{"href":"https:\/\/www.visit-ulcinj.com\/blog\/wp-json\/wp\/v2\/posts\/29197"}],"collection":[{"href":"https:\/\/www.visit-ulcinj.com\/blog\/wp-json\/wp\/v2\/posts"}],"about":[{"href":"https:\/\/www.visit-ulcinj.com\/blog\/wp-json\/wp\/v2\/types\/post"}],"author":[{"embeddable":true,"href":"https:\/\/www.visit-ulcinj.com\/blog\/wp-json\/wp\/v2\/users\/1"}],"replies":[{"embeddable":true,"href":"https:\/\/www.visit-ulcinj.com\/blog\/wp-json\/wp\/v2\/comments?post=29197"}],"version-history":[{"count":0,"href":"https:\/\/www.visit-ulcinj.com\/blog\/wp-json\/wp\/v2\/posts\/29197\/revisions"}],"wp:attachment":[{"href":"https:\/\/www.visit-ulcinj.com\/blog\/wp-json\/wp\/v2\/media?parent=29197"}],"wp:term":[{"taxonomy":"category","embeddable":true,"href":"https:\/\/www.visit-ulcinj.com\/blog\/wp-json\/wp\/v2\/categories?post=29197"},{"taxonomy":"post_tag","embeddable":true,"href":"https:\/\/www.visit-ulcinj.com\/blog\/wp-json\/wp\/v2\/tags?post=29197"}],"curies":[{"name":"wp","href":"https:\/\/api.w.org\/{rel}","templated":true}]}}