{"id":292,"date":"2008-01-26T12:35:05","date_gmt":"2008-01-26T17:35:05","guid":{"rendered":"http:\/\/www.visit-ulcinj.com\/blog\/2008\/01\/26\/cungu-uskoro-razgovori\/"},"modified":"2008-02-12T19:52:22","modified_gmt":"2008-02-13T00:52:22","slug":"cungu-uskoro-razgovori","status":"publish","type":"post","link":"https:\/\/www.visit-ulcinj.com\/blog\/2008\/01\/26\/cungu-uskoro-razgovori\/","title":{"rendered":"Cungu: Uskoro Razgovori"},"content":{"rendered":"<p><img loading=\"lazy\" src=\"http:\/\/8e.img.v4.skyrock.com\/8e7\/ulqini\/pics\/1034712132.jpg\" align=\"left\" height=\"151\" hspace=\"2\" vspace=\"2\" width=\"202\" \/>Ulcinj &#8211; Lider Force Nazif Cungu potvrdio je ju?e &#8220;Vijestima&#8221; da postoji inicijativa da albanske partije imaju svog predsjedni?kog kandidata naglasiv\u0161i &#8220;da o tome tek treba da se razgovara&#8221;.<br \/>\n&#8220;Tek tokom naredne sedmice, kada budemo obavili razgovor sa ostalim albanskim partijama, zna?emo da li ?emo imati zajedni?kog kandidata za predsjednika Crne Gore.<!--more--> Ako inicijativa ne urodi plodom, Forca ?e blagovremeno obavijestiti javnost o eventualnoj podr\u0161ci nekom od prentedenata na funkciju \u0161efa dr\u017eave&#8221;, kazao je Cungu.<br \/>\nOn je naglasio da u Forci trenutno ne barataju imenom i profilom eventualnog kandidata i istakao da bi i to trebalo da bude rezultat dogovora i konsenzusa albanskih politi?kih subjekata.<br \/>\nNa pitanje da li ?e u razgovorima u?estvovati i DUA, ljuti politi?ki protivnik Force na lokalnom nivou u Ulcinju, Cungu je kazao da ?e poziv &#8220;vjerovatno biti upu?en i njima, ali i da je to stvar dogovora sa partnerima&#8221;.<\/p>\n<p>S.A.<\/p>\n<p>www.vijesti.cg.yu<\/p>\n","protected":false},"excerpt":{"rendered":"<p><img loading=\"lazy\" src=\"http:\/\/8e.img.v4.skyrock.com\/8e7\/ulqini\/pics\/1034712132.jpg\" height=\"140\" width=\"140\" \/><\/p>\n","protected":false},"author":1,"featured_media":0,"comment_status":"open","ping_status":"closed","sticky":false,"template":"","format":"standard","meta":{"spay_email":"","jetpack_publicize_message":"","jetpack_is_tweetstorm":false,"jetpack_publicize_feature_enabled":true},"categories":[1],"tags":[1250,87,824,825,19],"jetpack_publicize_connections":[],"yoast_head":"<!-- This site is optimized with the Yoast SEO plugin v19.1 - https:\/\/yoast.com\/wordpress\/plugins\/seo\/ -->\n<title>Cungu: Uskoro Razgovori - Lajme nga Ulqini<\/title>\n<meta name=\"robots\" content=\"index, follow, max-snippet:-1, max-image-preview:large, max-video-preview:-1\" \/>\n<link rel=\"canonical\" href=\"https:\/\/www.visit-ulcinj.com\/blog\/2008\/01\/26\/cungu-uskoro-razgovori\/\" \/>\n<meta property=\"og:locale\" content=\"en_US\" \/>\n<meta property=\"og:type\" content=\"article\" \/>\n<meta property=\"og:title\" content=\"Cungu: Uskoro Razgovori - Lajme nga Ulqini\" \/>\n<meta property=\"og:url\" content=\"https:\/\/www.visit-ulcinj.com\/blog\/2008\/01\/26\/cungu-uskoro-razgovori\/\" \/>\n<meta property=\"og:site_name\" content=\"Lajme nga Ulqini\" \/>\n<meta property=\"article:published_time\" content=\"2008-01-26T17:35:05+00:00\" \/>\n<meta property=\"article:modified_time\" content=\"2008-02-13T00:52:22+00:00\" \/>\n<meta property=\"og:image\" content=\"http:\/\/8e.img.v4.skyrock.com\/8e7\/ulqini\/pics\/1034712132.jpg\" \/>\n<meta name=\"twitter:label1\" content=\"Written by\" \/>\n\t<meta name=\"twitter:data1\" content=\"ulqini\" \/>\n\t<meta name=\"twitter:label2\" content=\"Est. reading time\" \/>\n\t<meta name=\"twitter:data2\" content=\"1 minute\" \/>\n<script type=\"application\/ld+json\" class=\"yoast-schema-graph\">{\"@context\":\"https:\/\/schema.org\",\"@graph\":[{\"@type\":\"WebSite\",\"@id\":\"https:\/\/www.visit-ulcinj.com\/blog\/#website\",\"url\":\"https:\/\/www.visit-ulcinj.com\/blog\/\",\"name\":\"Lajme nga Ulqini\",\"description\":\"Lajme,Vijesti,Ulqini,Ulqin,Crna Gora,Mali i Zi\",\"potentialAction\":[{\"@type\":\"SearchAction\",\"target\":{\"@type\":\"EntryPoint\",\"urlTemplate\":\"https:\/\/www.visit-ulcinj.com\/blog\/?s={search_term_string}\"},\"query-input\":\"required name=search_term_string\"}],\"inLanguage\":\"en-US\"},{\"@type\":\"ImageObject\",\"inLanguage\":\"en-US\",\"@id\":\"https:\/\/www.visit-ulcinj.com\/blog\/2008\/01\/26\/cungu-uskoro-razgovori\/#primaryimage\",\"url\":\"http:\/\/8e.img.v4.skyrock.com\/8e7\/ulqini\/pics\/1034712132.jpg\",\"contentUrl\":\"http:\/\/8e.img.v4.skyrock.com\/8e7\/ulqini\/pics\/1034712132.jpg\"},{\"@type\":\"WebPage\",\"@id\":\"https:\/\/www.visit-ulcinj.com\/blog\/2008\/01\/26\/cungu-uskoro-razgovori\/#webpage\",\"url\":\"https:\/\/www.visit-ulcinj.com\/blog\/2008\/01\/26\/cungu-uskoro-razgovori\/\",\"name\":\"Cungu: Uskoro Razgovori - Lajme nga Ulqini\",\"isPartOf\":{\"@id\":\"https:\/\/www.visit-ulcinj.com\/blog\/#website\"},\"primaryImageOfPage\":{\"@id\":\"https:\/\/www.visit-ulcinj.com\/blog\/2008\/01\/26\/cungu-uskoro-razgovori\/#primaryimage\"},\"datePublished\":\"2008-01-26T17:35:05+00:00\",\"dateModified\":\"2008-02-13T00:52:22+00:00\",\"author\":{\"@id\":\"https:\/\/www.visit-ulcinj.com\/blog\/#\/schema\/person\/dcab619c614d3038751c63bc2aadc06d\"},\"breadcrumb\":{\"@id\":\"https:\/\/www.visit-ulcinj.com\/blog\/2008\/01\/26\/cungu-uskoro-razgovori\/#breadcrumb\"},\"inLanguage\":\"en-US\",\"potentialAction\":[{\"@type\":\"ReadAction\",\"target\":[\"https:\/\/www.visit-ulcinj.com\/blog\/2008\/01\/26\/cungu-uskoro-razgovori\/\"]}]},{\"@type\":\"BreadcrumbList\",\"@id\":\"https:\/\/www.visit-ulcinj.com\/blog\/2008\/01\/26\/cungu-uskoro-razgovori\/#breadcrumb\",\"itemListElement\":[{\"@type\":\"ListItem\",\"position\":1,\"name\":\"Cungu: Uskoro Razgovori\"}]},{\"@type\":\"Person\",\"@id\":\"https:\/\/www.visit-ulcinj.com\/blog\/#\/schema\/person\/dcab619c614d3038751c63bc2aadc06d\",\"name\":\"ulqini\",\"sameAs\":[\"http:\/\/www.visit-ulcinj.com\"],\"url\":\"https:\/\/www.visit-ulcinj.com\/blog\/author\/admin\/\"}]}<\/script>\n<!-- \/ Yoast SEO plugin. -->","yoast_head_json":{"title":"Cungu: Uskoro Razgovori - Lajme nga Ulqini","robots":{"index":"index","follow":"follow","max-snippet":"max-snippet:-1","max-image-preview":"max-image-preview:large","max-video-preview":"max-video-preview:-1"},"canonical":"https:\/\/www.visit-ulcinj.com\/blog\/2008\/01\/26\/cungu-uskoro-razgovori\/","og_locale":"en_US","og_type":"article","og_title":"Cungu: Uskoro Razgovori - Lajme nga Ulqini","og_url":"https:\/\/www.visit-ulcinj.com\/blog\/2008\/01\/26\/cungu-uskoro-razgovori\/","og_site_name":"Lajme nga Ulqini","article_published_time":"2008-01-26T17:35:05+00:00","article_modified_time":"2008-02-13T00:52:22+00:00","og_image":[{"url":"http:\/\/8e.img.v4.skyrock.com\/8e7\/ulqini\/pics\/1034712132.jpg"}],"twitter_misc":{"Written by":"ulqini","Est. reading time":"1 minute"},"schema":{"@context":"https:\/\/schema.org","@graph":[{"@type":"WebSite","@id":"https:\/\/www.visit-ulcinj.com\/blog\/#website","url":"https:\/\/www.visit-ulcinj.com\/blog\/","name":"Lajme nga Ulqini","description":"Lajme,Vijesti,Ulqini,Ulqin,Crna Gora,Mali i Zi","potentialAction":[{"@type":"SearchAction","target":{"@type":"EntryPoint","urlTemplate":"https:\/\/www.visit-ulcinj.com\/blog\/?s={search_term_string}"},"query-input":"required name=search_term_string"}],"inLanguage":"en-US"},{"@type":"ImageObject","inLanguage":"en-US","@id":"https:\/\/www.visit-ulcinj.com\/blog\/2008\/01\/26\/cungu-uskoro-razgovori\/#primaryimage","url":"http:\/\/8e.img.v4.skyrock.com\/8e7\/ulqini\/pics\/1034712132.jpg","contentUrl":"http:\/\/8e.img.v4.skyrock.com\/8e7\/ulqini\/pics\/1034712132.jpg"},{"@type":"WebPage","@id":"https:\/\/www.visit-ulcinj.com\/blog\/2008\/01\/26\/cungu-uskoro-razgovori\/#webpage","url":"https:\/\/www.visit-ulcinj.com\/blog\/2008\/01\/26\/cungu-uskoro-razgovori\/","name":"Cungu: Uskoro Razgovori - Lajme nga Ulqini","isPartOf":{"@id":"https:\/\/www.visit-ulcinj.com\/blog\/#website"},"primaryImageOfPage":{"@id":"https:\/\/www.visit-ulcinj.com\/blog\/2008\/01\/26\/cungu-uskoro-razgovori\/#primaryimage"},"datePublished":"2008-01-26T17:35:05+00:00","dateModified":"2008-02-13T00:52:22+00:00","author":{"@id":"https:\/\/www.visit-ulcinj.com\/blog\/#\/schema\/person\/dcab619c614d3038751c63bc2aadc06d"},"breadcrumb":{"@id":"https:\/\/www.visit-ulcinj.com\/blog\/2008\/01\/26\/cungu-uskoro-razgovori\/#breadcrumb"},"inLanguage":"en-US","potentialAction":[{"@type":"ReadAction","target":["https:\/\/www.visit-ulcinj.com\/blog\/2008\/01\/26\/cungu-uskoro-razgovori\/"]}]},{"@type":"BreadcrumbList","@id":"https:\/\/www.visit-ulcinj.com\/blog\/2008\/01\/26\/cungu-uskoro-razgovori\/#breadcrumb","itemListElement":[{"@type":"ListItem","position":1,"name":"Cungu: Uskoro Razgovori"}]},{"@type":"Person","@id":"https:\/\/www.visit-ulcinj.com\/blog\/#\/schema\/person\/dcab619c614d3038751c63bc2aadc06d","name":"ulqini","sameAs":["http:\/\/www.visit-ulcinj.com"],"url":"https:\/\/www.visit-ulcinj.com\/blog\/author\/admin\/"}]}},"jetpack_featured_media_url":"","jetpack_sharing_enabled":true,"jetpack_shortlink":"https:\/\/wp.me\/pe6lTn-4I","_links":{"self":[{"href":"https:\/\/www.visit-ulcinj.com\/blog\/wp-json\/wp\/v2\/posts\/292"}],"collection":[{"href":"https:\/\/www.visit-ulcinj.com\/blog\/wp-json\/wp\/v2\/posts"}],"about":[{"href":"https:\/\/www.visit-ulcinj.com\/blog\/wp-json\/wp\/v2\/types\/post"}],"author":[{"embeddable":true,"href":"https:\/\/www.visit-ulcinj.com\/blog\/wp-json\/wp\/v2\/users\/1"}],"replies":[{"embeddable":true,"href":"https:\/\/www.visit-ulcinj.com\/blog\/wp-json\/wp\/v2\/comments?post=292"}],"version-history":[{"count":0,"href":"https:\/\/www.visit-ulcinj.com\/blog\/wp-json\/wp\/v2\/posts\/292\/revisions"}],"wp:attachment":[{"href":"https:\/\/www.visit-ulcinj.com\/blog\/wp-json\/wp\/v2\/media?parent=292"}],"wp:term":[{"taxonomy":"category","embeddable":true,"href":"https:\/\/www.visit-ulcinj.com\/blog\/wp-json\/wp\/v2\/categories?post=292"},{"taxonomy":"post_tag","embeddable":true,"href":"https:\/\/www.visit-ulcinj.com\/blog\/wp-json\/wp\/v2\/tags?post=292"}],"curies":[{"name":"wp","href":"https:\/\/api.w.org\/{rel}","templated":true}]}}