{"id":29201,"date":"2010-01-08T05:43:19","date_gmt":"2010-01-08T03:43:19","guid":{"rendered":"http:\/\/www.visit-ulcinj.com\/blog\/?p=29201"},"modified":"2010-01-08T05:43:19","modified_gmt":"2010-01-08T03:43:19","slug":"vujanovic-ne-2010-mali-i-zi-do-marre-statusin-kandidat-per-ne-be","status":"publish","type":"post","link":"https:\/\/www.visit-ulcinj.com\/blog\/2010\/01\/08\/vujanovic-ne-2010-mali-i-zi-do-marre-statusin-kandidat-per-ne-be\/","title":{"rendered":"Vujanovic: Ne 2010, Mali i Zi do marre statusin kandidat p\u00ebr n\u00eb BE"},"content":{"rendered":"<p><a href=\"http:\/\/www.visit-ulcinj.com\/blog\/wp-content\/uploads\/2010\/01\/filip-vujanovic-01.jpg\"><img loading=\"lazy\" class=\"alignleft size-full wp-image-29202\" title=\"filip-vujanovic-01\" src=\"http:\/\/www.visit-ulcinj.com\/blog\/wp-content\/uploads\/2010\/01\/filip-vujanovic-01.jpg\" alt=\"filip-vujanovic-01\" width=\"580\" height=\"300\" \/><\/a>PODGORICE- Presidenti malazez, Filip Vujanovic dhe kryetari i Parlamentit, Ranko Krivokapic deklarojn\u00eb se ekzistojn\u00eb gjas\u00eb reale q\u00eb Mali i Zi, deri n\u00eb fund t\u00eb vitit 2010 t\u00eb marr\u00eb statusin e kandidatit p\u00ebr an\u00ebtar i barabart\u00eb n\u00eb BE.<\/p>\n<p><strong>Deklarata \u00ebsht\u00eb b\u00ebr\u00eb gjat\u00eb urimit p\u00ebr Vitin e Ri.<\/strong><\/p>\n<p>Vujanovic deklaroi se p\u00ebr k\u00ebt\u00eb arsye, periudha e ardhshme duhet t&#8217;i kushtohet arritjes s\u00eb p\u00ebrparimit n\u00eb rrug\u00ebn e integrimit evropian dhe ruajtjes s\u00eb siguris\u00eb ekonomike dhe sociale.<br \/>\nShefi i shtetit malazez deklaroi se viti 2009 do t\u00eb mbahet mend p\u00ebr arritjet e m\u00ebdha n\u00eb planin e politik\u00ebs s\u00eb jashtme dhe integrimit, por edhe p\u00ebr sfidat serioze ekonomike dhe sociale, t\u00eb cilat i imponoi kriza globale.<br \/>\n&#8220;Duhet t\u00eb krenohemi me sukseset n\u00eb integrimin evropian dhe euroatlantik. K\u00ebrkesa jon\u00eb p\u00ebr an\u00ebtar\u00ebsim n\u00eb BE ishte pritur pozitivisht dhe ekziston gjas\u00eb reale q\u00eb Mali i Zi, deri n\u00eb fund t\u00eb vitit 2010 t\u00eb marr\u00eb statusin e kandidatit p\u00ebr an\u00ebtar\u00ebsim n\u00eb BE&#8221;, deklaroi presidenti malazez.<\/p>\n<p><strong>(s.g\/BalkanWeb)<\/strong><\/p>\n<p><strong>TV IN<br \/>\n[flv width=&#8221;580&#8243; height=&#8221;400&#8243;]http:\/\/www.rtvin.me\/flv\/31_12_post_filip.flv[\/flv]<\/strong><\/p>\n","protected":false},"excerpt":{"rendered":"<p>PODGORICE- Presidenti malazez, Filip Vujanovic dhe kryetari i Parlamentit, Ranko Krivokapic deklarojn\u00eb se ekzistojn\u00eb gjas\u00eb reale q\u00eb Mali i Zi, deri n\u00eb fund t\u00eb vitit 2010 t\u00eb marr\u00eb statusin e kandidatit p\u00ebr an\u00ebtar i barabart\u00eb n\u00eb BE. Deklarata \u00ebsht\u00eb b\u00ebr\u00eb gjat\u00eb urimit p\u00ebr Vitin e Ri. Vujanovic deklaroi se p\u00ebr k\u00ebt\u00eb arsye, periudha e ardhshme [&hellip;]<\/p>\n","protected":false},"author":1,"featured_media":0,"comment_status":"open","ping_status":"closed","sticky":false,"template":"","format":"standard","meta":{"spay_email":"","jetpack_publicize_message":"","jetpack_is_tweetstorm":false,"jetpack_publicize_feature_enabled":true},"categories":[14],"tags":[93,95],"jetpack_publicize_connections":[],"yoast_head":"<!-- This site is optimized with the Yoast SEO plugin v19.1 - https:\/\/yoast.com\/wordpress\/plugins\/seo\/ -->\n<title>Vujanovic: Ne 2010, Mali i Zi do marre statusin kandidat p\u00ebr n\u00eb BE - Lajme nga Ulqini<\/title>\n<meta name=\"description\" content=\"PODGORICE- Presidenti malazez, Filip Vujanovic dhe kryetari i Parlamentit, Ranko Krivokapic deklarojn\u00eb se ekzistojn\u00eb gjas\u00eb reale q\u00eb Mali i Zi, deri n\u00eb\" \/>\n<meta name=\"robots\" content=\"index, follow, max-snippet:-1, max-image-preview:large, max-video-preview:-1\" \/>\n<link rel=\"canonical\" href=\"https:\/\/www.visit-ulcinj.com\/blog\/2010\/01\/08\/vujanovic-ne-2010-mali-i-zi-do-marre-statusin-kandidat-per-ne-be\/\" \/>\n<meta property=\"og:locale\" content=\"en_US\" \/>\n<meta property=\"og:type\" content=\"article\" \/>\n<meta property=\"og:title\" content=\"Vujanovic: Ne 2010, Mali i Zi do marre statusin kandidat p\u00ebr n\u00eb BE - Lajme nga Ulqini\" \/>\n<meta property=\"og:description\" content=\"PODGORICE- Presidenti malazez, Filip Vujanovic dhe kryetari i Parlamentit, Ranko Krivokapic deklarojn\u00eb se ekzistojn\u00eb gjas\u00eb reale q\u00eb Mali i Zi, deri n\u00eb\" \/>\n<meta property=\"og:url\" content=\"https:\/\/www.visit-ulcinj.com\/blog\/2010\/01\/08\/vujanovic-ne-2010-mali-i-zi-do-marre-statusin-kandidat-per-ne-be\/\" \/>\n<meta property=\"og:site_name\" content=\"Lajme nga Ulqini\" \/>\n<meta property=\"article:published_time\" content=\"2010-01-08T03:43:19+00:00\" \/>\n<meta property=\"og:image\" content=\"http:\/\/www.visit-ulcinj.com\/blog\/wp-content\/uploads\/2010\/01\/filip-vujanovic-01.jpg\" \/>\n<meta name=\"twitter:label1\" content=\"Written by\" \/>\n\t<meta name=\"twitter:data1\" content=\"ulqini\" \/>\n\t<meta name=\"twitter:label2\" content=\"Est. reading time\" \/>\n\t<meta name=\"twitter:data2\" content=\"1 minute\" \/>\n<script type=\"application\/ld+json\" class=\"yoast-schema-graph\">{\"@context\":\"https:\/\/schema.org\",\"@graph\":[{\"@type\":\"WebSite\",\"@id\":\"https:\/\/www.visit-ulcinj.com\/blog\/#website\",\"url\":\"https:\/\/www.visit-ulcinj.com\/blog\/\",\"name\":\"Lajme nga Ulqini\",\"description\":\"Lajme,Vijesti,Ulqini,Ulqin,Crna Gora,Mali i Zi\",\"potentialAction\":[{\"@type\":\"SearchAction\",\"target\":{\"@type\":\"EntryPoint\",\"urlTemplate\":\"https:\/\/www.visit-ulcinj.com\/blog\/?s={search_term_string}\"},\"query-input\":\"required name=search_term_string\"}],\"inLanguage\":\"en-US\"},{\"@type\":\"ImageObject\",\"inLanguage\":\"en-US\",\"@id\":\"https:\/\/www.visit-ulcinj.com\/blog\/2010\/01\/08\/vujanovic-ne-2010-mali-i-zi-do-marre-statusin-kandidat-per-ne-be\/#primaryimage\",\"url\":\"https:\/\/www.visit-ulcinj.com\/blog\/wp-content\/uploads\/2010\/01\/filip-vujanovic-01.jpg\",\"contentUrl\":\"https:\/\/www.visit-ulcinj.com\/blog\/wp-content\/uploads\/2010\/01\/filip-vujanovic-01.jpg\",\"width\":\"418\",\"height\":\"300\"},{\"@type\":\"WebPage\",\"@id\":\"https:\/\/www.visit-ulcinj.com\/blog\/2010\/01\/08\/vujanovic-ne-2010-mali-i-zi-do-marre-statusin-kandidat-per-ne-be\/#webpage\",\"url\":\"https:\/\/www.visit-ulcinj.com\/blog\/2010\/01\/08\/vujanovic-ne-2010-mali-i-zi-do-marre-statusin-kandidat-per-ne-be\/\",\"name\":\"Vujanovic: Ne 2010, Mali i Zi do marre statusin kandidat p\u00ebr n\u00eb BE - Lajme nga Ulqini\",\"isPartOf\":{\"@id\":\"https:\/\/www.visit-ulcinj.com\/blog\/#website\"},\"primaryImageOfPage\":{\"@id\":\"https:\/\/www.visit-ulcinj.com\/blog\/2010\/01\/08\/vujanovic-ne-2010-mali-i-zi-do-marre-statusin-kandidat-per-ne-be\/#primaryimage\"},\"datePublished\":\"2010-01-08T03:43:19+00:00\",\"dateModified\":\"2010-01-08T03:43:19+00:00\",\"author\":{\"@id\":\"https:\/\/www.visit-ulcinj.com\/blog\/#\/schema\/person\/dcab619c614d3038751c63bc2aadc06d\"},\"description\":\"PODGORICE- Presidenti malazez, Filip Vujanovic dhe kryetari i Parlamentit, Ranko Krivokapic deklarojn\u00eb se ekzistojn\u00eb gjas\u00eb reale q\u00eb Mali i Zi, deri n\u00eb\",\"breadcrumb\":{\"@id\":\"https:\/\/www.visit-ulcinj.com\/blog\/2010\/01\/08\/vujanovic-ne-2010-mali-i-zi-do-marre-statusin-kandidat-per-ne-be\/#breadcrumb\"},\"inLanguage\":\"en-US\",\"potentialAction\":[{\"@type\":\"ReadAction\",\"target\":[\"https:\/\/www.visit-ulcinj.com\/blog\/2010\/01\/08\/vujanovic-ne-2010-mali-i-zi-do-marre-statusin-kandidat-per-ne-be\/\"]}]},{\"@type\":\"BreadcrumbList\",\"@id\":\"https:\/\/www.visit-ulcinj.com\/blog\/2010\/01\/08\/vujanovic-ne-2010-mali-i-zi-do-marre-statusin-kandidat-per-ne-be\/#breadcrumb\",\"itemListElement\":[{\"@type\":\"ListItem\",\"position\":1,\"name\":\"Vujanovic: Ne 2010, Mali i Zi do marre statusin kandidat p\u00ebr n\u00eb BE\"}]},{\"@type\":\"Person\",\"@id\":\"https:\/\/www.visit-ulcinj.com\/blog\/#\/schema\/person\/dcab619c614d3038751c63bc2aadc06d\",\"name\":\"ulqini\",\"sameAs\":[\"http:\/\/www.visit-ulcinj.com\"],\"url\":\"https:\/\/www.visit-ulcinj.com\/blog\/author\/admin\/\"}]}<\/script>\n<!-- \/ Yoast SEO plugin. -->","yoast_head_json":{"title":"Vujanovic: Ne 2010, Mali i Zi do marre statusin kandidat p\u00ebr n\u00eb BE - Lajme nga Ulqini","description":"PODGORICE- Presidenti malazez, Filip Vujanovic dhe kryetari i Parlamentit, Ranko Krivokapic deklarojn\u00eb se ekzistojn\u00eb gjas\u00eb reale q\u00eb Mali i Zi, deri n\u00eb","robots":{"index":"index","follow":"follow","max-snippet":"max-snippet:-1","max-image-preview":"max-image-preview:large","max-video-preview":"max-video-preview:-1"},"canonical":"https:\/\/www.visit-ulcinj.com\/blog\/2010\/01\/08\/vujanovic-ne-2010-mali-i-zi-do-marre-statusin-kandidat-per-ne-be\/","og_locale":"en_US","og_type":"article","og_title":"Vujanovic: Ne 2010, Mali i Zi do marre statusin kandidat p\u00ebr n\u00eb BE - Lajme nga Ulqini","og_description":"PODGORICE- Presidenti malazez, Filip Vujanovic dhe kryetari i Parlamentit, Ranko Krivokapic deklarojn\u00eb se ekzistojn\u00eb gjas\u00eb reale q\u00eb Mali i Zi, deri n\u00eb","og_url":"https:\/\/www.visit-ulcinj.com\/blog\/2010\/01\/08\/vujanovic-ne-2010-mali-i-zi-do-marre-statusin-kandidat-per-ne-be\/","og_site_name":"Lajme nga Ulqini","article_published_time":"2010-01-08T03:43:19+00:00","og_image":[{"url":"http:\/\/www.visit-ulcinj.com\/blog\/wp-content\/uploads\/2010\/01\/filip-vujanovic-01.jpg"}],"twitter_misc":{"Written by":"ulqini","Est. reading time":"1 minute"},"schema":{"@context":"https:\/\/schema.org","@graph":[{"@type":"WebSite","@id":"https:\/\/www.visit-ulcinj.com\/blog\/#website","url":"https:\/\/www.visit-ulcinj.com\/blog\/","name":"Lajme nga Ulqini","description":"Lajme,Vijesti,Ulqini,Ulqin,Crna Gora,Mali i Zi","potentialAction":[{"@type":"SearchAction","target":{"@type":"EntryPoint","urlTemplate":"https:\/\/www.visit-ulcinj.com\/blog\/?s={search_term_string}"},"query-input":"required name=search_term_string"}],"inLanguage":"en-US"},{"@type":"ImageObject","inLanguage":"en-US","@id":"https:\/\/www.visit-ulcinj.com\/blog\/2010\/01\/08\/vujanovic-ne-2010-mali-i-zi-do-marre-statusin-kandidat-per-ne-be\/#primaryimage","url":"https:\/\/www.visit-ulcinj.com\/blog\/wp-content\/uploads\/2010\/01\/filip-vujanovic-01.jpg","contentUrl":"https:\/\/www.visit-ulcinj.com\/blog\/wp-content\/uploads\/2010\/01\/filip-vujanovic-01.jpg","width":"418","height":"300"},{"@type":"WebPage","@id":"https:\/\/www.visit-ulcinj.com\/blog\/2010\/01\/08\/vujanovic-ne-2010-mali-i-zi-do-marre-statusin-kandidat-per-ne-be\/#webpage","url":"https:\/\/www.visit-ulcinj.com\/blog\/2010\/01\/08\/vujanovic-ne-2010-mali-i-zi-do-marre-statusin-kandidat-per-ne-be\/","name":"Vujanovic: Ne 2010, Mali i Zi do marre statusin kandidat p\u00ebr n\u00eb BE - Lajme nga Ulqini","isPartOf":{"@id":"https:\/\/www.visit-ulcinj.com\/blog\/#website"},"primaryImageOfPage":{"@id":"https:\/\/www.visit-ulcinj.com\/blog\/2010\/01\/08\/vujanovic-ne-2010-mali-i-zi-do-marre-statusin-kandidat-per-ne-be\/#primaryimage"},"datePublished":"2010-01-08T03:43:19+00:00","dateModified":"2010-01-08T03:43:19+00:00","author":{"@id":"https:\/\/www.visit-ulcinj.com\/blog\/#\/schema\/person\/dcab619c614d3038751c63bc2aadc06d"},"description":"PODGORICE- Presidenti malazez, Filip Vujanovic dhe kryetari i Parlamentit, Ranko Krivokapic deklarojn\u00eb se ekzistojn\u00eb gjas\u00eb reale q\u00eb Mali i Zi, deri n\u00eb","breadcrumb":{"@id":"https:\/\/www.visit-ulcinj.com\/blog\/2010\/01\/08\/vujanovic-ne-2010-mali-i-zi-do-marre-statusin-kandidat-per-ne-be\/#breadcrumb"},"inLanguage":"en-US","potentialAction":[{"@type":"ReadAction","target":["https:\/\/www.visit-ulcinj.com\/blog\/2010\/01\/08\/vujanovic-ne-2010-mali-i-zi-do-marre-statusin-kandidat-per-ne-be\/"]}]},{"@type":"BreadcrumbList","@id":"https:\/\/www.visit-ulcinj.com\/blog\/2010\/01\/08\/vujanovic-ne-2010-mali-i-zi-do-marre-statusin-kandidat-per-ne-be\/#breadcrumb","itemListElement":[{"@type":"ListItem","position":1,"name":"Vujanovic: Ne 2010, Mali i Zi do marre statusin kandidat p\u00ebr n\u00eb BE"}]},{"@type":"Person","@id":"https:\/\/www.visit-ulcinj.com\/blog\/#\/schema\/person\/dcab619c614d3038751c63bc2aadc06d","name":"ulqini","sameAs":["http:\/\/www.visit-ulcinj.com"],"url":"https:\/\/www.visit-ulcinj.com\/blog\/author\/admin\/"}]}},"jetpack_featured_media_url":"","jetpack_sharing_enabled":true,"jetpack_shortlink":"https:\/\/wp.me\/pe6lTn-7AZ","_links":{"self":[{"href":"https:\/\/www.visit-ulcinj.com\/blog\/wp-json\/wp\/v2\/posts\/29201"}],"collection":[{"href":"https:\/\/www.visit-ulcinj.com\/blog\/wp-json\/wp\/v2\/posts"}],"about":[{"href":"https:\/\/www.visit-ulcinj.com\/blog\/wp-json\/wp\/v2\/types\/post"}],"author":[{"embeddable":true,"href":"https:\/\/www.visit-ulcinj.com\/blog\/wp-json\/wp\/v2\/users\/1"}],"replies":[{"embeddable":true,"href":"https:\/\/www.visit-ulcinj.com\/blog\/wp-json\/wp\/v2\/comments?post=29201"}],"version-history":[{"count":0,"href":"https:\/\/www.visit-ulcinj.com\/blog\/wp-json\/wp\/v2\/posts\/29201\/revisions"}],"wp:attachment":[{"href":"https:\/\/www.visit-ulcinj.com\/blog\/wp-json\/wp\/v2\/media?parent=29201"}],"wp:term":[{"taxonomy":"category","embeddable":true,"href":"https:\/\/www.visit-ulcinj.com\/blog\/wp-json\/wp\/v2\/categories?post=29201"},{"taxonomy":"post_tag","embeddable":true,"href":"https:\/\/www.visit-ulcinj.com\/blog\/wp-json\/wp\/v2\/tags?post=29201"}],"curies":[{"name":"wp","href":"https:\/\/api.w.org\/{rel}","templated":true}]}}