{"id":29208,"date":"2010-01-08T07:51:56","date_gmt":"2010-01-08T05:51:56","guid":{"rendered":"http:\/\/www.visit-ulcinj.com\/blog\/?p=29208"},"modified":"2010-01-08T09:45:00","modified_gmt":"2010-01-08T07:45:00","slug":"gradonacelnik-ulcinja-gzim-hajdinaga-o-poplavama-u-tom-gradu","status":"publish","type":"post","link":"https:\/\/www.visit-ulcinj.com\/blog\/2010\/01\/08\/gradonacelnik-ulcinja-gzim-hajdinaga-o-poplavama-u-tom-gradu\/","title":{"rendered":"Gradona?elnik Ulcinja Gzim Hajdinaga o poplavama u tom gradu"},"content":{"rendered":"<p><strong><img loading=\"lazy\" class=\"alignleft\" title=\"Gradona?elnik Ulcinja Gzim Hajdinaga o poplavama u tom gradu\" src=\"http:\/\/www.visit-ulcinj.com\/blog\/wp-content\/uploads\/2010\/01\/popllave-ulcinj.8-2.jpg\" alt=\"\" width=\"580\" height=\"400\" \/>Najte\u017ee na Adi Bojani<\/strong><br \/>\nUlcinj &#8211; Veliki dio teritorije op\u0161tine Ulcinj poplavljen je. Najte\u017ea situacija je u \u0160toju i na Adi Bojani. Nivo Bojane stalno raste, na pojedinim mjestima nasipi su po?eli da popu\u0161taju.<br \/>\n&#8211; Dogovoreno je da se nabave vre?e sa pijeskom i stavljaju na o\u0161te?ene nasipe, kako bismo koliko-toliko zaustavili izlivanje vode &#8211; ka\u017ee gradona?elnik Ulcinja Gzim Hajdinaga, koji je skratio zvani?nu posjetu Sarajevu i hitno sazvao krizni \u0161tab op\u0161tine.<br \/>\nOsim obilnih padavina, Ulcinju dodatnu nevolju pri?injavaju i veliki dotoci koji sti\u017eu iz susjedne Albanije. Tamo su, naime, prinu?eni da &#8211; zbog ogromnog rasta akumulacija &#8211; otvaraju ispuste za vodu na hidrocentralama.<br \/>\n&#8211; Situacija je, uglavnom, pod kontrolom. Stalno smo na terenu. Ipak, prognoze da ?e i narednih dana padati ki\u0161a ne idu nam naruku. Ali, vidje?emo &#8211; zaklju?io je Hajdinaga.<\/p>\n<p><strong>R.P.<br \/>\n<a href=\"http:\/\/www.pobjeda.co.me\/citanje.php?datum=2010-01-06&amp;id=177551\" target=\"_blank\">Pobjeda<\/a><\/strong><\/p>\n<p><strong>Video TVCG<br \/>\n<\/strong><!--YouTube Error: bad URL entered--><\/p>\n","protected":false},"excerpt":{"rendered":"<p>Najte\u017ee na Adi Bojani Ulcinj &#8211; Veliki dio teritorije op\u0161tine Ulcinj poplavljen je. Najte\u017ea situacija je u \u0160toju i na Adi Bojani. Nivo Bojane stalno raste, na pojedinim mjestima nasipi su po?eli da popu\u0161taju. &#8211; Dogovoreno je da se nabave vre?e sa pijeskom i stavljaju na o\u0161te?ene nasipe, kako bismo koliko-toliko zaustavili izlivanje vode &#8211; [&hellip;]<\/p>\n","protected":false},"author":1,"featured_media":0,"comment_status":"open","ping_status":"closed","sticky":false,"template":"","format":"standard","meta":{"spay_email":"","jetpack_publicize_message":"","jetpack_is_tweetstorm":false,"jetpack_publicize_feature_enabled":true},"categories":[6],"tags":[2417],"jetpack_publicize_connections":[],"yoast_head":"<!-- This site is optimized with the Yoast SEO plugin v19.1 - https:\/\/yoast.com\/wordpress\/plugins\/seo\/ -->\n<title>Gradona?elnik Ulcinja Gzim Hajdinaga o poplavama u tom gradu - Lajme nga Ulqini<\/title>\n<meta name=\"description\" content=\"Najte\u017ee na Adi Bojani Ulcinj - Veliki dio teritorije op\u0161tine Ulcinj poplavljen je. Najte\u017ea situacija je u \u0160toju i na Adi Bojani. Nivo Bojane stalno raste,\" \/>\n<meta name=\"robots\" content=\"index, follow, max-snippet:-1, max-image-preview:large, max-video-preview:-1\" \/>\n<link rel=\"canonical\" href=\"https:\/\/www.visit-ulcinj.com\/blog\/2010\/01\/08\/gradonacelnik-ulcinja-gzim-hajdinaga-o-poplavama-u-tom-gradu\/\" \/>\n<meta property=\"og:locale\" content=\"en_US\" \/>\n<meta property=\"og:type\" content=\"article\" \/>\n<meta property=\"og:title\" content=\"Gradona?elnik Ulcinja Gzim Hajdinaga o poplavama u tom gradu - Lajme nga Ulqini\" \/>\n<meta property=\"og:description\" content=\"Najte\u017ee na Adi Bojani Ulcinj - Veliki dio teritorije op\u0161tine Ulcinj poplavljen je. Najte\u017ea situacija je u \u0160toju i na Adi Bojani. Nivo Bojane stalno raste,\" \/>\n<meta property=\"og:url\" content=\"https:\/\/www.visit-ulcinj.com\/blog\/2010\/01\/08\/gradonacelnik-ulcinja-gzim-hajdinaga-o-poplavama-u-tom-gradu\/\" \/>\n<meta property=\"og:site_name\" content=\"Lajme nga Ulqini\" \/>\n<meta property=\"article:published_time\" content=\"2010-01-08T05:51:56+00:00\" \/>\n<meta property=\"article:modified_time\" content=\"2010-01-08T07:45:00+00:00\" \/>\n<meta property=\"og:image\" content=\"http:\/\/www.visit-ulcinj.com\/blog\/wp-content\/uploads\/2010\/01\/popllave-ulcinj.8-2.jpg\" \/>\n<meta name=\"twitter:label1\" content=\"Written by\" \/>\n\t<meta name=\"twitter:data1\" content=\"ulqini\" \/>\n\t<meta name=\"twitter:label2\" content=\"Est. reading time\" \/>\n\t<meta name=\"twitter:data2\" content=\"1 minute\" \/>\n<script type=\"application\/ld+json\" class=\"yoast-schema-graph\">{\"@context\":\"https:\/\/schema.org\",\"@graph\":[{\"@type\":\"WebSite\",\"@id\":\"https:\/\/www.visit-ulcinj.com\/blog\/#website\",\"url\":\"https:\/\/www.visit-ulcinj.com\/blog\/\",\"name\":\"Lajme nga Ulqini\",\"description\":\"Lajme,Vijesti,Ulqini,Ulqin,Crna Gora,Mali i Zi\",\"potentialAction\":[{\"@type\":\"SearchAction\",\"target\":{\"@type\":\"EntryPoint\",\"urlTemplate\":\"https:\/\/www.visit-ulcinj.com\/blog\/?s={search_term_string}\"},\"query-input\":\"required name=search_term_string\"}],\"inLanguage\":\"en-US\"},{\"@type\":\"ImageObject\",\"inLanguage\":\"en-US\",\"@id\":\"https:\/\/www.visit-ulcinj.com\/blog\/2010\/01\/08\/gradonacelnik-ulcinja-gzim-hajdinaga-o-poplavama-u-tom-gradu\/#primaryimage\",\"url\":\"https:\/\/www.visit-ulcinj.com\/blog\/wp-content\/uploads\/2010\/01\/popllave-ulcinj.8-2.jpg\",\"contentUrl\":\"https:\/\/www.visit-ulcinj.com\/blog\/wp-content\/uploads\/2010\/01\/popllave-ulcinj.8-2.jpg\",\"width\":\"532\",\"height\":\"428\"},{\"@type\":\"WebPage\",\"@id\":\"https:\/\/www.visit-ulcinj.com\/blog\/2010\/01\/08\/gradonacelnik-ulcinja-gzim-hajdinaga-o-poplavama-u-tom-gradu\/#webpage\",\"url\":\"https:\/\/www.visit-ulcinj.com\/blog\/2010\/01\/08\/gradonacelnik-ulcinja-gzim-hajdinaga-o-poplavama-u-tom-gradu\/\",\"name\":\"Gradona?elnik Ulcinja Gzim Hajdinaga o poplavama u tom gradu - Lajme nga Ulqini\",\"isPartOf\":{\"@id\":\"https:\/\/www.visit-ulcinj.com\/blog\/#website\"},\"primaryImageOfPage\":{\"@id\":\"https:\/\/www.visit-ulcinj.com\/blog\/2010\/01\/08\/gradonacelnik-ulcinja-gzim-hajdinaga-o-poplavama-u-tom-gradu\/#primaryimage\"},\"datePublished\":\"2010-01-08T05:51:56+00:00\",\"dateModified\":\"2010-01-08T07:45:00+00:00\",\"author\":{\"@id\":\"https:\/\/www.visit-ulcinj.com\/blog\/#\/schema\/person\/dcab619c614d3038751c63bc2aadc06d\"},\"description\":\"Najte\u017ee na Adi Bojani Ulcinj - Veliki dio teritorije op\u0161tine Ulcinj poplavljen je. Najte\u017ea situacija je u \u0160toju i na Adi Bojani. Nivo Bojane stalno raste,\",\"breadcrumb\":{\"@id\":\"https:\/\/www.visit-ulcinj.com\/blog\/2010\/01\/08\/gradonacelnik-ulcinja-gzim-hajdinaga-o-poplavama-u-tom-gradu\/#breadcrumb\"},\"inLanguage\":\"en-US\",\"potentialAction\":[{\"@type\":\"ReadAction\",\"target\":[\"https:\/\/www.visit-ulcinj.com\/blog\/2010\/01\/08\/gradonacelnik-ulcinja-gzim-hajdinaga-o-poplavama-u-tom-gradu\/\"]}]},{\"@type\":\"BreadcrumbList\",\"@id\":\"https:\/\/www.visit-ulcinj.com\/blog\/2010\/01\/08\/gradonacelnik-ulcinja-gzim-hajdinaga-o-poplavama-u-tom-gradu\/#breadcrumb\",\"itemListElement\":[{\"@type\":\"ListItem\",\"position\":1,\"name\":\"Gradona?elnik Ulcinja Gzim Hajdinaga o poplavama u tom gradu\"}]},{\"@type\":\"Person\",\"@id\":\"https:\/\/www.visit-ulcinj.com\/blog\/#\/schema\/person\/dcab619c614d3038751c63bc2aadc06d\",\"name\":\"ulqini\",\"sameAs\":[\"http:\/\/www.visit-ulcinj.com\"],\"url\":\"https:\/\/www.visit-ulcinj.com\/blog\/author\/admin\/\"}]}<\/script>\n<!-- \/ Yoast SEO plugin. -->","yoast_head_json":{"title":"Gradona?elnik Ulcinja Gzim Hajdinaga o poplavama u tom gradu - Lajme nga Ulqini","description":"Najte\u017ee na Adi Bojani Ulcinj - Veliki dio teritorije op\u0161tine Ulcinj poplavljen je. Najte\u017ea situacija je u \u0160toju i na Adi Bojani. Nivo Bojane stalno raste,","robots":{"index":"index","follow":"follow","max-snippet":"max-snippet:-1","max-image-preview":"max-image-preview:large","max-video-preview":"max-video-preview:-1"},"canonical":"https:\/\/www.visit-ulcinj.com\/blog\/2010\/01\/08\/gradonacelnik-ulcinja-gzim-hajdinaga-o-poplavama-u-tom-gradu\/","og_locale":"en_US","og_type":"article","og_title":"Gradona?elnik Ulcinja Gzim Hajdinaga o poplavama u tom gradu - Lajme nga Ulqini","og_description":"Najte\u017ee na Adi Bojani Ulcinj - Veliki dio teritorije op\u0161tine Ulcinj poplavljen je. Najte\u017ea situacija je u \u0160toju i na Adi Bojani. Nivo Bojane stalno raste,","og_url":"https:\/\/www.visit-ulcinj.com\/blog\/2010\/01\/08\/gradonacelnik-ulcinja-gzim-hajdinaga-o-poplavama-u-tom-gradu\/","og_site_name":"Lajme nga Ulqini","article_published_time":"2010-01-08T05:51:56+00:00","article_modified_time":"2010-01-08T07:45:00+00:00","og_image":[{"url":"http:\/\/www.visit-ulcinj.com\/blog\/wp-content\/uploads\/2010\/01\/popllave-ulcinj.8-2.jpg"}],"twitter_misc":{"Written by":"ulqini","Est. reading time":"1 minute"},"schema":{"@context":"https:\/\/schema.org","@graph":[{"@type":"WebSite","@id":"https:\/\/www.visit-ulcinj.com\/blog\/#website","url":"https:\/\/www.visit-ulcinj.com\/blog\/","name":"Lajme nga Ulqini","description":"Lajme,Vijesti,Ulqini,Ulqin,Crna Gora,Mali i Zi","potentialAction":[{"@type":"SearchAction","target":{"@type":"EntryPoint","urlTemplate":"https:\/\/www.visit-ulcinj.com\/blog\/?s={search_term_string}"},"query-input":"required name=search_term_string"}],"inLanguage":"en-US"},{"@type":"ImageObject","inLanguage":"en-US","@id":"https:\/\/www.visit-ulcinj.com\/blog\/2010\/01\/08\/gradonacelnik-ulcinja-gzim-hajdinaga-o-poplavama-u-tom-gradu\/#primaryimage","url":"https:\/\/www.visit-ulcinj.com\/blog\/wp-content\/uploads\/2010\/01\/popllave-ulcinj.8-2.jpg","contentUrl":"https:\/\/www.visit-ulcinj.com\/blog\/wp-content\/uploads\/2010\/01\/popllave-ulcinj.8-2.jpg","width":"532","height":"428"},{"@type":"WebPage","@id":"https:\/\/www.visit-ulcinj.com\/blog\/2010\/01\/08\/gradonacelnik-ulcinja-gzim-hajdinaga-o-poplavama-u-tom-gradu\/#webpage","url":"https:\/\/www.visit-ulcinj.com\/blog\/2010\/01\/08\/gradonacelnik-ulcinja-gzim-hajdinaga-o-poplavama-u-tom-gradu\/","name":"Gradona?elnik Ulcinja Gzim Hajdinaga o poplavama u tom gradu - Lajme nga Ulqini","isPartOf":{"@id":"https:\/\/www.visit-ulcinj.com\/blog\/#website"},"primaryImageOfPage":{"@id":"https:\/\/www.visit-ulcinj.com\/blog\/2010\/01\/08\/gradonacelnik-ulcinja-gzim-hajdinaga-o-poplavama-u-tom-gradu\/#primaryimage"},"datePublished":"2010-01-08T05:51:56+00:00","dateModified":"2010-01-08T07:45:00+00:00","author":{"@id":"https:\/\/www.visit-ulcinj.com\/blog\/#\/schema\/person\/dcab619c614d3038751c63bc2aadc06d"},"description":"Najte\u017ee na Adi Bojani Ulcinj - Veliki dio teritorije op\u0161tine Ulcinj poplavljen je. Najte\u017ea situacija je u \u0160toju i na Adi Bojani. Nivo Bojane stalno raste,","breadcrumb":{"@id":"https:\/\/www.visit-ulcinj.com\/blog\/2010\/01\/08\/gradonacelnik-ulcinja-gzim-hajdinaga-o-poplavama-u-tom-gradu\/#breadcrumb"},"inLanguage":"en-US","potentialAction":[{"@type":"ReadAction","target":["https:\/\/www.visit-ulcinj.com\/blog\/2010\/01\/08\/gradonacelnik-ulcinja-gzim-hajdinaga-o-poplavama-u-tom-gradu\/"]}]},{"@type":"BreadcrumbList","@id":"https:\/\/www.visit-ulcinj.com\/blog\/2010\/01\/08\/gradonacelnik-ulcinja-gzim-hajdinaga-o-poplavama-u-tom-gradu\/#breadcrumb","itemListElement":[{"@type":"ListItem","position":1,"name":"Gradona?elnik Ulcinja Gzim Hajdinaga o poplavama u tom gradu"}]},{"@type":"Person","@id":"https:\/\/www.visit-ulcinj.com\/blog\/#\/schema\/person\/dcab619c614d3038751c63bc2aadc06d","name":"ulqini","sameAs":["http:\/\/www.visit-ulcinj.com"],"url":"https:\/\/www.visit-ulcinj.com\/blog\/author\/admin\/"}]}},"jetpack_featured_media_url":"","jetpack_sharing_enabled":true,"jetpack_shortlink":"https:\/\/wp.me\/pe6lTn-7B6","_links":{"self":[{"href":"https:\/\/www.visit-ulcinj.com\/blog\/wp-json\/wp\/v2\/posts\/29208"}],"collection":[{"href":"https:\/\/www.visit-ulcinj.com\/blog\/wp-json\/wp\/v2\/posts"}],"about":[{"href":"https:\/\/www.visit-ulcinj.com\/blog\/wp-json\/wp\/v2\/types\/post"}],"author":[{"embeddable":true,"href":"https:\/\/www.visit-ulcinj.com\/blog\/wp-json\/wp\/v2\/users\/1"}],"replies":[{"embeddable":true,"href":"https:\/\/www.visit-ulcinj.com\/blog\/wp-json\/wp\/v2\/comments?post=29208"}],"version-history":[{"count":0,"href":"https:\/\/www.visit-ulcinj.com\/blog\/wp-json\/wp\/v2\/posts\/29208\/revisions"}],"wp:attachment":[{"href":"https:\/\/www.visit-ulcinj.com\/blog\/wp-json\/wp\/v2\/media?parent=29208"}],"wp:term":[{"taxonomy":"category","embeddable":true,"href":"https:\/\/www.visit-ulcinj.com\/blog\/wp-json\/wp\/v2\/categories?post=29208"},{"taxonomy":"post_tag","embeddable":true,"href":"https:\/\/www.visit-ulcinj.com\/blog\/wp-json\/wp\/v2\/tags?post=29208"}],"curies":[{"name":"wp","href":"https:\/\/api.w.org\/{rel}","templated":true}]}}