{"id":29214,"date":"2010-01-08T08:34:40","date_gmt":"2010-01-08T06:34:40","guid":{"rendered":"http:\/\/www.visit-ulcinj.com\/blog\/?p=29214"},"modified":"2010-01-08T08:49:20","modified_gmt":"2010-01-08T06:49:20","slug":"ulcinj-postovanje-tude-vere-u-miru-i-ratu","status":"publish","type":"post","link":"https:\/\/www.visit-ulcinj.com\/blog\/2010\/01\/08\/ulcinj-postovanje-tude-vere-u-miru-i-ratu\/","title":{"rendered":"Ulcinj: po\u0161tovanje tu?e vere u miru i ratu"},"content":{"rendered":"<address><strong><a href=\"http:\/\/www.visit-ulcinj.com\/blog\/wp-content\/uploads\/2010\/01\/Ulcinj_-postovanje-tudje-vere-u-miru-i-ratu.jpg\"><img loading=\"lazy\" class=\"alignleft size-full wp-image-29215\" title=\"Ulcinj_ postovanje tudje vere u miru i ratu\" src=\"http:\/\/www.visit-ulcinj.com\/blog\/wp-content\/uploads\/2010\/01\/Ulcinj_-postovanje-tudje-vere-u-miru-i-ratu.jpg\" alt=\"Ulcinj_ postovanje tudje vere u miru i ratu\" width=\"580\" height=\"400\" \/><\/a>U Ulcinju, najju\u017enijem gradu Crne Gore, zajedno \u017eive pripadnici tri velike religije. Razlike nikada nisu bile uzrok mr\u017enje ve? samo me?usobnog po\u0161tovanja, ka\u017eu za Doj?e vele crkveni velikodostojnici u tom gradu.<\/strong><\/address>\n<p>Sklad religija je najvidljiviji u vreme verskih praznika, ka\u017ee protojerej ulcinjski Radojica Bo\u017eovi? za Doj?e vele: \u201eVerski slu\u017ebenici, bilo da su pravoslavni, islamski ili katoli?ki se obavezno posete u to vreme, ?estitaju jedan drugome praznike, a preko verskih poglavara ?estita se i narodu, ka\u017ee Bo\u017eovi? i dodaje:<\/p>\n<p>\u201ePoznato je da su i van tih verskih praznika sve\u0161tenici zajedno sedeli, obilazili se i i\u0161li u porodi?ne posete. Rado su, barem jednom nedeljno, popili pi?e u nekom restoranu i na taj na?in pokazali narodu kako i oni treba da se dru\u017ee, budu slo\u017eni i \u017eive u miru i verskoj toleranciji.\u201c<\/p>\n<p><strong>Mir i ljubav \u2013 formula sklada<\/strong><\/p>\n<p><a href=\"http:\/\/www.visit-ulcinj.com\/blog\/wp-content\/uploads\/2010\/01\/Imam-Red\u017eep-efendija-Lika.jpg\"><img loading=\"lazy\" class=\"alignleft size-medium wp-image-29216\" title=\"Imam Red\u017eep efendija Lika\" src=\"http:\/\/www.visit-ulcinj.com\/blog\/wp-content\/uploads\/2010\/01\/Imam-Red\u017eep-efendija-Lika-300x221.jpg\" alt=\"Imam Red\u017eep efendija Lika\" width=\"300\" height=\"221\" \/><\/a>Glavni ulcinjski imam Red\u017eep efendija Lika dodaje da su praznici dani \u017eetve verskog sklada u ovom gradu. \u201eJedan drugome ?estitamo i to od srca, ne izve\u0161ta?eno, ne onako &#8211; reda radi. Mi se radujemo njihovim uspesima i njihovim blagdanima, a i oni nama uzvra?aju\u201c.<\/p>\n<p>Formula sklada koju 70-godi\u0161nji Lika prenosi svojim sugra?anima je zaista jednostavna: \u201eU miru i u ljubavi se mo\u017ee posti?i mnogo uspeha, a u zavadi i nesporazumu samo mo\u017eemo svi da izgubimo!\u201c<\/p>\n<p><strong>Tolerantno i kad svuda puca<\/strong><\/p>\n<p>Prota Radojica sa zadovoljstvom isti?e da ni u smutno vreme ratova na podru?ju biv\u0161e Jugoslavije su\u017eivot u Ulcinju nije zna?ajnije naru\u0161en: \u201eNije se<a href=\"http:\/\/www.visit-ulcinj.com\/blog\/wp-content\/uploads\/2010\/01\/Protojerej-Radojica-Bo\u017eovi?.jpg\"><img loading=\"lazy\" class=\"alignright size-medium wp-image-29217\" title=\"Protojerej Radojica Bo\u017eovi?\" src=\"http:\/\/www.visit-ulcinj.com\/blog\/wp-content\/uploads\/2010\/01\/Protojerej-Radojica-Bo\u017eovi?-300x220.jpg\" alt=\"Protojerej Radojica Bo\u017eovi?\" width=\"300\" height=\"220\" \/><\/a> ose?ao rat niti njegove posledice. Rat u Hrvatskoj, Bosni i Hercegovini i na Kosovu se ovde nije odrazio ni na me?unacionalne ni na me?uverske odnose\u201c, ka\u017ee protojerej.<\/p>\n<p>\u201ePogotovo se to nije odnosilo na susrete nas sve\u0161tenika, nego smo uvek, bez razlike gde se \u0161ta odvijalo, rado sretali, rado vi?ali i pona\u0161ali se onako kako nam vere nala\u017eu: u slozi, bratskoj ljubavi i po\u0161tovanju. Ako se ne\u0161to desi i da oprostimo jedan drugome, jer je pra\u0161tanje vrhunac lepog \u017eivljenja i ljudskih odnosa\u201c.<\/p>\n<p><strong>U Ulcinju grob \u201emesije\u201c<\/strong><\/p>\n<p>Ina?e, u Ulcinju je umro i tu je sahranjen poslednji la\u017eni mesija, reformator \u201eTalmuda\u201c \u0160abetaj Cvi. Grob tog znamenitog Jevrejina, koji je pred turskim sultanom u 17. veku primio islam, ?uva jedna muslimanska porodica.<\/p>\n<p>Mnogi Jevreji, po\u0161tovaoci Cvija poslednjih godina pose?uju Ulcinj. Tri ?etvrtine stanovni\u0161tva ulcinjske op\u0161tine ?ine Albanci, od kojih su petina katolici.<\/p>\n<p><strong>autor: Mustafa Canka, Ulcinj<br \/>\nodg. urednik: Nemanja Rujevi?<br \/>\n<a href=\"http:\/\/www.dw-world.de\/dw\/article\/0,,5092820,00.html\" target=\"_blank\">Doj?e vele<br \/>\n<\/a><\/strong><!--YouTube Error: bad URL entered--><\/p>\n","protected":false},"excerpt":{"rendered":"<p>U Ulcinju, najju\u017enijem gradu Crne Gore, zajedno \u017eive pripadnici tri velike religije. Razlike nikada nisu bile uzrok mr\u017enje ve? samo me?usobnog po\u0161tovanja, ka\u017eu za Doj?e vele crkveni velikodostojnici u tom gradu. Sklad religija je najvidljiviji u vreme verskih praznika, ka\u017ee protojerej ulcinjski Radojica Bo\u017eovi? za Doj?e vele: \u201eVerski slu\u017ebenici, bilo da su pravoslavni, islamski ili [&hellip;]<\/p>\n","protected":false},"author":1,"featured_media":0,"comment_status":"open","ping_status":"closed","sticky":false,"template":"","format":"standard","meta":{"spay_email":"","jetpack_publicize_message":"","jetpack_is_tweetstorm":false,"jetpack_publicize_feature_enabled":true},"categories":[12],"tags":[5276,19],"jetpack_publicize_connections":[],"yoast_head":"<!-- This site is optimized with the Yoast SEO plugin v19.1 - https:\/\/yoast.com\/wordpress\/plugins\/seo\/ -->\n<title>Ulcinj: po\u0161tovanje tu?e vere u miru i ratu - Lajme nga Ulqini<\/title>\n<meta name=\"description\" content=\"U Ulcinju, najju\u017enijem gradu Crne Gore, zajedno \u017eive pripadnici tri velike religije. Razlike nikada nisu bile uzrok mr\u017enje ve? samo me?usobnog po\u0161tovanja,\" \/>\n<meta name=\"robots\" content=\"index, follow, max-snippet:-1, max-image-preview:large, max-video-preview:-1\" \/>\n<link rel=\"canonical\" href=\"https:\/\/www.visit-ulcinj.com\/blog\/2010\/01\/08\/ulcinj-postovanje-tude-vere-u-miru-i-ratu\/\" \/>\n<meta property=\"og:locale\" content=\"en_US\" \/>\n<meta property=\"og:type\" content=\"article\" \/>\n<meta property=\"og:title\" content=\"Ulcinj: po\u0161tovanje tu?e vere u miru i ratu - Lajme nga Ulqini\" \/>\n<meta property=\"og:description\" content=\"U Ulcinju, najju\u017enijem gradu Crne Gore, zajedno \u017eive pripadnici tri velike religije. Razlike nikada nisu bile uzrok mr\u017enje ve? samo me?usobnog po\u0161tovanja,\" \/>\n<meta property=\"og:url\" content=\"https:\/\/www.visit-ulcinj.com\/blog\/2010\/01\/08\/ulcinj-postovanje-tude-vere-u-miru-i-ratu\/\" \/>\n<meta property=\"og:site_name\" content=\"Lajme nga Ulqini\" \/>\n<meta property=\"article:published_time\" content=\"2010-01-08T06:34:40+00:00\" \/>\n<meta property=\"article:modified_time\" content=\"2010-01-08T06:49:20+00:00\" \/>\n<meta property=\"og:image\" content=\"http:\/\/www.visit-ulcinj.com\/blog\/wp-content\/uploads\/2010\/01\/Ulcinj_-postovanje-tudje-vere-u-miru-i-ratu.jpg\" \/>\n<meta name=\"twitter:label1\" content=\"Written by\" \/>\n\t<meta name=\"twitter:data1\" content=\"ulqini\" \/>\n\t<meta name=\"twitter:label2\" content=\"Est. reading time\" \/>\n\t<meta name=\"twitter:data2\" content=\"2 minutes\" \/>\n<script type=\"application\/ld+json\" class=\"yoast-schema-graph\">{\"@context\":\"https:\/\/schema.org\",\"@graph\":[{\"@type\":\"WebSite\",\"@id\":\"https:\/\/www.visit-ulcinj.com\/blog\/#website\",\"url\":\"https:\/\/www.visit-ulcinj.com\/blog\/\",\"name\":\"Lajme nga Ulqini\",\"description\":\"Lajme,Vijesti,Ulqini,Ulqin,Crna Gora,Mali i Zi\",\"potentialAction\":[{\"@type\":\"SearchAction\",\"target\":{\"@type\":\"EntryPoint\",\"urlTemplate\":\"https:\/\/www.visit-ulcinj.com\/blog\/?s={search_term_string}\"},\"query-input\":\"required name=search_term_string\"}],\"inLanguage\":\"en-US\"},{\"@type\":\"ImageObject\",\"inLanguage\":\"en-US\",\"@id\":\"https:\/\/www.visit-ulcinj.com\/blog\/2010\/01\/08\/ulcinj-postovanje-tude-vere-u-miru-i-ratu\/#primaryimage\",\"url\":\"https:\/\/www.visit-ulcinj.com\/blog\/wp-content\/uploads\/2010\/01\/Ulcinj_-postovanje-tudje-vere-u-miru-i-ratu.jpg\",\"contentUrl\":\"https:\/\/www.visit-ulcinj.com\/blog\/wp-content\/uploads\/2010\/01\/Ulcinj_-postovanje-tudje-vere-u-miru-i-ratu.jpg\",\"width\":\"800\",\"height\":\"472\"},{\"@type\":\"WebPage\",\"@id\":\"https:\/\/www.visit-ulcinj.com\/blog\/2010\/01\/08\/ulcinj-postovanje-tude-vere-u-miru-i-ratu\/#webpage\",\"url\":\"https:\/\/www.visit-ulcinj.com\/blog\/2010\/01\/08\/ulcinj-postovanje-tude-vere-u-miru-i-ratu\/\",\"name\":\"Ulcinj: po\u0161tovanje tu?e vere u miru i ratu - Lajme nga Ulqini\",\"isPartOf\":{\"@id\":\"https:\/\/www.visit-ulcinj.com\/blog\/#website\"},\"primaryImageOfPage\":{\"@id\":\"https:\/\/www.visit-ulcinj.com\/blog\/2010\/01\/08\/ulcinj-postovanje-tude-vere-u-miru-i-ratu\/#primaryimage\"},\"datePublished\":\"2010-01-08T06:34:40+00:00\",\"dateModified\":\"2010-01-08T06:49:20+00:00\",\"author\":{\"@id\":\"https:\/\/www.visit-ulcinj.com\/blog\/#\/schema\/person\/dcab619c614d3038751c63bc2aadc06d\"},\"description\":\"U Ulcinju, najju\u017enijem gradu Crne Gore, zajedno \u017eive pripadnici tri velike religije. Razlike nikada nisu bile uzrok mr\u017enje ve? samo me?usobnog po\u0161tovanja,\",\"breadcrumb\":{\"@id\":\"https:\/\/www.visit-ulcinj.com\/blog\/2010\/01\/08\/ulcinj-postovanje-tude-vere-u-miru-i-ratu\/#breadcrumb\"},\"inLanguage\":\"en-US\",\"potentialAction\":[{\"@type\":\"ReadAction\",\"target\":[\"https:\/\/www.visit-ulcinj.com\/blog\/2010\/01\/08\/ulcinj-postovanje-tude-vere-u-miru-i-ratu\/\"]}]},{\"@type\":\"BreadcrumbList\",\"@id\":\"https:\/\/www.visit-ulcinj.com\/blog\/2010\/01\/08\/ulcinj-postovanje-tude-vere-u-miru-i-ratu\/#breadcrumb\",\"itemListElement\":[{\"@type\":\"ListItem\",\"position\":1,\"name\":\"Ulcinj: po\u0161tovanje tu?e vere u miru i ratu\"}]},{\"@type\":\"Person\",\"@id\":\"https:\/\/www.visit-ulcinj.com\/blog\/#\/schema\/person\/dcab619c614d3038751c63bc2aadc06d\",\"name\":\"ulqini\",\"sameAs\":[\"http:\/\/www.visit-ulcinj.com\"],\"url\":\"https:\/\/www.visit-ulcinj.com\/blog\/author\/admin\/\"}]}<\/script>\n<!-- \/ Yoast SEO plugin. -->","yoast_head_json":{"title":"Ulcinj: po\u0161tovanje tu?e vere u miru i ratu - Lajme nga Ulqini","description":"U Ulcinju, najju\u017enijem gradu Crne Gore, zajedno \u017eive pripadnici tri velike religije. Razlike nikada nisu bile uzrok mr\u017enje ve? samo me?usobnog po\u0161tovanja,","robots":{"index":"index","follow":"follow","max-snippet":"max-snippet:-1","max-image-preview":"max-image-preview:large","max-video-preview":"max-video-preview:-1"},"canonical":"https:\/\/www.visit-ulcinj.com\/blog\/2010\/01\/08\/ulcinj-postovanje-tude-vere-u-miru-i-ratu\/","og_locale":"en_US","og_type":"article","og_title":"Ulcinj: po\u0161tovanje tu?e vere u miru i ratu - Lajme nga Ulqini","og_description":"U Ulcinju, najju\u017enijem gradu Crne Gore, zajedno \u017eive pripadnici tri velike religije. Razlike nikada nisu bile uzrok mr\u017enje ve? samo me?usobnog po\u0161tovanja,","og_url":"https:\/\/www.visit-ulcinj.com\/blog\/2010\/01\/08\/ulcinj-postovanje-tude-vere-u-miru-i-ratu\/","og_site_name":"Lajme nga Ulqini","article_published_time":"2010-01-08T06:34:40+00:00","article_modified_time":"2010-01-08T06:49:20+00:00","og_image":[{"url":"http:\/\/www.visit-ulcinj.com\/blog\/wp-content\/uploads\/2010\/01\/Ulcinj_-postovanje-tudje-vere-u-miru-i-ratu.jpg"}],"twitter_misc":{"Written by":"ulqini","Est. reading time":"2 minutes"},"schema":{"@context":"https:\/\/schema.org","@graph":[{"@type":"WebSite","@id":"https:\/\/www.visit-ulcinj.com\/blog\/#website","url":"https:\/\/www.visit-ulcinj.com\/blog\/","name":"Lajme nga Ulqini","description":"Lajme,Vijesti,Ulqini,Ulqin,Crna Gora,Mali i Zi","potentialAction":[{"@type":"SearchAction","target":{"@type":"EntryPoint","urlTemplate":"https:\/\/www.visit-ulcinj.com\/blog\/?s={search_term_string}"},"query-input":"required name=search_term_string"}],"inLanguage":"en-US"},{"@type":"ImageObject","inLanguage":"en-US","@id":"https:\/\/www.visit-ulcinj.com\/blog\/2010\/01\/08\/ulcinj-postovanje-tude-vere-u-miru-i-ratu\/#primaryimage","url":"https:\/\/www.visit-ulcinj.com\/blog\/wp-content\/uploads\/2010\/01\/Ulcinj_-postovanje-tudje-vere-u-miru-i-ratu.jpg","contentUrl":"https:\/\/www.visit-ulcinj.com\/blog\/wp-content\/uploads\/2010\/01\/Ulcinj_-postovanje-tudje-vere-u-miru-i-ratu.jpg","width":"800","height":"472"},{"@type":"WebPage","@id":"https:\/\/www.visit-ulcinj.com\/blog\/2010\/01\/08\/ulcinj-postovanje-tude-vere-u-miru-i-ratu\/#webpage","url":"https:\/\/www.visit-ulcinj.com\/blog\/2010\/01\/08\/ulcinj-postovanje-tude-vere-u-miru-i-ratu\/","name":"Ulcinj: po\u0161tovanje tu?e vere u miru i ratu - Lajme nga Ulqini","isPartOf":{"@id":"https:\/\/www.visit-ulcinj.com\/blog\/#website"},"primaryImageOfPage":{"@id":"https:\/\/www.visit-ulcinj.com\/blog\/2010\/01\/08\/ulcinj-postovanje-tude-vere-u-miru-i-ratu\/#primaryimage"},"datePublished":"2010-01-08T06:34:40+00:00","dateModified":"2010-01-08T06:49:20+00:00","author":{"@id":"https:\/\/www.visit-ulcinj.com\/blog\/#\/schema\/person\/dcab619c614d3038751c63bc2aadc06d"},"description":"U Ulcinju, najju\u017enijem gradu Crne Gore, zajedno \u017eive pripadnici tri velike religije. Razlike nikada nisu bile uzrok mr\u017enje ve? samo me?usobnog po\u0161tovanja,","breadcrumb":{"@id":"https:\/\/www.visit-ulcinj.com\/blog\/2010\/01\/08\/ulcinj-postovanje-tude-vere-u-miru-i-ratu\/#breadcrumb"},"inLanguage":"en-US","potentialAction":[{"@type":"ReadAction","target":["https:\/\/www.visit-ulcinj.com\/blog\/2010\/01\/08\/ulcinj-postovanje-tude-vere-u-miru-i-ratu\/"]}]},{"@type":"BreadcrumbList","@id":"https:\/\/www.visit-ulcinj.com\/blog\/2010\/01\/08\/ulcinj-postovanje-tude-vere-u-miru-i-ratu\/#breadcrumb","itemListElement":[{"@type":"ListItem","position":1,"name":"Ulcinj: po\u0161tovanje tu?e vere u miru i ratu"}]},{"@type":"Person","@id":"https:\/\/www.visit-ulcinj.com\/blog\/#\/schema\/person\/dcab619c614d3038751c63bc2aadc06d","name":"ulqini","sameAs":["http:\/\/www.visit-ulcinj.com"],"url":"https:\/\/www.visit-ulcinj.com\/blog\/author\/admin\/"}]}},"jetpack_featured_media_url":"","jetpack_sharing_enabled":true,"jetpack_shortlink":"https:\/\/wp.me\/pe6lTn-7Bc","_links":{"self":[{"href":"https:\/\/www.visit-ulcinj.com\/blog\/wp-json\/wp\/v2\/posts\/29214"}],"collection":[{"href":"https:\/\/www.visit-ulcinj.com\/blog\/wp-json\/wp\/v2\/posts"}],"about":[{"href":"https:\/\/www.visit-ulcinj.com\/blog\/wp-json\/wp\/v2\/types\/post"}],"author":[{"embeddable":true,"href":"https:\/\/www.visit-ulcinj.com\/blog\/wp-json\/wp\/v2\/users\/1"}],"replies":[{"embeddable":true,"href":"https:\/\/www.visit-ulcinj.com\/blog\/wp-json\/wp\/v2\/comments?post=29214"}],"version-history":[{"count":0,"href":"https:\/\/www.visit-ulcinj.com\/blog\/wp-json\/wp\/v2\/posts\/29214\/revisions"}],"wp:attachment":[{"href":"https:\/\/www.visit-ulcinj.com\/blog\/wp-json\/wp\/v2\/media?parent=29214"}],"wp:term":[{"taxonomy":"category","embeddable":true,"href":"https:\/\/www.visit-ulcinj.com\/blog\/wp-json\/wp\/v2\/categories?post=29214"},{"taxonomy":"post_tag","embeddable":true,"href":"https:\/\/www.visit-ulcinj.com\/blog\/wp-json\/wp\/v2\/tags?post=29214"}],"curies":[{"name":"wp","href":"https:\/\/api.w.org\/{rel}","templated":true}]}}