{"id":29235,"date":"2010-01-08T17:43:30","date_gmt":"2010-01-08T15:43:30","guid":{"rendered":"http:\/\/www.visit-ulcinj.com\/blog\/?p=29235"},"modified":"2010-01-09T08:24:37","modified_gmt":"2010-01-09T06:24:37","slug":"berisha-te-nderhyjme-ne-bune-kontaktoni-malazezet","status":"publish","type":"post","link":"https:\/\/www.visit-ulcinj.com\/blog\/2010\/01\/08\/berisha-te-nderhyjme-ne-bune-kontaktoni-malazezet\/","title":{"rendered":"Berisha: Te nderhyjme ne Bune, kontaktoni malazezet"},"content":{"rendered":"<p><a href=\"http:\/\/www.visit-ulcinj.com\/blog\/wp-content\/uploads\/2010\/01\/perbytjet-ne-shkoder.jpg\"><img loading=\"lazy\" class=\"alignleft size-full wp-image-29236\" title=\"perbytjet ne shkoder\" src=\"http:\/\/www.visit-ulcinj.com\/blog\/wp-content\/uploads\/2010\/01\/perbytjet-ne-shkoder.jpg\" alt=\"perbytjet ne shkoder\" width=\"580\" height=\"329\" \/><\/a>Gazeta Balkanweb &#8211; SHKODER- Kryeministri Berisha kerkon nisjen e procedurave p\u00ebr t\u00eb nd\u00ebrhyr\u00eb n\u00eb lumin Buna. Sipas kreut t\u00eb qeveris\u00eb nj\u00eb nd\u00ebrhyrje e till\u00eb do t\u00eb leht\u00ebsonte situat\u00ebn.<br \/>\nI pranish\u00ebm sot paradite n\u00eb mbledhjen e shtabit t\u00eb Emergjenc\u00ebs n\u00eb Shkod\u00ebr Berisha urdh\u00ebroi sa m\u00eb par\u00eb nisjen e procedurave me Malin e Zi p\u00ebr t\u00eb nd\u00ebrhyr\u00eb n\u00eb shtratin e lumit Buna.<br \/>\nAktualisht fryrja e lumit Bun\u00eb ka b\u00ebr\u00eb q\u00eb uji t\u00eb vershoj\u00eb n\u00eb lagjen Bahcall\u00ebk, n\u00eb sh\u00ebtitoren buz\u00eb k\u00ebtij lumi, si dhe t\u00eb v\u00ebrshoj\u00eb deri n\u00eb hyrje t\u00eb qytetit t\u00eb Shkodr\u00ebs. Uji, niveli i t\u00eb cilit sa vjen e rritet ka hyr\u00eb dhe n\u00eb lagjen Xhabije, n\u00eb hyrje t\u00eb qytetit.<br \/>\nKreu i qeveris\u00eb rib\u00ebri apel p\u00ebr evakuminin sa m\u00eb par\u00eb t\u00eb banor\u00ebve nga zonat e p\u00ebrmbytura.<br \/>\n\u201cFtoj te evakuohen nje minute e me pare, Sot mendja dhe syte e shqiptar\u00ebve jan\u00eb t\u00eb drejtuar n\u00eb k\u00ebto familje t\u00eb p\u00ebrmbytura. Ka r\u00ebnd\u00ebsi t\u00eb jasht\u00ebzakonshme p\u00ebr popullat\u00ebn q\u00eb t\u00eb evakuohet. Insistoj n\u00eb k\u00ebt\u00eb sepse niveli i ujit \u00ebsht\u00eb rritur dhe sa vjen e rritet.\u201d- ky ka qen\u00eb apeli i kryeministrit Berisha i cili informoi se jan\u00eb zvog\u00ebluar shkarkimet n\u00eb HEC,<br \/>\nKreu i qeveris\u00eb pranon se situata \u00ebsht\u00eb e v\u00ebshtir\u00eb por esht\u00eb n\u00ebn kontroll. \u201cPortat e hidrocentraleve jan\u00eb n\u00ebn kontroll t\u00eb plot\u00eb, kush p\u00ebrhap panik do t\u00eb nd\u00ebshkohet. Nuk ka asnj\u00eb problem n\u00eb kaskada\u201d- n\u00ebnvizoi Berisha. Ai theksoi m\u00eb tej se do t\u00eb b\u00ebhet dhe evakuim me forc\u00eb n\u00ebse \u00ebsht\u00eb e nevojshme pasi sip\u00ebrfaqja e p\u00ebrmbytur \u00ebsht\u00eb kat\u00ebrfishuar.<\/p>\n<p><strong>(s.g\/balkanWeb)<\/strong><\/p>\n<p><strong>[flv width=&#8221;580&#8243; height=&#8221;400&#8243;]http:\/\/bw.balkanweb.com\/videoAlbum\/Video\/1361.flv[\/flv]<br \/>\n<\/strong><\/p>\n","protected":false},"excerpt":{"rendered":"<p>Gazeta Balkanweb &#8211; SHKODER- Kryeministri Berisha kerkon nisjen e procedurave p\u00ebr t\u00eb nd\u00ebrhyr\u00eb n\u00eb lumin Buna. Sipas kreut t\u00eb qeveris\u00eb nj\u00eb nd\u00ebrhyrje e till\u00eb do t\u00eb leht\u00ebsonte situat\u00ebn. I pranish\u00ebm sot paradite n\u00eb mbledhjen e shtabit t\u00eb Emergjenc\u00ebs n\u00eb Shkod\u00ebr Berisha urdh\u00ebroi sa m\u00eb par\u00eb nisjen e procedurave me Malin e Zi p\u00ebr t\u00eb nd\u00ebrhyr\u00eb [&hellip;]<\/p>\n","protected":false},"author":1,"featured_media":0,"comment_status":"open","ping_status":"closed","sticky":false,"template":"","format":"standard","meta":{"spay_email":"","jetpack_publicize_message":"","jetpack_is_tweetstorm":false,"jetpack_publicize_feature_enabled":true},"categories":[12],"tags":[13215],"jetpack_publicize_connections":[],"yoast_head":"<!-- This site is optimized with the Yoast SEO plugin v19.1 - https:\/\/yoast.com\/wordpress\/plugins\/seo\/ -->\n<title>Berisha: Te nderhyjme ne Bune, kontaktoni malazezet - Lajme nga Ulqini<\/title>\n<meta name=\"description\" content=\"Gazeta Balkanweb - SHKODER- Kryeministri Berisha kerkon nisjen e procedurave p\u00ebr t\u00eb nd\u00ebrhyr\u00eb n\u00eb lumin Buna. Sipas kreut t\u00eb qeveris\u00eb nj\u00eb nd\u00ebrhyrje e till\u00eb\" \/>\n<meta name=\"robots\" content=\"index, follow, max-snippet:-1, max-image-preview:large, max-video-preview:-1\" \/>\n<link rel=\"canonical\" href=\"https:\/\/www.visit-ulcinj.com\/blog\/2010\/01\/08\/berisha-te-nderhyjme-ne-bune-kontaktoni-malazezet\/\" \/>\n<meta property=\"og:locale\" content=\"en_US\" \/>\n<meta property=\"og:type\" content=\"article\" \/>\n<meta property=\"og:title\" content=\"Berisha: Te nderhyjme ne Bune, kontaktoni malazezet - Lajme nga Ulqini\" \/>\n<meta property=\"og:description\" content=\"Gazeta Balkanweb - SHKODER- Kryeministri Berisha kerkon nisjen e procedurave p\u00ebr t\u00eb nd\u00ebrhyr\u00eb n\u00eb lumin Buna. Sipas kreut t\u00eb qeveris\u00eb nj\u00eb nd\u00ebrhyrje e till\u00eb\" \/>\n<meta property=\"og:url\" content=\"https:\/\/www.visit-ulcinj.com\/blog\/2010\/01\/08\/berisha-te-nderhyjme-ne-bune-kontaktoni-malazezet\/\" \/>\n<meta property=\"og:site_name\" content=\"Lajme nga Ulqini\" \/>\n<meta property=\"article:published_time\" content=\"2010-01-08T15:43:30+00:00\" \/>\n<meta property=\"article:modified_time\" content=\"2010-01-09T06:24:37+00:00\" \/>\n<meta property=\"og:image\" content=\"http:\/\/www.visit-ulcinj.com\/blog\/wp-content\/uploads\/2010\/01\/perbytjet-ne-shkoder.jpg\" \/>\n<meta name=\"twitter:label1\" content=\"Written by\" \/>\n\t<meta name=\"twitter:data1\" content=\"ulqini\" \/>\n\t<meta name=\"twitter:label2\" content=\"Est. reading time\" \/>\n\t<meta name=\"twitter:data2\" content=\"2 minutes\" \/>\n<script type=\"application\/ld+json\" class=\"yoast-schema-graph\">{\"@context\":\"https:\/\/schema.org\",\"@graph\":[{\"@type\":\"WebSite\",\"@id\":\"https:\/\/www.visit-ulcinj.com\/blog\/#website\",\"url\":\"https:\/\/www.visit-ulcinj.com\/blog\/\",\"name\":\"Lajme nga Ulqini\",\"description\":\"Lajme,Vijesti,Ulqini,Ulqin,Crna Gora,Mali i Zi\",\"potentialAction\":[{\"@type\":\"SearchAction\",\"target\":{\"@type\":\"EntryPoint\",\"urlTemplate\":\"https:\/\/www.visit-ulcinj.com\/blog\/?s={search_term_string}\"},\"query-input\":\"required name=search_term_string\"}],\"inLanguage\":\"en-US\"},{\"@type\":\"ImageObject\",\"inLanguage\":\"en-US\",\"@id\":\"https:\/\/www.visit-ulcinj.com\/blog\/2010\/01\/08\/berisha-te-nderhyjme-ne-bune-kontaktoni-malazezet\/#primaryimage\",\"url\":\"https:\/\/www.visit-ulcinj.com\/blog\/wp-content\/uploads\/2010\/01\/perbytjet-ne-shkoder.jpg\",\"contentUrl\":\"https:\/\/www.visit-ulcinj.com\/blog\/wp-content\/uploads\/2010\/01\/perbytjet-ne-shkoder.jpg\",\"width\":\"450\",\"height\":\"329\"},{\"@type\":\"WebPage\",\"@id\":\"https:\/\/www.visit-ulcinj.com\/blog\/2010\/01\/08\/berisha-te-nderhyjme-ne-bune-kontaktoni-malazezet\/#webpage\",\"url\":\"https:\/\/www.visit-ulcinj.com\/blog\/2010\/01\/08\/berisha-te-nderhyjme-ne-bune-kontaktoni-malazezet\/\",\"name\":\"Berisha: Te nderhyjme ne Bune, kontaktoni malazezet - Lajme nga Ulqini\",\"isPartOf\":{\"@id\":\"https:\/\/www.visit-ulcinj.com\/blog\/#website\"},\"primaryImageOfPage\":{\"@id\":\"https:\/\/www.visit-ulcinj.com\/blog\/2010\/01\/08\/berisha-te-nderhyjme-ne-bune-kontaktoni-malazezet\/#primaryimage\"},\"datePublished\":\"2010-01-08T15:43:30+00:00\",\"dateModified\":\"2010-01-09T06:24:37+00:00\",\"author\":{\"@id\":\"https:\/\/www.visit-ulcinj.com\/blog\/#\/schema\/person\/dcab619c614d3038751c63bc2aadc06d\"},\"description\":\"Gazeta Balkanweb - SHKODER- Kryeministri Berisha kerkon nisjen e procedurave p\u00ebr t\u00eb nd\u00ebrhyr\u00eb n\u00eb lumin Buna. Sipas kreut t\u00eb qeveris\u00eb nj\u00eb nd\u00ebrhyrje e till\u00eb\",\"breadcrumb\":{\"@id\":\"https:\/\/www.visit-ulcinj.com\/blog\/2010\/01\/08\/berisha-te-nderhyjme-ne-bune-kontaktoni-malazezet\/#breadcrumb\"},\"inLanguage\":\"en-US\",\"potentialAction\":[{\"@type\":\"ReadAction\",\"target\":[\"https:\/\/www.visit-ulcinj.com\/blog\/2010\/01\/08\/berisha-te-nderhyjme-ne-bune-kontaktoni-malazezet\/\"]}]},{\"@type\":\"BreadcrumbList\",\"@id\":\"https:\/\/www.visit-ulcinj.com\/blog\/2010\/01\/08\/berisha-te-nderhyjme-ne-bune-kontaktoni-malazezet\/#breadcrumb\",\"itemListElement\":[{\"@type\":\"ListItem\",\"position\":1,\"name\":\"Berisha: Te nderhyjme ne Bune, kontaktoni malazezet\"}]},{\"@type\":\"Person\",\"@id\":\"https:\/\/www.visit-ulcinj.com\/blog\/#\/schema\/person\/dcab619c614d3038751c63bc2aadc06d\",\"name\":\"ulqini\",\"sameAs\":[\"http:\/\/www.visit-ulcinj.com\"],\"url\":\"https:\/\/www.visit-ulcinj.com\/blog\/author\/admin\/\"}]}<\/script>\n<!-- \/ Yoast SEO plugin. -->","yoast_head_json":{"title":"Berisha: Te nderhyjme ne Bune, kontaktoni malazezet - Lajme nga Ulqini","description":"Gazeta Balkanweb - SHKODER- Kryeministri Berisha kerkon nisjen e procedurave p\u00ebr t\u00eb nd\u00ebrhyr\u00eb n\u00eb lumin Buna. Sipas kreut t\u00eb qeveris\u00eb nj\u00eb nd\u00ebrhyrje e till\u00eb","robots":{"index":"index","follow":"follow","max-snippet":"max-snippet:-1","max-image-preview":"max-image-preview:large","max-video-preview":"max-video-preview:-1"},"canonical":"https:\/\/www.visit-ulcinj.com\/blog\/2010\/01\/08\/berisha-te-nderhyjme-ne-bune-kontaktoni-malazezet\/","og_locale":"en_US","og_type":"article","og_title":"Berisha: Te nderhyjme ne Bune, kontaktoni malazezet - Lajme nga Ulqini","og_description":"Gazeta Balkanweb - SHKODER- Kryeministri Berisha kerkon nisjen e procedurave p\u00ebr t\u00eb nd\u00ebrhyr\u00eb n\u00eb lumin Buna. Sipas kreut t\u00eb qeveris\u00eb nj\u00eb nd\u00ebrhyrje e till\u00eb","og_url":"https:\/\/www.visit-ulcinj.com\/blog\/2010\/01\/08\/berisha-te-nderhyjme-ne-bune-kontaktoni-malazezet\/","og_site_name":"Lajme nga Ulqini","article_published_time":"2010-01-08T15:43:30+00:00","article_modified_time":"2010-01-09T06:24:37+00:00","og_image":[{"url":"http:\/\/www.visit-ulcinj.com\/blog\/wp-content\/uploads\/2010\/01\/perbytjet-ne-shkoder.jpg"}],"twitter_misc":{"Written by":"ulqini","Est. reading time":"2 minutes"},"schema":{"@context":"https:\/\/schema.org","@graph":[{"@type":"WebSite","@id":"https:\/\/www.visit-ulcinj.com\/blog\/#website","url":"https:\/\/www.visit-ulcinj.com\/blog\/","name":"Lajme nga Ulqini","description":"Lajme,Vijesti,Ulqini,Ulqin,Crna Gora,Mali i Zi","potentialAction":[{"@type":"SearchAction","target":{"@type":"EntryPoint","urlTemplate":"https:\/\/www.visit-ulcinj.com\/blog\/?s={search_term_string}"},"query-input":"required name=search_term_string"}],"inLanguage":"en-US"},{"@type":"ImageObject","inLanguage":"en-US","@id":"https:\/\/www.visit-ulcinj.com\/blog\/2010\/01\/08\/berisha-te-nderhyjme-ne-bune-kontaktoni-malazezet\/#primaryimage","url":"https:\/\/www.visit-ulcinj.com\/blog\/wp-content\/uploads\/2010\/01\/perbytjet-ne-shkoder.jpg","contentUrl":"https:\/\/www.visit-ulcinj.com\/blog\/wp-content\/uploads\/2010\/01\/perbytjet-ne-shkoder.jpg","width":"450","height":"329"},{"@type":"WebPage","@id":"https:\/\/www.visit-ulcinj.com\/blog\/2010\/01\/08\/berisha-te-nderhyjme-ne-bune-kontaktoni-malazezet\/#webpage","url":"https:\/\/www.visit-ulcinj.com\/blog\/2010\/01\/08\/berisha-te-nderhyjme-ne-bune-kontaktoni-malazezet\/","name":"Berisha: Te nderhyjme ne Bune, kontaktoni malazezet - Lajme nga Ulqini","isPartOf":{"@id":"https:\/\/www.visit-ulcinj.com\/blog\/#website"},"primaryImageOfPage":{"@id":"https:\/\/www.visit-ulcinj.com\/blog\/2010\/01\/08\/berisha-te-nderhyjme-ne-bune-kontaktoni-malazezet\/#primaryimage"},"datePublished":"2010-01-08T15:43:30+00:00","dateModified":"2010-01-09T06:24:37+00:00","author":{"@id":"https:\/\/www.visit-ulcinj.com\/blog\/#\/schema\/person\/dcab619c614d3038751c63bc2aadc06d"},"description":"Gazeta Balkanweb - SHKODER- Kryeministri Berisha kerkon nisjen e procedurave p\u00ebr t\u00eb nd\u00ebrhyr\u00eb n\u00eb lumin Buna. Sipas kreut t\u00eb qeveris\u00eb nj\u00eb nd\u00ebrhyrje e till\u00eb","breadcrumb":{"@id":"https:\/\/www.visit-ulcinj.com\/blog\/2010\/01\/08\/berisha-te-nderhyjme-ne-bune-kontaktoni-malazezet\/#breadcrumb"},"inLanguage":"en-US","potentialAction":[{"@type":"ReadAction","target":["https:\/\/www.visit-ulcinj.com\/blog\/2010\/01\/08\/berisha-te-nderhyjme-ne-bune-kontaktoni-malazezet\/"]}]},{"@type":"BreadcrumbList","@id":"https:\/\/www.visit-ulcinj.com\/blog\/2010\/01\/08\/berisha-te-nderhyjme-ne-bune-kontaktoni-malazezet\/#breadcrumb","itemListElement":[{"@type":"ListItem","position":1,"name":"Berisha: Te nderhyjme ne Bune, kontaktoni malazezet"}]},{"@type":"Person","@id":"https:\/\/www.visit-ulcinj.com\/blog\/#\/schema\/person\/dcab619c614d3038751c63bc2aadc06d","name":"ulqini","sameAs":["http:\/\/www.visit-ulcinj.com"],"url":"https:\/\/www.visit-ulcinj.com\/blog\/author\/admin\/"}]}},"jetpack_featured_media_url":"","jetpack_sharing_enabled":true,"jetpack_shortlink":"https:\/\/wp.me\/pe6lTn-7Bx","_links":{"self":[{"href":"https:\/\/www.visit-ulcinj.com\/blog\/wp-json\/wp\/v2\/posts\/29235"}],"collection":[{"href":"https:\/\/www.visit-ulcinj.com\/blog\/wp-json\/wp\/v2\/posts"}],"about":[{"href":"https:\/\/www.visit-ulcinj.com\/blog\/wp-json\/wp\/v2\/types\/post"}],"author":[{"embeddable":true,"href":"https:\/\/www.visit-ulcinj.com\/blog\/wp-json\/wp\/v2\/users\/1"}],"replies":[{"embeddable":true,"href":"https:\/\/www.visit-ulcinj.com\/blog\/wp-json\/wp\/v2\/comments?post=29235"}],"version-history":[{"count":0,"href":"https:\/\/www.visit-ulcinj.com\/blog\/wp-json\/wp\/v2\/posts\/29235\/revisions"}],"wp:attachment":[{"href":"https:\/\/www.visit-ulcinj.com\/blog\/wp-json\/wp\/v2\/media?parent=29235"}],"wp:term":[{"taxonomy":"category","embeddable":true,"href":"https:\/\/www.visit-ulcinj.com\/blog\/wp-json\/wp\/v2\/categories?post=29235"},{"taxonomy":"post_tag","embeddable":true,"href":"https:\/\/www.visit-ulcinj.com\/blog\/wp-json\/wp\/v2\/tags?post=29235"}],"curies":[{"name":"wp","href":"https:\/\/api.w.org\/{rel}","templated":true}]}}