{"id":2924,"date":"2008-09-03T13:10:03","date_gmt":"2008-09-03T18:10:03","guid":{"rendered":"http:\/\/www.visit-ulcinj.com\/blog\/?p=2924"},"modified":"2008-09-03T13:10:03","modified_gmt":"2008-09-03T18:10:03","slug":"ndalohet-gezimi-shqip","status":"publish","type":"post","link":"https:\/\/www.visit-ulcinj.com\/blog\/2008\/09\/03\/ndalohet-gezimi-shqip\/","title":{"rendered":"Ndalohet g\u00ebzimi &#8220;shqip&#8221;!?"},"content":{"rendered":"<p><a href=\"http:\/\/sei.cg.yu\/images\/ucesnici\/g3\/Robert_Camaj.jpg\"><img loading=\"lazy\" class=\"alignleft\" title=\"Robert Camaj\" src=\"http:\/\/sei.cg.yu\/images\/ucesnici\/g3\/Robert_Camaj.jpg\" alt=\"\" width=\"170\" height=\"195\" \/><\/a>N\u00eb \u00e7do vend q\u00eb ka demokraci t\u00eb nevojshme sa t\u00eb ndihesh i lir\u00eb, uniforma policore do t\u00eb thot\u00eb rend dhe siguri dhe ajo gjithsesi \u00ebsht\u00eb shembulltyra e nj\u00eb shteti. Masa e siguris\u00eb apo p\u00ebrmasat q\u00eb \u00e7donj\u00ebri nga ne ndiejm\u00eb kur e shohim at\u00eb \u00ebsht\u00eb mat\u00ebsi m\u00eb i mir\u00eb se cilat jan\u00eb raportet tona me uniform\u00ebn policore.<br \/>\nShteti ushtarak identifikohet me ushtri t\u00eb fort\u00eb dhe me mbresa frike ndaj militar\u00ebve, shteti mafioz me mafje t\u00eb fort\u00eb dhe gjith\u00ebkontrolluese, kurse shteti policor me polici terrorizuese.<br \/>\nShteti demokratik ka nj\u00eb uniform\u00eb e ajo \u00ebsht\u00eb &#8220;nj\u00ebjt\u00ebsia dhe barabarsia para ligjit&#8221;.<br \/>\nGjat\u00eb jav\u00ebs q\u00eb lam\u00eb pas Mal\u00ebsia p\u00ebr t\u00eb sat\u00ebn her\u00eb u bastis, k\u00ebshtu do t\u00eb fillonte artikullin \u00e7do njeri i cili jeton n\u00eb demokraci funksionale por n\u00eb vendin ton\u00eb kjo \u00ebsht\u00eb nj\u00eb rutin\u00eb normale. E gjith\u00eb loja q\u00ebndron te frika dhe mbjellja e saj. P\u00ebr t\u00eb treguar dhe d\u00ebshmuar forc\u00ebn e vet shteti ka zgjedh\u00eb pakic\u00ebn shqiptare, po at\u00eb popullat\u00eb q\u00eb shfryt\u00ebzoi t\u00eb drejt\u00ebn qytetare para rreth tri vitesh dhe formoi shtetin e Malit t\u00eb Zi.<\/p>\n<div id=\"attachment_2925\" style=\"width: 276px\" class=\"wp-caption alignright\"><a href=\"http:\/\/www.visit-ulcinj.com\/blog\/wp-content\/uploads\/2008\/09\/restoranti-cavalieri-1.jpg\"><img aria-describedby=\"caption-attachment-2925\" loading=\"lazy\" class=\"size-medium wp-image-2925\" title=\"restoranti-cavalieri-1\" src=\"http:\/\/www.visit-ulcinj.com\/blog\/wp-content\/uploads\/2008\/09\/restoranti-cavalieri-1-300x167.jpg\" alt=\"Restoranti Cavalieri Tuz\u00eb\" width=\"266\" height=\"148\" srcset=\"https:\/\/www.visit-ulcinj.com\/blog\/wp-content\/uploads\/2008\/09\/restoranti-cavalieri-1-300x167.jpg 300w, https:\/\/www.visit-ulcinj.com\/blog\/wp-content\/uploads\/2008\/09\/restoranti-cavalieri-1.jpg 650w\" sizes=\"(max-width: 266px) 100vw, 266px\" \/><\/a><p id=\"caption-attachment-2925\" class=\"wp-caption-text\">Restoranti Cavalieri Tuz\u00eb<\/p><\/div>\n<p>Por \u00e7ka pasoi? Pasoi q\u00eb shqiptar\u00ebve n\u00eb vend se t`u avancohen t\u00eb drejtat dhe lirit\u00eb n\u00eb shtetin q\u00eb tani m\u00eb si pretekst bllokues t\u00eb proceseve nuk e ka Serbin\u00eb, t\u00eb shikojn\u00eb n\u00eb shtetin e tyre jo si n\u00eb tok\u00ebn e premtuar e cila do t\u00eb shfaqet fill pas referendumit.<br \/>\nAksioni policor &#8220;Fluturimi i shqiponj\u00ebs&#8221; qe sajimi dhe kurtha n\u00eb t\u00eb cil\u00ebn shteti deshi q\u00eb t\u00eb biem dhe t\u00eb cil\u00ebn kurr\u00eb nuk e besuam, duke na em\u00ebrtuar me termin m\u00eb antipopullor n\u00eb qarqet globale si terrorist.<br \/>\nEdhe sot mund t\u00eb d\u00ebgjosh n\u00eb lajme e t\u00eb lexosh n\u00eb gazeta &#8220;lapsusin&#8221;: &#8220;terrorist\u00ebt shqiptar\u00eb&#8221;, duke i p\u00ebrfshir\u00eb t\u00eb gjith\u00eb n\u00eb nj\u00eb grupacion t\u00eb ciliti s`i ka takuar kurr\u00eb madje askush nga ne.<\/p>\n<div id=\"attachment_2926\" style=\"width: 310px\" class=\"wp-caption alignleft\"><a href=\"http:\/\/www.visit-ulcinj.com\/blog\/wp-content\/uploads\/2008\/09\/restoranti-cavalieri.jpg\"><img aria-describedby=\"caption-attachment-2926\" loading=\"lazy\" class=\"size-medium wp-image-2926\" title=\"restoranti-cavalieri\" src=\"http:\/\/www.visit-ulcinj.com\/blog\/wp-content\/uploads\/2008\/09\/restoranti-cavalieri-300x214.jpg\" alt=\"Restoranti Cavalieri Tuz\u00eb\" width=\"300\" height=\"214\" srcset=\"https:\/\/www.visit-ulcinj.com\/blog\/wp-content\/uploads\/2008\/09\/restoranti-cavalieri-300x214.jpg 300w, https:\/\/www.visit-ulcinj.com\/blog\/wp-content\/uploads\/2008\/09\/restoranti-cavalieri.jpg 650w\" sizes=\"(max-width: 300px) 100vw, 300px\" \/><\/a><p id=\"caption-attachment-2926\" class=\"wp-caption-text\">Restoranti Cavalieri Tuz\u00eb<\/p><\/div>\n<p>Para disa jav\u00ebsh p\u00ebrfundoi procesi gjyq\u00ebsor kund\u00ebr t\u00eb akuzuarve t\u00eb atij aksioni dhe shumica e t\u00eb akuzuarve u shpall\u00ebn si terrorist\u00eb, t\u00eb fajsh\u00ebm dhe meritor\u00eb t\u00eb krimit, fill pas shpalljes s\u00eb vendimit t\u00eb akuzuarit p\u00ebr terrorizem dhe tani m\u00eb t\u00eb d\u00ebnuar u liruan t\u00eb mbrohen nga liria p\u00ebr t`u riburgosur jav\u00ebn q\u00eb lam\u00eb pas.<br \/>\nKy qe provokimi i dyt\u00eb ndaj tyre, duke i liruar si t\u00eb fajsh\u00ebm dhe duke i riarrestuar po t\u00eb gjith\u00eb, si m\u00eb 09 shtator t\u00eb 2006 ashtu edhe jav\u00ebn e kaluar t\u00eb gjith\u00eb u riburgos\u00ebn n\u00eb sht\u00ebpit\u00eb e tyre me familjet e tyre dhe hallet q\u00eb ata kan\u00eb.<br \/>\nNj\u00eb shtet demokratik dhe dashamir\u00ebs uniformat blu do t`i kishte larguar nga pamja e njer\u00ebzve sa t\u00eb harrohen sadopak gj\u00ebrat dhe t\u00eb rikthehet mir\u00ebbesimi n\u00eb to.<br \/>\nPor jo, ato shfaqen p\u00ebrs\u00ebri sepse \u00e7udirat n\u00eb Mal\u00ebsi nuk kan\u00eb fund kurr\u00eb. T\u00eb shtunen n\u00eb ora 24.00 fix, nj\u00ebsitet nd\u00ebrhyr\u00ebse, t\u00eb armatosura dhe t\u00eb pajisura ashtu si\u00e7 i takon nj\u00eb shteti q\u00eb mbjell frik\u00eb, ndalojn\u00eb muzik\u00ebn n\u00eb nj\u00ebrin nd\u00ebr lokalet n\u00eb qend\u00ebr t\u00eb Tuzit dhe detyrojn\u00eb m\u00eb se 1000 persona q\u00eb t\u00eb l\u00ebshojn\u00eb lokalin, pa asnj\u00eb sqarim. Por shteteve q\u00eb forc\u00ebn e bazojn\u00eb n\u00eb polici nuk u nevojitet si\u00e7 duket sqarimi.<br \/>\nN\u00eb Tuz, a nuk u dashka t\u00eb k\u00ebndohet shqip, apo ta riformuloj pak iden\u00eb: Tuzi, qendra e Mal\u00ebsis\u00eb, a nuk u dashka t\u00eb g\u00ebzohet shqip?!<br \/>\n<strong>Robert Camaj<br \/>\n(Autori \u00ebsht\u00eb sekretar i Komun\u00ebs Urbane t\u00eb Tuzit)<br \/>\nBurimi \/ Koha Javore<\/strong><\/p>\n<!--YouTube Error: bad URL entered-->\n<p style=\"text-align: center;\"><a href=\"http:\/\/www.visit-ulcinj.com\/?rub=taxicobi\"><img loading=\"lazy\" class=\"aligncenter size-full wp-image-2798\" title=\"taxi-cobi-ulqintaxi-cobi-ulcinjcrna-goramontenegromali-i-ziulqini\" src=\"http:\/\/www.visit-ulcinj.com\/blog\/wp-content\/uploads\/2008\/08\/taxi-cobi-ulqintaxi-cobi-ulcinjcrna-goramontenegromali-i-ziulqini.jpg\" alt=\"\" width=\"320\" height=\"150\" srcset=\"https:\/\/www.visit-ulcinj.com\/blog\/wp-content\/uploads\/2008\/08\/taxi-cobi-ulqintaxi-cobi-ulcinjcrna-goramontenegromali-i-ziulqini.jpg 320w, https:\/\/www.visit-ulcinj.com\/blog\/wp-content\/uploads\/2008\/08\/taxi-cobi-ulqintaxi-cobi-ulcinjcrna-goramontenegromali-i-ziulqini-300x140.jpg 300w\" sizes=\"(max-width: 320px) 100vw, 320px\" \/><\/a><\/p>\n","protected":false},"excerpt":{"rendered":"<p><img loading=\"lazy\" class=\"alignleft\" title=\"Robert Camaj\" src=\"http:\/\/sei.cg.yu\/images\/ucesnici\/g3\/Robert_Camaj.jpg\" alt=\"\" width=\"140\" height=\"140\" \/><\/p>\n","protected":false},"author":1,"featured_media":0,"comment_status":"open","ping_status":"closed","sticky":false,"template":"","format":"standard","meta":{"spay_email":"","jetpack_publicize_message":"","jetpack_is_tweetstorm":false,"jetpack_publicize_feature_enabled":true},"categories":[8,12],"tags":[95,4474,201],"jetpack_publicize_connections":[],"yoast_head":"<!-- This site is optimized with the Yoast SEO plugin v19.1 - https:\/\/yoast.com\/wordpress\/plugins\/seo\/ -->\n<title>Ndalohet g\u00ebzimi &quot;shqip&quot;!? - Lajme nga Ulqini<\/title>\n<meta name=\"robots\" content=\"index, follow, max-snippet:-1, max-image-preview:large, max-video-preview:-1\" \/>\n<link rel=\"canonical\" href=\"https:\/\/www.visit-ulcinj.com\/blog\/2008\/09\/03\/ndalohet-gezimi-shqip\/\" \/>\n<meta property=\"og:locale\" content=\"en_US\" \/>\n<meta property=\"og:type\" content=\"article\" \/>\n<meta property=\"og:title\" content=\"Ndalohet g\u00ebzimi &quot;shqip&quot;!? - Lajme nga Ulqini\" \/>\n<meta property=\"og:url\" content=\"https:\/\/www.visit-ulcinj.com\/blog\/2008\/09\/03\/ndalohet-gezimi-shqip\/\" \/>\n<meta property=\"og:site_name\" content=\"Lajme nga Ulqini\" \/>\n<meta property=\"article:published_time\" content=\"2008-09-03T18:10:03+00:00\" \/>\n<meta property=\"og:image\" content=\"http:\/\/sei.cg.yu\/images\/ucesnici\/g3\/Robert_Camaj.jpg\" \/>\n<meta name=\"twitter:label1\" content=\"Written by\" \/>\n\t<meta name=\"twitter:data1\" content=\"ulqini\" \/>\n\t<meta name=\"twitter:label2\" content=\"Est. reading time\" \/>\n\t<meta name=\"twitter:data2\" content=\"3 minutes\" \/>\n<script type=\"application\/ld+json\" class=\"yoast-schema-graph\">{\"@context\":\"https:\/\/schema.org\",\"@graph\":[{\"@type\":\"WebSite\",\"@id\":\"https:\/\/www.visit-ulcinj.com\/blog\/#website\",\"url\":\"https:\/\/www.visit-ulcinj.com\/blog\/\",\"name\":\"Lajme nga Ulqini\",\"description\":\"Lajme,Vijesti,Ulqini,Ulqin,Crna Gora,Mali i Zi\",\"potentialAction\":[{\"@type\":\"SearchAction\",\"target\":{\"@type\":\"EntryPoint\",\"urlTemplate\":\"https:\/\/www.visit-ulcinj.com\/blog\/?s={search_term_string}\"},\"query-input\":\"required name=search_term_string\"}],\"inLanguage\":\"en-US\"},{\"@type\":\"ImageObject\",\"inLanguage\":\"en-US\",\"@id\":\"https:\/\/www.visit-ulcinj.com\/blog\/2008\/09\/03\/ndalohet-gezimi-shqip\/#primaryimage\",\"url\":\"http:\/\/sei.cg.yu\/images\/ucesnici\/g3\/Robert_Camaj.jpg\",\"contentUrl\":\"http:\/\/sei.cg.yu\/images\/ucesnici\/g3\/Robert_Camaj.jpg\"},{\"@type\":\"WebPage\",\"@id\":\"https:\/\/www.visit-ulcinj.com\/blog\/2008\/09\/03\/ndalohet-gezimi-shqip\/#webpage\",\"url\":\"https:\/\/www.visit-ulcinj.com\/blog\/2008\/09\/03\/ndalohet-gezimi-shqip\/\",\"name\":\"Ndalohet g\u00ebzimi \\\"shqip\\\"!? - Lajme nga Ulqini\",\"isPartOf\":{\"@id\":\"https:\/\/www.visit-ulcinj.com\/blog\/#website\"},\"primaryImageOfPage\":{\"@id\":\"https:\/\/www.visit-ulcinj.com\/blog\/2008\/09\/03\/ndalohet-gezimi-shqip\/#primaryimage\"},\"datePublished\":\"2008-09-03T18:10:03+00:00\",\"dateModified\":\"2008-09-03T18:10:03+00:00\",\"author\":{\"@id\":\"https:\/\/www.visit-ulcinj.com\/blog\/#\/schema\/person\/dcab619c614d3038751c63bc2aadc06d\"},\"breadcrumb\":{\"@id\":\"https:\/\/www.visit-ulcinj.com\/blog\/2008\/09\/03\/ndalohet-gezimi-shqip\/#breadcrumb\"},\"inLanguage\":\"en-US\",\"potentialAction\":[{\"@type\":\"ReadAction\",\"target\":[\"https:\/\/www.visit-ulcinj.com\/blog\/2008\/09\/03\/ndalohet-gezimi-shqip\/\"]}]},{\"@type\":\"BreadcrumbList\",\"@id\":\"https:\/\/www.visit-ulcinj.com\/blog\/2008\/09\/03\/ndalohet-gezimi-shqip\/#breadcrumb\",\"itemListElement\":[{\"@type\":\"ListItem\",\"position\":1,\"name\":\"Ndalohet g\u00ebzimi &#8220;shqip&#8221;!?\"}]},{\"@type\":\"Person\",\"@id\":\"https:\/\/www.visit-ulcinj.com\/blog\/#\/schema\/person\/dcab619c614d3038751c63bc2aadc06d\",\"name\":\"ulqini\",\"sameAs\":[\"http:\/\/www.visit-ulcinj.com\"],\"url\":\"https:\/\/www.visit-ulcinj.com\/blog\/author\/admin\/\"}]}<\/script>\n<!-- \/ Yoast SEO plugin. -->","yoast_head_json":{"title":"Ndalohet g\u00ebzimi \"shqip\"!? - Lajme nga Ulqini","robots":{"index":"index","follow":"follow","max-snippet":"max-snippet:-1","max-image-preview":"max-image-preview:large","max-video-preview":"max-video-preview:-1"},"canonical":"https:\/\/www.visit-ulcinj.com\/blog\/2008\/09\/03\/ndalohet-gezimi-shqip\/","og_locale":"en_US","og_type":"article","og_title":"Ndalohet g\u00ebzimi \"shqip\"!? - Lajme nga Ulqini","og_url":"https:\/\/www.visit-ulcinj.com\/blog\/2008\/09\/03\/ndalohet-gezimi-shqip\/","og_site_name":"Lajme nga Ulqini","article_published_time":"2008-09-03T18:10:03+00:00","og_image":[{"url":"http:\/\/sei.cg.yu\/images\/ucesnici\/g3\/Robert_Camaj.jpg"}],"twitter_misc":{"Written by":"ulqini","Est. reading time":"3 minutes"},"schema":{"@context":"https:\/\/schema.org","@graph":[{"@type":"WebSite","@id":"https:\/\/www.visit-ulcinj.com\/blog\/#website","url":"https:\/\/www.visit-ulcinj.com\/blog\/","name":"Lajme nga Ulqini","description":"Lajme,Vijesti,Ulqini,Ulqin,Crna Gora,Mali i Zi","potentialAction":[{"@type":"SearchAction","target":{"@type":"EntryPoint","urlTemplate":"https:\/\/www.visit-ulcinj.com\/blog\/?s={search_term_string}"},"query-input":"required name=search_term_string"}],"inLanguage":"en-US"},{"@type":"ImageObject","inLanguage":"en-US","@id":"https:\/\/www.visit-ulcinj.com\/blog\/2008\/09\/03\/ndalohet-gezimi-shqip\/#primaryimage","url":"http:\/\/sei.cg.yu\/images\/ucesnici\/g3\/Robert_Camaj.jpg","contentUrl":"http:\/\/sei.cg.yu\/images\/ucesnici\/g3\/Robert_Camaj.jpg"},{"@type":"WebPage","@id":"https:\/\/www.visit-ulcinj.com\/blog\/2008\/09\/03\/ndalohet-gezimi-shqip\/#webpage","url":"https:\/\/www.visit-ulcinj.com\/blog\/2008\/09\/03\/ndalohet-gezimi-shqip\/","name":"Ndalohet g\u00ebzimi \"shqip\"!? - Lajme nga Ulqini","isPartOf":{"@id":"https:\/\/www.visit-ulcinj.com\/blog\/#website"},"primaryImageOfPage":{"@id":"https:\/\/www.visit-ulcinj.com\/blog\/2008\/09\/03\/ndalohet-gezimi-shqip\/#primaryimage"},"datePublished":"2008-09-03T18:10:03+00:00","dateModified":"2008-09-03T18:10:03+00:00","author":{"@id":"https:\/\/www.visit-ulcinj.com\/blog\/#\/schema\/person\/dcab619c614d3038751c63bc2aadc06d"},"breadcrumb":{"@id":"https:\/\/www.visit-ulcinj.com\/blog\/2008\/09\/03\/ndalohet-gezimi-shqip\/#breadcrumb"},"inLanguage":"en-US","potentialAction":[{"@type":"ReadAction","target":["https:\/\/www.visit-ulcinj.com\/blog\/2008\/09\/03\/ndalohet-gezimi-shqip\/"]}]},{"@type":"BreadcrumbList","@id":"https:\/\/www.visit-ulcinj.com\/blog\/2008\/09\/03\/ndalohet-gezimi-shqip\/#breadcrumb","itemListElement":[{"@type":"ListItem","position":1,"name":"Ndalohet g\u00ebzimi &#8220;shqip&#8221;!?"}]},{"@type":"Person","@id":"https:\/\/www.visit-ulcinj.com\/blog\/#\/schema\/person\/dcab619c614d3038751c63bc2aadc06d","name":"ulqini","sameAs":["http:\/\/www.visit-ulcinj.com"],"url":"https:\/\/www.visit-ulcinj.com\/blog\/author\/admin\/"}]}},"jetpack_featured_media_url":"","jetpack_sharing_enabled":true,"jetpack_shortlink":"https:\/\/wp.me\/pe6lTn-La","_links":{"self":[{"href":"https:\/\/www.visit-ulcinj.com\/blog\/wp-json\/wp\/v2\/posts\/2924"}],"collection":[{"href":"https:\/\/www.visit-ulcinj.com\/blog\/wp-json\/wp\/v2\/posts"}],"about":[{"href":"https:\/\/www.visit-ulcinj.com\/blog\/wp-json\/wp\/v2\/types\/post"}],"author":[{"embeddable":true,"href":"https:\/\/www.visit-ulcinj.com\/blog\/wp-json\/wp\/v2\/users\/1"}],"replies":[{"embeddable":true,"href":"https:\/\/www.visit-ulcinj.com\/blog\/wp-json\/wp\/v2\/comments?post=2924"}],"version-history":[{"count":0,"href":"https:\/\/www.visit-ulcinj.com\/blog\/wp-json\/wp\/v2\/posts\/2924\/revisions"}],"wp:attachment":[{"href":"https:\/\/www.visit-ulcinj.com\/blog\/wp-json\/wp\/v2\/media?parent=2924"}],"wp:term":[{"taxonomy":"category","embeddable":true,"href":"https:\/\/www.visit-ulcinj.com\/blog\/wp-json\/wp\/v2\/categories?post=2924"},{"taxonomy":"post_tag","embeddable":true,"href":"https:\/\/www.visit-ulcinj.com\/blog\/wp-json\/wp\/v2\/tags?post=2924"}],"curies":[{"name":"wp","href":"https:\/\/api.w.org\/{rel}","templated":true}]}}