{"id":29256,"date":"2010-01-09T08:33:03","date_gmt":"2010-01-09T06:33:03","guid":{"rendered":"http:\/\/www.visit-ulcinj.com\/blog\/?p=29256"},"modified":"2010-01-14T11:30:26","modified_gmt":"2010-01-14T09:30:26","slug":"komuna-e-ulqinit-nen-uje","status":"publish","type":"post","link":"https:\/\/www.visit-ulcinj.com\/blog\/2010\/01\/09\/komuna-e-ulqinit-nen-uje\/","title":{"rendered":"Komuna e Ulqinit n\u00ebn uj\u00eb &#8211; Lajme Live"},"content":{"rendered":"<p><a href=\"http:\/\/www.visit-ulcinj.com\/blog\/wp-content\/uploads\/2010\/01\/poplave-u-adu-bojanu.2.jpg\"><img loading=\"lazy\" class=\"alignleft size-full wp-image-29252\" title=\"poplave u adu bojanu.2\" src=\"http:\/\/www.visit-ulcinj.com\/blog\/wp-content\/uploads\/2010\/01\/poplave-u-adu-bojanu.2.jpg\" alt=\"poplave u adu bojanu.2\" width=\"580\" height=\"400\" \/><\/a><br \/>\nUlqini hyn n\u00eb dit\u00ebn e 9 t\u00eb p\u00ebrmbytjeve. Reshjet e shiut t\u00eb cilat vazhdojne te biejne kane rritur nvielin e Bunes dhe uji ka vershuar ne hyrje te kompleksit turistik si dhe ne lagjet periferike te saj. Ne zonen e plazhes s\u00eb Barbanes niveli i ujit mbetet i pa nryshuar.<br \/>\nShtabi i emergjenc\u00ebs kryesuar nga kryetari i Komun\u00ebs s\u00eb Ulqinit G\u00ebzim Hajdinaga bashk me homologun e tij Z\u00ebvend\u00ebsministri i Brendsh\u00ebm i Malit t\u00eb Zi nj\u00ebher\u00ebsh, kryetar i Shtabit t\u00eb Emergjenc\u00ebs Zoran Begoviq , t\u00eb cil\u00ebt kan\u00eb zhvilluar takime me autoritetet vendore n\u00eb qytetin e Shkodr\u00ebs, kan\u00eb deklaruar se p\u00ebrmbytjet kan\u00eb p\u00ebrfshir\u00eb dhe disa qytete t\u00eb Malit t\u00eb Zi. Kryekomunari i Ulqinit ka b\u00ebr\u00eb apel q\u00eb situata e krijuar t\u00eb mos shfryt\u00ebzohet p\u00ebr propagand\u00eb politike. nga\u00a0 ka deklaruar se \u201cgjendja \u00ebsht\u00eb e q\u00ebndreshme dhe n\u00ebn kontroll\u201d.<br \/>\nPrurjet e reja t\u00eb lumit Buna mbr\u00ebm\u00eb dhe sot kan\u00eb p\u00ebrmbytur edhe m\u00eb shum\u00eb sip\u00ebrfaqe t\u00eb tok\u00ebs, oborre t\u00eb shpive, restoranteve dhe objekteve banimi.<br \/>\nEdhe pse sot ishte dit\u00eb pa t\u00eb reshura situata n\u00eb rajonet e p\u00ebrmbytura nuk \u00ebsht\u00eb p\u00ebrmir\u00ebsuar por si\u00e7 njoftojn\u00eb autoritetet vendore n\u00eb komunat m\u00eb t\u00eb rrezikuara situata \u00ebsht\u00eb p\u00ebrkeq\u00ebsuar si pasoj\u00eb e rritje s\u00eb nivelit t\u00eb ujit p\u00ebrgjat\u00eb lumenjve dhe Liqenit t\u00eb Shkodr\u00ebs.<br \/>\nAutoritetet e Komun\u00ebs s\u00eb Ulqinit pohojn\u00eb se sip\u00ebrfaqet n\u00ebn uj\u00eb vazhdojn\u00eb t\u00eb rriten n\u00eb t\u00eb gjitha zonat p\u00ebr gjat Bunes, sidomos n\u00eb fshatin Bor n\u00eb An\u00eb t\u00eb Malit, kur rreth 20 familje jan\u00eb plot\u00ebsisht t\u00eb izolura nga p\u00ebrbytjet. Strukturat vendore dhe qendrore po marrin masa p\u00ebr evakuimin e banor\u00ebve, pasi q\u00eb situata \u00ebsht\u00eb duke u p\u00ebrkeq\u00ebsuar krahasuar me nj\u00eb dit\u00eb m\u00eb par\u00eb .<br \/>\nAutoritetet vendore pohojn\u00eb se jan\u00eb duke nd\u00ebrmarrur t\u00eb gjitha masat e nevojshme n\u00eb parandalimin e pasojave me t\u00eb r\u00ebnda p\u00ebr fshatrat dhe banor\u00ebt m\u00eb t\u00eb rrezikuar.<\/p>\n<p><strong>Lajme nga Ulqini<\/strong><strong><\/strong><\/p>\n<p><strong><br \/>\n<\/strong>Pavar\u00ebsisht rreshjeve t\u00eb shiut q\u00eb kan\u00eb vijuar edhe gjat\u00eb nat\u00ebs s\u00eb sotme, situata n\u00eb Qarkun e Shkodr\u00ebs \u00ebsht\u00eb n\u00ebn kontroll nga Shtabi i Emergjenc\u00ebs Civile t\u00eb ngritur n\u00eb qytetit verior. Ministri i Brendsh\u00ebm Lulzim Basha ka deklaruar se kan\u00eb vijuar dhe gjat\u00eb paradites operacionet e evakuimit dhe ato t\u00eb shp\u00ebrndarjes s\u00eb ndihmave ushqimore dhe medikamenteve mjek\u00ebsore. Basha tha se po vazhdon puna dhe p\u00ebr nd\u00ebrtimin e argjinaturave te lumenjt\u00eb n\u00eb veri t\u00eb vendit. Lumi Buna ka krijuar nj\u00eb situat\u00eb t\u00eb ngjashme me at\u00eb t\u00eb Shkodr\u00ebs dhe n\u00eb fqinjin ton\u00eb malazez. Z\u00ebvend\u00ebsministri i Brendsh\u00ebm i Malit t\u00eb Zi nj\u00ebher\u00ebsh, kryetar i Shtabit t\u00eb Emergjenc\u00ebs ngritur n\u00eb k\u00ebt\u00eb shtet si dhe kryetari i Komun\u00ebs s\u00eb Ulqinit, t\u00eb cil\u00ebt kan\u00eb zhvilluar takime me autoritetet vendore n\u00eb qytetin e Shkodr\u00ebs, kan\u00eb deklaruar se p\u00ebrmbytjet kan\u00eb p\u00ebrfshir\u00eb dhe disa qytete t\u00eb Malit t\u00eb Zi. Kryekomunari i Ulqinit ka b\u00ebr\u00eb apel q\u00eb situata e krijuar t\u00eb mos shfryt\u00ebzohet p\u00ebr propagand\u00eb politike.<strong><\/strong><\/p>\n<p><strong><\/strong><strong>TV KLAN<\/strong><br \/>\n[flv width=&#8221;580&#8243; height=&#8221;400&#8243;]http:\/\/www.tvklan.tv\/klanlajme\/klanlajme.flv[\/flv]<\/p>\n<p><strong>Z\u00cbRI I AMERIKES<\/strong><br \/>\n<!--YouTube Error: bad URL entered--><\/p>\n","protected":false},"excerpt":{"rendered":"<p>Ulqini hyn n\u00eb dit\u00ebn e 9 t\u00eb p\u00ebrmbytjeve. Reshjet e shiut t\u00eb cilat vazhdojne te biejne kane rritur nvielin e Bunes dhe uji ka vershuar ne hyrje te kompleksit turistik si dhe ne lagjet periferike te saj. Ne zonen e plazhes s\u00eb Barbanes niveli i ujit mbetet i pa nryshuar. Shtabi i emergjenc\u00ebs kryesuar nga [&hellip;]<\/p>\n","protected":false},"author":1,"featured_media":0,"comment_status":"open","ping_status":"closed","sticky":false,"template":"","format":"standard","meta":{"spay_email":"","jetpack_publicize_message":"","jetpack_is_tweetstorm":false,"jetpack_publicize_feature_enabled":true},"categories":[7],"tags":[13218,13219,13220],"jetpack_publicize_connections":[],"yoast_head":"<!-- This site is optimized with the Yoast SEO plugin v19.1 - https:\/\/yoast.com\/wordpress\/plugins\/seo\/ -->\n<title>Komuna e Ulqinit n\u00ebn uj\u00eb - Lajme Live - Lajme nga Ulqini<\/title>\n<meta name=\"description\" content=\"Ulqini hyn n\u00eb dit\u00ebn e 9 t\u00eb p\u00ebrmbytjeve. Reshjet e shiut t\u00eb cilat vazhdojne te biejne kane rritur nvielin e Bunes dhe uji ka vershuar ne hyrje te\" \/>\n<meta name=\"robots\" content=\"index, follow, max-snippet:-1, max-image-preview:large, max-video-preview:-1\" \/>\n<link rel=\"canonical\" href=\"https:\/\/www.visit-ulcinj.com\/blog\/2010\/01\/09\/komuna-e-ulqinit-nen-uje\/\" \/>\n<meta property=\"og:locale\" content=\"en_US\" \/>\n<meta property=\"og:type\" content=\"article\" \/>\n<meta property=\"og:title\" content=\"Komuna e Ulqinit n\u00ebn uj\u00eb - Lajme Live - Lajme nga Ulqini\" \/>\n<meta property=\"og:description\" content=\"Ulqini hyn n\u00eb dit\u00ebn e 9 t\u00eb p\u00ebrmbytjeve. Reshjet e shiut t\u00eb cilat vazhdojne te biejne kane rritur nvielin e Bunes dhe uji ka vershuar ne hyrje te\" \/>\n<meta property=\"og:url\" content=\"https:\/\/www.visit-ulcinj.com\/blog\/2010\/01\/09\/komuna-e-ulqinit-nen-uje\/\" \/>\n<meta property=\"og:site_name\" content=\"Lajme nga Ulqini\" \/>\n<meta property=\"article:published_time\" content=\"2010-01-09T06:33:03+00:00\" \/>\n<meta property=\"article:modified_time\" content=\"2010-01-14T09:30:26+00:00\" \/>\n<meta property=\"og:image\" content=\"http:\/\/www.visit-ulcinj.com\/blog\/wp-content\/uploads\/2010\/01\/poplave-u-adu-bojanu.2.jpg\" \/>\n<meta name=\"twitter:label1\" content=\"Written by\" \/>\n\t<meta name=\"twitter:data1\" content=\"ulqini\" \/>\n\t<meta name=\"twitter:label2\" content=\"Est. reading time\" \/>\n\t<meta name=\"twitter:data2\" content=\"3 minutes\" \/>\n<script type=\"application\/ld+json\" class=\"yoast-schema-graph\">{\"@context\":\"https:\/\/schema.org\",\"@graph\":[{\"@type\":\"WebSite\",\"@id\":\"https:\/\/www.visit-ulcinj.com\/blog\/#website\",\"url\":\"https:\/\/www.visit-ulcinj.com\/blog\/\",\"name\":\"Lajme nga Ulqini\",\"description\":\"Lajme,Vijesti,Ulqini,Ulqin,Crna Gora,Mali i Zi\",\"potentialAction\":[{\"@type\":\"SearchAction\",\"target\":{\"@type\":\"EntryPoint\",\"urlTemplate\":\"https:\/\/www.visit-ulcinj.com\/blog\/?s={search_term_string}\"},\"query-input\":\"required name=search_term_string\"}],\"inLanguage\":\"en-US\"},{\"@type\":\"ImageObject\",\"inLanguage\":\"en-US\",\"@id\":\"https:\/\/www.visit-ulcinj.com\/blog\/2010\/01\/09\/komuna-e-ulqinit-nen-uje\/#primaryimage\",\"url\":\"https:\/\/www.visit-ulcinj.com\/blog\/wp-content\/uploads\/2010\/01\/poplave-u-adu-bojanu.2.jpg\",\"contentUrl\":\"https:\/\/www.visit-ulcinj.com\/blog\/wp-content\/uploads\/2010\/01\/poplave-u-adu-bojanu.2.jpg\",\"width\":\"580\",\"height\":\"446\"},{\"@type\":\"WebPage\",\"@id\":\"https:\/\/www.visit-ulcinj.com\/blog\/2010\/01\/09\/komuna-e-ulqinit-nen-uje\/#webpage\",\"url\":\"https:\/\/www.visit-ulcinj.com\/blog\/2010\/01\/09\/komuna-e-ulqinit-nen-uje\/\",\"name\":\"Komuna e Ulqinit n\u00ebn uj\u00eb - Lajme Live - Lajme nga Ulqini\",\"isPartOf\":{\"@id\":\"https:\/\/www.visit-ulcinj.com\/blog\/#website\"},\"primaryImageOfPage\":{\"@id\":\"https:\/\/www.visit-ulcinj.com\/blog\/2010\/01\/09\/komuna-e-ulqinit-nen-uje\/#primaryimage\"},\"datePublished\":\"2010-01-09T06:33:03+00:00\",\"dateModified\":\"2010-01-14T09:30:26+00:00\",\"author\":{\"@id\":\"https:\/\/www.visit-ulcinj.com\/blog\/#\/schema\/person\/dcab619c614d3038751c63bc2aadc06d\"},\"description\":\"Ulqini hyn n\u00eb dit\u00ebn e 9 t\u00eb p\u00ebrmbytjeve. Reshjet e shiut t\u00eb cilat vazhdojne te biejne kane rritur nvielin e Bunes dhe uji ka vershuar ne hyrje te\",\"breadcrumb\":{\"@id\":\"https:\/\/www.visit-ulcinj.com\/blog\/2010\/01\/09\/komuna-e-ulqinit-nen-uje\/#breadcrumb\"},\"inLanguage\":\"en-US\",\"potentialAction\":[{\"@type\":\"ReadAction\",\"target\":[\"https:\/\/www.visit-ulcinj.com\/blog\/2010\/01\/09\/komuna-e-ulqinit-nen-uje\/\"]}]},{\"@type\":\"BreadcrumbList\",\"@id\":\"https:\/\/www.visit-ulcinj.com\/blog\/2010\/01\/09\/komuna-e-ulqinit-nen-uje\/#breadcrumb\",\"itemListElement\":[{\"@type\":\"ListItem\",\"position\":1,\"name\":\"Komuna e Ulqinit n\u00ebn uj\u00eb &#8211; Lajme Live\"}]},{\"@type\":\"Person\",\"@id\":\"https:\/\/www.visit-ulcinj.com\/blog\/#\/schema\/person\/dcab619c614d3038751c63bc2aadc06d\",\"name\":\"ulqini\",\"sameAs\":[\"http:\/\/www.visit-ulcinj.com\"],\"url\":\"https:\/\/www.visit-ulcinj.com\/blog\/author\/admin\/\"}]}<\/script>\n<!-- \/ Yoast SEO plugin. -->","yoast_head_json":{"title":"Komuna e Ulqinit n\u00ebn uj\u00eb - Lajme Live - Lajme nga Ulqini","description":"Ulqini hyn n\u00eb dit\u00ebn e 9 t\u00eb p\u00ebrmbytjeve. Reshjet e shiut t\u00eb cilat vazhdojne te biejne kane rritur nvielin e Bunes dhe uji ka vershuar ne hyrje te","robots":{"index":"index","follow":"follow","max-snippet":"max-snippet:-1","max-image-preview":"max-image-preview:large","max-video-preview":"max-video-preview:-1"},"canonical":"https:\/\/www.visit-ulcinj.com\/blog\/2010\/01\/09\/komuna-e-ulqinit-nen-uje\/","og_locale":"en_US","og_type":"article","og_title":"Komuna e Ulqinit n\u00ebn uj\u00eb - Lajme Live - Lajme nga Ulqini","og_description":"Ulqini hyn n\u00eb dit\u00ebn e 9 t\u00eb p\u00ebrmbytjeve. Reshjet e shiut t\u00eb cilat vazhdojne te biejne kane rritur nvielin e Bunes dhe uji ka vershuar ne hyrje te","og_url":"https:\/\/www.visit-ulcinj.com\/blog\/2010\/01\/09\/komuna-e-ulqinit-nen-uje\/","og_site_name":"Lajme nga Ulqini","article_published_time":"2010-01-09T06:33:03+00:00","article_modified_time":"2010-01-14T09:30:26+00:00","og_image":[{"url":"http:\/\/www.visit-ulcinj.com\/blog\/wp-content\/uploads\/2010\/01\/poplave-u-adu-bojanu.2.jpg"}],"twitter_misc":{"Written by":"ulqini","Est. reading time":"3 minutes"},"schema":{"@context":"https:\/\/schema.org","@graph":[{"@type":"WebSite","@id":"https:\/\/www.visit-ulcinj.com\/blog\/#website","url":"https:\/\/www.visit-ulcinj.com\/blog\/","name":"Lajme nga Ulqini","description":"Lajme,Vijesti,Ulqini,Ulqin,Crna Gora,Mali i Zi","potentialAction":[{"@type":"SearchAction","target":{"@type":"EntryPoint","urlTemplate":"https:\/\/www.visit-ulcinj.com\/blog\/?s={search_term_string}"},"query-input":"required name=search_term_string"}],"inLanguage":"en-US"},{"@type":"ImageObject","inLanguage":"en-US","@id":"https:\/\/www.visit-ulcinj.com\/blog\/2010\/01\/09\/komuna-e-ulqinit-nen-uje\/#primaryimage","url":"https:\/\/www.visit-ulcinj.com\/blog\/wp-content\/uploads\/2010\/01\/poplave-u-adu-bojanu.2.jpg","contentUrl":"https:\/\/www.visit-ulcinj.com\/blog\/wp-content\/uploads\/2010\/01\/poplave-u-adu-bojanu.2.jpg","width":"580","height":"446"},{"@type":"WebPage","@id":"https:\/\/www.visit-ulcinj.com\/blog\/2010\/01\/09\/komuna-e-ulqinit-nen-uje\/#webpage","url":"https:\/\/www.visit-ulcinj.com\/blog\/2010\/01\/09\/komuna-e-ulqinit-nen-uje\/","name":"Komuna e Ulqinit n\u00ebn uj\u00eb - Lajme Live - Lajme nga Ulqini","isPartOf":{"@id":"https:\/\/www.visit-ulcinj.com\/blog\/#website"},"primaryImageOfPage":{"@id":"https:\/\/www.visit-ulcinj.com\/blog\/2010\/01\/09\/komuna-e-ulqinit-nen-uje\/#primaryimage"},"datePublished":"2010-01-09T06:33:03+00:00","dateModified":"2010-01-14T09:30:26+00:00","author":{"@id":"https:\/\/www.visit-ulcinj.com\/blog\/#\/schema\/person\/dcab619c614d3038751c63bc2aadc06d"},"description":"Ulqini hyn n\u00eb dit\u00ebn e 9 t\u00eb p\u00ebrmbytjeve. Reshjet e shiut t\u00eb cilat vazhdojne te biejne kane rritur nvielin e Bunes dhe uji ka vershuar ne hyrje te","breadcrumb":{"@id":"https:\/\/www.visit-ulcinj.com\/blog\/2010\/01\/09\/komuna-e-ulqinit-nen-uje\/#breadcrumb"},"inLanguage":"en-US","potentialAction":[{"@type":"ReadAction","target":["https:\/\/www.visit-ulcinj.com\/blog\/2010\/01\/09\/komuna-e-ulqinit-nen-uje\/"]}]},{"@type":"BreadcrumbList","@id":"https:\/\/www.visit-ulcinj.com\/blog\/2010\/01\/09\/komuna-e-ulqinit-nen-uje\/#breadcrumb","itemListElement":[{"@type":"ListItem","position":1,"name":"Komuna e Ulqinit n\u00ebn uj\u00eb &#8211; Lajme Live"}]},{"@type":"Person","@id":"https:\/\/www.visit-ulcinj.com\/blog\/#\/schema\/person\/dcab619c614d3038751c63bc2aadc06d","name":"ulqini","sameAs":["http:\/\/www.visit-ulcinj.com"],"url":"https:\/\/www.visit-ulcinj.com\/blog\/author\/admin\/"}]}},"jetpack_featured_media_url":"","jetpack_sharing_enabled":true,"jetpack_shortlink":"https:\/\/wp.me\/pe6lTn-7BS","_links":{"self":[{"href":"https:\/\/www.visit-ulcinj.com\/blog\/wp-json\/wp\/v2\/posts\/29256"}],"collection":[{"href":"https:\/\/www.visit-ulcinj.com\/blog\/wp-json\/wp\/v2\/posts"}],"about":[{"href":"https:\/\/www.visit-ulcinj.com\/blog\/wp-json\/wp\/v2\/types\/post"}],"author":[{"embeddable":true,"href":"https:\/\/www.visit-ulcinj.com\/blog\/wp-json\/wp\/v2\/users\/1"}],"replies":[{"embeddable":true,"href":"https:\/\/www.visit-ulcinj.com\/blog\/wp-json\/wp\/v2\/comments?post=29256"}],"version-history":[{"count":0,"href":"https:\/\/www.visit-ulcinj.com\/blog\/wp-json\/wp\/v2\/posts\/29256\/revisions"}],"wp:attachment":[{"href":"https:\/\/www.visit-ulcinj.com\/blog\/wp-json\/wp\/v2\/media?parent=29256"}],"wp:term":[{"taxonomy":"category","embeddable":true,"href":"https:\/\/www.visit-ulcinj.com\/blog\/wp-json\/wp\/v2\/categories?post=29256"},{"taxonomy":"post_tag","embeddable":true,"href":"https:\/\/www.visit-ulcinj.com\/blog\/wp-json\/wp\/v2\/tags?post=29256"}],"curies":[{"name":"wp","href":"https:\/\/api.w.org\/{rel}","templated":true}]}}