{"id":29264,"date":"2010-01-09T11:07:03","date_gmt":"2010-01-09T09:07:03","guid":{"rendered":"http:\/\/www.visit-ulcinj.com\/blog\/?p=29264"},"modified":"2010-01-09T11:08:47","modified_gmt":"2010-01-09T09:08:47","slug":"anjeza-shahini-ne-pritje-te-dashurise","status":"publish","type":"post","link":"https:\/\/www.visit-ulcinj.com\/blog\/2010\/01\/09\/anjeza-shahini-ne-pritje-te-dashurise\/","title":{"rendered":"Anjeza Shahini: N\u00eb pritje t\u00eb dashuris\u00eb"},"content":{"rendered":"<p><strong><a href=\"http:\/\/www.visit-ulcinj.com\/blog\/wp-content\/uploads\/2010\/01\/Anjeza-Shahini.3.jpg\"><img loading=\"lazy\" class=\"alignleft size-full wp-image-29270\" title=\"Anjeza Shahini.3\" src=\"http:\/\/www.visit-ulcinj.com\/blog\/wp-content\/uploads\/2010\/01\/Anjeza-Shahini.3.jpg\" alt=\"Anjeza Shahini.3\" width=\"580\" height=\"347\" \/><\/a>Intervist\u00eb m\u00eb k\u00ebng\u00ebtaren Anjeza Shahinin<\/strong><\/p>\n<p>Vet\u00ebm 22 vje\u00e7. E pa dashuruar, por dashurin\u00eb e pret t\u2019i vij\u00eb. Dhe \u00ebsht\u00eb koha e p\u00ebrshtatshme, pasi edhe vet\u00eb thot\u00eb, deri m\u00eb tash \u00ebsht\u00eb ndjer\u00eb e vog\u00ebl. Pik\u00ebrisht tani, rinia sapo ka filluar p\u00ebr t\u00eb. Ndaj: mir\u00eb se t\u00eb vish DASHURI. Por\u2026 prit pak\u2026 sa t\u00eb mbaroj\u00eb festivali. H\u00eb p\u00ebr h\u00eb e gjith\u00eb v\u00ebmendja e saj \u00ebsht\u00eb p\u00ebrqendruar aty.<\/p>\n<p><a href=\"http:\/\/www.visit-ulcinj.com\/blog\/wp-content\/uploads\/2010\/01\/Anjeza-Shahini.jpg\"><img loading=\"lazy\" class=\"alignleft size-thumbnail wp-image-29265\" title=\"Anjeza Shahini\" src=\"http:\/\/www.visit-ulcinj.com\/blog\/wp-content\/uploads\/2010\/01\/Anjeza-Shahini-150x150.jpg\" alt=\"Anjeza Shahini\" width=\"150\" height=\"150\" \/><\/a>\u201cPara pasqyr\u00ebs\u201d, \u00ebsht\u00eb titulli i k\u00ebng\u00ebs me t\u00eb cil\u00ebn konkurron n\u00eb festivalin e RTSH-s\u00eb. Por \u00ebsht\u00eb nj\u00eb k\u00ebng\u00eb n\u00eb t\u00eb cil\u00ebn gjen edhe veten mir\u00eb. Pak minuta para se t\u00eb dal\u00eb para publikut p\u00ebrballja e fundit \u00ebsht\u00eb ajo me pasqyr\u00ebn. Por aty mund t\u00eb shoh\u00eb vet\u00ebm pamjen. Se \u00e7\u2019fsheh n\u00eb vetvete, emocionet, ndjenjat, frikrat dhe dashurin\u00eb e v\u00ebrtet\u00eb i zbulon n\u00eb k\u00ebt\u00eb intervist\u00eb:<\/p>\n<p>Anjeza n\u00eb Festivalin e RTSH-s\u00eb me nj\u00eb k\u00ebng\u00eb q\u00eb titullohet \u201cN\u00eb pasqyr\u00eb\u201d. Para pasqyr\u00ebs \u00e7far\u00eb i thoni vetes, po pasqyra \u00e7far\u00eb ju thot\u00eb ju?<\/p>\n<p>Anjeza: Pasqyra \u00ebsht\u00eb ai objekt n\u00ebp\u00ebrmjet t\u00eb cilit t\u00eb gjith\u00eb ne kemi njohur veten, me t\u00eb cil\u00ebn kuptohemi ndoshta m\u00eb shum\u00eb se kur flasim me dik\u00eb. Mir\u00ebpo dhe pse ajo tregon pjes\u00ebn sip\u00ebrfaq\u00ebsore t\u00eb njeriut \u00ebsht\u00eb pik\u00ebrisht ajo q\u00eb na kund\u00ebrshton gjendjen e v\u00ebrtet\u00eb shpirt\u00ebrore q\u00eb mund t\u00eb jemi.<\/p>\n<p>\u00cbsht\u00eb bukuria e femr\u00ebs di\u00e7ka q\u00eb e v\u00ebn\u00eb re t\u00eb gjith\u00eb, po z\u00ebri e b\u00ebn m\u00eb t\u00eb bukur nj\u00eb fem\u00ebr?<\/p>\n<p>Anjeza: \u00cbsht\u00eb shpirti q\u00eb i b\u00ebn t\u00eb bukur t\u00eb dyja k\u00ebto m\u00eb sip\u00ebr.<\/p>\n<p>Kan\u00eb lidhje vargjet e k\u00ebsaj k\u00ebnge me ndonj\u00eb eksperienc\u00eb personale, si lindi ky krijim?<\/p>\n<p><a href=\"http:\/\/www.visit-ulcinj.com\/blog\/wp-content\/uploads\/2010\/01\/Anjeza-Shahini.2.jpg\"><img loading=\"lazy\" class=\"size-thumbnail wp-image-29267 alignleft\" title=\"Anjeza Shahini.2\" src=\"http:\/\/www.visit-ulcinj.com\/blog\/wp-content\/uploads\/2010\/01\/Anjeza-Shahini.2-150x150.jpg\" alt=\"Anjeza Shahini.2\" width=\"150\" height=\"150\" \/><\/a>Anjeza: K\u00ebto jan\u00eb vargje t\u00eb Jorgo Papingjit, t\u00eb cilat prekin domosdoshm\u00ebrisht eksperienc\u00ebn e \u00e7dokujt. Mua m\u00eb ndodh shpesh t\u00eb shoh n\u00eb pasqyr\u00eb, jo at\u00eb q\u00eb ndiej brenda meje.<\/p>\n<p>Si ju duket kjo konkurrenc\u00eb, e pret me shum\u00eb emocion nat\u00ebn e \u00e7mimeve sot?<\/p>\n<p>Anjeza: N\u00eb k\u00ebt\u00eb festival un\u00eb mendoj se ve\u00e7oria q\u00ebndron tek pjes\u00ebmarrjet e z\u00ebrave m\u00eb t\u00eb mir\u00eb shqiptar\u00eb. Un\u00eb jam n\u00eb gar\u00eb, e kam th\u00ebn\u00eb gjithmon\u00eb q\u00eb kam shpirtin e konkurrimit, megjithat\u00eb \u00e7mimi m\u00eb i madh \u00ebsht\u00eb kur t\u00eb nes\u00ebrmen kupton, q\u00eb k\u00ebnga ka shkuar tek ai publik q\u00eb e do dhe e vler\u00ebson muzik\u00ebn.<\/p>\n<p>Nj\u00eb gar\u00eb n\u00eb sken\u00eb si \u00ebsht\u00eb, ku ndryshon nga garat e tjera n\u00eb jet\u00eb?<\/p>\n<p>Anjeza: N\u00eb jet\u00eb ka sfida edhe t\u00eb egra me t\u00eb cilat detyrimisht duhet t\u00eb p\u00ebrballesh, nd\u00ebrsa n\u00eb sken\u00eb bukuria \u00ebsht\u00eb q\u00eb gara vjen me nota paqeje.<\/p>\n<p>N\u00eb muzik\u00eb ka krijime q\u00eb vlejn\u00eb dhe ka nga ato q\u00eb nuk vlejn\u00eb, \u00e7far\u00eb lloj k\u00ebng\u00eb nuk do mund t\u00eb vlente p\u00ebr ty?<\/p>\n<p><a href=\"http:\/\/www.visit-ulcinj.com\/blog\/wp-content\/uploads\/2010\/01\/Anjeza-Shahini.4.jpg\"><img loading=\"lazy\" class=\"alignleft size-thumbnail wp-image-29268\" title=\"Anjeza Shahini.4\" src=\"http:\/\/www.visit-ulcinj.com\/blog\/wp-content\/uploads\/2010\/01\/Anjeza-Shahini.4-150x150.jpg\" alt=\"Anjeza Shahini.4\" width=\"150\" height=\"150\" \/><\/a>Anjeza: P\u00ebr mua nuk do t\u00eb vlente ajo k\u00ebng\u00eb, q\u00eb nuk m\u00eb jep gjendje emocionale, sepse mbi t\u00eb gjitha k\u00ebnga \u00ebsht\u00eb marr\u00ebdh\u00ebnie emocionesh nd\u00ebrmjet k\u00ebng\u00ebtarit dhe d\u00ebgjuesit, dhe kur ato nuk vijn\u00eb tek nj\u00ebra-tjetra at\u00ebher\u00eb nuk ke b\u00ebr\u00eb misionin e duhur.<\/p>\n<p>Jeni vet\u00ebm 22 vje\u00e7, si do cil\u00ebsoje nj\u00eb vajz\u00eb t\u00eb k\u00ebsaj moshe, e ka l\u00ebn\u00eb rinin\u00eb pas apo e ka ende para?<\/p>\n<p>Anjeza: Rinia ime sapo ka filluar, deri tani kam qen\u00eb e vog\u00ebl. (qesh)<\/p>\n<p>Si jan\u00eb marr\u00ebdh\u00ebniet me mamin dhe motrat, din\u00eb gjith\u00e7ka p\u00ebr ty, t\u00eb rr\u00ebfejn\u00eb \u00e7do t\u00eb fsheht\u00eb\u2026 Dhe m\u00eb mir\u00eb nj\u00eb bised\u00eb me motrat apo mikeshat?<\/p>\n<p><a href=\"http:\/\/www.visit-ulcinj.com\/blog\/wp-content\/uploads\/2010\/01\/Anjeza-Shahini.1.jpg\"><img loading=\"lazy\" class=\"alignleft size-thumbnail wp-image-29266\" title=\"Anjeza Shahini.1\" src=\"http:\/\/www.visit-ulcinj.com\/blog\/wp-content\/uploads\/2010\/01\/Anjeza-Shahini.1-150x150.jpg\" alt=\"Anjeza Shahini.1\" width=\"150\" height=\"150\" \/><\/a>Anjeza: P\u00ebrve\u00e7 marr\u00ebdh\u00ebnies prind-f\u00ebmij\u00eb me mamin konsumoj biseda shum\u00eb shoq\u00ebrore. Me motrat gjithashtu, por sigurisht q\u00eb tek nj\u00eb shoqe mund t\u00eb shprehesh nj\u00eb gjendje sido q\u00eb t\u00eb vij\u00eb ajo, duke shmangur frik\u00ebn q\u00eb nj\u00eb familjar, e p\u00ebrjeton m\u00eb direkt nj\u00eb situat\u00eb.<\/p>\n<p>Nj\u00eb nga k\u00ebng\u00ebt fituese n\u00eb \u201cK\u00ebnga Magjike\u201d titullohej \u201cNx\u00ebn\u00ebsja m\u00eb e mir\u00eb\u201d. Ku ndihesh v\u00ebrtet nx\u00ebn\u00ebsja m\u00eb e mir\u00eb?<\/p>\n<p>Anjeza: P\u00ebr shembull p\u00ebr shoq\u00ebrin\u00eb time jam nj\u00eb shoqe shum\u00eb e mir\u00eb (qesh).<\/p>\n<p>Dashuri n\u00eb k\u00ebng\u00ebt e tua, shum\u00eb ndjenj\u00eb. K\u00ebshtu je ti n\u00eb t\u00eb v\u00ebrtet\u00eb?<\/p>\n<p>Anjeza: Po, un\u00eb jam shum\u00eb e ndjeshme.<\/p>\n<p>Shum\u00eb njer\u00ebz presin dashurin\u00eb e v\u00ebrtet\u00eb t\u2019u vij\u00eb, ju e keni apo e prisni gjithashtu?<\/p>\n<p><a href=\"http:\/\/www.visit-ulcinj.com\/blog\/wp-content\/uploads\/2010\/01\/Anjeza-Shahini.5.jpg\"><img loading=\"lazy\" class=\"alignleft size-thumbnail wp-image-29271\" title=\"Anjeza Shahini.5\" src=\"http:\/\/www.visit-ulcinj.com\/blog\/wp-content\/uploads\/2010\/01\/Anjeza-Shahini.5-150x150.jpg\" alt=\"Anjeza Shahini.5\" width=\"150\" height=\"150\" \/><\/a>Anjeza: Dashurin\u00eb e v\u00ebrtet\u00eb? E pres\u2026<\/p>\n<p>Si do ta imagjinonit veten pas disa vitesh, a jeni tipi i vajz\u00ebs q\u00eb mund t\u00eb jeni nj\u00eb n\u00ebn\u00eb e mir\u00eb?<\/p>\n<p>Anjeza: T\u00eb jem sa gjysma e n\u00ebn\u00ebs time dua.<\/p>\n<p>Cila \u00ebsht\u00eb frika m\u00eb e madhe q\u00eb keni n\u00eb jet\u00eb?<\/p>\n<p>Anjeza: T\u00eb papriturat.<\/p>\n<p>Viti 2009 n\u00eb mendjen tuaj si kaloi, po vitin 2010 si e pret?<\/p>\n<p>Anjeza: 2009-ta ka qen\u00eb me surpriza t\u00eb mira dhe t\u00eb k\u00ebqija. P\u00ebr 2010-\u00ebn uroj t\u00eb ket\u00eb vet\u00ebm surpriza t\u00eb mira p\u00ebr mua, dhe p\u00ebr t\u00eb gjith\u00eb shqiptar\u00ebt.<\/p>\n<p><strong>Bota Sot<\/strong><br \/>\n<br \/>\n<!--YouTube Error: bad URL entered--><\/p>\n","protected":false},"excerpt":{"rendered":"<p>Intervist\u00eb m\u00eb k\u00ebng\u00ebtaren Anjeza Shahinin Vet\u00ebm 22 vje\u00e7. E pa dashuruar, por dashurin\u00eb e pret t\u2019i vij\u00eb. Dhe \u00ebsht\u00eb koha e p\u00ebrshtatshme, pasi edhe vet\u00eb thot\u00eb, deri m\u00eb tash \u00ebsht\u00eb ndjer\u00eb e vog\u00ebl. Pik\u00ebrisht tani, rinia sapo ka filluar p\u00ebr t\u00eb. Ndaj: mir\u00eb se t\u00eb vish DASHURI. Por\u2026 prit pak\u2026 sa t\u00eb mbaroj\u00eb festivali. H\u00eb [&hellip;]<\/p>\n","protected":false},"author":1,"featured_media":0,"comment_status":"open","ping_status":"closed","sticky":false,"template":"","format":"standard","meta":{"spay_email":"","jetpack_publicize_message":"","jetpack_is_tweetstorm":false,"jetpack_publicize_feature_enabled":true},"categories":[1],"tags":[5014],"jetpack_publicize_connections":[],"yoast_head":"<!-- This site is optimized with the Yoast SEO plugin v19.1 - https:\/\/yoast.com\/wordpress\/plugins\/seo\/ -->\n<title>Anjeza Shahini: N\u00eb pritje t\u00eb dashuris\u00eb - Lajme nga Ulqini<\/title>\n<meta name=\"description\" content=\"Intervist\u00eb m\u00eb k\u00ebng\u00ebtaren Anjeza Shahinin Vet\u00ebm 22 vje\u00e7. E pa dashuruar, por dashurin\u00eb e pret t\u2019i vij\u00eb. Dhe \u00ebsht\u00eb koha e p\u00ebrshtatshme, pasi edhe vet\u00eb\" \/>\n<meta name=\"robots\" content=\"index, follow, max-snippet:-1, max-image-preview:large, max-video-preview:-1\" \/>\n<link rel=\"canonical\" href=\"https:\/\/www.visit-ulcinj.com\/blog\/2010\/01\/09\/anjeza-shahini-ne-pritje-te-dashurise\/\" \/>\n<meta property=\"og:locale\" content=\"en_US\" \/>\n<meta property=\"og:type\" content=\"article\" \/>\n<meta property=\"og:title\" content=\"Anjeza Shahini: N\u00eb pritje t\u00eb dashuris\u00eb - Lajme nga Ulqini\" \/>\n<meta property=\"og:description\" content=\"Intervist\u00eb m\u00eb k\u00ebng\u00ebtaren Anjeza Shahinin Vet\u00ebm 22 vje\u00e7. E pa dashuruar, por dashurin\u00eb e pret t\u2019i vij\u00eb. Dhe \u00ebsht\u00eb koha e p\u00ebrshtatshme, pasi edhe vet\u00eb\" \/>\n<meta property=\"og:url\" content=\"https:\/\/www.visit-ulcinj.com\/blog\/2010\/01\/09\/anjeza-shahini-ne-pritje-te-dashurise\/\" \/>\n<meta property=\"og:site_name\" content=\"Lajme nga Ulqini\" \/>\n<meta property=\"article:published_time\" content=\"2010-01-09T09:07:03+00:00\" \/>\n<meta property=\"article:modified_time\" content=\"2010-01-09T09:08:47+00:00\" \/>\n<meta property=\"og:image\" content=\"https:\/\/www.visit-ulcinj.com\/blog\/wp-content\/uploads\/2010\/01\/Anjeza-Shahini-150x150.jpg\" \/>\n<meta name=\"twitter:label1\" content=\"Written by\" \/>\n\t<meta name=\"twitter:data1\" content=\"ulqini\" \/>\n\t<meta name=\"twitter:label2\" content=\"Est. reading time\" \/>\n\t<meta name=\"twitter:data2\" content=\"4 minutes\" \/>\n<script type=\"application\/ld+json\" class=\"yoast-schema-graph\">{\"@context\":\"https:\/\/schema.org\",\"@graph\":[{\"@type\":\"WebSite\",\"@id\":\"https:\/\/www.visit-ulcinj.com\/blog\/#website\",\"url\":\"https:\/\/www.visit-ulcinj.com\/blog\/\",\"name\":\"Lajme nga Ulqini\",\"description\":\"Lajme,Vijesti,Ulqini,Ulqin,Crna Gora,Mali i Zi\",\"potentialAction\":[{\"@type\":\"SearchAction\",\"target\":{\"@type\":\"EntryPoint\",\"urlTemplate\":\"https:\/\/www.visit-ulcinj.com\/blog\/?s={search_term_string}\"},\"query-input\":\"required name=search_term_string\"}],\"inLanguage\":\"en-US\"},{\"@type\":\"ImageObject\",\"inLanguage\":\"en-US\",\"@id\":\"https:\/\/www.visit-ulcinj.com\/blog\/2010\/01\/09\/anjeza-shahini-ne-pritje-te-dashurise\/#primaryimage\",\"url\":\"http:\/\/www.visit-ulcinj.com\/blog\/wp-content\/uploads\/2010\/01\/Anjeza-Shahini.3.jpg\",\"contentUrl\":\"http:\/\/www.visit-ulcinj.com\/blog\/wp-content\/uploads\/2010\/01\/Anjeza-Shahini.3.jpg\"},{\"@type\":\"WebPage\",\"@id\":\"https:\/\/www.visit-ulcinj.com\/blog\/2010\/01\/09\/anjeza-shahini-ne-pritje-te-dashurise\/#webpage\",\"url\":\"https:\/\/www.visit-ulcinj.com\/blog\/2010\/01\/09\/anjeza-shahini-ne-pritje-te-dashurise\/\",\"name\":\"Anjeza Shahini: N\u00eb pritje t\u00eb dashuris\u00eb - Lajme nga Ulqini\",\"isPartOf\":{\"@id\":\"https:\/\/www.visit-ulcinj.com\/blog\/#website\"},\"primaryImageOfPage\":{\"@id\":\"https:\/\/www.visit-ulcinj.com\/blog\/2010\/01\/09\/anjeza-shahini-ne-pritje-te-dashurise\/#primaryimage\"},\"datePublished\":\"2010-01-09T09:07:03+00:00\",\"dateModified\":\"2010-01-09T09:08:47+00:00\",\"author\":{\"@id\":\"https:\/\/www.visit-ulcinj.com\/blog\/#\/schema\/person\/dcab619c614d3038751c63bc2aadc06d\"},\"description\":\"Intervist\u00eb m\u00eb k\u00ebng\u00ebtaren Anjeza Shahinin Vet\u00ebm 22 vje\u00e7. E pa dashuruar, por dashurin\u00eb e pret t\u2019i vij\u00eb. Dhe \u00ebsht\u00eb koha e p\u00ebrshtatshme, pasi edhe vet\u00eb\",\"breadcrumb\":{\"@id\":\"https:\/\/www.visit-ulcinj.com\/blog\/2010\/01\/09\/anjeza-shahini-ne-pritje-te-dashurise\/#breadcrumb\"},\"inLanguage\":\"en-US\",\"potentialAction\":[{\"@type\":\"ReadAction\",\"target\":[\"https:\/\/www.visit-ulcinj.com\/blog\/2010\/01\/09\/anjeza-shahini-ne-pritje-te-dashurise\/\"]}]},{\"@type\":\"BreadcrumbList\",\"@id\":\"https:\/\/www.visit-ulcinj.com\/blog\/2010\/01\/09\/anjeza-shahini-ne-pritje-te-dashurise\/#breadcrumb\",\"itemListElement\":[{\"@type\":\"ListItem\",\"position\":1,\"name\":\"Anjeza Shahini: N\u00eb pritje t\u00eb dashuris\u00eb\"}]},{\"@type\":\"Person\",\"@id\":\"https:\/\/www.visit-ulcinj.com\/blog\/#\/schema\/person\/dcab619c614d3038751c63bc2aadc06d\",\"name\":\"ulqini\",\"sameAs\":[\"http:\/\/www.visit-ulcinj.com\"],\"url\":\"https:\/\/www.visit-ulcinj.com\/blog\/author\/admin\/\"}]}<\/script>\n<!-- \/ Yoast SEO plugin. -->","yoast_head_json":{"title":"Anjeza Shahini: N\u00eb pritje t\u00eb dashuris\u00eb - Lajme nga Ulqini","description":"Intervist\u00eb m\u00eb k\u00ebng\u00ebtaren Anjeza Shahinin Vet\u00ebm 22 vje\u00e7. E pa dashuruar, por dashurin\u00eb e pret t\u2019i vij\u00eb. Dhe \u00ebsht\u00eb koha e p\u00ebrshtatshme, pasi edhe vet\u00eb","robots":{"index":"index","follow":"follow","max-snippet":"max-snippet:-1","max-image-preview":"max-image-preview:large","max-video-preview":"max-video-preview:-1"},"canonical":"https:\/\/www.visit-ulcinj.com\/blog\/2010\/01\/09\/anjeza-shahini-ne-pritje-te-dashurise\/","og_locale":"en_US","og_type":"article","og_title":"Anjeza Shahini: N\u00eb pritje t\u00eb dashuris\u00eb - Lajme nga Ulqini","og_description":"Intervist\u00eb m\u00eb k\u00ebng\u00ebtaren Anjeza Shahinin Vet\u00ebm 22 vje\u00e7. E pa dashuruar, por dashurin\u00eb e pret t\u2019i vij\u00eb. Dhe \u00ebsht\u00eb koha e p\u00ebrshtatshme, pasi edhe vet\u00eb","og_url":"https:\/\/www.visit-ulcinj.com\/blog\/2010\/01\/09\/anjeza-shahini-ne-pritje-te-dashurise\/","og_site_name":"Lajme nga Ulqini","article_published_time":"2010-01-09T09:07:03+00:00","article_modified_time":"2010-01-09T09:08:47+00:00","og_image":[{"url":"https:\/\/www.visit-ulcinj.com\/blog\/wp-content\/uploads\/2010\/01\/Anjeza-Shahini-150x150.jpg"}],"twitter_misc":{"Written by":"ulqini","Est. reading time":"4 minutes"},"schema":{"@context":"https:\/\/schema.org","@graph":[{"@type":"WebSite","@id":"https:\/\/www.visit-ulcinj.com\/blog\/#website","url":"https:\/\/www.visit-ulcinj.com\/blog\/","name":"Lajme nga Ulqini","description":"Lajme,Vijesti,Ulqini,Ulqin,Crna Gora,Mali i Zi","potentialAction":[{"@type":"SearchAction","target":{"@type":"EntryPoint","urlTemplate":"https:\/\/www.visit-ulcinj.com\/blog\/?s={search_term_string}"},"query-input":"required name=search_term_string"}],"inLanguage":"en-US"},{"@type":"ImageObject","inLanguage":"en-US","@id":"https:\/\/www.visit-ulcinj.com\/blog\/2010\/01\/09\/anjeza-shahini-ne-pritje-te-dashurise\/#primaryimage","url":"http:\/\/www.visit-ulcinj.com\/blog\/wp-content\/uploads\/2010\/01\/Anjeza-Shahini.3.jpg","contentUrl":"http:\/\/www.visit-ulcinj.com\/blog\/wp-content\/uploads\/2010\/01\/Anjeza-Shahini.3.jpg"},{"@type":"WebPage","@id":"https:\/\/www.visit-ulcinj.com\/blog\/2010\/01\/09\/anjeza-shahini-ne-pritje-te-dashurise\/#webpage","url":"https:\/\/www.visit-ulcinj.com\/blog\/2010\/01\/09\/anjeza-shahini-ne-pritje-te-dashurise\/","name":"Anjeza Shahini: N\u00eb pritje t\u00eb dashuris\u00eb - Lajme nga Ulqini","isPartOf":{"@id":"https:\/\/www.visit-ulcinj.com\/blog\/#website"},"primaryImageOfPage":{"@id":"https:\/\/www.visit-ulcinj.com\/blog\/2010\/01\/09\/anjeza-shahini-ne-pritje-te-dashurise\/#primaryimage"},"datePublished":"2010-01-09T09:07:03+00:00","dateModified":"2010-01-09T09:08:47+00:00","author":{"@id":"https:\/\/www.visit-ulcinj.com\/blog\/#\/schema\/person\/dcab619c614d3038751c63bc2aadc06d"},"description":"Intervist\u00eb m\u00eb k\u00ebng\u00ebtaren Anjeza Shahinin Vet\u00ebm 22 vje\u00e7. E pa dashuruar, por dashurin\u00eb e pret t\u2019i vij\u00eb. Dhe \u00ebsht\u00eb koha e p\u00ebrshtatshme, pasi edhe vet\u00eb","breadcrumb":{"@id":"https:\/\/www.visit-ulcinj.com\/blog\/2010\/01\/09\/anjeza-shahini-ne-pritje-te-dashurise\/#breadcrumb"},"inLanguage":"en-US","potentialAction":[{"@type":"ReadAction","target":["https:\/\/www.visit-ulcinj.com\/blog\/2010\/01\/09\/anjeza-shahini-ne-pritje-te-dashurise\/"]}]},{"@type":"BreadcrumbList","@id":"https:\/\/www.visit-ulcinj.com\/blog\/2010\/01\/09\/anjeza-shahini-ne-pritje-te-dashurise\/#breadcrumb","itemListElement":[{"@type":"ListItem","position":1,"name":"Anjeza Shahini: N\u00eb pritje t\u00eb dashuris\u00eb"}]},{"@type":"Person","@id":"https:\/\/www.visit-ulcinj.com\/blog\/#\/schema\/person\/dcab619c614d3038751c63bc2aadc06d","name":"ulqini","sameAs":["http:\/\/www.visit-ulcinj.com"],"url":"https:\/\/www.visit-ulcinj.com\/blog\/author\/admin\/"}]}},"jetpack_featured_media_url":"","jetpack_sharing_enabled":true,"jetpack_shortlink":"https:\/\/wp.me\/pe6lTn-7C0","_links":{"self":[{"href":"https:\/\/www.visit-ulcinj.com\/blog\/wp-json\/wp\/v2\/posts\/29264"}],"collection":[{"href":"https:\/\/www.visit-ulcinj.com\/blog\/wp-json\/wp\/v2\/posts"}],"about":[{"href":"https:\/\/www.visit-ulcinj.com\/blog\/wp-json\/wp\/v2\/types\/post"}],"author":[{"embeddable":true,"href":"https:\/\/www.visit-ulcinj.com\/blog\/wp-json\/wp\/v2\/users\/1"}],"replies":[{"embeddable":true,"href":"https:\/\/www.visit-ulcinj.com\/blog\/wp-json\/wp\/v2\/comments?post=29264"}],"version-history":[{"count":0,"href":"https:\/\/www.visit-ulcinj.com\/blog\/wp-json\/wp\/v2\/posts\/29264\/revisions"}],"wp:attachment":[{"href":"https:\/\/www.visit-ulcinj.com\/blog\/wp-json\/wp\/v2\/media?parent=29264"}],"wp:term":[{"taxonomy":"category","embeddable":true,"href":"https:\/\/www.visit-ulcinj.com\/blog\/wp-json\/wp\/v2\/categories?post=29264"},{"taxonomy":"post_tag","embeddable":true,"href":"https:\/\/www.visit-ulcinj.com\/blog\/wp-json\/wp\/v2\/tags?post=29264"}],"curies":[{"name":"wp","href":"https:\/\/api.w.org\/{rel}","templated":true}]}}