{"id":29275,"date":"2010-01-09T11:47:54","date_gmt":"2010-01-09T09:47:54","guid":{"rendered":"http:\/\/www.visit-ulcinj.com\/blog\/?p=29275"},"modified":"2010-01-09T11:47:54","modified_gmt":"2010-01-09T09:47:54","slug":"vesa-luma-turne-neper-evrope","status":"publish","type":"post","link":"https:\/\/www.visit-ulcinj.com\/blog\/2010\/01\/09\/vesa-luma-turne-neper-evrope\/","title":{"rendered":"Vesa Luma turne n\u00ebp\u00ebr Evrop\u00eb"},"content":{"rendered":"<p><a href=\"http:\/\/www.visit-ulcinj.com\/blog\/wp-content\/uploads\/2010\/01\/Vesa-Luma-.jpg\"><img loading=\"lazy\" class=\"alignleft size-full wp-image-29276\" title=\"Vesa Luma\" src=\"http:\/\/www.visit-ulcinj.com\/blog\/wp-content\/uploads\/2010\/01\/Vesa-Luma-.jpg\" alt=\"Vesa Luma\" width=\"580\" height=\"349\" \/><\/a>Sharmante dhe mjaft\u00eb e but\u00eb p\u00ebr publikun, k\u00ebng\u00ebtarja Vesa Luma ka filluar ta zgjeroj\u00eb aktivitetin e saj muzikor. P\u00ebrve\u00e7 trojeve shqiptare ajo tashme \u00ebsht\u00eb e k\u00ebrkuar edhe jasht\u00eb vendit. Vesa e njohur si k\u00ebng\u00ebtarja me e talentuar n\u00eb trojet shqiptare sa po ka filluar nj\u00eb turne n\u00ebp\u00ebr Evrop\u00eb. K\u00ebng\u00ebtarja Luma \u00ebsht\u00eb nd\u00ebr k\u00ebng\u00ebtaret me t\u00eb p\u00eblqyera. Vokali dhe performancat e saj jan\u00eb shquar nga profesionistet dhe kritiket m\u00eb t\u00eb m\u00ebdhenj t\u00eb muzik\u00ebs n\u00eb Kosov\u00eb dhe Shqip\u00ebri. Vesa \u00ebsht\u00eb b\u00ebr\u00eb mjaft e famshme pas pjes\u00ebmarrjes n\u00eb spektaklin &#8220;Ethet e s\u00eb Premtes mbr\u00ebma&#8221;. Fal\u00eb talentit dhe z\u00ebrit t\u00eb saj shum\u00eb t\u00eb vler\u00ebsuar nga kompozitoret e njohur ajo ka arriti t\u00eb jet\u00eb finaliste e k\u00ebtij spektakli. Pas k\u00ebtij suksesi ajo ka vazhduar karrier\u00ebn e saj solistike, shum\u00eb t\u00eb suksesshme duke rr\u00ebmbyer shum\u00eb \u00e7mime n\u00eb festivalet m\u00eb t\u00eb njohura shqiptare dhe duke u dekoruar me shum\u00eb epitete. K\u00ebng\u00ebtarja Vesa Luma, pasionin dhe talentin e ka te trash\u00ebguar nga n\u00ebna e saj, nd\u00ebrsa p\u00ebr her\u00eb t\u00eb pare ka k\u00ebnduar n\u00eb mosh\u00ebn 5 vje\u00e7are ne &#8220;Akordet e Kosov\u00ebs bashke me grupin p\u00ebr f\u00ebmij\u00eb &#8220;Xixellonjat&#8221;. Vesa Luma p\u00ebrve\u00e7 koncerteve t\u00eb shumta t\u00eb saja solistike, ka qen\u00eb pjes\u00ebmarr\u00ebse n\u00eb \u00e7do koncert humanitare n\u00eb Kosov\u00eb.<br \/>\n<strong><br \/>\nBota Sot<br \/>\n<\/p>\n<p><\/strong><\/p>\n<p><strong><a href=\"http:\/\/www.visit-ulcinj.com\/blog\/wp-content\/uploads\/2010\/01\/Vesa-Luma.2.jpg\"><img loading=\"lazy\" class=\"alignleft size-thumbnail wp-image-29278\" title=\"Vesa Luma.2\" src=\"http:\/\/www.visit-ulcinj.com\/blog\/wp-content\/uploads\/2010\/01\/Vesa-Luma.2-150x150.jpg\" alt=\"Vesa Luma.2\" width=\"0\" height=\"0\" \/><\/a><a href=\"http:\/\/www.visit-ulcinj.com\/blog\/wp-content\/uploads\/2010\/01\/Vesa-Luma.1.jpg\"><img loading=\"lazy\" class=\"alignleft size-thumbnail wp-image-29277\" title=\"Vesa Luma.1\" src=\"http:\/\/www.visit-ulcinj.com\/blog\/wp-content\/uploads\/2010\/01\/Vesa-Luma.1-150x150.jpg\" alt=\"Vesa Luma.1\" width=\"0\" height=\"0\" \/><\/a><\/strong><!--YouTube Error: bad URL entered--><\/p>\n","protected":false},"excerpt":{"rendered":"<p>Sharmante dhe mjaft\u00eb e but\u00eb p\u00ebr publikun, k\u00ebng\u00ebtarja Vesa Luma ka filluar ta zgjeroj\u00eb aktivitetin e saj muzikor. P\u00ebrve\u00e7 trojeve shqiptare ajo tashme \u00ebsht\u00eb e k\u00ebrkuar edhe jasht\u00eb vendit. Vesa e njohur si k\u00ebng\u00ebtarja me e talentuar n\u00eb trojet shqiptare sa po ka filluar nj\u00eb turne n\u00ebp\u00ebr Evrop\u00eb. K\u00ebng\u00ebtarja Luma \u00ebsht\u00eb nd\u00ebr k\u00ebng\u00ebtaret me t\u00eb [&hellip;]<\/p>\n","protected":false},"author":1,"featured_media":0,"comment_status":"open","ping_status":"closed","sticky":false,"template":"","format":"standard","meta":{"spay_email":"","jetpack_publicize_message":"","jetpack_is_tweetstorm":false,"jetpack_publicize_feature_enabled":true},"categories":[1],"tags":[5017],"jetpack_publicize_connections":[],"yoast_head":"<!-- This site is optimized with the Yoast SEO plugin v19.1 - https:\/\/yoast.com\/wordpress\/plugins\/seo\/ -->\n<title>Vesa Luma turne n\u00ebp\u00ebr Evrop\u00eb - Lajme nga Ulqini<\/title>\n<meta name=\"description\" content=\"Sharmante dhe mjaft\u00eb e but\u00eb p\u00ebr publikun, k\u00ebng\u00ebtarja Vesa Luma ka filluar ta zgjeroj\u00eb aktivitetin e saj muzikor. P\u00ebrve\u00e7 trojeve shqiptare ajo tashme \u00ebsht\u00eb\" \/>\n<meta name=\"robots\" content=\"index, follow, max-snippet:-1, max-image-preview:large, max-video-preview:-1\" \/>\n<link rel=\"canonical\" href=\"https:\/\/www.visit-ulcinj.com\/blog\/2010\/01\/09\/vesa-luma-turne-neper-evrope\/\" \/>\n<meta property=\"og:locale\" content=\"en_US\" \/>\n<meta property=\"og:type\" content=\"article\" \/>\n<meta property=\"og:title\" content=\"Vesa Luma turne n\u00ebp\u00ebr Evrop\u00eb - Lajme nga Ulqini\" \/>\n<meta property=\"og:description\" content=\"Sharmante dhe mjaft\u00eb e but\u00eb p\u00ebr publikun, k\u00ebng\u00ebtarja Vesa Luma ka filluar ta zgjeroj\u00eb aktivitetin e saj muzikor. P\u00ebrve\u00e7 trojeve shqiptare ajo tashme \u00ebsht\u00eb\" \/>\n<meta property=\"og:url\" content=\"https:\/\/www.visit-ulcinj.com\/blog\/2010\/01\/09\/vesa-luma-turne-neper-evrope\/\" \/>\n<meta property=\"og:site_name\" content=\"Lajme nga Ulqini\" \/>\n<meta property=\"article:published_time\" content=\"2010-01-09T09:47:54+00:00\" \/>\n<meta property=\"og:image\" content=\"https:\/\/www.visit-ulcinj.com\/blog\/wp-content\/uploads\/2010\/01\/Vesa-Luma--150x150.jpg\" \/>\n<meta name=\"twitter:label1\" content=\"Written by\" \/>\n\t<meta name=\"twitter:data1\" content=\"ulqini\" \/>\n\t<meta name=\"twitter:label2\" content=\"Est. reading time\" \/>\n\t<meta name=\"twitter:data2\" content=\"1 minute\" \/>\n<script type=\"application\/ld+json\" class=\"yoast-schema-graph\">{\"@context\":\"https:\/\/schema.org\",\"@graph\":[{\"@type\":\"WebSite\",\"@id\":\"https:\/\/www.visit-ulcinj.com\/blog\/#website\",\"url\":\"https:\/\/www.visit-ulcinj.com\/blog\/\",\"name\":\"Lajme nga Ulqini\",\"description\":\"Lajme,Vijesti,Ulqini,Ulqin,Crna Gora,Mali i Zi\",\"potentialAction\":[{\"@type\":\"SearchAction\",\"target\":{\"@type\":\"EntryPoint\",\"urlTemplate\":\"https:\/\/www.visit-ulcinj.com\/blog\/?s={search_term_string}\"},\"query-input\":\"required name=search_term_string\"}],\"inLanguage\":\"en-US\"},{\"@type\":\"ImageObject\",\"inLanguage\":\"en-US\",\"@id\":\"https:\/\/www.visit-ulcinj.com\/blog\/2010\/01\/09\/vesa-luma-turne-neper-evrope\/#primaryimage\",\"url\":\"http:\/\/www.visit-ulcinj.com\/blog\/wp-content\/uploads\/2010\/01\/Vesa-Luma-.jpg\",\"contentUrl\":\"http:\/\/www.visit-ulcinj.com\/blog\/wp-content\/uploads\/2010\/01\/Vesa-Luma-.jpg\"},{\"@type\":\"WebPage\",\"@id\":\"https:\/\/www.visit-ulcinj.com\/blog\/2010\/01\/09\/vesa-luma-turne-neper-evrope\/#webpage\",\"url\":\"https:\/\/www.visit-ulcinj.com\/blog\/2010\/01\/09\/vesa-luma-turne-neper-evrope\/\",\"name\":\"Vesa Luma turne n\u00ebp\u00ebr Evrop\u00eb - Lajme nga Ulqini\",\"isPartOf\":{\"@id\":\"https:\/\/www.visit-ulcinj.com\/blog\/#website\"},\"primaryImageOfPage\":{\"@id\":\"https:\/\/www.visit-ulcinj.com\/blog\/2010\/01\/09\/vesa-luma-turne-neper-evrope\/#primaryimage\"},\"datePublished\":\"2010-01-09T09:47:54+00:00\",\"dateModified\":\"2010-01-09T09:47:54+00:00\",\"author\":{\"@id\":\"https:\/\/www.visit-ulcinj.com\/blog\/#\/schema\/person\/dcab619c614d3038751c63bc2aadc06d\"},\"description\":\"Sharmante dhe mjaft\u00eb e but\u00eb p\u00ebr publikun, k\u00ebng\u00ebtarja Vesa Luma ka filluar ta zgjeroj\u00eb aktivitetin e saj muzikor. P\u00ebrve\u00e7 trojeve shqiptare ajo tashme \u00ebsht\u00eb\",\"breadcrumb\":{\"@id\":\"https:\/\/www.visit-ulcinj.com\/blog\/2010\/01\/09\/vesa-luma-turne-neper-evrope\/#breadcrumb\"},\"inLanguage\":\"en-US\",\"potentialAction\":[{\"@type\":\"ReadAction\",\"target\":[\"https:\/\/www.visit-ulcinj.com\/blog\/2010\/01\/09\/vesa-luma-turne-neper-evrope\/\"]}]},{\"@type\":\"BreadcrumbList\",\"@id\":\"https:\/\/www.visit-ulcinj.com\/blog\/2010\/01\/09\/vesa-luma-turne-neper-evrope\/#breadcrumb\",\"itemListElement\":[{\"@type\":\"ListItem\",\"position\":1,\"name\":\"Vesa Luma turne n\u00ebp\u00ebr Evrop\u00eb\"}]},{\"@type\":\"Person\",\"@id\":\"https:\/\/www.visit-ulcinj.com\/blog\/#\/schema\/person\/dcab619c614d3038751c63bc2aadc06d\",\"name\":\"ulqini\",\"sameAs\":[\"http:\/\/www.visit-ulcinj.com\"],\"url\":\"https:\/\/www.visit-ulcinj.com\/blog\/author\/admin\/\"}]}<\/script>\n<!-- \/ Yoast SEO plugin. -->","yoast_head_json":{"title":"Vesa Luma turne n\u00ebp\u00ebr Evrop\u00eb - Lajme nga Ulqini","description":"Sharmante dhe mjaft\u00eb e but\u00eb p\u00ebr publikun, k\u00ebng\u00ebtarja Vesa Luma ka filluar ta zgjeroj\u00eb aktivitetin e saj muzikor. P\u00ebrve\u00e7 trojeve shqiptare ajo tashme \u00ebsht\u00eb","robots":{"index":"index","follow":"follow","max-snippet":"max-snippet:-1","max-image-preview":"max-image-preview:large","max-video-preview":"max-video-preview:-1"},"canonical":"https:\/\/www.visit-ulcinj.com\/blog\/2010\/01\/09\/vesa-luma-turne-neper-evrope\/","og_locale":"en_US","og_type":"article","og_title":"Vesa Luma turne n\u00ebp\u00ebr Evrop\u00eb - Lajme nga Ulqini","og_description":"Sharmante dhe mjaft\u00eb e but\u00eb p\u00ebr publikun, k\u00ebng\u00ebtarja Vesa Luma ka filluar ta zgjeroj\u00eb aktivitetin e saj muzikor. P\u00ebrve\u00e7 trojeve shqiptare ajo tashme \u00ebsht\u00eb","og_url":"https:\/\/www.visit-ulcinj.com\/blog\/2010\/01\/09\/vesa-luma-turne-neper-evrope\/","og_site_name":"Lajme nga Ulqini","article_published_time":"2010-01-09T09:47:54+00:00","og_image":[{"url":"https:\/\/www.visit-ulcinj.com\/blog\/wp-content\/uploads\/2010\/01\/Vesa-Luma--150x150.jpg"}],"twitter_misc":{"Written by":"ulqini","Est. reading time":"1 minute"},"schema":{"@context":"https:\/\/schema.org","@graph":[{"@type":"WebSite","@id":"https:\/\/www.visit-ulcinj.com\/blog\/#website","url":"https:\/\/www.visit-ulcinj.com\/blog\/","name":"Lajme nga Ulqini","description":"Lajme,Vijesti,Ulqini,Ulqin,Crna Gora,Mali i Zi","potentialAction":[{"@type":"SearchAction","target":{"@type":"EntryPoint","urlTemplate":"https:\/\/www.visit-ulcinj.com\/blog\/?s={search_term_string}"},"query-input":"required name=search_term_string"}],"inLanguage":"en-US"},{"@type":"ImageObject","inLanguage":"en-US","@id":"https:\/\/www.visit-ulcinj.com\/blog\/2010\/01\/09\/vesa-luma-turne-neper-evrope\/#primaryimage","url":"http:\/\/www.visit-ulcinj.com\/blog\/wp-content\/uploads\/2010\/01\/Vesa-Luma-.jpg","contentUrl":"http:\/\/www.visit-ulcinj.com\/blog\/wp-content\/uploads\/2010\/01\/Vesa-Luma-.jpg"},{"@type":"WebPage","@id":"https:\/\/www.visit-ulcinj.com\/blog\/2010\/01\/09\/vesa-luma-turne-neper-evrope\/#webpage","url":"https:\/\/www.visit-ulcinj.com\/blog\/2010\/01\/09\/vesa-luma-turne-neper-evrope\/","name":"Vesa Luma turne n\u00ebp\u00ebr Evrop\u00eb - Lajme nga Ulqini","isPartOf":{"@id":"https:\/\/www.visit-ulcinj.com\/blog\/#website"},"primaryImageOfPage":{"@id":"https:\/\/www.visit-ulcinj.com\/blog\/2010\/01\/09\/vesa-luma-turne-neper-evrope\/#primaryimage"},"datePublished":"2010-01-09T09:47:54+00:00","dateModified":"2010-01-09T09:47:54+00:00","author":{"@id":"https:\/\/www.visit-ulcinj.com\/blog\/#\/schema\/person\/dcab619c614d3038751c63bc2aadc06d"},"description":"Sharmante dhe mjaft\u00eb e but\u00eb p\u00ebr publikun, k\u00ebng\u00ebtarja Vesa Luma ka filluar ta zgjeroj\u00eb aktivitetin e saj muzikor. P\u00ebrve\u00e7 trojeve shqiptare ajo tashme \u00ebsht\u00eb","breadcrumb":{"@id":"https:\/\/www.visit-ulcinj.com\/blog\/2010\/01\/09\/vesa-luma-turne-neper-evrope\/#breadcrumb"},"inLanguage":"en-US","potentialAction":[{"@type":"ReadAction","target":["https:\/\/www.visit-ulcinj.com\/blog\/2010\/01\/09\/vesa-luma-turne-neper-evrope\/"]}]},{"@type":"BreadcrumbList","@id":"https:\/\/www.visit-ulcinj.com\/blog\/2010\/01\/09\/vesa-luma-turne-neper-evrope\/#breadcrumb","itemListElement":[{"@type":"ListItem","position":1,"name":"Vesa Luma turne n\u00ebp\u00ebr Evrop\u00eb"}]},{"@type":"Person","@id":"https:\/\/www.visit-ulcinj.com\/blog\/#\/schema\/person\/dcab619c614d3038751c63bc2aadc06d","name":"ulqini","sameAs":["http:\/\/www.visit-ulcinj.com"],"url":"https:\/\/www.visit-ulcinj.com\/blog\/author\/admin\/"}]}},"jetpack_featured_media_url":"","jetpack_sharing_enabled":true,"jetpack_shortlink":"https:\/\/wp.me\/pe6lTn-7Cb","_links":{"self":[{"href":"https:\/\/www.visit-ulcinj.com\/blog\/wp-json\/wp\/v2\/posts\/29275"}],"collection":[{"href":"https:\/\/www.visit-ulcinj.com\/blog\/wp-json\/wp\/v2\/posts"}],"about":[{"href":"https:\/\/www.visit-ulcinj.com\/blog\/wp-json\/wp\/v2\/types\/post"}],"author":[{"embeddable":true,"href":"https:\/\/www.visit-ulcinj.com\/blog\/wp-json\/wp\/v2\/users\/1"}],"replies":[{"embeddable":true,"href":"https:\/\/www.visit-ulcinj.com\/blog\/wp-json\/wp\/v2\/comments?post=29275"}],"version-history":[{"count":0,"href":"https:\/\/www.visit-ulcinj.com\/blog\/wp-json\/wp\/v2\/posts\/29275\/revisions"}],"wp:attachment":[{"href":"https:\/\/www.visit-ulcinj.com\/blog\/wp-json\/wp\/v2\/media?parent=29275"}],"wp:term":[{"taxonomy":"category","embeddable":true,"href":"https:\/\/www.visit-ulcinj.com\/blog\/wp-json\/wp\/v2\/categories?post=29275"},{"taxonomy":"post_tag","embeddable":true,"href":"https:\/\/www.visit-ulcinj.com\/blog\/wp-json\/wp\/v2\/tags?post=29275"}],"curies":[{"name":"wp","href":"https:\/\/api.w.org\/{rel}","templated":true}]}}