{"id":29280,"date":"2010-01-09T12:32:20","date_gmt":"2010-01-09T10:32:20","guid":{"rendered":"http:\/\/www.visit-ulcinj.com\/blog\/?p=29280"},"modified":"2010-01-09T12:32:20","modified_gmt":"2010-01-09T10:32:20","slug":"poplava-ugorzava-ulcinjska-sela","status":"publish","type":"post","link":"https:\/\/www.visit-ulcinj.com\/blog\/2010\/01\/09\/poplava-ugorzava-ulcinjska-sela\/","title":{"rendered":"Poplava ugor\u017eava ulcinjska sela"},"content":{"rendered":"<p><a href=\"http:\/\/www.visit-ulcinj.com\/blog\/wp-content\/uploads\/2010\/01\/Poplava-ugor\u017eava-ulcinjska-sela.jpg\"><img loading=\"lazy\" class=\"alignleft size-full wp-image-29281\" title=\"Poplava ugor\u017eava ulcinjska sela\" src=\"http:\/\/www.visit-ulcinj.com\/blog\/wp-content\/uploads\/2010\/01\/Poplava-ugor\u017eava-ulcinjska-sela.jpg\" alt=\"Poplava ugor\u017eava ulcinjska sela\" width=\"580\" height=\"400\" \/><\/a>Nivo reke Bojane, posle vi\u0161ednevnih poplava u Albaniji, u stalnom porastu. Najugro\u017eenija sela u op\u0161tini Ulcinj. Vi\u0161e od 3.500 osoba evakuisano iz oblasti oko Skadra.<br \/>\nNakon vi\u0161ednevnih poplava na severu Albanije, nivo reke Bojane je u stalnom porastu. Vodostaj se pribli\u017eio rekordu iz 1952. godine, kada je iznosio skoro \u0161est metara, saop\u0161teno je iz Hidromeorolo\u0161kog zavoda Crne Gore.<br \/>\nPrema informacijama iz Skup\u0161tine op\u0161tine Ulcinj, najvi\u0161e su ugro\u017eena sela te op\u0161tine na samoj granici sa Albanijom. Dvadesetak doma?instava je zbog poplave izolovano.<br \/>\nZbog odbrane od poplave u op\u0161tini Ulcinj podignuti su nasipi u du\u017eini od desetak kilometara. Gra?evinske ma\u0161ine vreme bez padavina koriste za poja?avanje nasipa.<br \/>\nNa vodni re\u017eim Bojane uti?u hidroakumulacije na Drimu, u Albaniji, kroz koju reka te?e u du\u017eini od oko 20 kilometara.<\/p>\n<p><strong>Nivo vode raste, stanje kriti?no<\/strong><\/p>\n<p>Iz oblasti na severu Albanije, u okolini Skadra, evakuisano je oko 3.500 ljudi. Jake ki\u0161e poplavile su vi\u0161e hiljada hektara zemlje i primorale vlasti da otvore brane hidroelektrana.<br \/>\n&#8220;Nivo vode i dalje raste i stanje je i dalje kriti?no&#8221;, rekao je premijer Salji Beri\u0161a i pozvao lokane vlasti da evakui\u0161u stanovni\u0161tvo.<br \/>\nAlbansko Ministarstvo unutra\u0161njih poslova navelo je da je poplavljeno oko 10.170 hektara i da je voda prodrla u 2.110 ku?a. Mnoga mesta su ostala bez struje, a me\u0161tanima nedostaju i hrana, pitka voda i druge potrep\u0161tine.<br \/>\nVojska u?estvuje u akciji otklanjanja posledica poplava, a Tirana o?ekuje pomo? i od NATO. Vlada Albanije je zatra\u017eila od Makedonije da pove?a nivo Ohridskog jezera, ?ime bi se smanjio dotok vode iz Crnog Drima, izjavio je albanski ministar energetike Dritan Prifti.<br \/>\n&#8220;Verujemo da bi ta mera imala pozitivan uticaj na smanjenje poplava u Albaniji&#8221;, rekao je Prifti.<br \/>\nPrethodnih dana me\u0161tani sela u regionu Skadra odbijali su da napuste poplavljene domove, pla\u0161e?i se da ?e ostati bez imovine. Vlasti su im zapretile prisilnom evakuacijom.<br \/>\n<a href=\"http:\/\/www.rts.rs\/page\/stories\/sr\/story\/11\/Region\/419691\/Poplava+ugor%C5%BEava+ulcinjska+sela.html\" target=\"_blank\"><strong><br \/>\nRTS<\/strong><\/a><br \/>\n[flv width=&#8221;580&#8243; height=&#8221;400&#8243;]http:\/\/www.rts.rs\/upload\/storyBoxFileData\/2010\/01\/08\/488211\/Poplava%20Albanija.flv[\/flv]<\/p>\n","protected":false},"excerpt":{"rendered":"<p>Nivo reke Bojane, posle vi\u0161ednevnih poplava u Albaniji, u stalnom porastu. Najugro\u017eenija sela u op\u0161tini Ulcinj. Vi\u0161e od 3.500 osoba evakuisano iz oblasti oko Skadra. Nakon vi\u0161ednevnih poplava na severu Albanije, nivo reke Bojane je u stalnom porastu. Vodostaj se pribli\u017eio rekordu iz 1952. godine, kada je iznosio skoro \u0161est metara, saop\u0161teno je iz Hidromeorolo\u0161kog [&hellip;]<\/p>\n","protected":false},"author":1,"featured_media":0,"comment_status":"open","ping_status":"closed","sticky":false,"template":"","format":"standard","meta":{"spay_email":"","jetpack_publicize_message":"","jetpack_is_tweetstorm":false,"jetpack_publicize_feature_enabled":true},"categories":[8337],"tags":[13221],"jetpack_publicize_connections":[],"yoast_head":"<!-- This site is optimized with the Yoast SEO plugin v19.1 - https:\/\/yoast.com\/wordpress\/plugins\/seo\/ -->\n<title>Poplava ugor\u017eava ulcinjska sela - Lajme nga Ulqini<\/title>\n<meta name=\"description\" content=\"Nivo reke Bojane, posle vi\u0161ednevnih poplava u Albaniji, u stalnom porastu. Najugro\u017eenija sela u op\u0161tini Ulcinj. Vi\u0161e od 3.500 osoba evakuisano iz oblasti\" \/>\n<meta name=\"robots\" content=\"index, follow, max-snippet:-1, max-image-preview:large, max-video-preview:-1\" \/>\n<link rel=\"canonical\" href=\"https:\/\/www.visit-ulcinj.com\/blog\/2010\/01\/09\/poplava-ugorzava-ulcinjska-sela\/\" \/>\n<meta property=\"og:locale\" content=\"en_US\" \/>\n<meta property=\"og:type\" content=\"article\" \/>\n<meta property=\"og:title\" content=\"Poplava ugor\u017eava ulcinjska sela - Lajme nga Ulqini\" \/>\n<meta property=\"og:description\" content=\"Nivo reke Bojane, posle vi\u0161ednevnih poplava u Albaniji, u stalnom porastu. Najugro\u017eenija sela u op\u0161tini Ulcinj. Vi\u0161e od 3.500 osoba evakuisano iz oblasti\" \/>\n<meta property=\"og:url\" content=\"https:\/\/www.visit-ulcinj.com\/blog\/2010\/01\/09\/poplava-ugorzava-ulcinjska-sela\/\" \/>\n<meta property=\"og:site_name\" content=\"Lajme nga Ulqini\" \/>\n<meta property=\"article:published_time\" content=\"2010-01-09T10:32:20+00:00\" \/>\n<meta name=\"twitter:label1\" content=\"Written by\" \/>\n\t<meta name=\"twitter:data1\" content=\"ulqini\" \/>\n\t<meta name=\"twitter:label2\" content=\"Est. reading time\" \/>\n\t<meta name=\"twitter:data2\" content=\"2 minutes\" \/>\n<script type=\"application\/ld+json\" class=\"yoast-schema-graph\">{\"@context\":\"https:\/\/schema.org\",\"@graph\":[{\"@type\":\"WebSite\",\"@id\":\"https:\/\/www.visit-ulcinj.com\/blog\/#website\",\"url\":\"https:\/\/www.visit-ulcinj.com\/blog\/\",\"name\":\"Lajme nga Ulqini\",\"description\":\"Lajme,Vijesti,Ulqini,Ulqin,Crna Gora,Mali i Zi\",\"potentialAction\":[{\"@type\":\"SearchAction\",\"target\":{\"@type\":\"EntryPoint\",\"urlTemplate\":\"https:\/\/www.visit-ulcinj.com\/blog\/?s={search_term_string}\"},\"query-input\":\"required name=search_term_string\"}],\"inLanguage\":\"en-US\"},{\"@type\":\"WebPage\",\"@id\":\"https:\/\/www.visit-ulcinj.com\/blog\/2010\/01\/09\/poplava-ugorzava-ulcinjska-sela\/#webpage\",\"url\":\"https:\/\/www.visit-ulcinj.com\/blog\/2010\/01\/09\/poplava-ugorzava-ulcinjska-sela\/\",\"name\":\"Poplava ugor\u017eava ulcinjska sela - Lajme nga Ulqini\",\"isPartOf\":{\"@id\":\"https:\/\/www.visit-ulcinj.com\/blog\/#website\"},\"datePublished\":\"2010-01-09T10:32:20+00:00\",\"dateModified\":\"2010-01-09T10:32:20+00:00\",\"author\":{\"@id\":\"https:\/\/www.visit-ulcinj.com\/blog\/#\/schema\/person\/dcab619c614d3038751c63bc2aadc06d\"},\"description\":\"Nivo reke Bojane, posle vi\u0161ednevnih poplava u Albaniji, u stalnom porastu. Najugro\u017eenija sela u op\u0161tini Ulcinj. Vi\u0161e od 3.500 osoba evakuisano iz oblasti\",\"breadcrumb\":{\"@id\":\"https:\/\/www.visit-ulcinj.com\/blog\/2010\/01\/09\/poplava-ugorzava-ulcinjska-sela\/#breadcrumb\"},\"inLanguage\":\"en-US\",\"potentialAction\":[{\"@type\":\"ReadAction\",\"target\":[\"https:\/\/www.visit-ulcinj.com\/blog\/2010\/01\/09\/poplava-ugorzava-ulcinjska-sela\/\"]}]},{\"@type\":\"BreadcrumbList\",\"@id\":\"https:\/\/www.visit-ulcinj.com\/blog\/2010\/01\/09\/poplava-ugorzava-ulcinjska-sela\/#breadcrumb\",\"itemListElement\":[{\"@type\":\"ListItem\",\"position\":1,\"name\":\"Poplava ugor\u017eava ulcinjska sela\"}]},{\"@type\":\"Person\",\"@id\":\"https:\/\/www.visit-ulcinj.com\/blog\/#\/schema\/person\/dcab619c614d3038751c63bc2aadc06d\",\"name\":\"ulqini\",\"sameAs\":[\"http:\/\/www.visit-ulcinj.com\"],\"url\":\"https:\/\/www.visit-ulcinj.com\/blog\/author\/admin\/\"}]}<\/script>\n<!-- \/ Yoast SEO plugin. -->","yoast_head_json":{"title":"Poplava ugor\u017eava ulcinjska sela - Lajme nga Ulqini","description":"Nivo reke Bojane, posle vi\u0161ednevnih poplava u Albaniji, u stalnom porastu. Najugro\u017eenija sela u op\u0161tini Ulcinj. Vi\u0161e od 3.500 osoba evakuisano iz oblasti","robots":{"index":"index","follow":"follow","max-snippet":"max-snippet:-1","max-image-preview":"max-image-preview:large","max-video-preview":"max-video-preview:-1"},"canonical":"https:\/\/www.visit-ulcinj.com\/blog\/2010\/01\/09\/poplava-ugorzava-ulcinjska-sela\/","og_locale":"en_US","og_type":"article","og_title":"Poplava ugor\u017eava ulcinjska sela - Lajme nga Ulqini","og_description":"Nivo reke Bojane, posle vi\u0161ednevnih poplava u Albaniji, u stalnom porastu. Najugro\u017eenija sela u op\u0161tini Ulcinj. Vi\u0161e od 3.500 osoba evakuisano iz oblasti","og_url":"https:\/\/www.visit-ulcinj.com\/blog\/2010\/01\/09\/poplava-ugorzava-ulcinjska-sela\/","og_site_name":"Lajme nga Ulqini","article_published_time":"2010-01-09T10:32:20+00:00","twitter_misc":{"Written by":"ulqini","Est. reading time":"2 minutes"},"schema":{"@context":"https:\/\/schema.org","@graph":[{"@type":"WebSite","@id":"https:\/\/www.visit-ulcinj.com\/blog\/#website","url":"https:\/\/www.visit-ulcinj.com\/blog\/","name":"Lajme nga Ulqini","description":"Lajme,Vijesti,Ulqini,Ulqin,Crna Gora,Mali i Zi","potentialAction":[{"@type":"SearchAction","target":{"@type":"EntryPoint","urlTemplate":"https:\/\/www.visit-ulcinj.com\/blog\/?s={search_term_string}"},"query-input":"required name=search_term_string"}],"inLanguage":"en-US"},{"@type":"WebPage","@id":"https:\/\/www.visit-ulcinj.com\/blog\/2010\/01\/09\/poplava-ugorzava-ulcinjska-sela\/#webpage","url":"https:\/\/www.visit-ulcinj.com\/blog\/2010\/01\/09\/poplava-ugorzava-ulcinjska-sela\/","name":"Poplava ugor\u017eava ulcinjska sela - Lajme nga Ulqini","isPartOf":{"@id":"https:\/\/www.visit-ulcinj.com\/blog\/#website"},"datePublished":"2010-01-09T10:32:20+00:00","dateModified":"2010-01-09T10:32:20+00:00","author":{"@id":"https:\/\/www.visit-ulcinj.com\/blog\/#\/schema\/person\/dcab619c614d3038751c63bc2aadc06d"},"description":"Nivo reke Bojane, posle vi\u0161ednevnih poplava u Albaniji, u stalnom porastu. Najugro\u017eenija sela u op\u0161tini Ulcinj. Vi\u0161e od 3.500 osoba evakuisano iz oblasti","breadcrumb":{"@id":"https:\/\/www.visit-ulcinj.com\/blog\/2010\/01\/09\/poplava-ugorzava-ulcinjska-sela\/#breadcrumb"},"inLanguage":"en-US","potentialAction":[{"@type":"ReadAction","target":["https:\/\/www.visit-ulcinj.com\/blog\/2010\/01\/09\/poplava-ugorzava-ulcinjska-sela\/"]}]},{"@type":"BreadcrumbList","@id":"https:\/\/www.visit-ulcinj.com\/blog\/2010\/01\/09\/poplava-ugorzava-ulcinjska-sela\/#breadcrumb","itemListElement":[{"@type":"ListItem","position":1,"name":"Poplava ugor\u017eava ulcinjska sela"}]},{"@type":"Person","@id":"https:\/\/www.visit-ulcinj.com\/blog\/#\/schema\/person\/dcab619c614d3038751c63bc2aadc06d","name":"ulqini","sameAs":["http:\/\/www.visit-ulcinj.com"],"url":"https:\/\/www.visit-ulcinj.com\/blog\/author\/admin\/"}]}},"jetpack_featured_media_url":"","jetpack_sharing_enabled":true,"jetpack_shortlink":"https:\/\/wp.me\/pe6lTn-7Cg","_links":{"self":[{"href":"https:\/\/www.visit-ulcinj.com\/blog\/wp-json\/wp\/v2\/posts\/29280"}],"collection":[{"href":"https:\/\/www.visit-ulcinj.com\/blog\/wp-json\/wp\/v2\/posts"}],"about":[{"href":"https:\/\/www.visit-ulcinj.com\/blog\/wp-json\/wp\/v2\/types\/post"}],"author":[{"embeddable":true,"href":"https:\/\/www.visit-ulcinj.com\/blog\/wp-json\/wp\/v2\/users\/1"}],"replies":[{"embeddable":true,"href":"https:\/\/www.visit-ulcinj.com\/blog\/wp-json\/wp\/v2\/comments?post=29280"}],"version-history":[{"count":0,"href":"https:\/\/www.visit-ulcinj.com\/blog\/wp-json\/wp\/v2\/posts\/29280\/revisions"}],"wp:attachment":[{"href":"https:\/\/www.visit-ulcinj.com\/blog\/wp-json\/wp\/v2\/media?parent=29280"}],"wp:term":[{"taxonomy":"category","embeddable":true,"href":"https:\/\/www.visit-ulcinj.com\/blog\/wp-json\/wp\/v2\/categories?post=29280"},{"taxonomy":"post_tag","embeddable":true,"href":"https:\/\/www.visit-ulcinj.com\/blog\/wp-json\/wp\/v2\/tags?post=29280"}],"curies":[{"name":"wp","href":"https:\/\/api.w.org\/{rel}","templated":true}]}}