{"id":29284,"date":"2010-01-09T13:03:13","date_gmt":"2010-01-09T11:03:13","guid":{"rendered":"http:\/\/www.visit-ulcinj.com\/blog\/?p=29284"},"modified":"2010-01-10T15:58:26","modified_gmt":"2010-01-10T13:58:26","slug":"%e2%80%9cpliva%e2%80%9d-ada-bojana","status":"publish","type":"post","link":"https:\/\/www.visit-ulcinj.com\/blog\/2010\/01\/09\/%e2%80%9cpliva%e2%80%9d-ada-bojana\/","title":{"rendered":"\u201cPliva\u201d Ada Bojana &#8211; New Video 10.001.2001"},"content":{"rendered":"<p><a href=\"http:\/\/www.visit-ulcinj.com\/blog\/wp-content\/uploads\/2010\/01\/Ada-Bojana-pliva-u-vodi.jpg\"><img loading=\"lazy\" class=\"alignleft size-full wp-image-29285\" title=\"Ada Bojana pliva u vodi\" src=\"http:\/\/www.visit-ulcinj.com\/blog\/wp-content\/uploads\/2010\/01\/Ada-Bojana-pliva-u-vodi.jpg\" alt=\"Ada Bojana pliva u vodi\" width=\"580\" height=\"400\" \/><\/a><a href=\"http:\/\/www.novosti.rs\/code\/navigate.php?Id=129&amp;status=jedna&amp;vest=167467&amp;title_add=%E2%80%9CPliva%E2%80%9D%20Ada%20Bojana&amp;kword_add=ada%20bojana%2C%20reka%20bojana\" target=\"_blank\"><strong>Izvor : Novosti<\/strong><\/a>:ULCINj, CETINjE &#8211; Ada Bojana pliva u vodi, Rijeka Crnojevi?a li?i na jezero, a voda iz Skadarskog jezera preplavila je puteve, ku?e i imanja. Nevreme koje je zadesilo jug Crne Gore u proteklih nekoliko dana ne pamte ni oni stariji.<br \/>\nPored obilnih ki\u0161a koje su danima padale, jak jugo je podigao talase mora i jezera i po nekoliko metara visoke, plave?i ugro\u017eena podru?ja. Albanske vlasti bile su prinu?ene, zbog opasnosti od poplave, da otvore nekoliko ispusta na brani na reci Drim, \u0161to je dodatno podiglo nivo reke Bojane i izazvalo poplave nezapam?enih razmera.<br \/>\nNa Bojani nema sojenice ili splava koji su ostali neo\u0161te?eni.<br \/>\n&#8211; Sve nam je uni\u0161teno jer nismo stigli da iznesemo stvari &#8211; ka\u017ee o?ajan ?i?ko Bogojevi?, vlasnik restorana \u201c?i?ko\u201d na Bojani. &#8211; Mnogi ljudi nisu ni uspeli da stignu do svojih sojenica, jednostavno, nemogu?e je do?i, sve je veliko, mutno jezero.<br \/>\nDok je Bojana u svoja dva toka plavila sve oko sebe, dotle je jak jugo naterao morske talase pravo u turisti?ko naselje \u201cAda Bojana\u201d, upravo pro\u0161le godine renovirano.<br \/>\n&#8211; Pre poplave, anga\u017eovali smo ljude kako bismo za\u0161titili<br \/>\nnaselje i postavili smo brane kao i \u0161titove za terase, ali nepogoda je sve sru\u0161ila. Prema preliminarnim procenama, \u0161teta koju je pretrpelo nudisti?ko naselje \u201cAda\u201d iznosi od 600.000 do 800.000 evra. Uz pomo? dr\u017eave, osiguravaju?ih dru\u0161tava, kao i iz sopstvenih sredstava, sanira?emo sve \u0161to je uni\u0161teno &#8211; rekao nam je izvr\u0161ni direktor HTP \u201cUlcinjska rivijera\u201d Radomir &#8211; Mikan Zec.<br \/>\n<a href=\"http:\/\/www.visit-ulcinj.com\/blog\/wp-content\/uploads\/2010\/01\/Ada-Bojana-pliva-u-vodi.1.jpg\"><img loading=\"lazy\" class=\"alignleft size-medium wp-image-29286\" title=\"Ada Bojana pliva u vodi.1\" src=\"http:\/\/www.visit-ulcinj.com\/blog\/wp-content\/uploads\/2010\/01\/Ada-Bojana-pliva-u-vodi.1-300x227.jpg\" alt=\"Ada Bojana pliva u vodi.1\" width=\"300\" height=\"227\" srcset=\"https:\/\/www.visit-ulcinj.com\/blog\/wp-content\/uploads\/2010\/01\/Ada-Bojana-pliva-u-vodi.1-300x227.jpg 300w, https:\/\/www.visit-ulcinj.com\/blog\/wp-content\/uploads\/2010\/01\/Ada-Bojana-pliva-u-vodi.1.jpg 620w\" sizes=\"(max-width: 300px) 100vw, 300px\" \/><\/a>U ovom poznatom naturisti?kom naselju najugro\u017eeniji je prvi red bungalova koji je okrenut prema moru. U 50 apartmana u\u0161la je voda, a u \u0161est je vetar razbio ograde i vrata balkona i napunio sobe sa vi\u0161e od 10 kubika peska. Tri visoka bora koja su pala, o\u0161tetila su krovnu konstrukciju na sedam apartmana.<br \/>\nIzuzetno je te\u0161ko i u Rijeci Crnojevi?a, gde je voda u\u0161la u sve ku?e i restorane na obali. Nivo vode raste dnevno po 20 centimetara a najavljene su nove padavine.<br \/>\n&#8211; Evakuisali smo \u0161ta smo mogli, ne kukamo, jer smo svi svesni da nema odbrane od nabujale vode. Od 1995. godine ovo je najve?i nivo reke. Prakti?no, voda se podigla na nivo Skadarskog jezera. Sada imamo struju, vodu za pi?e, i ostaje nam jedino da sa?ekamo, jer kako je voda do\u0161la, tako ?e se i povu?i. Tek onda, ljudi dobre volje mo?i ?e da nam pomognu da obnovimo o\u0161te?eno &#8211; rekao nam je Nikola Jankovi?, predsednik MZ Rijeka Crnojevi?a.<\/p>\n<p><strong><a href=\"http:\/\/www.visit-ulcinj.com\/blog\/wp-content\/uploads\/2010\/01\/Ada-Bojana-pliva-u-vodi.2.jpg\"><img loading=\"lazy\" class=\"alignleft size-medium wp-image-29287\" title=\"Ada Bojana pliva u vodi.2\" src=\"http:\/\/www.visit-ulcinj.com\/blog\/wp-content\/uploads\/2010\/01\/Ada-Bojana-pliva-u-vodi.2-300x228.jpg\" alt=\"Ada Bojana pliva u vodi.2\" width=\"300\" height=\"228\" srcset=\"https:\/\/www.visit-ulcinj.com\/blog\/wp-content\/uploads\/2010\/01\/Ada-Bojana-pliva-u-vodi.2-300x228.jpg 300w, https:\/\/www.visit-ulcinj.com\/blog\/wp-content\/uploads\/2010\/01\/Ada-Bojana-pliva-u-vodi.2.jpg 626w\" sizes=\"(max-width: 300px) 100vw, 300px\" \/><\/a>SPREMNI I ZA EVAKUACIJU<\/strong><br \/>\nSITUACIJA na Bojani je ozbiljna, ali u ovom trenutku nema potrebe za evakuacijom gra?ana na tom podru?ju, rekao je u petak agenciji Mina pomo?nik ministra unutra\u0161njih poslova za vanredne situacije Zoran Begovi?.<br \/>\nOn je kazao da je voda na lokalitetu ?urke probila nasip na tri mesta, ali da su dva ve? sanirana.<br \/>\nSituacija je u odnosu na ?etvrtak lo\u0161ija zato \u0161to su koli?ine vode koje se ispu\u0161taju sa albanske strane od ?etiri do pet puta ve?e. Oni to moraju da rade zato \u0161to su vodotokovi takvi da bi postojala mogu?nost pucanja brana, kazao je Begovi?.<br \/>\nPomo?nik ministra je naveo da je razgovarao sa ?elnicima General\u0161taba i Uprave policije i da se zajedni?ki pripremaju za mogu?e evakuacije stanovnika tog podru?ja.<\/p>\n<p><a href=\"http:\/\/www.novosti.rs\/code\/navigate.php?Id=129&amp;status=jedna&amp;vest=167467&amp;title_add=%E2%80%9CPliva%E2%80%9D%20Ada%20Bojana&amp;kword_add=ada%20bojana%2C%20reka%20bojana\" target=\"_blank\"><strong>Novosti<\/strong><\/a><br \/>\n\n\t\t<style type=\"text\/css\">\n\t\t\t#gallery-1 {\n\t\t\t\tmargin: auto;\n\t\t\t}\n\t\t\t#gallery-1 .gallery-item {\n\t\t\t\tfloat: left;\n\t\t\t\tmargin-top: 10px;\n\t\t\t\ttext-align: center;\n\t\t\t\twidth: 33%;\n\t\t\t}\n\t\t\t#gallery-1 img {\n\t\t\t\tborder: 2px solid #cfcfcf;\n\t\t\t}\n\t\t\t#gallery-1 .gallery-caption {\n\t\t\t\tmargin-left: 0;\n\t\t\t}\n\t\t\t\/* see gallery_shortcode() in wp-includes\/media.php *\/\n\t\t<\/style>\n\t\t<div id='gallery-1' class='gallery galleryid-29284 gallery-columns-3 gallery-size-thumbnail'><dl class='gallery-item'>\n\t\t\t<dt class='gallery-icon landscape'>\n\t\t\t\t<a href='https:\/\/www.visit-ulcinj.com\/blog\/wp-content\/uploads\/2010\/01\/Ada-Bojana-pliva-u-vodi.jpg'><img width=\"150\" height=\"150\" src=\"https:\/\/www.visit-ulcinj.com\/blog\/wp-content\/uploads\/2010\/01\/Ada-Bojana-pliva-u-vodi-150x150.jpg\" class=\"attachment-thumbnail size-thumbnail\" alt=\"\" loading=\"lazy\" \/><\/a>\n\t\t\t<\/dt><\/dl><dl class='gallery-item'>\n\t\t\t<dt class='gallery-icon landscape'>\n\t\t\t\t<a href='https:\/\/www.visit-ulcinj.com\/blog\/wp-content\/uploads\/2010\/01\/Ada-Bojana-pliva-u-vodi.1.jpg'><img width=\"150\" height=\"150\" src=\"https:\/\/www.visit-ulcinj.com\/blog\/wp-content\/uploads\/2010\/01\/Ada-Bojana-pliva-u-vodi.1-150x150.jpg\" class=\"attachment-thumbnail size-thumbnail\" alt=\"\" loading=\"lazy\" \/><\/a>\n\t\t\t<\/dt><\/dl><dl class='gallery-item'>\n\t\t\t<dt class='gallery-icon landscape'>\n\t\t\t\t<a href='https:\/\/www.visit-ulcinj.com\/blog\/wp-content\/uploads\/2010\/01\/Ada-Bojana-pliva-u-vodi.2.jpg'><img width=\"150\" height=\"150\" src=\"https:\/\/www.visit-ulcinj.com\/blog\/wp-content\/uploads\/2010\/01\/Ada-Bojana-pliva-u-vodi.2-150x150.jpg\" class=\"attachment-thumbnail size-thumbnail\" alt=\"\" loading=\"lazy\" \/><\/a>\n\t\t\t<\/dt><\/dl><br style=\"clear: both\" \/>\n\t\t<\/div>\n<\/p>\n<!--YouTube Error: bad URL entered-->\n","protected":false},"excerpt":{"rendered":"<p>Izvor : Novosti:ULCINj, CETINjE &#8211; Ada Bojana pliva u vodi, Rijeka Crnojevi?a li?i na jezero, a voda iz Skadarskog jezera preplavila je puteve, ku?e i imanja. Nevreme koje je zadesilo jug Crne Gore u proteklih nekoliko dana ne pamte ni oni stariji. Pored obilnih ki\u0161a koje su danima padale, jak jugo je podigao talase mora [&hellip;]<\/p>\n","protected":false},"author":1,"featured_media":0,"comment_status":"open","ping_status":"closed","sticky":false,"template":"","format":"standard","meta":{"spay_email":"","jetpack_publicize_message":"","jetpack_is_tweetstorm":false,"jetpack_publicize_feature_enabled":true},"categories":[8337],"tags":[12451,13223,13185,13222],"jetpack_publicize_connections":[],"yoast_head":"<!-- This site is optimized with the Yoast SEO plugin v19.1 - https:\/\/yoast.com\/wordpress\/plugins\/seo\/ -->\n<title>\u201cPliva\u201d Ada Bojana - New Video 10.001.2001 - Lajme nga Ulqini<\/title>\n<meta name=\"description\" content=\"Izvor : Novosti:ULCINj, CETINjE - Ada Bojana pliva u vodi, Rijeka Crnojevi?a li?i na jezero, a voda iz Skadarskog jezera preplavila je puteve, ku?e i\" \/>\n<meta name=\"robots\" content=\"index, follow, max-snippet:-1, max-image-preview:large, max-video-preview:-1\" \/>\n<link rel=\"canonical\" href=\"https:\/\/www.visit-ulcinj.com\/blog\/2010\/01\/09\/\u201cpliva\u201d-ada-bojana\/\" \/>\n<meta property=\"og:locale\" content=\"en_US\" \/>\n<meta property=\"og:type\" content=\"article\" \/>\n<meta property=\"og:title\" content=\"\u201cPliva\u201d Ada Bojana - New Video 10.001.2001 - Lajme nga Ulqini\" \/>\n<meta property=\"og:description\" content=\"Izvor : Novosti:ULCINj, CETINjE - Ada Bojana pliva u vodi, Rijeka Crnojevi?a li?i na jezero, a voda iz Skadarskog jezera preplavila je puteve, ku?e i\" \/>\n<meta property=\"og:url\" content=\"https:\/\/www.visit-ulcinj.com\/blog\/2010\/01\/09\/\u201cpliva\u201d-ada-bojana\/\" \/>\n<meta property=\"og:site_name\" content=\"Lajme nga Ulqini\" \/>\n<meta property=\"article:published_time\" content=\"2010-01-09T11:03:13+00:00\" \/>\n<meta property=\"article:modified_time\" content=\"2010-01-10T13:58:26+00:00\" \/>\n<meta property=\"og:image\" content=\"https:\/\/www.visit-ulcinj.com\/blog\/wp-content\/uploads\/2010\/01\/Ada-Bojana-pliva-u-vodi-150x150.jpg\" \/>\n<meta name=\"twitter:label1\" content=\"Written by\" \/>\n\t<meta name=\"twitter:data1\" content=\"ulqini\" \/>\n\t<meta name=\"twitter:label2\" content=\"Est. reading time\" \/>\n\t<meta name=\"twitter:data2\" content=\"3 minutes\" \/>\n<script type=\"application\/ld+json\" class=\"yoast-schema-graph\">{\"@context\":\"https:\/\/schema.org\",\"@graph\":[{\"@type\":\"WebSite\",\"@id\":\"https:\/\/www.visit-ulcinj.com\/blog\/#website\",\"url\":\"https:\/\/www.visit-ulcinj.com\/blog\/\",\"name\":\"Lajme nga Ulqini\",\"description\":\"Lajme,Vijesti,Ulqini,Ulqin,Crna Gora,Mali i Zi\",\"potentialAction\":[{\"@type\":\"SearchAction\",\"target\":{\"@type\":\"EntryPoint\",\"urlTemplate\":\"https:\/\/www.visit-ulcinj.com\/blog\/?s={search_term_string}\"},\"query-input\":\"required name=search_term_string\"}],\"inLanguage\":\"en-US\"},{\"@type\":\"ImageObject\",\"inLanguage\":\"en-US\",\"@id\":\"https:\/\/www.visit-ulcinj.com\/blog\/2010\/01\/09\/%e2%80%9cpliva%e2%80%9d-ada-bojana\/#primaryimage\",\"url\":\"https:\/\/www.visit-ulcinj.com\/blog\/wp-content\/uploads\/2010\/01\/Ada-Bojana-pliva-u-vodi.jpg\",\"contentUrl\":\"https:\/\/www.visit-ulcinj.com\/blog\/wp-content\/uploads\/2010\/01\/Ada-Bojana-pliva-u-vodi.jpg\",\"width\":\"632\",\"height\":\"448\"},{\"@type\":\"WebPage\",\"@id\":\"https:\/\/www.visit-ulcinj.com\/blog\/2010\/01\/09\/%e2%80%9cpliva%e2%80%9d-ada-bojana\/#webpage\",\"url\":\"https:\/\/www.visit-ulcinj.com\/blog\/2010\/01\/09\/%e2%80%9cpliva%e2%80%9d-ada-bojana\/\",\"name\":\"\u201cPliva\u201d Ada Bojana - New Video 10.001.2001 - Lajme nga Ulqini\",\"isPartOf\":{\"@id\":\"https:\/\/www.visit-ulcinj.com\/blog\/#website\"},\"primaryImageOfPage\":{\"@id\":\"https:\/\/www.visit-ulcinj.com\/blog\/2010\/01\/09\/%e2%80%9cpliva%e2%80%9d-ada-bojana\/#primaryimage\"},\"datePublished\":\"2010-01-09T11:03:13+00:00\",\"dateModified\":\"2010-01-10T13:58:26+00:00\",\"author\":{\"@id\":\"https:\/\/www.visit-ulcinj.com\/blog\/#\/schema\/person\/dcab619c614d3038751c63bc2aadc06d\"},\"description\":\"Izvor : Novosti:ULCINj, CETINjE - Ada Bojana pliva u vodi, Rijeka Crnojevi?a li?i na jezero, a voda iz Skadarskog jezera preplavila je puteve, ku?e i\",\"breadcrumb\":{\"@id\":\"https:\/\/www.visit-ulcinj.com\/blog\/2010\/01\/09\/%e2%80%9cpliva%e2%80%9d-ada-bojana\/#breadcrumb\"},\"inLanguage\":\"en-US\",\"potentialAction\":[{\"@type\":\"ReadAction\",\"target\":[\"https:\/\/www.visit-ulcinj.com\/blog\/2010\/01\/09\/%e2%80%9cpliva%e2%80%9d-ada-bojana\/\"]}]},{\"@type\":\"BreadcrumbList\",\"@id\":\"https:\/\/www.visit-ulcinj.com\/blog\/2010\/01\/09\/%e2%80%9cpliva%e2%80%9d-ada-bojana\/#breadcrumb\",\"itemListElement\":[{\"@type\":\"ListItem\",\"position\":1,\"name\":\"\u201cPliva\u201d Ada Bojana &#8211; New Video 10.001.2001\"}]},{\"@type\":\"Person\",\"@id\":\"https:\/\/www.visit-ulcinj.com\/blog\/#\/schema\/person\/dcab619c614d3038751c63bc2aadc06d\",\"name\":\"ulqini\",\"sameAs\":[\"http:\/\/www.visit-ulcinj.com\"],\"url\":\"https:\/\/www.visit-ulcinj.com\/blog\/author\/admin\/\"}]}<\/script>\n<!-- \/ Yoast SEO plugin. -->","yoast_head_json":{"title":"\u201cPliva\u201d Ada Bojana - New Video 10.001.2001 - Lajme nga Ulqini","description":"Izvor : Novosti:ULCINj, CETINjE - Ada Bojana pliva u vodi, Rijeka Crnojevi?a li?i na jezero, a voda iz Skadarskog jezera preplavila je puteve, ku?e i","robots":{"index":"index","follow":"follow","max-snippet":"max-snippet:-1","max-image-preview":"max-image-preview:large","max-video-preview":"max-video-preview:-1"},"canonical":"https:\/\/www.visit-ulcinj.com\/blog\/2010\/01\/09\/\u201cpliva\u201d-ada-bojana\/","og_locale":"en_US","og_type":"article","og_title":"\u201cPliva\u201d Ada Bojana - New Video 10.001.2001 - Lajme nga Ulqini","og_description":"Izvor : Novosti:ULCINj, CETINjE - Ada Bojana pliva u vodi, Rijeka Crnojevi?a li?i na jezero, a voda iz Skadarskog jezera preplavila je puteve, ku?e i","og_url":"https:\/\/www.visit-ulcinj.com\/blog\/2010\/01\/09\/\u201cpliva\u201d-ada-bojana\/","og_site_name":"Lajme nga Ulqini","article_published_time":"2010-01-09T11:03:13+00:00","article_modified_time":"2010-01-10T13:58:26+00:00","og_image":[{"url":"https:\/\/www.visit-ulcinj.com\/blog\/wp-content\/uploads\/2010\/01\/Ada-Bojana-pliva-u-vodi-150x150.jpg"}],"twitter_misc":{"Written by":"ulqini","Est. reading time":"3 minutes"},"schema":{"@context":"https:\/\/schema.org","@graph":[{"@type":"WebSite","@id":"https:\/\/www.visit-ulcinj.com\/blog\/#website","url":"https:\/\/www.visit-ulcinj.com\/blog\/","name":"Lajme nga Ulqini","description":"Lajme,Vijesti,Ulqini,Ulqin,Crna Gora,Mali i Zi","potentialAction":[{"@type":"SearchAction","target":{"@type":"EntryPoint","urlTemplate":"https:\/\/www.visit-ulcinj.com\/blog\/?s={search_term_string}"},"query-input":"required name=search_term_string"}],"inLanguage":"en-US"},{"@type":"ImageObject","inLanguage":"en-US","@id":"https:\/\/www.visit-ulcinj.com\/blog\/2010\/01\/09\/%e2%80%9cpliva%e2%80%9d-ada-bojana\/#primaryimage","url":"https:\/\/www.visit-ulcinj.com\/blog\/wp-content\/uploads\/2010\/01\/Ada-Bojana-pliva-u-vodi.jpg","contentUrl":"https:\/\/www.visit-ulcinj.com\/blog\/wp-content\/uploads\/2010\/01\/Ada-Bojana-pliva-u-vodi.jpg","width":"632","height":"448"},{"@type":"WebPage","@id":"https:\/\/www.visit-ulcinj.com\/blog\/2010\/01\/09\/%e2%80%9cpliva%e2%80%9d-ada-bojana\/#webpage","url":"https:\/\/www.visit-ulcinj.com\/blog\/2010\/01\/09\/%e2%80%9cpliva%e2%80%9d-ada-bojana\/","name":"\u201cPliva\u201d Ada Bojana - New Video 10.001.2001 - Lajme nga Ulqini","isPartOf":{"@id":"https:\/\/www.visit-ulcinj.com\/blog\/#website"},"primaryImageOfPage":{"@id":"https:\/\/www.visit-ulcinj.com\/blog\/2010\/01\/09\/%e2%80%9cpliva%e2%80%9d-ada-bojana\/#primaryimage"},"datePublished":"2010-01-09T11:03:13+00:00","dateModified":"2010-01-10T13:58:26+00:00","author":{"@id":"https:\/\/www.visit-ulcinj.com\/blog\/#\/schema\/person\/dcab619c614d3038751c63bc2aadc06d"},"description":"Izvor : Novosti:ULCINj, CETINjE - Ada Bojana pliva u vodi, Rijeka Crnojevi?a li?i na jezero, a voda iz Skadarskog jezera preplavila je puteve, ku?e i","breadcrumb":{"@id":"https:\/\/www.visit-ulcinj.com\/blog\/2010\/01\/09\/%e2%80%9cpliva%e2%80%9d-ada-bojana\/#breadcrumb"},"inLanguage":"en-US","potentialAction":[{"@type":"ReadAction","target":["https:\/\/www.visit-ulcinj.com\/blog\/2010\/01\/09\/%e2%80%9cpliva%e2%80%9d-ada-bojana\/"]}]},{"@type":"BreadcrumbList","@id":"https:\/\/www.visit-ulcinj.com\/blog\/2010\/01\/09\/%e2%80%9cpliva%e2%80%9d-ada-bojana\/#breadcrumb","itemListElement":[{"@type":"ListItem","position":1,"name":"\u201cPliva\u201d Ada Bojana &#8211; New Video 10.001.2001"}]},{"@type":"Person","@id":"https:\/\/www.visit-ulcinj.com\/blog\/#\/schema\/person\/dcab619c614d3038751c63bc2aadc06d","name":"ulqini","sameAs":["http:\/\/www.visit-ulcinj.com"],"url":"https:\/\/www.visit-ulcinj.com\/blog\/author\/admin\/"}]}},"jetpack_featured_media_url":"","jetpack_sharing_enabled":true,"jetpack_shortlink":"https:\/\/wp.me\/pe6lTn-7Ck","_links":{"self":[{"href":"https:\/\/www.visit-ulcinj.com\/blog\/wp-json\/wp\/v2\/posts\/29284"}],"collection":[{"href":"https:\/\/www.visit-ulcinj.com\/blog\/wp-json\/wp\/v2\/posts"}],"about":[{"href":"https:\/\/www.visit-ulcinj.com\/blog\/wp-json\/wp\/v2\/types\/post"}],"author":[{"embeddable":true,"href":"https:\/\/www.visit-ulcinj.com\/blog\/wp-json\/wp\/v2\/users\/1"}],"replies":[{"embeddable":true,"href":"https:\/\/www.visit-ulcinj.com\/blog\/wp-json\/wp\/v2\/comments?post=29284"}],"version-history":[{"count":0,"href":"https:\/\/www.visit-ulcinj.com\/blog\/wp-json\/wp\/v2\/posts\/29284\/revisions"}],"wp:attachment":[{"href":"https:\/\/www.visit-ulcinj.com\/blog\/wp-json\/wp\/v2\/media?parent=29284"}],"wp:term":[{"taxonomy":"category","embeddable":true,"href":"https:\/\/www.visit-ulcinj.com\/blog\/wp-json\/wp\/v2\/categories?post=29284"},{"taxonomy":"post_tag","embeddable":true,"href":"https:\/\/www.visit-ulcinj.com\/blog\/wp-json\/wp\/v2\/tags?post=29284"}],"curies":[{"name":"wp","href":"https:\/\/api.w.org\/{rel}","templated":true}]}}